{"id":43116,"date":"2024-12-16T08:05:08","date_gmt":"2024-12-16T07:05:08","guid":{"rendered":"https:\/\/www.emballagedigest.fr\/?p=43116"},"modified":"2024-12-17T00:14:42","modified_gmt":"2024-12-16T23:14:42","slug":"bomo-trendline-devoile-son-nouveau-pot-athena","status":"publish","type":"post","link":"https:\/\/www.emballagedigest.fr\/en\/bomo-trendline-devoile-son-nouveau-pot-athena\/","title":{"rendered":"Bomo Trendline d\u00e9voile son nouveau pot Athena"},"content":{"rendered":"<p><strong>Bomo Trendline lance le pot Athena, d\u00e9di\u00e9 aux produits cosm\u00e9tiques de luxe. Recharge gr\u00e2ce \u00e0 une cupule int\u00e9rieure amovible, la solution se veut \u00e0 la fois plus responsable pr\u00f4nant le r\u00e9emploi tout en \u00e9tant recyclable en fin de vie.<\/strong><\/p>\n\n\n\n<p>Dot\u00e9 d&rsquo;une conception \u00e0 parois \u00e9paisses de haute qualit\u00e9, le pot Athena offre le poids, l&rsquo;apparence et la sensation d&rsquo;une solution haut de gamme tout en restant respectueux de l&rsquo;environnement. S\u2019inscrivant dans une d\u00e9marche d\u2019\u00e9conomie circulaire, le nouveau pot est d\u00e9sormais dot\u00e9 d\u2019une cupule int\u00e9rieure interchangeable en PP.<\/p>\n\n\n\n<p>En utilisant le bocal Athena, les marques peuvent ainsi r\u00e9duire leurs d\u00e9chets plastiques jusqu&rsquo;\u00e0 95 %. Sans compromis sur l\u2019aspect esth\u00e9tique et luxueux de l&#8217;emballage. Le pot est 100 % personnalisable pour s&rsquo;adapter aux besoins des fabricants cosm\u00e9tiques, cr\u00e9ant des combinaisons de couleurs originales qui se d\u00e9marquent en rayon.<\/p>\n\n\n\n<p>Con\u00e7u pour contenir 50 ml (1,69 fl.oz.) de produit, le pot Athena ext\u00e9rieur est fabriqu\u00e9 \u00e0 partir de PMMA\/SAN et de PP durables, garantissant une qualit\u00e9 durable pour garantir sa r\u00e9utilisation. En fin de vie, il est facilement recyclable.<\/p>","protected":false},"excerpt":{"rendered":"<p>Bomo Trendline lance le pot Athena, d\u00e9di\u00e9 aux produits cosm\u00e9tiques de luxe. Recharge gr\u00e2ce \u00e0 une cupule int\u00e9rieure amovible, la solution se veut \u00e0 la fois plus responsable pr\u00f4nant le r\u00e9emploi tout en \u00e9tant recyclable en fin de vie. Dot\u00e9 d&rsquo;une conception \u00e0 parois \u00e9paisses de haute qualit\u00e9, le pot Athena offre le poids, l&rsquo;apparence [&hellip;]<\/p>","protected":false},"author":2,"featured_media":43117,"comment_status":"closed","ping_status":"closed","sticky":false,"template":"","format":"standard","meta":{"_acf_changed":false,"inline_featured_image":false,"iawp_total_views":0,"footnotes":""},"categories":[28,81,6],"tags":[],"class_list":["post-43116","post","type-post","status-publish","format-standard","has-post-thumbnail","hentry","category-article-entier","category-packaging","category-parfumerie-cosmetique"],"acf":[],"yoast_head":"<!-- This site is optimized with the Yoast SEO plugin v24.4 - https:\/\/yoast.com\/wordpress\/plugins\/seo\/ -->\n<title>Bomo Trendline d\u00e9voile son nouveau pot Athena - Emballage Digest<\/title>\n<meta name=\"robots\" content=\"index, follow, max-snippet:-1, max-image-preview:large, max-video-preview:-1\" \/>\n<link rel=\"canonical\" href=\"https:\/\/www.emballagedigest.fr\/en\/bomo-trendline-devoile-son-nouveau-pot-athena\/\" \/>\n<meta property=\"og:locale\" content=\"en_GB\" \/>\n<meta property=\"og:type\" content=\"article\" \/>\n<meta property=\"og:title\" content=\"Bomo Trendline d\u00e9voile son nouveau pot Athena - Emballage Digest\" \/>\n<meta property=\"og:description\" content=\"Bomo Trendline lance le pot Athena, d\u00e9di\u00e9 aux produits cosm\u00e9tiques de luxe. Recharge gr\u00e2ce \u00e0 une cupule int\u00e9rieure amovible, la solution se veut \u00e0 la fois plus responsable pr\u00f4nant le r\u00e9emploi tout en \u00e9tant recyclable en fin de vie. Dot\u00e9 d&rsquo;une conception \u00e0 parois \u00e9paisses de haute qualit\u00e9, le pot Athena offre le poids, l&rsquo;apparence [&hellip;]\" \/>\n<meta property=\"og:url\" content=\"https:\/\/www.emballagedigest.fr\/en\/bomo-trendline-devoile-son-nouveau-pot-athena\/\" \/>\n<meta property=\"og:site_name\" content=\"Emballage Digest\" \/>\n<meta property=\"article:published_time\" content=\"2024-12-16T07:05:08+00:00\" \/>\n<meta property=\"article:modified_time\" content=\"2024-12-16T23:14:42+00:00\" \/>\n<meta property=\"og:image\" content=\"https:\/\/www.emballagedigest.fr\/wp-content\/uploads\/2024\/12\/bomo.jpg\" \/>\n\t<meta property=\"og:image:width\" content=\"800\" \/>\n\t<meta property=\"og:image:height\" content=\"567\" \/>\n\t<meta property=\"og:image:type\" content=\"image\/jpeg\" \/>\n<meta name=\"author\" content=\"Karine Duval\" \/>\n<meta name=\"twitter:card\" content=\"summary_large_image\" \/>\n<meta name=\"twitter:label1\" content=\"Written by\" \/>\n\t<meta name=\"twitter:data1\" content=\"Karine Duval\" \/>\n\t<meta name=\"twitter:label2\" content=\"Estimated reading time\" \/>\n\t<meta name=\"twitter:data2\" content=\"1 minute\" \/>\n<script type=\"application\/ld+json\" class=\"yoast-schema-graph\">{\"@context\":\"https:\/\/schema.org\",\"@graph\":[{\"@type\":\"Article\",\"@id\":\"https:\/\/www.emballagedigest.fr\/bomo-trendline-devoile-son-nouveau-pot-athena\/#article\",\"isPartOf\":{\"@id\":\"https:\/\/www.emballagedigest.fr\/bomo-trendline-devoile-son-nouveau-pot-athena\/\"},\"author\":{\"name\":\"Karine Duval\",\"@id\":\"https:\/\/www.emballagedigest.fr\/#\/schema\/person\/76abe9f2b2ee4d3d520594c7a35da59f\"},\"headline\":\"Bomo Trendline d\u00e9voile son nouveau pot Athena\",\"datePublished\":\"2024-12-16T07:05:08+00:00\",\"dateModified\":\"2024-12-16T23:14:42+00:00\",\"mainEntityOfPage\":{\"@id\":\"https:\/\/www.emballagedigest.fr\/bomo-trendline-devoile-son-nouveau-pot-athena\/\"},\"wordCount\":203,\"publisher\":{\"@id\":\"https:\/\/www.emballagedigest.fr\/#organization\"},\"image\":{\"@id\":\"https:\/\/www.emballagedigest.fr\/bomo-trendline-devoile-son-nouveau-pot-athena\/#primaryimage\"},\"thumbnailUrl\":\"https:\/\/www.emballagedigest.fr\/wp-content\/uploads\/2024\/12\/bomo.jpg\",\"articleSection\":[\"Article entier\",\"Packaging\",\"Parfumerie &amp; Cosm\u00e9tique\"],\"inLanguage\":\"en-GB\"},{\"@type\":\"WebPage\",\"@id\":\"https:\/\/www.emballagedigest.fr\/bomo-trendline-devoile-son-nouveau-pot-athena\/\",\"url\":\"https:\/\/www.emballagedigest.fr\/bomo-trendline-devoile-son-nouveau-pot-athena\/\",\"name\":\"Bomo Trendline d\u00e9voile son nouveau pot Athena - Emballage Digest\",\"isPartOf\":{\"@id\":\"https:\/\/www.emballagedigest.fr\/#website\"},\"primaryImageOfPage\":{\"@id\":\"https:\/\/www.emballagedigest.fr\/bomo-trendline-devoile-son-nouveau-pot-athena\/#primaryimage\"},\"image\":{\"@id\":\"https:\/\/www.emballagedigest.fr\/bomo-trendline-devoile-son-nouveau-pot-athena\/#primaryimage\"},\"thumbnailUrl\":\"https:\/\/www.emballagedigest.fr\/wp-content\/uploads\/2024\/12\/bomo.jpg\",\"datePublished\":\"2024-12-16T07:05:08+00:00\",\"dateModified\":\"2024-12-16T23:14:42+00:00\",\"breadcrumb\":{\"@id\":\"https:\/\/www.emballagedigest.fr\/bomo-trendline-devoile-son-nouveau-pot-athena\/#breadcrumb\"},\"inLanguage\":\"en-GB\",\"potentialAction\":[{\"@type\":\"ReadAction\",\"target\":[\"https:\/\/www.emballagedigest.fr\/bomo-trendline-devoile-son-nouveau-pot-athena\/\"]}]},{\"@type\":\"ImageObject\",\"inLanguage\":\"en-GB\",\"@id\":\"https:\/\/www.emballagedigest.fr\/bomo-trendline-devoile-son-nouveau-pot-athena\/#primaryimage\",\"url\":\"https:\/\/www.emballagedigest.fr\/wp-content\/uploads\/2024\/12\/bomo.jpg\",\"contentUrl\":\"https:\/\/www.emballagedigest.fr\/wp-content\/uploads\/2024\/12\/bomo.jpg\",\"width\":800,\"height\":567},{\"@type\":\"BreadcrumbList\",\"@id\":\"https:\/\/www.emballagedigest.fr\/bomo-trendline-devoile-son-nouveau-pot-athena\/#breadcrumb\",\"itemListElement\":[{\"@type\":\"ListItem\",\"position\":1,\"name\":\"Accueil\",\"item\":\"https:\/\/www.emballagedigest.fr\/\"},{\"@type\":\"ListItem\",\"position\":2,\"name\":\"Bomo Trendline d\u00e9voile son nouveau pot Athena\"}]},{\"@type\":\"WebSite\",\"@id\":\"https:\/\/www.emballagedigest.fr\/#website\",\"url\":\"https:\/\/www.emballagedigest.fr\/\",\"name\":\"Emballage Digest\",\"description\":\"Revue professionnelle sur les emballages\",\"publisher\":{\"@id\":\"https:\/\/www.emballagedigest.fr\/#organization\"},\"potentialAction\":[{\"@type\":\"SearchAction\",\"target\":{\"@type\":\"EntryPoint\",\"urlTemplate\":\"https:\/\/www.emballagedigest.fr\/?s={search_term_string}\"},\"query-input\":{\"@type\":\"PropertyValueSpecification\",\"valueRequired\":true,\"valueName\":\"search_term_string\"}}],\"inLanguage\":\"en-GB\"},{\"@type\":\"Organization\",\"@id\":\"https:\/\/www.emballagedigest.fr\/#organization\",\"name\":\"Emballage Digest\",\"url\":\"https:\/\/www.emballagedigest.fr\/\",\"logo\":{\"@type\":\"ImageObject\",\"inLanguage\":\"en-GB\",\"@id\":\"https:\/\/www.emballagedigest.fr\/#\/schema\/logo\/image\/\",\"url\":\"https:\/\/www.emballagedigest.fr\/wp-content\/uploads\/2022\/07\/logo-ed.png\",\"contentUrl\":\"https:\/\/www.emballagedigest.fr\/wp-content\/uploads\/2022\/07\/logo-ed.png\",\"width\":379,\"height\":75,\"caption\":\"Emballage Digest\"},\"image\":{\"@id\":\"https:\/\/www.emballagedigest.fr\/#\/schema\/logo\/image\/\"}},{\"@type\":\"Person\",\"@id\":\"https:\/\/www.emballagedigest.fr\/#\/schema\/person\/76abe9f2b2ee4d3d520594c7a35da59f\",\"name\":\"Karine Duval\",\"image\":{\"@type\":\"ImageObject\",\"inLanguage\":\"en-GB\",\"@id\":\"https:\/\/www.emballagedigest.fr\/#\/schema\/person\/image\/\",\"url\":\"https:\/\/secure.gravatar.com\/avatar\/f552799261cdd2e076e6677d780ef07bdb13aa4c196ab75b39abcbcdcae2d4e5?s=96&d=mm&r=g\",\"contentUrl\":\"https:\/\/secure.gravatar.com\/avatar\/f552799261cdd2e076e6677d780ef07bdb13aa4c196ab75b39abcbcdcae2d4e5?s=96&d=mm&r=g\",\"caption\":\"Karine Duval\"},\"url\":\"https:\/\/www.emballagedigest.fr\/en\/author\/admin_karduv\/\"}]}<\/script>\n<!-- \/ Yoast SEO plugin. -->","yoast_head_json":{"title":"Bomo Trendline d\u00e9voile son nouveau pot Athena - Emballage Digest","robots":{"index":"index","follow":"follow","max-snippet":"max-snippet:-1","max-image-preview":"max-image-preview:large","max-video-preview":"max-video-preview:-1"},"canonical":"https:\/\/www.emballagedigest.fr\/en\/bomo-trendline-devoile-son-nouveau-pot-athena\/","og_locale":"en_GB","og_type":"article","og_title":"Bomo Trendline d\u00e9voile son nouveau pot Athena - Emballage Digest","og_description":"Bomo Trendline lance le pot Athena, d\u00e9di\u00e9 aux produits cosm\u00e9tiques de luxe. Recharge gr\u00e2ce \u00e0 une cupule int\u00e9rieure amovible, la solution se veut \u00e0 la fois plus responsable pr\u00f4nant le r\u00e9emploi tout en \u00e9tant recyclable en fin de vie. Dot\u00e9 d&rsquo;une conception \u00e0 parois \u00e9paisses de haute qualit\u00e9, le pot Athena offre le poids, l&rsquo;apparence [&hellip;]","og_url":"https:\/\/www.emballagedigest.fr\/en\/bomo-trendline-devoile-son-nouveau-pot-athena\/","og_site_name":"Emballage Digest","article_published_time":"2024-12-16T07:05:08+00:00","article_modified_time":"2024-12-16T23:14:42+00:00","og_image":[{"width":800,"height":567,"url":"https:\/\/www.emballagedigest.fr\/wp-content\/uploads\/2024\/12\/bomo.jpg","type":"image\/jpeg"}],"author":"Karine Duval","twitter_card":"summary_large_image","twitter_misc":{"Written by":"Karine Duval","Estimated reading time":"1 minute"},"schema":{"@context":"https:\/\/schema.org","@graph":[{"@type":"Article","@id":"https:\/\/www.emballagedigest.fr\/bomo-trendline-devoile-son-nouveau-pot-athena\/#article","isPartOf":{"@id":"https:\/\/www.emballagedigest.fr\/bomo-trendline-devoile-son-nouveau-pot-athena\/"},"author":{"name":"Karine Duval","@id":"https:\/\/www.emballagedigest.fr\/#\/schema\/person\/76abe9f2b2ee4d3d520594c7a35da59f"},"headline":"Bomo Trendline d\u00e9voile son nouveau pot Athena","datePublished":"2024-12-16T07:05:08+00:00","dateModified":"2024-12-16T23:14:42+00:00","mainEntityOfPage":{"@id":"https:\/\/www.emballagedigest.fr\/bomo-trendline-devoile-son-nouveau-pot-athena\/"},"wordCount":203,"publisher":{"@id":"https:\/\/www.emballagedigest.fr\/#organization"},"image":{"@id":"https:\/\/www.emballagedigest.fr\/bomo-trendline-devoile-son-nouveau-pot-athena\/#primaryimage"},"thumbnailUrl":"https:\/\/www.emballagedigest.fr\/wp-content\/uploads\/2024\/12\/bomo.jpg","articleSection":["Article entier","Packaging","Parfumerie &amp; Cosm\u00e9tique"],"inLanguage":"en-GB"},{"@type":"WebPage","@id":"https:\/\/www.emballagedigest.fr\/bomo-trendline-devoile-son-nouveau-pot-athena\/","url":"https:\/\/www.emballagedigest.fr\/bomo-trendline-devoile-son-nouveau-pot-athena\/","name":"Bomo Trendline d\u00e9voile son nouveau pot Athena - Emballage Digest","isPartOf":{"@id":"https:\/\/www.emballagedigest.fr\/#website"},"primaryImageOfPage":{"@id":"https:\/\/www.emballagedigest.fr\/bomo-trendline-devoile-son-nouveau-pot-athena\/#primaryimage"},"image":{"@id":"https:\/\/www.emballagedigest.fr\/bomo-trendline-devoile-son-nouveau-pot-athena\/#primaryimage"},"thumbnailUrl":"https:\/\/www.emballagedigest.fr\/wp-content\/uploads\/2024\/12\/bomo.jpg","datePublished":"2024-12-16T07:05:08+00:00","dateModified":"2024-12-16T23:14:42+00:00","breadcrumb":{"@id":"https:\/\/www.emballagedigest.fr\/bomo-trendline-devoile-son-nouveau-pot-athena\/#breadcrumb"},"inLanguage":"en-GB","potentialAction":[{"@type":"ReadAction","target":["https:\/\/www.emballagedigest.fr\/bomo-trendline-devoile-son-nouveau-pot-athena\/"]}]},{"@type":"ImageObject","inLanguage":"en-GB","@id":"https:\/\/www.emballagedigest.fr\/bomo-trendline-devoile-son-nouveau-pot-athena\/#primaryimage","url":"https:\/\/www.emballagedigest.fr\/wp-content\/uploads\/2024\/12\/bomo.jpg","contentUrl":"https:\/\/www.emballagedigest.fr\/wp-content\/uploads\/2024\/12\/bomo.jpg","width":800,"height":567},{"@type":"BreadcrumbList","@id":"https:\/\/www.emballagedigest.fr\/bomo-trendline-devoile-son-nouveau-pot-athena\/#breadcrumb","itemListElement":[{"@type":"ListItem","position":1,"name":"Accueil","item":"https:\/\/www.emballagedigest.fr\/"},{"@type":"ListItem","position":2,"name":"Bomo Trendline d\u00e9voile son nouveau pot Athena"}]},{"@type":"WebSite","@id":"https:\/\/www.emballagedigest.fr\/#website","url":"https:\/\/www.emballagedigest.fr\/","name":"Emballage Digest","description":"Revue professionnelle sur les emballages","publisher":{"@id":"https:\/\/www.emballagedigest.fr\/#organization"},"potentialAction":[{"@type":"SearchAction","target":{"@type":"EntryPoint","urlTemplate":"https:\/\/www.emballagedigest.fr\/?s={search_term_string}"},"query-input":{"@type":"PropertyValueSpecification","valueRequired":true,"valueName":"search_term_string"}}],"inLanguage":"en-GB"},{"@type":"Organization","@id":"https:\/\/www.emballagedigest.fr\/#organization","name":"Emballage Digest","url":"https:\/\/www.emballagedigest.fr\/","logo":{"@type":"ImageObject","inLanguage":"en-GB","@id":"https:\/\/www.emballagedigest.fr\/#\/schema\/logo\/image\/","url":"https:\/\/www.emballagedigest.fr\/wp-content\/uploads\/2022\/07\/logo-ed.png","contentUrl":"https:\/\/www.emballagedigest.fr\/wp-content\/uploads\/2022\/07\/logo-ed.png","width":379,"height":75,"caption":"Emballage Digest"},"image":{"@id":"https:\/\/www.emballagedigest.fr\/#\/schema\/logo\/image\/"}},{"@type":"Person","@id":"https:\/\/www.emballagedigest.fr\/#\/schema\/person\/76abe9f2b2ee4d3d520594c7a35da59f","name":"Karine Duval","image":{"@type":"ImageObject","inLanguage":"en-GB","@id":"https:\/\/www.emballagedigest.fr\/#\/schema\/person\/image\/","url":"https:\/\/secure.gravatar.com\/avatar\/f552799261cdd2e076e6677d780ef07bdb13aa4c196ab75b39abcbcdcae2d4e5?s=96&d=mm&r=g","contentUrl":"https:\/\/secure.gravatar.com\/avatar\/f552799261cdd2e076e6677d780ef07bdb13aa4c196ab75b39abcbcdcae2d4e5?s=96&d=mm&r=g","caption":"Karine Duval"},"url":"https:\/\/www.emballagedigest.fr\/en\/author\/admin_karduv\/"}]}},"_links":{"self":[{"href":"https:\/\/www.emballagedigest.fr\/en\/wp-json\/wp\/v2\/posts\/43116","targetHints":{"allow":["GET"]}}],"collection":[{"href":"https:\/\/www.emballagedigest.fr\/en\/wp-json\/wp\/v2\/posts"}],"about":[{"href":"https:\/\/www.emballagedigest.fr\/en\/wp-json\/wp\/v2\/types\/post"}],"author":[{"embeddable":true,"href":"https:\/\/www.emballagedigest.fr\/en\/wp-json\/wp\/v2\/users\/2"}],"replies":[{"embeddable":true,"href":"https:\/\/www.emballagedigest.fr\/en\/wp-json\/wp\/v2\/comments?post=43116"}],"version-history":[{"count":1,"href":"https:\/\/www.emballagedigest.fr\/en\/wp-json\/wp\/v2\/posts\/43116\/revisions"}],"predecessor-version":[{"id":43118,"href":"https:\/\/www.emballagedigest.fr\/en\/wp-json\/wp\/v2\/posts\/43116\/revisions\/43118"}],"wp:featuredmedia":[{"embeddable":true,"href":"https:\/\/www.emballagedigest.fr\/en\/wp-json\/wp\/v2\/media\/43117"}],"wp:attachment":[{"href":"https:\/\/www.emballagedigest.fr\/en\/wp-json\/wp\/v2\/media?parent=43116"}],"wp:term":[{"taxonomy":"category","embeddable":true,"href":"https:\/\/www.emballagedigest.fr\/en\/wp-json\/wp\/v2\/categories?post=43116"},{"taxonomy":"post_tag","embeddable":true,"href":"https:\/\/www.emballagedigest.fr\/en\/wp-json\/wp\/v2\/tags?post=43116"}],"curies":[{"name":"wp","href":"https:\/\/api.w.org\/{rel}","templated":true}]}}