{"id":43210,"date":"2025-01-07T00:09:15","date_gmt":"2025-01-06T23:09:15","guid":{"rendered":"https:\/\/www.emballagedigest.fr\/?p=43210"},"modified":"2025-01-08T00:16:01","modified_gmt":"2025-01-07T23:16:01","slug":"silgan-finalise-lacquisition-de-weener-packaging","status":"publish","type":"post","link":"https:\/\/www.emballagedigest.fr\/en\/silgan-finalise-lacquisition-de-weener-packaging\/","title":{"rendered":"Silgan finalise l&rsquo;acquisition de Weener Packaging"},"content":{"rendered":"<p><strong>Silgan Holdings annonce en ce d\u00e9but d\u2019ann\u00e9e avoir finalis\u00e9 l&rsquo;acquisition de Weener Plastics Holdings BV, fournisseur de solutions emballages pour les produits de soins personnels, alimentaires et de sant\u00e9. Le fabricant n\u00e9erlandais exploite un r\u00e9seau mondial de 19 installations principalement en Europe et en Am\u00e9rique, avec environ 4 000 employ\u00e9s et des technologies de fabrication exclusives, notamment d&rsquo;importantes capacit\u00e9s de salles blanches.<\/strong><\/p>\n\n\n\n<p>Au cours des douze mois clos le 31 mai 2024, Weener a g\u00e9n\u00e9r\u00e9 un chiffre d&rsquo;affaires d&rsquo;environ 450 millions d&rsquo;euros et un EBITDA ajust\u00e9 de 96 millions d&rsquo;euros. Le groupe Silgan a financ\u00e9 le prix d&rsquo;achat de cette acquisition au fonds d\u2019investissement 3i ainsi que les co\u00fbts et d\u00e9penses connexes par le biais d&#8217;emprunts \u00e0 terme et de pr\u00eats renouvelables.<\/p>\n\n\n\n<p>Le repreneur pr\u00e9voit de r\u00e9aliser des synergies de co\u00fbts op\u00e9rationnels li\u00e9es \u00e0 l&rsquo;acquisition d&rsquo;environ 20 millions d&rsquo;euros dans les 18 mois, obtenues gr\u00e2ce \u00e0 une combinaison d&rsquo;\u00e9conomies d&rsquo;approvisionnement, d&rsquo;efficacit\u00e9 de fabrication et d&rsquo;autres synergies op\u00e9rationnelles. La transaction devrait avoir un effet l\u00e9g\u00e8rement positif sur le b\u00e9n\u00e9fice par action ajust\u00e9 en 2024, avec une augmentation d&rsquo;environ 10% une fois l&rsquo;int\u00e9gration compl\u00e8te et les synergies r\u00e9alis\u00e9es.<\/p>\n\n\n\n<p>L&rsquo;acquisition de Weener s\u2019inscrit dans la strat\u00e9gie de Silgan de renforcer sa position sur le march\u00e9 des solutions de distribution et de fermetures sp\u00e9cialis\u00e9es. Avec un chiffre d&rsquo;affaires net annuel d&rsquo;environ 6 milliards de dollars en 2023, Silgan exploite 124 sites de fabrication en Am\u00e9rique du Nord et du Sud, en Europe et en Asie, fournissant des emballages pour les parfums et les produits de beaut\u00e9, les aliments, les boissons, les soins personnels et de sant\u00e9, la d\u00e9tergence et le jardin.<\/p>","protected":false},"excerpt":{"rendered":"<p>Silgan Holdings annonce en ce d\u00e9but d\u2019ann\u00e9e avoir finalis\u00e9 l&rsquo;acquisition de Weener Plastics Holdings BV, fournisseur de solutions emballages pour les produits de soins personnels, alimentaires et de sant\u00e9. Le fabricant n\u00e9erlandais exploite un r\u00e9seau mondial de 19 installations principalement en Europe et en Am\u00e9rique, avec environ 4 000 employ\u00e9s et des technologies de fabrication [&hellip;]<\/p>","protected":false},"author":2,"featured_media":43211,"comment_status":"closed","ping_status":"closed","sticky":false,"template":"","format":"standard","meta":{"_acf_changed":false,"inline_featured_image":false,"iawp_total_views":15,"footnotes":""},"categories":[28,81,6],"tags":[],"class_list":["post-43210","post","type-post","status-publish","format-standard","has-post-thumbnail","hentry","category-article-entier","category-packaging","category-parfumerie-cosmetique"],"acf":[],"yoast_head":"<!-- This site is optimized with the Yoast SEO plugin v24.4 - https:\/\/yoast.com\/wordpress\/plugins\/seo\/ -->\n<title>Silgan finalise l&#039;acquisition de Weener Packaging - Emballage Digest<\/title>\n<meta name=\"robots\" content=\"index, follow, max-snippet:-1, max-image-preview:large, max-video-preview:-1\" \/>\n<link rel=\"canonical\" href=\"https:\/\/www.emballagedigest.fr\/en\/silgan-finalise-lacquisition-de-weener-packaging\/\" \/>\n<meta property=\"og:locale\" content=\"en_GB\" \/>\n<meta property=\"og:type\" content=\"article\" \/>\n<meta property=\"og:title\" content=\"Silgan finalise l&#039;acquisition de Weener Packaging - Emballage Digest\" \/>\n<meta property=\"og:description\" content=\"Silgan Holdings annonce en ce d\u00e9but d\u2019ann\u00e9e avoir finalis\u00e9 l&rsquo;acquisition de Weener Plastics Holdings BV, fournisseur de solutions emballages pour les produits de soins personnels, alimentaires et de sant\u00e9. Le fabricant n\u00e9erlandais exploite un r\u00e9seau mondial de 19 installations principalement en Europe et en Am\u00e9rique, avec environ 4 000 employ\u00e9s et des technologies de fabrication [&hellip;]\" \/>\n<meta property=\"og:url\" content=\"https:\/\/www.emballagedigest.fr\/en\/silgan-finalise-lacquisition-de-weener-packaging\/\" \/>\n<meta property=\"og:site_name\" content=\"Emballage Digest\" \/>\n<meta property=\"article:published_time\" content=\"2025-01-06T23:09:15+00:00\" \/>\n<meta property=\"article:modified_time\" content=\"2025-01-07T23:16:01+00:00\" \/>\n<meta property=\"og:image\" content=\"https:\/\/www.emballagedigest.fr\/wp-content\/uploads\/2025\/01\/Silgan.jpg\" \/>\n\t<meta property=\"og:image:width\" content=\"800\" \/>\n\t<meta property=\"og:image:height\" content=\"580\" \/>\n\t<meta property=\"og:image:type\" content=\"image\/jpeg\" \/>\n<meta name=\"author\" content=\"Karine Duval\" \/>\n<meta name=\"twitter:card\" content=\"summary_large_image\" \/>\n<meta name=\"twitter:label1\" content=\"Written by\" \/>\n\t<meta name=\"twitter:data1\" content=\"Karine Duval\" \/>\n\t<meta name=\"twitter:label2\" content=\"Estimated reading time\" \/>\n\t<meta name=\"twitter:data2\" content=\"2 minutes\" \/>\n<script type=\"application\/ld+json\" class=\"yoast-schema-graph\">{\"@context\":\"https:\/\/schema.org\",\"@graph\":[{\"@type\":\"Article\",\"@id\":\"https:\/\/www.emballagedigest.fr\/silgan-finalise-lacquisition-de-weener-packaging\/#article\",\"isPartOf\":{\"@id\":\"https:\/\/www.emballagedigest.fr\/silgan-finalise-lacquisition-de-weener-packaging\/\"},\"author\":{\"name\":\"Karine Duval\",\"@id\":\"https:\/\/www.emballagedigest.fr\/#\/schema\/person\/76abe9f2b2ee4d3d520594c7a35da59f\"},\"headline\":\"Silgan finalise l&rsquo;acquisition de Weener Packaging\",\"datePublished\":\"2025-01-06T23:09:15+00:00\",\"dateModified\":\"2025-01-07T23:16:01+00:00\",\"mainEntityOfPage\":{\"@id\":\"https:\/\/www.emballagedigest.fr\/silgan-finalise-lacquisition-de-weener-packaging\/\"},\"wordCount\":312,\"publisher\":{\"@id\":\"https:\/\/www.emballagedigest.fr\/#organization\"},\"image\":{\"@id\":\"https:\/\/www.emballagedigest.fr\/silgan-finalise-lacquisition-de-weener-packaging\/#primaryimage\"},\"thumbnailUrl\":\"https:\/\/www.emballagedigest.fr\/wp-content\/uploads\/2025\/01\/Silgan.jpg\",\"articleSection\":[\"Article entier\",\"Packaging\",\"Parfumerie &amp; Cosm\u00e9tique\"],\"inLanguage\":\"en-GB\"},{\"@type\":\"WebPage\",\"@id\":\"https:\/\/www.emballagedigest.fr\/silgan-finalise-lacquisition-de-weener-packaging\/\",\"url\":\"https:\/\/www.emballagedigest.fr\/silgan-finalise-lacquisition-de-weener-packaging\/\",\"name\":\"Silgan finalise l'acquisition de Weener Packaging - Emballage Digest\",\"isPartOf\":{\"@id\":\"https:\/\/www.emballagedigest.fr\/#website\"},\"primaryImageOfPage\":{\"@id\":\"https:\/\/www.emballagedigest.fr\/silgan-finalise-lacquisition-de-weener-packaging\/#primaryimage\"},\"image\":{\"@id\":\"https:\/\/www.emballagedigest.fr\/silgan-finalise-lacquisition-de-weener-packaging\/#primaryimage\"},\"thumbnailUrl\":\"https:\/\/www.emballagedigest.fr\/wp-content\/uploads\/2025\/01\/Silgan.jpg\",\"datePublished\":\"2025-01-06T23:09:15+00:00\",\"dateModified\":\"2025-01-07T23:16:01+00:00\",\"breadcrumb\":{\"@id\":\"https:\/\/www.emballagedigest.fr\/silgan-finalise-lacquisition-de-weener-packaging\/#breadcrumb\"},\"inLanguage\":\"en-GB\",\"potentialAction\":[{\"@type\":\"ReadAction\",\"target\":[\"https:\/\/www.emballagedigest.fr\/silgan-finalise-lacquisition-de-weener-packaging\/\"]}]},{\"@type\":\"ImageObject\",\"inLanguage\":\"en-GB\",\"@id\":\"https:\/\/www.emballagedigest.fr\/silgan-finalise-lacquisition-de-weener-packaging\/#primaryimage\",\"url\":\"https:\/\/www.emballagedigest.fr\/wp-content\/uploads\/2025\/01\/Silgan.jpg\",\"contentUrl\":\"https:\/\/www.emballagedigest.fr\/wp-content\/uploads\/2025\/01\/Silgan.jpg\",\"width\":800,\"height\":580},{\"@type\":\"BreadcrumbList\",\"@id\":\"https:\/\/www.emballagedigest.fr\/silgan-finalise-lacquisition-de-weener-packaging\/#breadcrumb\",\"itemListElement\":[{\"@type\":\"ListItem\",\"position\":1,\"name\":\"Accueil\",\"item\":\"https:\/\/www.emballagedigest.fr\/\"},{\"@type\":\"ListItem\",\"position\":2,\"name\":\"Silgan finalise l&rsquo;acquisition de Weener Packaging\"}]},{\"@type\":\"WebSite\",\"@id\":\"https:\/\/www.emballagedigest.fr\/#website\",\"url\":\"https:\/\/www.emballagedigest.fr\/\",\"name\":\"Emballage Digest\",\"description\":\"Revue professionnelle sur les emballages\",\"publisher\":{\"@id\":\"https:\/\/www.emballagedigest.fr\/#organization\"},\"potentialAction\":[{\"@type\":\"SearchAction\",\"target\":{\"@type\":\"EntryPoint\",\"urlTemplate\":\"https:\/\/www.emballagedigest.fr\/?s={search_term_string}\"},\"query-input\":{\"@type\":\"PropertyValueSpecification\",\"valueRequired\":true,\"valueName\":\"search_term_string\"}}],\"inLanguage\":\"en-GB\"},{\"@type\":\"Organization\",\"@id\":\"https:\/\/www.emballagedigest.fr\/#organization\",\"name\":\"Emballage Digest\",\"url\":\"https:\/\/www.emballagedigest.fr\/\",\"logo\":{\"@type\":\"ImageObject\",\"inLanguage\":\"en-GB\",\"@id\":\"https:\/\/www.emballagedigest.fr\/#\/schema\/logo\/image\/\",\"url\":\"https:\/\/www.emballagedigest.fr\/wp-content\/uploads\/2022\/07\/logo-ed.png\",\"contentUrl\":\"https:\/\/www.emballagedigest.fr\/wp-content\/uploads\/2022\/07\/logo-ed.png\",\"width\":379,\"height\":75,\"caption\":\"Emballage Digest\"},\"image\":{\"@id\":\"https:\/\/www.emballagedigest.fr\/#\/schema\/logo\/image\/\"}},{\"@type\":\"Person\",\"@id\":\"https:\/\/www.emballagedigest.fr\/#\/schema\/person\/76abe9f2b2ee4d3d520594c7a35da59f\",\"name\":\"Karine Duval\",\"image\":{\"@type\":\"ImageObject\",\"inLanguage\":\"en-GB\",\"@id\":\"https:\/\/www.emballagedigest.fr\/#\/schema\/person\/image\/\",\"url\":\"https:\/\/secure.gravatar.com\/avatar\/f552799261cdd2e076e6677d780ef07bdb13aa4c196ab75b39abcbcdcae2d4e5?s=96&d=mm&r=g\",\"contentUrl\":\"https:\/\/secure.gravatar.com\/avatar\/f552799261cdd2e076e6677d780ef07bdb13aa4c196ab75b39abcbcdcae2d4e5?s=96&d=mm&r=g\",\"caption\":\"Karine Duval\"},\"url\":\"https:\/\/www.emballagedigest.fr\/en\/author\/admin_karduv\/\"}]}<\/script>\n<!-- \/ Yoast SEO plugin. -->","yoast_head_json":{"title":"Silgan finalise l'acquisition de Weener Packaging - Emballage Digest","robots":{"index":"index","follow":"follow","max-snippet":"max-snippet:-1","max-image-preview":"max-image-preview:large","max-video-preview":"max-video-preview:-1"},"canonical":"https:\/\/www.emballagedigest.fr\/en\/silgan-finalise-lacquisition-de-weener-packaging\/","og_locale":"en_GB","og_type":"article","og_title":"Silgan finalise l'acquisition de Weener Packaging - Emballage Digest","og_description":"Silgan Holdings annonce en ce d\u00e9but d\u2019ann\u00e9e avoir finalis\u00e9 l&rsquo;acquisition de Weener Plastics Holdings BV, fournisseur de solutions emballages pour les produits de soins personnels, alimentaires et de sant\u00e9. Le fabricant n\u00e9erlandais exploite un r\u00e9seau mondial de 19 installations principalement en Europe et en Am\u00e9rique, avec environ 4 000 employ\u00e9s et des technologies de fabrication [&hellip;]","og_url":"https:\/\/www.emballagedigest.fr\/en\/silgan-finalise-lacquisition-de-weener-packaging\/","og_site_name":"Emballage Digest","article_published_time":"2025-01-06T23:09:15+00:00","article_modified_time":"2025-01-07T23:16:01+00:00","og_image":[{"width":800,"height":580,"url":"https:\/\/www.emballagedigest.fr\/wp-content\/uploads\/2025\/01\/Silgan.jpg","type":"image\/jpeg"}],"author":"Karine Duval","twitter_card":"summary_large_image","twitter_misc":{"Written by":"Karine Duval","Estimated reading time":"2 minutes"},"schema":{"@context":"https:\/\/schema.org","@graph":[{"@type":"Article","@id":"https:\/\/www.emballagedigest.fr\/silgan-finalise-lacquisition-de-weener-packaging\/#article","isPartOf":{"@id":"https:\/\/www.emballagedigest.fr\/silgan-finalise-lacquisition-de-weener-packaging\/"},"author":{"name":"Karine Duval","@id":"https:\/\/www.emballagedigest.fr\/#\/schema\/person\/76abe9f2b2ee4d3d520594c7a35da59f"},"headline":"Silgan finalise l&rsquo;acquisition de Weener Packaging","datePublished":"2025-01-06T23:09:15+00:00","dateModified":"2025-01-07T23:16:01+00:00","mainEntityOfPage":{"@id":"https:\/\/www.emballagedigest.fr\/silgan-finalise-lacquisition-de-weener-packaging\/"},"wordCount":312,"publisher":{"@id":"https:\/\/www.emballagedigest.fr\/#organization"},"image":{"@id":"https:\/\/www.emballagedigest.fr\/silgan-finalise-lacquisition-de-weener-packaging\/#primaryimage"},"thumbnailUrl":"https:\/\/www.emballagedigest.fr\/wp-content\/uploads\/2025\/01\/Silgan.jpg","articleSection":["Article entier","Packaging","Parfumerie &amp; Cosm\u00e9tique"],"inLanguage":"en-GB"},{"@type":"WebPage","@id":"https:\/\/www.emballagedigest.fr\/silgan-finalise-lacquisition-de-weener-packaging\/","url":"https:\/\/www.emballagedigest.fr\/silgan-finalise-lacquisition-de-weener-packaging\/","name":"Silgan finalise l'acquisition de Weener Packaging - Emballage Digest","isPartOf":{"@id":"https:\/\/www.emballagedigest.fr\/#website"},"primaryImageOfPage":{"@id":"https:\/\/www.emballagedigest.fr\/silgan-finalise-lacquisition-de-weener-packaging\/#primaryimage"},"image":{"@id":"https:\/\/www.emballagedigest.fr\/silgan-finalise-lacquisition-de-weener-packaging\/#primaryimage"},"thumbnailUrl":"https:\/\/www.emballagedigest.fr\/wp-content\/uploads\/2025\/01\/Silgan.jpg","datePublished":"2025-01-06T23:09:15+00:00","dateModified":"2025-01-07T23:16:01+00:00","breadcrumb":{"@id":"https:\/\/www.emballagedigest.fr\/silgan-finalise-lacquisition-de-weener-packaging\/#breadcrumb"},"inLanguage":"en-GB","potentialAction":[{"@type":"ReadAction","target":["https:\/\/www.emballagedigest.fr\/silgan-finalise-lacquisition-de-weener-packaging\/"]}]},{"@type":"ImageObject","inLanguage":"en-GB","@id":"https:\/\/www.emballagedigest.fr\/silgan-finalise-lacquisition-de-weener-packaging\/#primaryimage","url":"https:\/\/www.emballagedigest.fr\/wp-content\/uploads\/2025\/01\/Silgan.jpg","contentUrl":"https:\/\/www.emballagedigest.fr\/wp-content\/uploads\/2025\/01\/Silgan.jpg","width":800,"height":580},{"@type":"BreadcrumbList","@id":"https:\/\/www.emballagedigest.fr\/silgan-finalise-lacquisition-de-weener-packaging\/#breadcrumb","itemListElement":[{"@type":"ListItem","position":1,"name":"Accueil","item":"https:\/\/www.emballagedigest.fr\/"},{"@type":"ListItem","position":2,"name":"Silgan finalise l&rsquo;acquisition de Weener Packaging"}]},{"@type":"WebSite","@id":"https:\/\/www.emballagedigest.fr\/#website","url":"https:\/\/www.emballagedigest.fr\/","name":"Emballage Digest","description":"Revue professionnelle sur les emballages","publisher":{"@id":"https:\/\/www.emballagedigest.fr\/#organization"},"potentialAction":[{"@type":"SearchAction","target":{"@type":"EntryPoint","urlTemplate":"https:\/\/www.emballagedigest.fr\/?s={search_term_string}"},"query-input":{"@type":"PropertyValueSpecification","valueRequired":true,"valueName":"search_term_string"}}],"inLanguage":"en-GB"},{"@type":"Organization","@id":"https:\/\/www.emballagedigest.fr\/#organization","name":"Emballage Digest","url":"https:\/\/www.emballagedigest.fr\/","logo":{"@type":"ImageObject","inLanguage":"en-GB","@id":"https:\/\/www.emballagedigest.fr\/#\/schema\/logo\/image\/","url":"https:\/\/www.emballagedigest.fr\/wp-content\/uploads\/2022\/07\/logo-ed.png","contentUrl":"https:\/\/www.emballagedigest.fr\/wp-content\/uploads\/2022\/07\/logo-ed.png","width":379,"height":75,"caption":"Emballage Digest"},"image":{"@id":"https:\/\/www.emballagedigest.fr\/#\/schema\/logo\/image\/"}},{"@type":"Person","@id":"https:\/\/www.emballagedigest.fr\/#\/schema\/person\/76abe9f2b2ee4d3d520594c7a35da59f","name":"Karine Duval","image":{"@type":"ImageObject","inLanguage":"en-GB","@id":"https:\/\/www.emballagedigest.fr\/#\/schema\/person\/image\/","url":"https:\/\/secure.gravatar.com\/avatar\/f552799261cdd2e076e6677d780ef07bdb13aa4c196ab75b39abcbcdcae2d4e5?s=96&d=mm&r=g","contentUrl":"https:\/\/secure.gravatar.com\/avatar\/f552799261cdd2e076e6677d780ef07bdb13aa4c196ab75b39abcbcdcae2d4e5?s=96&d=mm&r=g","caption":"Karine Duval"},"url":"https:\/\/www.emballagedigest.fr\/en\/author\/admin_karduv\/"}]}},"_links":{"self":[{"href":"https:\/\/www.emballagedigest.fr\/en\/wp-json\/wp\/v2\/posts\/43210","targetHints":{"allow":["GET"]}}],"collection":[{"href":"https:\/\/www.emballagedigest.fr\/en\/wp-json\/wp\/v2\/posts"}],"about":[{"href":"https:\/\/www.emballagedigest.fr\/en\/wp-json\/wp\/v2\/types\/post"}],"author":[{"embeddable":true,"href":"https:\/\/www.emballagedigest.fr\/en\/wp-json\/wp\/v2\/users\/2"}],"replies":[{"embeddable":true,"href":"https:\/\/www.emballagedigest.fr\/en\/wp-json\/wp\/v2\/comments?post=43210"}],"version-history":[{"count":1,"href":"https:\/\/www.emballagedigest.fr\/en\/wp-json\/wp\/v2\/posts\/43210\/revisions"}],"predecessor-version":[{"id":43212,"href":"https:\/\/www.emballagedigest.fr\/en\/wp-json\/wp\/v2\/posts\/43210\/revisions\/43212"}],"wp:featuredmedia":[{"embeddable":true,"href":"https:\/\/www.emballagedigest.fr\/en\/wp-json\/wp\/v2\/media\/43211"}],"wp:attachment":[{"href":"https:\/\/www.emballagedigest.fr\/en\/wp-json\/wp\/v2\/media?parent=43210"}],"wp:term":[{"taxonomy":"category","embeddable":true,"href":"https:\/\/www.emballagedigest.fr\/en\/wp-json\/wp\/v2\/categories?post=43210"},{"taxonomy":"post_tag","embeddable":true,"href":"https:\/\/www.emballagedigest.fr\/en\/wp-json\/wp\/v2\/tags?post=43210"}],"curies":[{"name":"wp","href":"https:\/\/api.w.org\/{rel}","templated":true}]}}