{"id":43223,"date":"2025-01-08T00:18:22","date_gmt":"2025-01-07T23:18:22","guid":{"rendered":"https:\/\/www.emballagedigest.fr\/?p=43223"},"modified":"2025-01-08T00:18:23","modified_gmt":"2025-01-07T23:18:23","slug":"neopac-prime-pour-le-tube-de-dentifrice-elmex","status":"publish","type":"post","link":"https:\/\/www.emballagedigest.fr\/en\/neopac-prime-pour-le-tube-de-dentifrice-elmex\/","title":{"rendered":"Neopac prim\u00e9 pour le tube de dentifrice Elmex"},"content":{"rendered":"<p><strong>Neopac a re\u00e7u le prix Hungaropack 2024 remis par l&rsquo;Association hongroise de l&#8217;emballage et de la manutention. Ce prix r\u00e9compense les tubes barri\u00e8re mono-mat\u00e9riau innovants Polyfoil\u00ae MMB du fabricant, utilis\u00e9s pour la marque de dentifrice Elmex de Colgate.<\/strong><\/p>\n\n\n\n<p>Hungaropack, cr\u00e9\u00e9 en 1967, est un \u00e9v\u00e9nement majeur de l&rsquo;industrie hongroise de l&#8217;emballage, c\u00e9l\u00e9brant les progr\u00e8s en mati\u00e8re de durabilit\u00e9, d&rsquo;innovation et de qualit\u00e9. Parmi les 55 candidatures de plus de 30 entreprises dans les cat\u00e9gories de la consommation, de la collecte et du transport, seulement six gagnants ont \u00e9t\u00e9 s\u00e9lectionn\u00e9s.<\/p>\n\n\n\n<figure class=\"wp-block-image size-full\"><img loading=\"lazy\" decoding=\"async\" width=\"800\" height=\"400\" src=\"https:\/\/www.emballagedigest.fr\/wp-content\/uploads\/2025\/01\/Neopac2.jpg\" alt=\"\" class=\"wp-image-43225\" srcset=\"https:\/\/www.emballagedigest.fr\/wp-content\/uploads\/2025\/01\/Neopac2.jpg 800w, https:\/\/www.emballagedigest.fr\/wp-content\/uploads\/2025\/01\/Neopac2-300x150.jpg 300w, https:\/\/www.emballagedigest.fr\/wp-content\/uploads\/2025\/01\/Neopac2-768x384.jpg 768w, https:\/\/www.emballagedigest.fr\/wp-content\/uploads\/2025\/01\/Neopac2-18x9.jpg 18w\" sizes=\"auto, (max-width: 800px) 100vw, 800px\" \/><\/figure>\n\n\n\n<p>Le tube barri\u00e8re mono-mat\u00e9riau Polyfoil\u00ae MMB de Neopac, qui a \u00e9t\u00e9 prim\u00e9, combine une protection des produits de qualit\u00e9 pharmaceutique, une facilit\u00e9 d\u2019usage et une esth\u00e9tique attrayante. Les tubes Polyfoil\u00ae MMB de Neopac peuvent r\u00e9duire l&#8217;empreinte carbone de l&#8217;emballage jusqu&rsquo;\u00e0 38 % par rapport aux tubes lamin\u00e9s traditionnels. Dot\u00e9s de couches de contact de qualit\u00e9 pharmaceutique, les tubes offrent une grande protection du produit et sont compatibles avec un large \u00e9ventail de formulations. Le tube brevet\u00e9 est rendu possible gr\u00e2ce \u00e0 un adh\u00e9sif unique en son genre, qui contraste avec les solutions existantes de film souffl\u00e9 et de film extrud\u00e9 adopt\u00e9es par les grandes marques de produits d&rsquo;hygi\u00e8ne bucco-dentaire.<\/p>\n\n\n\n<p>Avantages : une barri\u00e8re avanc\u00e9e et des options esth\u00e9tiques dans le corps du tube. L&rsquo;\u00e9paule et le bouchon du tube sont fabriqu\u00e9s avec du PEHD \u00e0 faible MFI (indice de fluidit\u00e9 \u00e0 chaud). Recyclage dans les flux de PE rigide (certifi\u00e9 par RecyClass en Europe et APR aux Etats-Unis), Polyfoil\u00ae MMB conserve par ailleurs les options d&rsquo;impression et de d\u00e9coration des tubes Polyfoil\u00ae conventionnels de Neopac.<\/p>\n\n\n\n<p>\u00ab Nous sommes fiers que nos tubes Polyfoil\u00ae MMB pour Colgate soient reconnus \u00e0 Hungaropack 2024 \u00bb, a d\u00e9clar\u00e9 Martina Christiansen, directrice des ventes de tubes chez Neopac. Ce prix souligne notre engagement \u00e0 fournir des emballages innovants et durables qui r\u00e9pondent aux normes les plus \u00e9lev\u00e9es en mati\u00e8re de performance et de durabilit\u00e9 \u00bb.<\/p>","protected":false},"excerpt":{"rendered":"<p>Neopac a re\u00e7u le prix Hungaropack 2024 remis par l&rsquo;Association hongroise de l&#8217;emballage et de la manutention. Ce prix r\u00e9compense les tubes barri\u00e8re mono-mat\u00e9riau innovants Polyfoil\u00ae MMB du fabricant, utilis\u00e9s pour la marque de dentifrice Elmex de Colgate. Hungaropack, cr\u00e9\u00e9 en 1967, est un \u00e9v\u00e9nement majeur de l&rsquo;industrie hongroise de l&#8217;emballage, c\u00e9l\u00e9brant les progr\u00e8s en [&hellip;]<\/p>","protected":false},"author":2,"featured_media":43224,"comment_status":"closed","ping_status":"closed","sticky":false,"template":"","format":"standard","meta":{"_acf_changed":false,"inline_featured_image":false,"iawp_total_views":2,"footnotes":""},"categories":[28,4],"tags":[],"class_list":["post-43223","post","type-post","status-publish","format-standard","has-post-thumbnail","hentry","category-article-entier","category-lineaires"],"acf":[],"yoast_head":"<!-- This site is optimized with the Yoast SEO plugin v24.4 - https:\/\/yoast.com\/wordpress\/plugins\/seo\/ -->\n<title>Neopac prim\u00e9 pour le tube de dentifrice Elmex - Emballage Digest<\/title>\n<meta name=\"robots\" content=\"index, follow, max-snippet:-1, max-image-preview:large, max-video-preview:-1\" \/>\n<link rel=\"canonical\" href=\"https:\/\/www.emballagedigest.fr\/en\/neopac-prime-pour-le-tube-de-dentifrice-elmex\/\" \/>\n<meta property=\"og:locale\" content=\"en_GB\" \/>\n<meta property=\"og:type\" content=\"article\" \/>\n<meta property=\"og:title\" content=\"Neopac prim\u00e9 pour le tube de dentifrice Elmex - Emballage Digest\" \/>\n<meta property=\"og:description\" content=\"Neopac a re\u00e7u le prix Hungaropack 2024 remis par l&rsquo;Association hongroise de l&#8217;emballage et de la manutention. Ce prix r\u00e9compense les tubes barri\u00e8re mono-mat\u00e9riau innovants Polyfoil\u00ae MMB du fabricant, utilis\u00e9s pour la marque de dentifrice Elmex de Colgate. Hungaropack, cr\u00e9\u00e9 en 1967, est un \u00e9v\u00e9nement majeur de l&rsquo;industrie hongroise de l&#8217;emballage, c\u00e9l\u00e9brant les progr\u00e8s en [&hellip;]\" \/>\n<meta property=\"og:url\" content=\"https:\/\/www.emballagedigest.fr\/en\/neopac-prime-pour-le-tube-de-dentifrice-elmex\/\" \/>\n<meta property=\"og:site_name\" content=\"Emballage Digest\" \/>\n<meta property=\"article:published_time\" content=\"2025-01-07T23:18:22+00:00\" \/>\n<meta property=\"article:modified_time\" content=\"2025-01-07T23:18:23+00:00\" \/>\n<meta property=\"og:image\" content=\"https:\/\/www.emballagedigest.fr\/wp-content\/uploads\/2025\/01\/Neopac1.jpg\" \/>\n\t<meta property=\"og:image:width\" content=\"800\" \/>\n\t<meta property=\"og:image:height\" content=\"527\" \/>\n\t<meta property=\"og:image:type\" content=\"image\/jpeg\" \/>\n<meta name=\"author\" content=\"Karine Duval\" \/>\n<meta name=\"twitter:card\" content=\"summary_large_image\" \/>\n<meta name=\"twitter:label1\" content=\"Written by\" \/>\n\t<meta name=\"twitter:data1\" content=\"Karine Duval\" \/>\n\t<meta name=\"twitter:label2\" content=\"Estimated reading time\" \/>\n\t<meta name=\"twitter:data2\" content=\"2 minutes\" \/>\n<script type=\"application\/ld+json\" class=\"yoast-schema-graph\">{\"@context\":\"https:\/\/schema.org\",\"@graph\":[{\"@type\":\"Article\",\"@id\":\"https:\/\/www.emballagedigest.fr\/neopac-prime-pour-le-tube-de-dentifrice-elmex\/#article\",\"isPartOf\":{\"@id\":\"https:\/\/www.emballagedigest.fr\/neopac-prime-pour-le-tube-de-dentifrice-elmex\/\"},\"author\":{\"name\":\"Karine Duval\",\"@id\":\"https:\/\/www.emballagedigest.fr\/#\/schema\/person\/76abe9f2b2ee4d3d520594c7a35da59f\"},\"headline\":\"Neopac prim\u00e9 pour le tube de dentifrice Elmex\",\"datePublished\":\"2025-01-07T23:18:22+00:00\",\"dateModified\":\"2025-01-07T23:18:23+00:00\",\"mainEntityOfPage\":{\"@id\":\"https:\/\/www.emballagedigest.fr\/neopac-prime-pour-le-tube-de-dentifrice-elmex\/\"},\"wordCount\":354,\"publisher\":{\"@id\":\"https:\/\/www.emballagedigest.fr\/#organization\"},\"image\":{\"@id\":\"https:\/\/www.emballagedigest.fr\/neopac-prime-pour-le-tube-de-dentifrice-elmex\/#primaryimage\"},\"thumbnailUrl\":\"https:\/\/www.emballagedigest.fr\/wp-content\/uploads\/2025\/01\/Neopac1.jpg\",\"articleSection\":[\"Article entier\",\"Lin\u00e9aires\"],\"inLanguage\":\"en-GB\"},{\"@type\":\"WebPage\",\"@id\":\"https:\/\/www.emballagedigest.fr\/neopac-prime-pour-le-tube-de-dentifrice-elmex\/\",\"url\":\"https:\/\/www.emballagedigest.fr\/neopac-prime-pour-le-tube-de-dentifrice-elmex\/\",\"name\":\"Neopac prim\u00e9 pour le tube de dentifrice Elmex - Emballage Digest\",\"isPartOf\":{\"@id\":\"https:\/\/www.emballagedigest.fr\/#website\"},\"primaryImageOfPage\":{\"@id\":\"https:\/\/www.emballagedigest.fr\/neopac-prime-pour-le-tube-de-dentifrice-elmex\/#primaryimage\"},\"image\":{\"@id\":\"https:\/\/www.emballagedigest.fr\/neopac-prime-pour-le-tube-de-dentifrice-elmex\/#primaryimage\"},\"thumbnailUrl\":\"https:\/\/www.emballagedigest.fr\/wp-content\/uploads\/2025\/01\/Neopac1.jpg\",\"datePublished\":\"2025-01-07T23:18:22+00:00\",\"dateModified\":\"2025-01-07T23:18:23+00:00\",\"breadcrumb\":{\"@id\":\"https:\/\/www.emballagedigest.fr\/neopac-prime-pour-le-tube-de-dentifrice-elmex\/#breadcrumb\"},\"inLanguage\":\"en-GB\",\"potentialAction\":[{\"@type\":\"ReadAction\",\"target\":[\"https:\/\/www.emballagedigest.fr\/neopac-prime-pour-le-tube-de-dentifrice-elmex\/\"]}]},{\"@type\":\"ImageObject\",\"inLanguage\":\"en-GB\",\"@id\":\"https:\/\/www.emballagedigest.fr\/neopac-prime-pour-le-tube-de-dentifrice-elmex\/#primaryimage\",\"url\":\"https:\/\/www.emballagedigest.fr\/wp-content\/uploads\/2025\/01\/Neopac1.jpg\",\"contentUrl\":\"https:\/\/www.emballagedigest.fr\/wp-content\/uploads\/2025\/01\/Neopac1.jpg\",\"width\":800,\"height\":527},{\"@type\":\"BreadcrumbList\",\"@id\":\"https:\/\/www.emballagedigest.fr\/neopac-prime-pour-le-tube-de-dentifrice-elmex\/#breadcrumb\",\"itemListElement\":[{\"@type\":\"ListItem\",\"position\":1,\"name\":\"Accueil\",\"item\":\"https:\/\/www.emballagedigest.fr\/\"},{\"@type\":\"ListItem\",\"position\":2,\"name\":\"Neopac prim\u00e9 pour le tube de dentifrice Elmex\"}]},{\"@type\":\"WebSite\",\"@id\":\"https:\/\/www.emballagedigest.fr\/#website\",\"url\":\"https:\/\/www.emballagedigest.fr\/\",\"name\":\"Emballage Digest\",\"description\":\"Revue professionnelle sur les emballages\",\"publisher\":{\"@id\":\"https:\/\/www.emballagedigest.fr\/#organization\"},\"potentialAction\":[{\"@type\":\"SearchAction\",\"target\":{\"@type\":\"EntryPoint\",\"urlTemplate\":\"https:\/\/www.emballagedigest.fr\/?s={search_term_string}\"},\"query-input\":{\"@type\":\"PropertyValueSpecification\",\"valueRequired\":true,\"valueName\":\"search_term_string\"}}],\"inLanguage\":\"en-GB\"},{\"@type\":\"Organization\",\"@id\":\"https:\/\/www.emballagedigest.fr\/#organization\",\"name\":\"Emballage Digest\",\"url\":\"https:\/\/www.emballagedigest.fr\/\",\"logo\":{\"@type\":\"ImageObject\",\"inLanguage\":\"en-GB\",\"@id\":\"https:\/\/www.emballagedigest.fr\/#\/schema\/logo\/image\/\",\"url\":\"https:\/\/www.emballagedigest.fr\/wp-content\/uploads\/2022\/07\/logo-ed.png\",\"contentUrl\":\"https:\/\/www.emballagedigest.fr\/wp-content\/uploads\/2022\/07\/logo-ed.png\",\"width\":379,\"height\":75,\"caption\":\"Emballage Digest\"},\"image\":{\"@id\":\"https:\/\/www.emballagedigest.fr\/#\/schema\/logo\/image\/\"}},{\"@type\":\"Person\",\"@id\":\"https:\/\/www.emballagedigest.fr\/#\/schema\/person\/76abe9f2b2ee4d3d520594c7a35da59f\",\"name\":\"Karine Duval\",\"image\":{\"@type\":\"ImageObject\",\"inLanguage\":\"en-GB\",\"@id\":\"https:\/\/www.emballagedigest.fr\/#\/schema\/person\/image\/\",\"url\":\"https:\/\/secure.gravatar.com\/avatar\/f552799261cdd2e076e6677d780ef07bdb13aa4c196ab75b39abcbcdcae2d4e5?s=96&d=mm&r=g\",\"contentUrl\":\"https:\/\/secure.gravatar.com\/avatar\/f552799261cdd2e076e6677d780ef07bdb13aa4c196ab75b39abcbcdcae2d4e5?s=96&d=mm&r=g\",\"caption\":\"Karine Duval\"},\"url\":\"https:\/\/www.emballagedigest.fr\/en\/author\/admin_karduv\/\"}]}<\/script>\n<!-- \/ Yoast SEO plugin. -->","yoast_head_json":{"title":"Neopac prim\u00e9 pour le tube de dentifrice Elmex - Emballage Digest","robots":{"index":"index","follow":"follow","max-snippet":"max-snippet:-1","max-image-preview":"max-image-preview:large","max-video-preview":"max-video-preview:-1"},"canonical":"https:\/\/www.emballagedigest.fr\/en\/neopac-prime-pour-le-tube-de-dentifrice-elmex\/","og_locale":"en_GB","og_type":"article","og_title":"Neopac prim\u00e9 pour le tube de dentifrice Elmex - Emballage Digest","og_description":"Neopac a re\u00e7u le prix Hungaropack 2024 remis par l&rsquo;Association hongroise de l&#8217;emballage et de la manutention. Ce prix r\u00e9compense les tubes barri\u00e8re mono-mat\u00e9riau innovants Polyfoil\u00ae MMB du fabricant, utilis\u00e9s pour la marque de dentifrice Elmex de Colgate. Hungaropack, cr\u00e9\u00e9 en 1967, est un \u00e9v\u00e9nement majeur de l&rsquo;industrie hongroise de l&#8217;emballage, c\u00e9l\u00e9brant les progr\u00e8s en [&hellip;]","og_url":"https:\/\/www.emballagedigest.fr\/en\/neopac-prime-pour-le-tube-de-dentifrice-elmex\/","og_site_name":"Emballage Digest","article_published_time":"2025-01-07T23:18:22+00:00","article_modified_time":"2025-01-07T23:18:23+00:00","og_image":[{"width":800,"height":527,"url":"https:\/\/www.emballagedigest.fr\/wp-content\/uploads\/2025\/01\/Neopac1.jpg","type":"image\/jpeg"}],"author":"Karine Duval","twitter_card":"summary_large_image","twitter_misc":{"Written by":"Karine Duval","Estimated reading time":"2 minutes"},"schema":{"@context":"https:\/\/schema.org","@graph":[{"@type":"Article","@id":"https:\/\/www.emballagedigest.fr\/neopac-prime-pour-le-tube-de-dentifrice-elmex\/#article","isPartOf":{"@id":"https:\/\/www.emballagedigest.fr\/neopac-prime-pour-le-tube-de-dentifrice-elmex\/"},"author":{"name":"Karine Duval","@id":"https:\/\/www.emballagedigest.fr\/#\/schema\/person\/76abe9f2b2ee4d3d520594c7a35da59f"},"headline":"Neopac prim\u00e9 pour le tube de dentifrice Elmex","datePublished":"2025-01-07T23:18:22+00:00","dateModified":"2025-01-07T23:18:23+00:00","mainEntityOfPage":{"@id":"https:\/\/www.emballagedigest.fr\/neopac-prime-pour-le-tube-de-dentifrice-elmex\/"},"wordCount":354,"publisher":{"@id":"https:\/\/www.emballagedigest.fr\/#organization"},"image":{"@id":"https:\/\/www.emballagedigest.fr\/neopac-prime-pour-le-tube-de-dentifrice-elmex\/#primaryimage"},"thumbnailUrl":"https:\/\/www.emballagedigest.fr\/wp-content\/uploads\/2025\/01\/Neopac1.jpg","articleSection":["Article entier","Lin\u00e9aires"],"inLanguage":"en-GB"},{"@type":"WebPage","@id":"https:\/\/www.emballagedigest.fr\/neopac-prime-pour-le-tube-de-dentifrice-elmex\/","url":"https:\/\/www.emballagedigest.fr\/neopac-prime-pour-le-tube-de-dentifrice-elmex\/","name":"Neopac prim\u00e9 pour le tube de dentifrice Elmex - Emballage Digest","isPartOf":{"@id":"https:\/\/www.emballagedigest.fr\/#website"},"primaryImageOfPage":{"@id":"https:\/\/www.emballagedigest.fr\/neopac-prime-pour-le-tube-de-dentifrice-elmex\/#primaryimage"},"image":{"@id":"https:\/\/www.emballagedigest.fr\/neopac-prime-pour-le-tube-de-dentifrice-elmex\/#primaryimage"},"thumbnailUrl":"https:\/\/www.emballagedigest.fr\/wp-content\/uploads\/2025\/01\/Neopac1.jpg","datePublished":"2025-01-07T23:18:22+00:00","dateModified":"2025-01-07T23:18:23+00:00","breadcrumb":{"@id":"https:\/\/www.emballagedigest.fr\/neopac-prime-pour-le-tube-de-dentifrice-elmex\/#breadcrumb"},"inLanguage":"en-GB","potentialAction":[{"@type":"ReadAction","target":["https:\/\/www.emballagedigest.fr\/neopac-prime-pour-le-tube-de-dentifrice-elmex\/"]}]},{"@type":"ImageObject","inLanguage":"en-GB","@id":"https:\/\/www.emballagedigest.fr\/neopac-prime-pour-le-tube-de-dentifrice-elmex\/#primaryimage","url":"https:\/\/www.emballagedigest.fr\/wp-content\/uploads\/2025\/01\/Neopac1.jpg","contentUrl":"https:\/\/www.emballagedigest.fr\/wp-content\/uploads\/2025\/01\/Neopac1.jpg","width":800,"height":527},{"@type":"BreadcrumbList","@id":"https:\/\/www.emballagedigest.fr\/neopac-prime-pour-le-tube-de-dentifrice-elmex\/#breadcrumb","itemListElement":[{"@type":"ListItem","position":1,"name":"Accueil","item":"https:\/\/www.emballagedigest.fr\/"},{"@type":"ListItem","position":2,"name":"Neopac prim\u00e9 pour le tube de dentifrice Elmex"}]},{"@type":"WebSite","@id":"https:\/\/www.emballagedigest.fr\/#website","url":"https:\/\/www.emballagedigest.fr\/","name":"Emballage Digest","description":"Revue professionnelle sur les emballages","publisher":{"@id":"https:\/\/www.emballagedigest.fr\/#organization"},"potentialAction":[{"@type":"SearchAction","target":{"@type":"EntryPoint","urlTemplate":"https:\/\/www.emballagedigest.fr\/?s={search_term_string}"},"query-input":{"@type":"PropertyValueSpecification","valueRequired":true,"valueName":"search_term_string"}}],"inLanguage":"en-GB"},{"@type":"Organization","@id":"https:\/\/www.emballagedigest.fr\/#organization","name":"Emballage Digest","url":"https:\/\/www.emballagedigest.fr\/","logo":{"@type":"ImageObject","inLanguage":"en-GB","@id":"https:\/\/www.emballagedigest.fr\/#\/schema\/logo\/image\/","url":"https:\/\/www.emballagedigest.fr\/wp-content\/uploads\/2022\/07\/logo-ed.png","contentUrl":"https:\/\/www.emballagedigest.fr\/wp-content\/uploads\/2022\/07\/logo-ed.png","width":379,"height":75,"caption":"Emballage Digest"},"image":{"@id":"https:\/\/www.emballagedigest.fr\/#\/schema\/logo\/image\/"}},{"@type":"Person","@id":"https:\/\/www.emballagedigest.fr\/#\/schema\/person\/76abe9f2b2ee4d3d520594c7a35da59f","name":"Karine Duval","image":{"@type":"ImageObject","inLanguage":"en-GB","@id":"https:\/\/www.emballagedigest.fr\/#\/schema\/person\/image\/","url":"https:\/\/secure.gravatar.com\/avatar\/f552799261cdd2e076e6677d780ef07bdb13aa4c196ab75b39abcbcdcae2d4e5?s=96&d=mm&r=g","contentUrl":"https:\/\/secure.gravatar.com\/avatar\/f552799261cdd2e076e6677d780ef07bdb13aa4c196ab75b39abcbcdcae2d4e5?s=96&d=mm&r=g","caption":"Karine Duval"},"url":"https:\/\/www.emballagedigest.fr\/en\/author\/admin_karduv\/"}]}},"_links":{"self":[{"href":"https:\/\/www.emballagedigest.fr\/en\/wp-json\/wp\/v2\/posts\/43223","targetHints":{"allow":["GET"]}}],"collection":[{"href":"https:\/\/www.emballagedigest.fr\/en\/wp-json\/wp\/v2\/posts"}],"about":[{"href":"https:\/\/www.emballagedigest.fr\/en\/wp-json\/wp\/v2\/types\/post"}],"author":[{"embeddable":true,"href":"https:\/\/www.emballagedigest.fr\/en\/wp-json\/wp\/v2\/users\/2"}],"replies":[{"embeddable":true,"href":"https:\/\/www.emballagedigest.fr\/en\/wp-json\/wp\/v2\/comments?post=43223"}],"version-history":[{"count":2,"href":"https:\/\/www.emballagedigest.fr\/en\/wp-json\/wp\/v2\/posts\/43223\/revisions"}],"predecessor-version":[{"id":43227,"href":"https:\/\/www.emballagedigest.fr\/en\/wp-json\/wp\/v2\/posts\/43223\/revisions\/43227"}],"wp:featuredmedia":[{"embeddable":true,"href":"https:\/\/www.emballagedigest.fr\/en\/wp-json\/wp\/v2\/media\/43224"}],"wp:attachment":[{"href":"https:\/\/www.emballagedigest.fr\/en\/wp-json\/wp\/v2\/media?parent=43223"}],"wp:term":[{"taxonomy":"category","embeddable":true,"href":"https:\/\/www.emballagedigest.fr\/en\/wp-json\/wp\/v2\/categories?post=43223"},{"taxonomy":"post_tag","embeddable":true,"href":"https:\/\/www.emballagedigest.fr\/en\/wp-json\/wp\/v2\/tags?post=43223"}],"curies":[{"name":"wp","href":"https:\/\/api.w.org\/{rel}","templated":true}]}}