{"id":43228,"date":"2025-01-09T00:08:23","date_gmt":"2025-01-08T23:08:23","guid":{"rendered":"https:\/\/www.emballagedigest.fr\/?p=43228"},"modified":"2025-01-10T00:14:39","modified_gmt":"2025-01-09T23:14:39","slug":"groupe-guillin-reunit-toutes-ses-societes-sous-la-marque-wefold","status":"publish","type":"post","link":"https:\/\/www.emballagedigest.fr\/en\/groupe-guillin-reunit-toutes-ses-societes-sous-la-marque-wefold\/","title":{"rendered":"Groupe Guillin r\u00e9unit toutes ses soci\u00e9t\u00e9s sous la marque Wefold"},"content":{"rendered":"<p><strong>Le groupe Guillin annonce avoir regroup\u00e9 ses six soci\u00e9t\u00e9s, \u00e0 savoir Guillin Romania, Thiolat by Guillin, intersac, Montgolfier, Gault &amp; Fr\u00e9mont et Emballages du Dauphin\u00e9 \u2013 sous une seule et m\u00eame marque Wefold. Ce rapprochement s\u2019accompagne \u00e9galement d\u2019un plan d\u2019investissement de plus de 20 millions d\u2019euros. De nouveaux \u00e9quipements industriels et technologiques viendront renforcer les capacit\u00e9s de production du groupe, permettant de produire \u00e0 la fois des grandes s\u00e9ries, et des s\u00e9ries plus courtes et personnalis\u00e9es.<\/strong><\/p>\n\n\n\n<p>\u00ab En unissant sous un m\u00eame nom six entreprises r\u00e9f\u00e9rentes et compl\u00e9mentaires, le Groupe Guillin consolide une expertise unique pour offrir \u00e0 ses clients une vision \u00e0 360\u00b0 du march\u00e9 de l\u2019emballage alimentaire papier-carton. Il cr\u00e9e ainsi une nouvelle r\u00e9f\u00e9rence sur ce march\u00e9 afin d\u2019en devenir le leader inspirant et innovant \u00bb, explique Sophie Guillin, directrice g\u00e9n\u00e9rale de Groupe Guillin.<\/p>\n\n\n\n<p>Wefold a pour ambition de renforcer la gamme de produits et services aupr\u00e8s de ses clients et leur garantir une offre de qualit\u00e9, la plus large du march\u00e9. Le lancement d\u2019un nouveau centre logistique de derni\u00e8re g\u00e9n\u00e9ration d\u2019une capacit\u00e9 de 35 000 m<sup>2<\/sup>, situ\u00e9 \u00e0 mi-distance des sites de production historiques de Gault &amp; Fr\u00e9mont et Thiolat, permettra de livrer le catalogue \u00ab produits \u00bb \u00e9largi avec une rapidit\u00e9 et une flexibilit\u00e9 accrues. Par ailleurs, le service relation client sera simplifi\u00e9 avec un interlocuteur unique en mesure de proposer l\u2019ensemble des solutions de toutes les soci\u00e9t\u00e9s Wefold dont notamment un service de digitalisation personnalis\u00e9.<\/p>\n\n\n\n<p>\u00ab Le lancement de Wefold r\u00e9pond \u00e0 un r\u00e9el besoin de march\u00e9. Ce projet a \u00e9t\u00e9 pens\u00e9 pour donner acc\u00e8s \u00e0 nos clients \u00e0 un service cl\u00e9 en main, facile et efficace. Il s\u2019appuie sur les principes historiques et fondamentaux de qualit\u00e9, gamme, service et innovation, qui ont fait le succ\u00e8s du Groupe Guillin \u00bb, ajoute Guillaume Darbon-Guillin, directeur g\u00e9n\u00e9ral de Wefold.<\/p>\n\n\n\n<p>Sous la marque Wefold, c\u2019est la compl\u00e9mentarit\u00e9 de leurs savoir-faire, de leurs expertises produits mais surtout de leurs valeurs humaines qui sont mises en avant. Le \u00ab WE \u00bb symbolise le collectif de nos 550 WEFOLDers, collaborateurs engag\u00e9s et performants de nos six soci\u00e9t\u00e9s. Le \u00ab FOLD \u00bb repr\u00e9sente quant \u00e0 lui le trait d\u2019union de nos diff\u00e9rents m\u00e9tiers. Ainsi, les six entreprises m\u00e8res qui deviennent : Wefold Tours, Wefold Blois, Wefold Mettet, Wefold Troyes, Wefold St Victor et Wefold Sibiu.<\/p>","protected":false},"excerpt":{"rendered":"<p>Le groupe Guillin annonce avoir regroup\u00e9 ses six soci\u00e9t\u00e9s, \u00e0 savoir Guillin Romania, Thiolat by Guillin, intersac, Montgolfier, Gault &amp; Fr\u00e9mont et Emballages du Dauphin\u00e9 \u2013 sous une seule et m\u00eame marque Wefold. Ce rapprochement s\u2019accompagne \u00e9galement d\u2019un plan d\u2019investissement de plus de 20 millions d\u2019euros. De nouveaux \u00e9quipements industriels et technologiques viendront renforcer les [&hellip;]<\/p>","protected":false},"author":2,"featured_media":43229,"comment_status":"closed","ping_status":"closed","sticky":false,"template":"","format":"standard","meta":{"_acf_changed":false,"inline_featured_image":false,"iawp_total_views":13,"footnotes":""},"categories":[5,28,81],"tags":[],"class_list":["post-43228","post","type-post","status-publish","format-standard","has-post-thumbnail","hentry","category-alimentaire","category-article-entier","category-packaging"],"acf":[],"yoast_head":"<!-- This site is optimized with the Yoast SEO plugin v24.4 - https:\/\/yoast.com\/wordpress\/plugins\/seo\/ -->\n<title>Groupe Guillin r\u00e9unit toutes ses soci\u00e9t\u00e9s sous la marque Wefold - Emballage Digest<\/title>\n<meta name=\"robots\" content=\"index, follow, max-snippet:-1, max-image-preview:large, max-video-preview:-1\" \/>\n<link rel=\"canonical\" href=\"https:\/\/www.emballagedigest.fr\/en\/groupe-guillin-reunit-toutes-ses-societes-sous-la-marque-wefold\/\" \/>\n<meta property=\"og:locale\" content=\"en_GB\" \/>\n<meta property=\"og:type\" content=\"article\" \/>\n<meta property=\"og:title\" content=\"Groupe Guillin r\u00e9unit toutes ses soci\u00e9t\u00e9s sous la marque Wefold - Emballage Digest\" \/>\n<meta property=\"og:description\" content=\"Le groupe Guillin annonce avoir regroup\u00e9 ses six soci\u00e9t\u00e9s, \u00e0 savoir Guillin Romania, Thiolat by Guillin, intersac, Montgolfier, Gault &amp; Fr\u00e9mont et Emballages du Dauphin\u00e9 \u2013 sous une seule et m\u00eame marque Wefold. Ce rapprochement s\u2019accompagne \u00e9galement d\u2019un plan d\u2019investissement de plus de 20 millions d\u2019euros. De nouveaux \u00e9quipements industriels et technologiques viendront renforcer les [&hellip;]\" \/>\n<meta property=\"og:url\" content=\"https:\/\/www.emballagedigest.fr\/en\/groupe-guillin-reunit-toutes-ses-societes-sous-la-marque-wefold\/\" \/>\n<meta property=\"og:site_name\" content=\"Emballage Digest\" \/>\n<meta property=\"article:published_time\" content=\"2025-01-08T23:08:23+00:00\" \/>\n<meta property=\"article:modified_time\" content=\"2025-01-09T23:14:39+00:00\" \/>\n<meta property=\"og:image\" content=\"https:\/\/www.emballagedigest.fr\/wp-content\/uploads\/2025\/01\/Guillin.jpg\" \/>\n\t<meta property=\"og:image:width\" content=\"800\" \/>\n\t<meta property=\"og:image:height\" content=\"520\" \/>\n\t<meta property=\"og:image:type\" content=\"image\/jpeg\" \/>\n<meta name=\"author\" content=\"Karine Duval\" \/>\n<meta name=\"twitter:card\" content=\"summary_large_image\" \/>\n<meta name=\"twitter:label1\" content=\"Written by\" \/>\n\t<meta name=\"twitter:data1\" content=\"Karine Duval\" \/>\n\t<meta name=\"twitter:label2\" content=\"Estimated reading time\" \/>\n\t<meta name=\"twitter:data2\" content=\"2 minutes\" \/>\n<script type=\"application\/ld+json\" class=\"yoast-schema-graph\">{\"@context\":\"https:\/\/schema.org\",\"@graph\":[{\"@type\":\"Article\",\"@id\":\"https:\/\/www.emballagedigest.fr\/groupe-guillin-reunit-toutes-ses-societes-sous-la-marque-wefold\/#article\",\"isPartOf\":{\"@id\":\"https:\/\/www.emballagedigest.fr\/groupe-guillin-reunit-toutes-ses-societes-sous-la-marque-wefold\/\"},\"author\":{\"name\":\"Karine Duval\",\"@id\":\"https:\/\/www.emballagedigest.fr\/#\/schema\/person\/76abe9f2b2ee4d3d520594c7a35da59f\"},\"headline\":\"Groupe Guillin r\u00e9unit toutes ses soci\u00e9t\u00e9s sous la marque Wefold\",\"datePublished\":\"2025-01-08T23:08:23+00:00\",\"dateModified\":\"2025-01-09T23:14:39+00:00\",\"mainEntityOfPage\":{\"@id\":\"https:\/\/www.emballagedigest.fr\/groupe-guillin-reunit-toutes-ses-societes-sous-la-marque-wefold\/\"},\"wordCount\":420,\"publisher\":{\"@id\":\"https:\/\/www.emballagedigest.fr\/#organization\"},\"image\":{\"@id\":\"https:\/\/www.emballagedigest.fr\/groupe-guillin-reunit-toutes-ses-societes-sous-la-marque-wefold\/#primaryimage\"},\"thumbnailUrl\":\"https:\/\/www.emballagedigest.fr\/wp-content\/uploads\/2025\/01\/Guillin.jpg\",\"articleSection\":[\"Alimentaire\",\"Article entier\",\"Packaging\"],\"inLanguage\":\"en-GB\"},{\"@type\":\"WebPage\",\"@id\":\"https:\/\/www.emballagedigest.fr\/groupe-guillin-reunit-toutes-ses-societes-sous-la-marque-wefold\/\",\"url\":\"https:\/\/www.emballagedigest.fr\/groupe-guillin-reunit-toutes-ses-societes-sous-la-marque-wefold\/\",\"name\":\"Groupe Guillin r\u00e9unit toutes ses soci\u00e9t\u00e9s sous la marque Wefold - Emballage Digest\",\"isPartOf\":{\"@id\":\"https:\/\/www.emballagedigest.fr\/#website\"},\"primaryImageOfPage\":{\"@id\":\"https:\/\/www.emballagedigest.fr\/groupe-guillin-reunit-toutes-ses-societes-sous-la-marque-wefold\/#primaryimage\"},\"image\":{\"@id\":\"https:\/\/www.emballagedigest.fr\/groupe-guillin-reunit-toutes-ses-societes-sous-la-marque-wefold\/#primaryimage\"},\"thumbnailUrl\":\"https:\/\/www.emballagedigest.fr\/wp-content\/uploads\/2025\/01\/Guillin.jpg\",\"datePublished\":\"2025-01-08T23:08:23+00:00\",\"dateModified\":\"2025-01-09T23:14:39+00:00\",\"breadcrumb\":{\"@id\":\"https:\/\/www.emballagedigest.fr\/groupe-guillin-reunit-toutes-ses-societes-sous-la-marque-wefold\/#breadcrumb\"},\"inLanguage\":\"en-GB\",\"potentialAction\":[{\"@type\":\"ReadAction\",\"target\":[\"https:\/\/www.emballagedigest.fr\/groupe-guillin-reunit-toutes-ses-societes-sous-la-marque-wefold\/\"]}]},{\"@type\":\"ImageObject\",\"inLanguage\":\"en-GB\",\"@id\":\"https:\/\/www.emballagedigest.fr\/groupe-guillin-reunit-toutes-ses-societes-sous-la-marque-wefold\/#primaryimage\",\"url\":\"https:\/\/www.emballagedigest.fr\/wp-content\/uploads\/2025\/01\/Guillin.jpg\",\"contentUrl\":\"https:\/\/www.emballagedigest.fr\/wp-content\/uploads\/2025\/01\/Guillin.jpg\",\"width\":800,\"height\":520},{\"@type\":\"BreadcrumbList\",\"@id\":\"https:\/\/www.emballagedigest.fr\/groupe-guillin-reunit-toutes-ses-societes-sous-la-marque-wefold\/#breadcrumb\",\"itemListElement\":[{\"@type\":\"ListItem\",\"position\":1,\"name\":\"Accueil\",\"item\":\"https:\/\/www.emballagedigest.fr\/\"},{\"@type\":\"ListItem\",\"position\":2,\"name\":\"Groupe Guillin r\u00e9unit toutes ses soci\u00e9t\u00e9s sous la marque Wefold\"}]},{\"@type\":\"WebSite\",\"@id\":\"https:\/\/www.emballagedigest.fr\/#website\",\"url\":\"https:\/\/www.emballagedigest.fr\/\",\"name\":\"Emballage Digest\",\"description\":\"Revue professionnelle sur les emballages\",\"publisher\":{\"@id\":\"https:\/\/www.emballagedigest.fr\/#organization\"},\"potentialAction\":[{\"@type\":\"SearchAction\",\"target\":{\"@type\":\"EntryPoint\",\"urlTemplate\":\"https:\/\/www.emballagedigest.fr\/?s={search_term_string}\"},\"query-input\":{\"@type\":\"PropertyValueSpecification\",\"valueRequired\":true,\"valueName\":\"search_term_string\"}}],\"inLanguage\":\"en-GB\"},{\"@type\":\"Organization\",\"@id\":\"https:\/\/www.emballagedigest.fr\/#organization\",\"name\":\"Emballage Digest\",\"url\":\"https:\/\/www.emballagedigest.fr\/\",\"logo\":{\"@type\":\"ImageObject\",\"inLanguage\":\"en-GB\",\"@id\":\"https:\/\/www.emballagedigest.fr\/#\/schema\/logo\/image\/\",\"url\":\"https:\/\/www.emballagedigest.fr\/wp-content\/uploads\/2022\/07\/logo-ed.png\",\"contentUrl\":\"https:\/\/www.emballagedigest.fr\/wp-content\/uploads\/2022\/07\/logo-ed.png\",\"width\":379,\"height\":75,\"caption\":\"Emballage Digest\"},\"image\":{\"@id\":\"https:\/\/www.emballagedigest.fr\/#\/schema\/logo\/image\/\"}},{\"@type\":\"Person\",\"@id\":\"https:\/\/www.emballagedigest.fr\/#\/schema\/person\/76abe9f2b2ee4d3d520594c7a35da59f\",\"name\":\"Karine Duval\",\"image\":{\"@type\":\"ImageObject\",\"inLanguage\":\"en-GB\",\"@id\":\"https:\/\/www.emballagedigest.fr\/#\/schema\/person\/image\/\",\"url\":\"https:\/\/secure.gravatar.com\/avatar\/f552799261cdd2e076e6677d780ef07bdb13aa4c196ab75b39abcbcdcae2d4e5?s=96&d=mm&r=g\",\"contentUrl\":\"https:\/\/secure.gravatar.com\/avatar\/f552799261cdd2e076e6677d780ef07bdb13aa4c196ab75b39abcbcdcae2d4e5?s=96&d=mm&r=g\",\"caption\":\"Karine Duval\"},\"url\":\"https:\/\/www.emballagedigest.fr\/en\/author\/admin_karduv\/\"}]}<\/script>\n<!-- \/ Yoast SEO plugin. -->","yoast_head_json":{"title":"Groupe Guillin r\u00e9unit toutes ses soci\u00e9t\u00e9s sous la marque Wefold - Emballage Digest","robots":{"index":"index","follow":"follow","max-snippet":"max-snippet:-1","max-image-preview":"max-image-preview:large","max-video-preview":"max-video-preview:-1"},"canonical":"https:\/\/www.emballagedigest.fr\/en\/groupe-guillin-reunit-toutes-ses-societes-sous-la-marque-wefold\/","og_locale":"en_GB","og_type":"article","og_title":"Groupe Guillin r\u00e9unit toutes ses soci\u00e9t\u00e9s sous la marque Wefold - Emballage Digest","og_description":"Le groupe Guillin annonce avoir regroup\u00e9 ses six soci\u00e9t\u00e9s, \u00e0 savoir Guillin Romania, Thiolat by Guillin, intersac, Montgolfier, Gault &amp; Fr\u00e9mont et Emballages du Dauphin\u00e9 \u2013 sous une seule et m\u00eame marque Wefold. Ce rapprochement s\u2019accompagne \u00e9galement d\u2019un plan d\u2019investissement de plus de 20 millions d\u2019euros. De nouveaux \u00e9quipements industriels et technologiques viendront renforcer les [&hellip;]","og_url":"https:\/\/www.emballagedigest.fr\/en\/groupe-guillin-reunit-toutes-ses-societes-sous-la-marque-wefold\/","og_site_name":"Emballage Digest","article_published_time":"2025-01-08T23:08:23+00:00","article_modified_time":"2025-01-09T23:14:39+00:00","og_image":[{"width":800,"height":520,"url":"https:\/\/www.emballagedigest.fr\/wp-content\/uploads\/2025\/01\/Guillin.jpg","type":"image\/jpeg"}],"author":"Karine Duval","twitter_card":"summary_large_image","twitter_misc":{"Written by":"Karine Duval","Estimated reading time":"2 minutes"},"schema":{"@context":"https:\/\/schema.org","@graph":[{"@type":"Article","@id":"https:\/\/www.emballagedigest.fr\/groupe-guillin-reunit-toutes-ses-societes-sous-la-marque-wefold\/#article","isPartOf":{"@id":"https:\/\/www.emballagedigest.fr\/groupe-guillin-reunit-toutes-ses-societes-sous-la-marque-wefold\/"},"author":{"name":"Karine Duval","@id":"https:\/\/www.emballagedigest.fr\/#\/schema\/person\/76abe9f2b2ee4d3d520594c7a35da59f"},"headline":"Groupe Guillin r\u00e9unit toutes ses soci\u00e9t\u00e9s sous la marque Wefold","datePublished":"2025-01-08T23:08:23+00:00","dateModified":"2025-01-09T23:14:39+00:00","mainEntityOfPage":{"@id":"https:\/\/www.emballagedigest.fr\/groupe-guillin-reunit-toutes-ses-societes-sous-la-marque-wefold\/"},"wordCount":420,"publisher":{"@id":"https:\/\/www.emballagedigest.fr\/#organization"},"image":{"@id":"https:\/\/www.emballagedigest.fr\/groupe-guillin-reunit-toutes-ses-societes-sous-la-marque-wefold\/#primaryimage"},"thumbnailUrl":"https:\/\/www.emballagedigest.fr\/wp-content\/uploads\/2025\/01\/Guillin.jpg","articleSection":["Alimentaire","Article entier","Packaging"],"inLanguage":"en-GB"},{"@type":"WebPage","@id":"https:\/\/www.emballagedigest.fr\/groupe-guillin-reunit-toutes-ses-societes-sous-la-marque-wefold\/","url":"https:\/\/www.emballagedigest.fr\/groupe-guillin-reunit-toutes-ses-societes-sous-la-marque-wefold\/","name":"Groupe Guillin r\u00e9unit toutes ses soci\u00e9t\u00e9s sous la marque Wefold - Emballage Digest","isPartOf":{"@id":"https:\/\/www.emballagedigest.fr\/#website"},"primaryImageOfPage":{"@id":"https:\/\/www.emballagedigest.fr\/groupe-guillin-reunit-toutes-ses-societes-sous-la-marque-wefold\/#primaryimage"},"image":{"@id":"https:\/\/www.emballagedigest.fr\/groupe-guillin-reunit-toutes-ses-societes-sous-la-marque-wefold\/#primaryimage"},"thumbnailUrl":"https:\/\/www.emballagedigest.fr\/wp-content\/uploads\/2025\/01\/Guillin.jpg","datePublished":"2025-01-08T23:08:23+00:00","dateModified":"2025-01-09T23:14:39+00:00","breadcrumb":{"@id":"https:\/\/www.emballagedigest.fr\/groupe-guillin-reunit-toutes-ses-societes-sous-la-marque-wefold\/#breadcrumb"},"inLanguage":"en-GB","potentialAction":[{"@type":"ReadAction","target":["https:\/\/www.emballagedigest.fr\/groupe-guillin-reunit-toutes-ses-societes-sous-la-marque-wefold\/"]}]},{"@type":"ImageObject","inLanguage":"en-GB","@id":"https:\/\/www.emballagedigest.fr\/groupe-guillin-reunit-toutes-ses-societes-sous-la-marque-wefold\/#primaryimage","url":"https:\/\/www.emballagedigest.fr\/wp-content\/uploads\/2025\/01\/Guillin.jpg","contentUrl":"https:\/\/www.emballagedigest.fr\/wp-content\/uploads\/2025\/01\/Guillin.jpg","width":800,"height":520},{"@type":"BreadcrumbList","@id":"https:\/\/www.emballagedigest.fr\/groupe-guillin-reunit-toutes-ses-societes-sous-la-marque-wefold\/#breadcrumb","itemListElement":[{"@type":"ListItem","position":1,"name":"Accueil","item":"https:\/\/www.emballagedigest.fr\/"},{"@type":"ListItem","position":2,"name":"Groupe Guillin r\u00e9unit toutes ses soci\u00e9t\u00e9s sous la marque Wefold"}]},{"@type":"WebSite","@id":"https:\/\/www.emballagedigest.fr\/#website","url":"https:\/\/www.emballagedigest.fr\/","name":"Emballage Digest","description":"Revue professionnelle sur les emballages","publisher":{"@id":"https:\/\/www.emballagedigest.fr\/#organization"},"potentialAction":[{"@type":"SearchAction","target":{"@type":"EntryPoint","urlTemplate":"https:\/\/www.emballagedigest.fr\/?s={search_term_string}"},"query-input":{"@type":"PropertyValueSpecification","valueRequired":true,"valueName":"search_term_string"}}],"inLanguage":"en-GB"},{"@type":"Organization","@id":"https:\/\/www.emballagedigest.fr\/#organization","name":"Emballage Digest","url":"https:\/\/www.emballagedigest.fr\/","logo":{"@type":"ImageObject","inLanguage":"en-GB","@id":"https:\/\/www.emballagedigest.fr\/#\/schema\/logo\/image\/","url":"https:\/\/www.emballagedigest.fr\/wp-content\/uploads\/2022\/07\/logo-ed.png","contentUrl":"https:\/\/www.emballagedigest.fr\/wp-content\/uploads\/2022\/07\/logo-ed.png","width":379,"height":75,"caption":"Emballage Digest"},"image":{"@id":"https:\/\/www.emballagedigest.fr\/#\/schema\/logo\/image\/"}},{"@type":"Person","@id":"https:\/\/www.emballagedigest.fr\/#\/schema\/person\/76abe9f2b2ee4d3d520594c7a35da59f","name":"Karine Duval","image":{"@type":"ImageObject","inLanguage":"en-GB","@id":"https:\/\/www.emballagedigest.fr\/#\/schema\/person\/image\/","url":"https:\/\/secure.gravatar.com\/avatar\/f552799261cdd2e076e6677d780ef07bdb13aa4c196ab75b39abcbcdcae2d4e5?s=96&d=mm&r=g","contentUrl":"https:\/\/secure.gravatar.com\/avatar\/f552799261cdd2e076e6677d780ef07bdb13aa4c196ab75b39abcbcdcae2d4e5?s=96&d=mm&r=g","caption":"Karine Duval"},"url":"https:\/\/www.emballagedigest.fr\/en\/author\/admin_karduv\/"}]}},"_links":{"self":[{"href":"https:\/\/www.emballagedigest.fr\/en\/wp-json\/wp\/v2\/posts\/43228","targetHints":{"allow":["GET"]}}],"collection":[{"href":"https:\/\/www.emballagedigest.fr\/en\/wp-json\/wp\/v2\/posts"}],"about":[{"href":"https:\/\/www.emballagedigest.fr\/en\/wp-json\/wp\/v2\/types\/post"}],"author":[{"embeddable":true,"href":"https:\/\/www.emballagedigest.fr\/en\/wp-json\/wp\/v2\/users\/2"}],"replies":[{"embeddable":true,"href":"https:\/\/www.emballagedigest.fr\/en\/wp-json\/wp\/v2\/comments?post=43228"}],"version-history":[{"count":1,"href":"https:\/\/www.emballagedigest.fr\/en\/wp-json\/wp\/v2\/posts\/43228\/revisions"}],"predecessor-version":[{"id":43230,"href":"https:\/\/www.emballagedigest.fr\/en\/wp-json\/wp\/v2\/posts\/43228\/revisions\/43230"}],"wp:featuredmedia":[{"embeddable":true,"href":"https:\/\/www.emballagedigest.fr\/en\/wp-json\/wp\/v2\/media\/43229"}],"wp:attachment":[{"href":"https:\/\/www.emballagedigest.fr\/en\/wp-json\/wp\/v2\/media?parent=43228"}],"wp:term":[{"taxonomy":"category","embeddable":true,"href":"https:\/\/www.emballagedigest.fr\/en\/wp-json\/wp\/v2\/categories?post=43228"},{"taxonomy":"post_tag","embeddable":true,"href":"https:\/\/www.emballagedigest.fr\/en\/wp-json\/wp\/v2\/tags?post=43228"}],"curies":[{"name":"wp","href":"https:\/\/api.w.org\/{rel}","templated":true}]}}