{"id":43240,"date":"2025-01-10T00:16:07","date_gmt":"2025-01-09T23:16:07","guid":{"rendered":"https:\/\/www.emballagedigest.fr\/?p=43240"},"modified":"2025-01-13T09:00:03","modified_gmt":"2025-01-13T08:00:03","slug":"moules-usinage-albea-renforce-son-offre-avec-une-acquisition-en-france","status":"publish","type":"post","link":"https:\/\/www.emballagedigest.fr\/en\/moules-usinage-albea-renforce-son-offre-avec-une-acquisition-en-france\/","title":{"rendered":"Moules &#038; usinage : Alb\u00e9a renforce son offre avec une acquisition en France"},"content":{"rendered":"<p><strong>Le groupe Alb\u00e9a annonce le rachat de Conanec Industrie, entreprise bretonne sp\u00e9cialis\u00e9e dans la r\u00e9alisation de moules d\u2019injection plastique et l\u2019usinage de pi\u00e8ces de pr\u00e9cision. Cette acquisition permet l\u2019acquisition d\u2019un savoir-faire industriel fran\u00e7ais, qui viendra compl\u00e9ter les \u00e9quipes outillage d\u2019Alb\u00e9a en Chine.<\/strong><\/p>\n\n\n\n<p>Conanec Industrie est une entreprise fond\u00e9e en 1993 \u00e0 Kervignac (Morbihan), sp\u00e9cialis\u00e9e dans l&rsquo;usinage, l&rsquo;ajustage et le montage de moules d&rsquo;injection plastique et l&rsquo;usinage de pi\u00e8ces complexes sur mat\u00e9riaux durs pour les industries cosm\u00e9tique, pharmaceutique, alimentaire, m\u00e9dicale et de la d\u00e9fense. L\u2019entreprise fournit depuis de nombreuses ann\u00e9es des moules \u00e0 Alb\u00e9a. L\u2019usine bretonne emploie 18 salari\u00e9s et fera partie int\u00e9grante des 35 sites d\u2019Alb\u00e9a. Conanec Industrie continuera \u00e0 servir l\u2019ensemble de sa client\u00e8le actuelle, qui b\u00e9n\u00e9ficiera dor\u00e9navant des avantages du groupe Alb\u00e9a.<\/p>\n\n\n\n<p>Conanec jouera un r\u00f4le cl\u00e9 en compl\u00e9tant le travail de production r\u00e9alis\u00e9 au moldshop de Alb\u00e9a \u00e0 Shanghai par des finitions ainsi que des maintenances haut de gamme d\u2019outillage. Cette synergie sino-fran\u00e7aise permettra d\u2019optimiser les co\u00fbts et de r\u00e9duire les d\u00e9lais de production, tout en renfor\u00e7ant la qualit\u00e9 des services offerts aux clients.<\/p>\n\n\n\n<figure class=\"wp-block-image size-full\"><img loading=\"lazy\" decoding=\"async\" width=\"800\" height=\"400\" src=\"https:\/\/www.emballagedigest.fr\/wp-content\/uploads\/2025\/01\/Albea2.jpg\" alt=\"\" class=\"wp-image-43242\" srcset=\"https:\/\/www.emballagedigest.fr\/wp-content\/uploads\/2025\/01\/Albea2.jpg 800w, https:\/\/www.emballagedigest.fr\/wp-content\/uploads\/2025\/01\/Albea2-300x150.jpg 300w, https:\/\/www.emballagedigest.fr\/wp-content\/uploads\/2025\/01\/Albea2-768x384.jpg 768w, https:\/\/www.emballagedigest.fr\/wp-content\/uploads\/2025\/01\/Albea2-18x9.jpg 18w\" sizes=\"auto, (max-width: 800px) 100vw, 800px\" \/><\/figure>\n\n\n\n<p>\u00ab Cette acquisition va nous permettre de d\u00e9velopper un mod\u00e8le hybride, sino-fran\u00e7ais, qui nous rendra plus agiles et comp\u00e9titifs au service des clients. Nous sommes fiers d\u2019int\u00e9grer une belle entreprise locale et de contribuer \u00e0 la pr\u00e9servation du savoir-faire industriel fran\u00e7ais, en perp\u00e9tuant les valeurs de son fondateur, Daniel Conanec, \u00e0 travers une d\u00e9marche locale et responsable \u00bb, a d\u00e9clar\u00e9 Bertrand de la Tour d\u2019Artaise (photo), Directeur G\u00e9n\u00e9ral Adjoint et responsable M&amp;A du groupe Alb\u00e9a.<\/p>","protected":false},"excerpt":{"rendered":"<p>Le groupe Alb\u00e9a annonce le rachat de Conanec Industrie, entreprise bretonne sp\u00e9cialis\u00e9e dans la r\u00e9alisation de moules d\u2019injection plastique et l\u2019usinage de pi\u00e8ces de pr\u00e9cision. Cette acquisition permet l\u2019acquisition d\u2019un savoir-faire industriel fran\u00e7ais, qui viendra compl\u00e9ter les \u00e9quipes outillage d\u2019Alb\u00e9a en Chine. Conanec Industrie est une entreprise fond\u00e9e en 1993 \u00e0 Kervignac (Morbihan), sp\u00e9cialis\u00e9e dans [&hellip;]<\/p>","protected":false},"author":2,"featured_media":43241,"comment_status":"closed","ping_status":"closed","sticky":false,"template":"","format":"standard","meta":{"_acf_changed":false,"inline_featured_image":false,"iawp_total_views":10,"footnotes":""},"categories":[28,81,6],"tags":[],"class_list":["post-43240","post","type-post","status-publish","format-standard","has-post-thumbnail","hentry","category-article-entier","category-packaging","category-parfumerie-cosmetique"],"acf":[],"yoast_head":"<!-- This site is optimized with the Yoast SEO plugin v24.4 - https:\/\/yoast.com\/wordpress\/plugins\/seo\/ -->\n<title>Moules &amp; usinage : Alb\u00e9a renforce son offre avec une acquisition en France - Emballage Digest<\/title>\n<meta name=\"robots\" content=\"index, follow, max-snippet:-1, max-image-preview:large, max-video-preview:-1\" \/>\n<link rel=\"canonical\" href=\"https:\/\/www.emballagedigest.fr\/en\/moules-usinage-albea-renforce-son-offre-avec-une-acquisition-en-france\/\" \/>\n<meta property=\"og:locale\" content=\"en_GB\" \/>\n<meta property=\"og:type\" content=\"article\" \/>\n<meta property=\"og:title\" content=\"Moules &amp; usinage : Alb\u00e9a renforce son offre avec une acquisition en France - Emballage Digest\" \/>\n<meta property=\"og:description\" content=\"Le groupe Alb\u00e9a annonce le rachat de Conanec Industrie, entreprise bretonne sp\u00e9cialis\u00e9e dans la r\u00e9alisation de moules d\u2019injection plastique et l\u2019usinage de pi\u00e8ces de pr\u00e9cision. Cette acquisition permet l\u2019acquisition d\u2019un savoir-faire industriel fran\u00e7ais, qui viendra compl\u00e9ter les \u00e9quipes outillage d\u2019Alb\u00e9a en Chine. Conanec Industrie est une entreprise fond\u00e9e en 1993 \u00e0 Kervignac (Morbihan), sp\u00e9cialis\u00e9e dans [&hellip;]\" \/>\n<meta property=\"og:url\" content=\"https:\/\/www.emballagedigest.fr\/en\/moules-usinage-albea-renforce-son-offre-avec-une-acquisition-en-france\/\" \/>\n<meta property=\"og:site_name\" content=\"Emballage Digest\" \/>\n<meta property=\"article:published_time\" content=\"2025-01-09T23:16:07+00:00\" \/>\n<meta property=\"article:modified_time\" content=\"2025-01-13T08:00:03+00:00\" \/>\n<meta property=\"og:image\" content=\"https:\/\/www.emballagedigest.fr\/wp-content\/uploads\/2025\/01\/Albea1.jpg\" \/>\n\t<meta property=\"og:image:width\" content=\"800\" \/>\n\t<meta property=\"og:image:height\" content=\"635\" \/>\n\t<meta property=\"og:image:type\" content=\"image\/jpeg\" \/>\n<meta name=\"author\" content=\"Karine Duval\" \/>\n<meta name=\"twitter:card\" content=\"summary_large_image\" \/>\n<meta name=\"twitter:label1\" content=\"Written by\" \/>\n\t<meta name=\"twitter:data1\" content=\"Karine Duval\" \/>\n\t<meta name=\"twitter:label2\" content=\"Estimated reading time\" \/>\n\t<meta name=\"twitter:data2\" content=\"2 minutes\" \/>\n<script type=\"application\/ld+json\" class=\"yoast-schema-graph\">{\"@context\":\"https:\/\/schema.org\",\"@graph\":[{\"@type\":\"Article\",\"@id\":\"https:\/\/www.emballagedigest.fr\/moules-usinage-albea-renforce-son-offre-avec-une-acquisition-en-france\/#article\",\"isPartOf\":{\"@id\":\"https:\/\/www.emballagedigest.fr\/moules-usinage-albea-renforce-son-offre-avec-une-acquisition-en-france\/\"},\"author\":{\"name\":\"Karine Duval\",\"@id\":\"https:\/\/www.emballagedigest.fr\/#\/schema\/person\/76abe9f2b2ee4d3d520594c7a35da59f\"},\"headline\":\"Moules &#038; usinage : Alb\u00e9a renforce son offre avec une acquisition en France\",\"datePublished\":\"2025-01-09T23:16:07+00:00\",\"dateModified\":\"2025-01-13T08:00:03+00:00\",\"mainEntityOfPage\":{\"@id\":\"https:\/\/www.emballagedigest.fr\/moules-usinage-albea-renforce-son-offre-avec-une-acquisition-en-france\/\"},\"wordCount\":321,\"publisher\":{\"@id\":\"https:\/\/www.emballagedigest.fr\/#organization\"},\"image\":{\"@id\":\"https:\/\/www.emballagedigest.fr\/moules-usinage-albea-renforce-son-offre-avec-une-acquisition-en-france\/#primaryimage\"},\"thumbnailUrl\":\"https:\/\/www.emballagedigest.fr\/wp-content\/uploads\/2025\/01\/Albea1.jpg\",\"articleSection\":[\"Article entier\",\"Packaging\",\"Parfumerie &amp; Cosm\u00e9tique\"],\"inLanguage\":\"en-GB\"},{\"@type\":\"WebPage\",\"@id\":\"https:\/\/www.emballagedigest.fr\/moules-usinage-albea-renforce-son-offre-avec-une-acquisition-en-france\/\",\"url\":\"https:\/\/www.emballagedigest.fr\/moules-usinage-albea-renforce-son-offre-avec-une-acquisition-en-france\/\",\"name\":\"Moules & usinage : Alb\u00e9a renforce son offre avec une acquisition en France - Emballage Digest\",\"isPartOf\":{\"@id\":\"https:\/\/www.emballagedigest.fr\/#website\"},\"primaryImageOfPage\":{\"@id\":\"https:\/\/www.emballagedigest.fr\/moules-usinage-albea-renforce-son-offre-avec-une-acquisition-en-france\/#primaryimage\"},\"image\":{\"@id\":\"https:\/\/www.emballagedigest.fr\/moules-usinage-albea-renforce-son-offre-avec-une-acquisition-en-france\/#primaryimage\"},\"thumbnailUrl\":\"https:\/\/www.emballagedigest.fr\/wp-content\/uploads\/2025\/01\/Albea1.jpg\",\"datePublished\":\"2025-01-09T23:16:07+00:00\",\"dateModified\":\"2025-01-13T08:00:03+00:00\",\"breadcrumb\":{\"@id\":\"https:\/\/www.emballagedigest.fr\/moules-usinage-albea-renforce-son-offre-avec-une-acquisition-en-france\/#breadcrumb\"},\"inLanguage\":\"en-GB\",\"potentialAction\":[{\"@type\":\"ReadAction\",\"target\":[\"https:\/\/www.emballagedigest.fr\/moules-usinage-albea-renforce-son-offre-avec-une-acquisition-en-france\/\"]}]},{\"@type\":\"ImageObject\",\"inLanguage\":\"en-GB\",\"@id\":\"https:\/\/www.emballagedigest.fr\/moules-usinage-albea-renforce-son-offre-avec-une-acquisition-en-france\/#primaryimage\",\"url\":\"https:\/\/www.emballagedigest.fr\/wp-content\/uploads\/2025\/01\/Albea1.jpg\",\"contentUrl\":\"https:\/\/www.emballagedigest.fr\/wp-content\/uploads\/2025\/01\/Albea1.jpg\",\"width\":800,\"height\":635},{\"@type\":\"BreadcrumbList\",\"@id\":\"https:\/\/www.emballagedigest.fr\/moules-usinage-albea-renforce-son-offre-avec-une-acquisition-en-france\/#breadcrumb\",\"itemListElement\":[{\"@type\":\"ListItem\",\"position\":1,\"name\":\"Accueil\",\"item\":\"https:\/\/www.emballagedigest.fr\/\"},{\"@type\":\"ListItem\",\"position\":2,\"name\":\"Moules &#038; usinage : Alb\u00e9a renforce son offre avec une acquisition en France\"}]},{\"@type\":\"WebSite\",\"@id\":\"https:\/\/www.emballagedigest.fr\/#website\",\"url\":\"https:\/\/www.emballagedigest.fr\/\",\"name\":\"Emballage Digest\",\"description\":\"Revue professionnelle sur les emballages\",\"publisher\":{\"@id\":\"https:\/\/www.emballagedigest.fr\/#organization\"},\"potentialAction\":[{\"@type\":\"SearchAction\",\"target\":{\"@type\":\"EntryPoint\",\"urlTemplate\":\"https:\/\/www.emballagedigest.fr\/?s={search_term_string}\"},\"query-input\":{\"@type\":\"PropertyValueSpecification\",\"valueRequired\":true,\"valueName\":\"search_term_string\"}}],\"inLanguage\":\"en-GB\"},{\"@type\":\"Organization\",\"@id\":\"https:\/\/www.emballagedigest.fr\/#organization\",\"name\":\"Emballage Digest\",\"url\":\"https:\/\/www.emballagedigest.fr\/\",\"logo\":{\"@type\":\"ImageObject\",\"inLanguage\":\"en-GB\",\"@id\":\"https:\/\/www.emballagedigest.fr\/#\/schema\/logo\/image\/\",\"url\":\"https:\/\/www.emballagedigest.fr\/wp-content\/uploads\/2022\/07\/logo-ed.png\",\"contentUrl\":\"https:\/\/www.emballagedigest.fr\/wp-content\/uploads\/2022\/07\/logo-ed.png\",\"width\":379,\"height\":75,\"caption\":\"Emballage Digest\"},\"image\":{\"@id\":\"https:\/\/www.emballagedigest.fr\/#\/schema\/logo\/image\/\"}},{\"@type\":\"Person\",\"@id\":\"https:\/\/www.emballagedigest.fr\/#\/schema\/person\/76abe9f2b2ee4d3d520594c7a35da59f\",\"name\":\"Karine Duval\",\"image\":{\"@type\":\"ImageObject\",\"inLanguage\":\"en-GB\",\"@id\":\"https:\/\/www.emballagedigest.fr\/#\/schema\/person\/image\/\",\"url\":\"https:\/\/secure.gravatar.com\/avatar\/f552799261cdd2e076e6677d780ef07bdb13aa4c196ab75b39abcbcdcae2d4e5?s=96&d=mm&r=g\",\"contentUrl\":\"https:\/\/secure.gravatar.com\/avatar\/f552799261cdd2e076e6677d780ef07bdb13aa4c196ab75b39abcbcdcae2d4e5?s=96&d=mm&r=g\",\"caption\":\"Karine Duval\"},\"url\":\"https:\/\/www.emballagedigest.fr\/en\/author\/admin_karduv\/\"}]}<\/script>\n<!-- \/ Yoast SEO plugin. -->","yoast_head_json":{"title":"Moules & usinage : Alb\u00e9a renforce son offre avec une acquisition en France - Emballage Digest","robots":{"index":"index","follow":"follow","max-snippet":"max-snippet:-1","max-image-preview":"max-image-preview:large","max-video-preview":"max-video-preview:-1"},"canonical":"https:\/\/www.emballagedigest.fr\/en\/moules-usinage-albea-renforce-son-offre-avec-une-acquisition-en-france\/","og_locale":"en_GB","og_type":"article","og_title":"Moules & usinage : Alb\u00e9a renforce son offre avec une acquisition en France - Emballage Digest","og_description":"Le groupe Alb\u00e9a annonce le rachat de Conanec Industrie, entreprise bretonne sp\u00e9cialis\u00e9e dans la r\u00e9alisation de moules d\u2019injection plastique et l\u2019usinage de pi\u00e8ces de pr\u00e9cision. Cette acquisition permet l\u2019acquisition d\u2019un savoir-faire industriel fran\u00e7ais, qui viendra compl\u00e9ter les \u00e9quipes outillage d\u2019Alb\u00e9a en Chine. Conanec Industrie est une entreprise fond\u00e9e en 1993 \u00e0 Kervignac (Morbihan), sp\u00e9cialis\u00e9e dans [&hellip;]","og_url":"https:\/\/www.emballagedigest.fr\/en\/moules-usinage-albea-renforce-son-offre-avec-une-acquisition-en-france\/","og_site_name":"Emballage Digest","article_published_time":"2025-01-09T23:16:07+00:00","article_modified_time":"2025-01-13T08:00:03+00:00","og_image":[{"width":800,"height":635,"url":"https:\/\/www.emballagedigest.fr\/wp-content\/uploads\/2025\/01\/Albea1.jpg","type":"image\/jpeg"}],"author":"Karine Duval","twitter_card":"summary_large_image","twitter_misc":{"Written by":"Karine Duval","Estimated reading time":"2 minutes"},"schema":{"@context":"https:\/\/schema.org","@graph":[{"@type":"Article","@id":"https:\/\/www.emballagedigest.fr\/moules-usinage-albea-renforce-son-offre-avec-une-acquisition-en-france\/#article","isPartOf":{"@id":"https:\/\/www.emballagedigest.fr\/moules-usinage-albea-renforce-son-offre-avec-une-acquisition-en-france\/"},"author":{"name":"Karine Duval","@id":"https:\/\/www.emballagedigest.fr\/#\/schema\/person\/76abe9f2b2ee4d3d520594c7a35da59f"},"headline":"Moules &#038; usinage : Alb\u00e9a renforce son offre avec une acquisition en France","datePublished":"2025-01-09T23:16:07+00:00","dateModified":"2025-01-13T08:00:03+00:00","mainEntityOfPage":{"@id":"https:\/\/www.emballagedigest.fr\/moules-usinage-albea-renforce-son-offre-avec-une-acquisition-en-france\/"},"wordCount":321,"publisher":{"@id":"https:\/\/www.emballagedigest.fr\/#organization"},"image":{"@id":"https:\/\/www.emballagedigest.fr\/moules-usinage-albea-renforce-son-offre-avec-une-acquisition-en-france\/#primaryimage"},"thumbnailUrl":"https:\/\/www.emballagedigest.fr\/wp-content\/uploads\/2025\/01\/Albea1.jpg","articleSection":["Article entier","Packaging","Parfumerie &amp; Cosm\u00e9tique"],"inLanguage":"en-GB"},{"@type":"WebPage","@id":"https:\/\/www.emballagedigest.fr\/moules-usinage-albea-renforce-son-offre-avec-une-acquisition-en-france\/","url":"https:\/\/www.emballagedigest.fr\/moules-usinage-albea-renforce-son-offre-avec-une-acquisition-en-france\/","name":"Moules & usinage : Alb\u00e9a renforce son offre avec une acquisition en France - Emballage Digest","isPartOf":{"@id":"https:\/\/www.emballagedigest.fr\/#website"},"primaryImageOfPage":{"@id":"https:\/\/www.emballagedigest.fr\/moules-usinage-albea-renforce-son-offre-avec-une-acquisition-en-france\/#primaryimage"},"image":{"@id":"https:\/\/www.emballagedigest.fr\/moules-usinage-albea-renforce-son-offre-avec-une-acquisition-en-france\/#primaryimage"},"thumbnailUrl":"https:\/\/www.emballagedigest.fr\/wp-content\/uploads\/2025\/01\/Albea1.jpg","datePublished":"2025-01-09T23:16:07+00:00","dateModified":"2025-01-13T08:00:03+00:00","breadcrumb":{"@id":"https:\/\/www.emballagedigest.fr\/moules-usinage-albea-renforce-son-offre-avec-une-acquisition-en-france\/#breadcrumb"},"inLanguage":"en-GB","potentialAction":[{"@type":"ReadAction","target":["https:\/\/www.emballagedigest.fr\/moules-usinage-albea-renforce-son-offre-avec-une-acquisition-en-france\/"]}]},{"@type":"ImageObject","inLanguage":"en-GB","@id":"https:\/\/www.emballagedigest.fr\/moules-usinage-albea-renforce-son-offre-avec-une-acquisition-en-france\/#primaryimage","url":"https:\/\/www.emballagedigest.fr\/wp-content\/uploads\/2025\/01\/Albea1.jpg","contentUrl":"https:\/\/www.emballagedigest.fr\/wp-content\/uploads\/2025\/01\/Albea1.jpg","width":800,"height":635},{"@type":"BreadcrumbList","@id":"https:\/\/www.emballagedigest.fr\/moules-usinage-albea-renforce-son-offre-avec-une-acquisition-en-france\/#breadcrumb","itemListElement":[{"@type":"ListItem","position":1,"name":"Accueil","item":"https:\/\/www.emballagedigest.fr\/"},{"@type":"ListItem","position":2,"name":"Moules &#038; usinage : Alb\u00e9a renforce son offre avec une acquisition en France"}]},{"@type":"WebSite","@id":"https:\/\/www.emballagedigest.fr\/#website","url":"https:\/\/www.emballagedigest.fr\/","name":"Emballage Digest","description":"Revue professionnelle sur les emballages","publisher":{"@id":"https:\/\/www.emballagedigest.fr\/#organization"},"potentialAction":[{"@type":"SearchAction","target":{"@type":"EntryPoint","urlTemplate":"https:\/\/www.emballagedigest.fr\/?s={search_term_string}"},"query-input":{"@type":"PropertyValueSpecification","valueRequired":true,"valueName":"search_term_string"}}],"inLanguage":"en-GB"},{"@type":"Organization","@id":"https:\/\/www.emballagedigest.fr\/#organization","name":"Emballage Digest","url":"https:\/\/www.emballagedigest.fr\/","logo":{"@type":"ImageObject","inLanguage":"en-GB","@id":"https:\/\/www.emballagedigest.fr\/#\/schema\/logo\/image\/","url":"https:\/\/www.emballagedigest.fr\/wp-content\/uploads\/2022\/07\/logo-ed.png","contentUrl":"https:\/\/www.emballagedigest.fr\/wp-content\/uploads\/2022\/07\/logo-ed.png","width":379,"height":75,"caption":"Emballage Digest"},"image":{"@id":"https:\/\/www.emballagedigest.fr\/#\/schema\/logo\/image\/"}},{"@type":"Person","@id":"https:\/\/www.emballagedigest.fr\/#\/schema\/person\/76abe9f2b2ee4d3d520594c7a35da59f","name":"Karine Duval","image":{"@type":"ImageObject","inLanguage":"en-GB","@id":"https:\/\/www.emballagedigest.fr\/#\/schema\/person\/image\/","url":"https:\/\/secure.gravatar.com\/avatar\/f552799261cdd2e076e6677d780ef07bdb13aa4c196ab75b39abcbcdcae2d4e5?s=96&d=mm&r=g","contentUrl":"https:\/\/secure.gravatar.com\/avatar\/f552799261cdd2e076e6677d780ef07bdb13aa4c196ab75b39abcbcdcae2d4e5?s=96&d=mm&r=g","caption":"Karine Duval"},"url":"https:\/\/www.emballagedigest.fr\/en\/author\/admin_karduv\/"}]}},"_links":{"self":[{"href":"https:\/\/www.emballagedigest.fr\/en\/wp-json\/wp\/v2\/posts\/43240","targetHints":{"allow":["GET"]}}],"collection":[{"href":"https:\/\/www.emballagedigest.fr\/en\/wp-json\/wp\/v2\/posts"}],"about":[{"href":"https:\/\/www.emballagedigest.fr\/en\/wp-json\/wp\/v2\/types\/post"}],"author":[{"embeddable":true,"href":"https:\/\/www.emballagedigest.fr\/en\/wp-json\/wp\/v2\/users\/2"}],"replies":[{"embeddable":true,"href":"https:\/\/www.emballagedigest.fr\/en\/wp-json\/wp\/v2\/comments?post=43240"}],"version-history":[{"count":1,"href":"https:\/\/www.emballagedigest.fr\/en\/wp-json\/wp\/v2\/posts\/43240\/revisions"}],"predecessor-version":[{"id":43243,"href":"https:\/\/www.emballagedigest.fr\/en\/wp-json\/wp\/v2\/posts\/43240\/revisions\/43243"}],"wp:featuredmedia":[{"embeddable":true,"href":"https:\/\/www.emballagedigest.fr\/en\/wp-json\/wp\/v2\/media\/43241"}],"wp:attachment":[{"href":"https:\/\/www.emballagedigest.fr\/en\/wp-json\/wp\/v2\/media?parent=43240"}],"wp:term":[{"taxonomy":"category","embeddable":true,"href":"https:\/\/www.emballagedigest.fr\/en\/wp-json\/wp\/v2\/categories?post=43240"},{"taxonomy":"post_tag","embeddable":true,"href":"https:\/\/www.emballagedigest.fr\/en\/wp-json\/wp\/v2\/tags?post=43240"}],"curies":[{"name":"wp","href":"https:\/\/api.w.org\/{rel}","templated":true}]}}