{"id":43258,"date":"2025-01-14T00:52:03","date_gmt":"2025-01-13T23:52:03","guid":{"rendered":"https:\/\/www.emballagedigest.fr\/?p=43258"},"modified":"2025-01-15T01:53:28","modified_gmt":"2025-01-15T00:53:28","slug":"le-srp-se-dote-dune-nouvelle-equipe-dirigeante","status":"publish","type":"post","link":"https:\/\/www.emballagedigest.fr\/en\/le-srp-se-dote-dune-nouvelle-equipe-dirigeante\/","title":{"rendered":"Le SRP se dote d\u2019une nouvelle \u00e9quipe dirigeante"},"content":{"rendered":"<p><strong>A l\u2019issue de son Assembl\u00e9e G\u00e9n\u00e9rale Ordinaire du 6 d\u00e9cembre 2024 \u00e0 Paris, le Syndicat national des R\u00e9g\u00e9n\u00e9rateurs de mati\u00e8res Plastiques (SRP) a \u00e9lu un nouveau Bureau qui a d\u00e9sign\u00e9 son pr\u00e9sident R\u00e9my Belval (TT Plast) (photo) et nomm\u00e9 un nouveau directeur g\u00e9n\u00e9ral, en la personne de S\u00e9bastien Malangeau.<\/strong><\/p>\n\n\n\n<p>Le Syndicat national des R\u00e9g\u00e9n\u00e9rateurs de mati\u00e8res Plastiques (SRP) est l\u2019organisme fran\u00e7ais repr\u00e9sentatif des entreprises qui g\u00e8rent en France une unit\u00e9 de r\u00e9g\u00e9n\u00e9ration de mati\u00e8res plastiques, c&rsquo;est-\u00e0-dire un site industriel, d\u00e9di\u00e9 au recyclage m\u00e9canique, qui r\u00e9alise au moins deux des op\u00e9rations suivantes : lavage, broyage, densification, micronisation, granulation, compoundage. Il regroupe 33 r\u00e9g\u00e9n\u00e9rateurs, soit 49 sites de production de mati\u00e8res premi\u00e8res de recyclage (MPR) en France, et compte 23 membres associ\u00e9s. Les membres du SRP estiment repr\u00e9senter environ 85 % de la capacit\u00e9 de r\u00e9g\u00e9n\u00e9ration des d\u00e9chets de mati\u00e8res plastiques en France pour l\u2019ensemble des MPR qu\u2019ils produisent, soit pr\u00e8s de 600 000 tonnes de MPR produites par an et un potentiel d\u2019\u00e9conomie de 1,5 million de tonnes de CO<sub>2<\/sub> \u00e9quivalent.<\/p>\n\n\n\n<p>En tant que nouveau pr\u00e9sident du SRP, R\u00e9my Belval (TT Plast, groupe Papier Mettler) se donne pour mission avec sa nouvelle \u00e9quipe de direction (S\u00e9bastien Malangeau, directeur g\u00e9n\u00e9ral, et Mme D\u00e9lia Bergonzi, directrice g\u00e9n\u00e9rale adjointe) de poursuivre, au service de ses adh\u00e9rents, le d\u00e9veloppement et l\u2019influence du SRP dans un contexte en \u00e9volution rapide et de consolider la place de r\u00e9f\u00e9rence du SRP dans la fili\u00e8re.<\/p>\n\n\n\n<p>Le nouveau Bureau constitu\u00e9 \u00e0 l\u2019occasion de cette derni\u00e8re AG est compos\u00e9 de :<br>\u2022 R\u00e9my Belval (TTPlast), pr\u00e9sident ;<br>\u2022 Jean-Fran\u00e7ois Rege (Paprec), vice-pr\u00e9sident ;<br>\u2022 Fran\u00e7ois Auble (Veka recyclage), vice-pr\u00e9sident ;<br>\u2022 Fran\u00e7ois Gueneron (Veolia), vice-pr\u00e9sident ;<br>\u2022 S\u00e9bastien Motte (Suez), Tr\u00e9sorier ;<br>\u2022 Olivier Dalle (Environnement 48), Secr\u00e9taire.<\/p>\n\n\n\n<p>Apr\u00e8s douze ann\u00e9es pass\u00e9es \u00e0 la t\u00eate du SRP, qui auront permis d\u2019asseoir la position du syndicat comme acteur de r\u00e9f\u00e9rence des r\u00e9g\u00e9n\u00e9rateurs de plastiques en France et de l\u2019\u00e9tablir comme interlocuteur de confiance des pouvoirs publics, Fran\u00e7ois Aubl\u00e9, pr\u00e9sident sortant, a partag\u00e9 le bilan des actions du SRP lors de l\u2019ann\u00e9e 2024. Lors de cette ann\u00e9e, dans un contexte \u00e9conomique et r\u00e9glementaire complexe, le SRP a intensifi\u00e9 ses actions en faveur du d\u00e9veloppement et la d\u00e9fense de la r\u00e9g\u00e9n\u00e9ration du plastique en France.<\/p>\n\n\n\n<p>Parmi les faits marquants de 2024, on note :<br>\u2022 Un recrutement dynamique : Le SRP a accueilli de nouveaux membres actifs et associ\u00e9s, portant ses effectifs \u00e0 33 membres actifs et 23 membres associ\u00e9s.<br>\u2022 Le d\u00e9veloppement d\u2019avanc\u00e9es techniques : renouvellement de ses Inventaires Cycles de Vie (ICV) des MPR (mati\u00e8res plastiques recycl\u00e9es) d\u00e9but 2022, pr\u00e9sentation des \u00e9co-profils des MPR en mars 2024 et \u00e9laboration des \u00ab fiches individuelles de progr\u00e8s \u00bb pour les sites participants. Le SRP s\u2019est fortement impliqu\u00e9 dans l\u2019accompagnement de ses membres dans les \u00e9volutions qu\u2019ils doivent engager sans d\u00e9lai pour traiter de plus en plus de d\u00e9chets \u00ab fin de vie \u00bb qui constituent la principale source de d\u00e9veloppement de leurs activit\u00e9s.<br>\u2022 Une action d\u2019expertise sur le calcul des taux de recyclage nationaux : mobilisation de la TaskForce Plastique Recycl\u00e9 pr\u00e9sid\u00e9e par le SRP pour \u00e9tudier le calcul des taux de recyclage nationaux rapport\u00e9s \u00e0 la Commission Europ\u00e9enne, avec l\u2019ambition de r\u00e9duire les p\u00e9nalit\u00e9s inflig\u00e9es \u00e0 la France.<br>\u2022 Une action aupr\u00e8s des pouvoirs publics fran\u00e7ais pour promouvoir la mise en place d\u2019une \u00e9co-modulation incitative en faveur de l\u2019incorporation de MPR europ\u00e9ennes.<\/p>","protected":false},"excerpt":{"rendered":"<p>A l\u2019issue de son Assembl\u00e9e G\u00e9n\u00e9rale Ordinaire du 6 d\u00e9cembre 2024 \u00e0 Paris, le Syndicat national des R\u00e9g\u00e9n\u00e9rateurs de mati\u00e8res Plastiques (SRP) a \u00e9lu un nouveau Bureau qui a d\u00e9sign\u00e9 son pr\u00e9sident R\u00e9my Belval (TT Plast) (photo) et nomm\u00e9 un nouveau directeur g\u00e9n\u00e9ral, en la personne de S\u00e9bastien Malangeau. Le Syndicat national des R\u00e9g\u00e9n\u00e9rateurs de [&hellip;]<\/p>","protected":false},"author":2,"featured_media":43259,"comment_status":"closed","ping_status":"closed","sticky":false,"template":"","format":"standard","meta":{"_acf_changed":false,"inline_featured_image":false,"iawp_total_views":18,"footnotes":""},"categories":[28,10],"tags":[],"class_list":["post-43258","post","type-post","status-publish","format-standard","has-post-thumbnail","hentry","category-article-entier","category-materiaux"],"acf":[],"yoast_head":"<!-- This site is optimized with the Yoast SEO plugin v24.4 - https:\/\/yoast.com\/wordpress\/plugins\/seo\/ -->\n<title>Le SRP se dote d\u2019une nouvelle \u00e9quipe dirigeante - Emballage Digest<\/title>\n<meta name=\"robots\" content=\"index, follow, max-snippet:-1, max-image-preview:large, max-video-preview:-1\" \/>\n<link rel=\"canonical\" href=\"https:\/\/www.emballagedigest.fr\/en\/le-srp-se-dote-dune-nouvelle-equipe-dirigeante\/\" \/>\n<meta property=\"og:locale\" content=\"en_GB\" \/>\n<meta property=\"og:type\" content=\"article\" \/>\n<meta property=\"og:title\" content=\"Le SRP se dote d\u2019une nouvelle \u00e9quipe dirigeante - Emballage Digest\" \/>\n<meta property=\"og:description\" content=\"A l\u2019issue de son Assembl\u00e9e G\u00e9n\u00e9rale Ordinaire du 6 d\u00e9cembre 2024 \u00e0 Paris, le Syndicat national des R\u00e9g\u00e9n\u00e9rateurs de mati\u00e8res Plastiques (SRP) a \u00e9lu un nouveau Bureau qui a d\u00e9sign\u00e9 son pr\u00e9sident R\u00e9my Belval (TT Plast) (photo) et nomm\u00e9 un nouveau directeur g\u00e9n\u00e9ral, en la personne de S\u00e9bastien Malangeau. Le Syndicat national des R\u00e9g\u00e9n\u00e9rateurs de [&hellip;]\" \/>\n<meta property=\"og:url\" content=\"https:\/\/www.emballagedigest.fr\/en\/le-srp-se-dote-dune-nouvelle-equipe-dirigeante\/\" \/>\n<meta property=\"og:site_name\" content=\"Emballage Digest\" \/>\n<meta property=\"article:published_time\" content=\"2025-01-13T23:52:03+00:00\" \/>\n<meta property=\"article:modified_time\" content=\"2025-01-15T00:53:28+00:00\" \/>\n<meta property=\"og:image\" content=\"https:\/\/www.emballagedigest.fr\/wp-content\/uploads\/2025\/01\/SRP.jpg\" \/>\n\t<meta property=\"og:image:width\" content=\"800\" \/>\n\t<meta property=\"og:image:height\" content=\"587\" \/>\n\t<meta property=\"og:image:type\" content=\"image\/jpeg\" \/>\n<meta name=\"author\" content=\"Karine Duval\" \/>\n<meta name=\"twitter:card\" content=\"summary_large_image\" \/>\n<meta name=\"twitter:label1\" content=\"Written by\" \/>\n\t<meta name=\"twitter:data1\" content=\"Karine Duval\" \/>\n\t<meta name=\"twitter:label2\" content=\"Estimated reading time\" \/>\n\t<meta name=\"twitter:data2\" content=\"3 minutes\" \/>\n<script type=\"application\/ld+json\" class=\"yoast-schema-graph\">{\"@context\":\"https:\/\/schema.org\",\"@graph\":[{\"@type\":\"Article\",\"@id\":\"https:\/\/www.emballagedigest.fr\/le-srp-se-dote-dune-nouvelle-equipe-dirigeante\/#article\",\"isPartOf\":{\"@id\":\"https:\/\/www.emballagedigest.fr\/le-srp-se-dote-dune-nouvelle-equipe-dirigeante\/\"},\"author\":{\"name\":\"Karine Duval\",\"@id\":\"https:\/\/www.emballagedigest.fr\/#\/schema\/person\/76abe9f2b2ee4d3d520594c7a35da59f\"},\"headline\":\"Le SRP se dote d\u2019une nouvelle \u00e9quipe dirigeante\",\"datePublished\":\"2025-01-13T23:52:03+00:00\",\"dateModified\":\"2025-01-15T00:53:28+00:00\",\"mainEntityOfPage\":{\"@id\":\"https:\/\/www.emballagedigest.fr\/le-srp-se-dote-dune-nouvelle-equipe-dirigeante\/\"},\"wordCount\":651,\"publisher\":{\"@id\":\"https:\/\/www.emballagedigest.fr\/#organization\"},\"image\":{\"@id\":\"https:\/\/www.emballagedigest.fr\/le-srp-se-dote-dune-nouvelle-equipe-dirigeante\/#primaryimage\"},\"thumbnailUrl\":\"https:\/\/www.emballagedigest.fr\/wp-content\/uploads\/2025\/01\/SRP.jpg\",\"articleSection\":[\"Article entier\",\"Mat\u00e9riaux\"],\"inLanguage\":\"en-GB\"},{\"@type\":\"WebPage\",\"@id\":\"https:\/\/www.emballagedigest.fr\/le-srp-se-dote-dune-nouvelle-equipe-dirigeante\/\",\"url\":\"https:\/\/www.emballagedigest.fr\/le-srp-se-dote-dune-nouvelle-equipe-dirigeante\/\",\"name\":\"Le SRP se dote d\u2019une nouvelle \u00e9quipe dirigeante - Emballage Digest\",\"isPartOf\":{\"@id\":\"https:\/\/www.emballagedigest.fr\/#website\"},\"primaryImageOfPage\":{\"@id\":\"https:\/\/www.emballagedigest.fr\/le-srp-se-dote-dune-nouvelle-equipe-dirigeante\/#primaryimage\"},\"image\":{\"@id\":\"https:\/\/www.emballagedigest.fr\/le-srp-se-dote-dune-nouvelle-equipe-dirigeante\/#primaryimage\"},\"thumbnailUrl\":\"https:\/\/www.emballagedigest.fr\/wp-content\/uploads\/2025\/01\/SRP.jpg\",\"datePublished\":\"2025-01-13T23:52:03+00:00\",\"dateModified\":\"2025-01-15T00:53:28+00:00\",\"breadcrumb\":{\"@id\":\"https:\/\/www.emballagedigest.fr\/le-srp-se-dote-dune-nouvelle-equipe-dirigeante\/#breadcrumb\"},\"inLanguage\":\"en-GB\",\"potentialAction\":[{\"@type\":\"ReadAction\",\"target\":[\"https:\/\/www.emballagedigest.fr\/le-srp-se-dote-dune-nouvelle-equipe-dirigeante\/\"]}]},{\"@type\":\"ImageObject\",\"inLanguage\":\"en-GB\",\"@id\":\"https:\/\/www.emballagedigest.fr\/le-srp-se-dote-dune-nouvelle-equipe-dirigeante\/#primaryimage\",\"url\":\"https:\/\/www.emballagedigest.fr\/wp-content\/uploads\/2025\/01\/SRP.jpg\",\"contentUrl\":\"https:\/\/www.emballagedigest.fr\/wp-content\/uploads\/2025\/01\/SRP.jpg\",\"width\":800,\"height\":587},{\"@type\":\"BreadcrumbList\",\"@id\":\"https:\/\/www.emballagedigest.fr\/le-srp-se-dote-dune-nouvelle-equipe-dirigeante\/#breadcrumb\",\"itemListElement\":[{\"@type\":\"ListItem\",\"position\":1,\"name\":\"Accueil\",\"item\":\"https:\/\/www.emballagedigest.fr\/\"},{\"@type\":\"ListItem\",\"position\":2,\"name\":\"Le SRP se dote d\u2019une nouvelle \u00e9quipe dirigeante\"}]},{\"@type\":\"WebSite\",\"@id\":\"https:\/\/www.emballagedigest.fr\/#website\",\"url\":\"https:\/\/www.emballagedigest.fr\/\",\"name\":\"Emballage Digest\",\"description\":\"Revue professionnelle sur les emballages\",\"publisher\":{\"@id\":\"https:\/\/www.emballagedigest.fr\/#organization\"},\"potentialAction\":[{\"@type\":\"SearchAction\",\"target\":{\"@type\":\"EntryPoint\",\"urlTemplate\":\"https:\/\/www.emballagedigest.fr\/?s={search_term_string}\"},\"query-input\":{\"@type\":\"PropertyValueSpecification\",\"valueRequired\":true,\"valueName\":\"search_term_string\"}}],\"inLanguage\":\"en-GB\"},{\"@type\":\"Organization\",\"@id\":\"https:\/\/www.emballagedigest.fr\/#organization\",\"name\":\"Emballage Digest\",\"url\":\"https:\/\/www.emballagedigest.fr\/\",\"logo\":{\"@type\":\"ImageObject\",\"inLanguage\":\"en-GB\",\"@id\":\"https:\/\/www.emballagedigest.fr\/#\/schema\/logo\/image\/\",\"url\":\"https:\/\/www.emballagedigest.fr\/wp-content\/uploads\/2022\/07\/logo-ed.png\",\"contentUrl\":\"https:\/\/www.emballagedigest.fr\/wp-content\/uploads\/2022\/07\/logo-ed.png\",\"width\":379,\"height\":75,\"caption\":\"Emballage Digest\"},\"image\":{\"@id\":\"https:\/\/www.emballagedigest.fr\/#\/schema\/logo\/image\/\"}},{\"@type\":\"Person\",\"@id\":\"https:\/\/www.emballagedigest.fr\/#\/schema\/person\/76abe9f2b2ee4d3d520594c7a35da59f\",\"name\":\"Karine Duval\",\"image\":{\"@type\":\"ImageObject\",\"inLanguage\":\"en-GB\",\"@id\":\"https:\/\/www.emballagedigest.fr\/#\/schema\/person\/image\/\",\"url\":\"https:\/\/secure.gravatar.com\/avatar\/f552799261cdd2e076e6677d780ef07bdb13aa4c196ab75b39abcbcdcae2d4e5?s=96&d=mm&r=g\",\"contentUrl\":\"https:\/\/secure.gravatar.com\/avatar\/f552799261cdd2e076e6677d780ef07bdb13aa4c196ab75b39abcbcdcae2d4e5?s=96&d=mm&r=g\",\"caption\":\"Karine Duval\"},\"url\":\"https:\/\/www.emballagedigest.fr\/en\/author\/admin_karduv\/\"}]}<\/script>\n<!-- \/ Yoast SEO plugin. -->","yoast_head_json":{"title":"Le SRP se dote d\u2019une nouvelle \u00e9quipe dirigeante - Emballage Digest","robots":{"index":"index","follow":"follow","max-snippet":"max-snippet:-1","max-image-preview":"max-image-preview:large","max-video-preview":"max-video-preview:-1"},"canonical":"https:\/\/www.emballagedigest.fr\/en\/le-srp-se-dote-dune-nouvelle-equipe-dirigeante\/","og_locale":"en_GB","og_type":"article","og_title":"Le SRP se dote d\u2019une nouvelle \u00e9quipe dirigeante - Emballage Digest","og_description":"A l\u2019issue de son Assembl\u00e9e G\u00e9n\u00e9rale Ordinaire du 6 d\u00e9cembre 2024 \u00e0 Paris, le Syndicat national des R\u00e9g\u00e9n\u00e9rateurs de mati\u00e8res Plastiques (SRP) a \u00e9lu un nouveau Bureau qui a d\u00e9sign\u00e9 son pr\u00e9sident R\u00e9my Belval (TT Plast) (photo) et nomm\u00e9 un nouveau directeur g\u00e9n\u00e9ral, en la personne de S\u00e9bastien Malangeau. Le Syndicat national des R\u00e9g\u00e9n\u00e9rateurs de [&hellip;]","og_url":"https:\/\/www.emballagedigest.fr\/en\/le-srp-se-dote-dune-nouvelle-equipe-dirigeante\/","og_site_name":"Emballage Digest","article_published_time":"2025-01-13T23:52:03+00:00","article_modified_time":"2025-01-15T00:53:28+00:00","og_image":[{"width":800,"height":587,"url":"https:\/\/www.emballagedigest.fr\/wp-content\/uploads\/2025\/01\/SRP.jpg","type":"image\/jpeg"}],"author":"Karine Duval","twitter_card":"summary_large_image","twitter_misc":{"Written by":"Karine Duval","Estimated reading time":"3 minutes"},"schema":{"@context":"https:\/\/schema.org","@graph":[{"@type":"Article","@id":"https:\/\/www.emballagedigest.fr\/le-srp-se-dote-dune-nouvelle-equipe-dirigeante\/#article","isPartOf":{"@id":"https:\/\/www.emballagedigest.fr\/le-srp-se-dote-dune-nouvelle-equipe-dirigeante\/"},"author":{"name":"Karine Duval","@id":"https:\/\/www.emballagedigest.fr\/#\/schema\/person\/76abe9f2b2ee4d3d520594c7a35da59f"},"headline":"Le SRP se dote d\u2019une nouvelle \u00e9quipe dirigeante","datePublished":"2025-01-13T23:52:03+00:00","dateModified":"2025-01-15T00:53:28+00:00","mainEntityOfPage":{"@id":"https:\/\/www.emballagedigest.fr\/le-srp-se-dote-dune-nouvelle-equipe-dirigeante\/"},"wordCount":651,"publisher":{"@id":"https:\/\/www.emballagedigest.fr\/#organization"},"image":{"@id":"https:\/\/www.emballagedigest.fr\/le-srp-se-dote-dune-nouvelle-equipe-dirigeante\/#primaryimage"},"thumbnailUrl":"https:\/\/www.emballagedigest.fr\/wp-content\/uploads\/2025\/01\/SRP.jpg","articleSection":["Article entier","Mat\u00e9riaux"],"inLanguage":"en-GB"},{"@type":"WebPage","@id":"https:\/\/www.emballagedigest.fr\/le-srp-se-dote-dune-nouvelle-equipe-dirigeante\/","url":"https:\/\/www.emballagedigest.fr\/le-srp-se-dote-dune-nouvelle-equipe-dirigeante\/","name":"Le SRP se dote d\u2019une nouvelle \u00e9quipe dirigeante - Emballage Digest","isPartOf":{"@id":"https:\/\/www.emballagedigest.fr\/#website"},"primaryImageOfPage":{"@id":"https:\/\/www.emballagedigest.fr\/le-srp-se-dote-dune-nouvelle-equipe-dirigeante\/#primaryimage"},"image":{"@id":"https:\/\/www.emballagedigest.fr\/le-srp-se-dote-dune-nouvelle-equipe-dirigeante\/#primaryimage"},"thumbnailUrl":"https:\/\/www.emballagedigest.fr\/wp-content\/uploads\/2025\/01\/SRP.jpg","datePublished":"2025-01-13T23:52:03+00:00","dateModified":"2025-01-15T00:53:28+00:00","breadcrumb":{"@id":"https:\/\/www.emballagedigest.fr\/le-srp-se-dote-dune-nouvelle-equipe-dirigeante\/#breadcrumb"},"inLanguage":"en-GB","potentialAction":[{"@type":"ReadAction","target":["https:\/\/www.emballagedigest.fr\/le-srp-se-dote-dune-nouvelle-equipe-dirigeante\/"]}]},{"@type":"ImageObject","inLanguage":"en-GB","@id":"https:\/\/www.emballagedigest.fr\/le-srp-se-dote-dune-nouvelle-equipe-dirigeante\/#primaryimage","url":"https:\/\/www.emballagedigest.fr\/wp-content\/uploads\/2025\/01\/SRP.jpg","contentUrl":"https:\/\/www.emballagedigest.fr\/wp-content\/uploads\/2025\/01\/SRP.jpg","width":800,"height":587},{"@type":"BreadcrumbList","@id":"https:\/\/www.emballagedigest.fr\/le-srp-se-dote-dune-nouvelle-equipe-dirigeante\/#breadcrumb","itemListElement":[{"@type":"ListItem","position":1,"name":"Accueil","item":"https:\/\/www.emballagedigest.fr\/"},{"@type":"ListItem","position":2,"name":"Le SRP se dote d\u2019une nouvelle \u00e9quipe dirigeante"}]},{"@type":"WebSite","@id":"https:\/\/www.emballagedigest.fr\/#website","url":"https:\/\/www.emballagedigest.fr\/","name":"Emballage Digest","description":"Revue professionnelle sur les emballages","publisher":{"@id":"https:\/\/www.emballagedigest.fr\/#organization"},"potentialAction":[{"@type":"SearchAction","target":{"@type":"EntryPoint","urlTemplate":"https:\/\/www.emballagedigest.fr\/?s={search_term_string}"},"query-input":{"@type":"PropertyValueSpecification","valueRequired":true,"valueName":"search_term_string"}}],"inLanguage":"en-GB"},{"@type":"Organization","@id":"https:\/\/www.emballagedigest.fr\/#organization","name":"Emballage Digest","url":"https:\/\/www.emballagedigest.fr\/","logo":{"@type":"ImageObject","inLanguage":"en-GB","@id":"https:\/\/www.emballagedigest.fr\/#\/schema\/logo\/image\/","url":"https:\/\/www.emballagedigest.fr\/wp-content\/uploads\/2022\/07\/logo-ed.png","contentUrl":"https:\/\/www.emballagedigest.fr\/wp-content\/uploads\/2022\/07\/logo-ed.png","width":379,"height":75,"caption":"Emballage Digest"},"image":{"@id":"https:\/\/www.emballagedigest.fr\/#\/schema\/logo\/image\/"}},{"@type":"Person","@id":"https:\/\/www.emballagedigest.fr\/#\/schema\/person\/76abe9f2b2ee4d3d520594c7a35da59f","name":"Karine Duval","image":{"@type":"ImageObject","inLanguage":"en-GB","@id":"https:\/\/www.emballagedigest.fr\/#\/schema\/person\/image\/","url":"https:\/\/secure.gravatar.com\/avatar\/f552799261cdd2e076e6677d780ef07bdb13aa4c196ab75b39abcbcdcae2d4e5?s=96&d=mm&r=g","contentUrl":"https:\/\/secure.gravatar.com\/avatar\/f552799261cdd2e076e6677d780ef07bdb13aa4c196ab75b39abcbcdcae2d4e5?s=96&d=mm&r=g","caption":"Karine Duval"},"url":"https:\/\/www.emballagedigest.fr\/en\/author\/admin_karduv\/"}]}},"_links":{"self":[{"href":"https:\/\/www.emballagedigest.fr\/en\/wp-json\/wp\/v2\/posts\/43258","targetHints":{"allow":["GET"]}}],"collection":[{"href":"https:\/\/www.emballagedigest.fr\/en\/wp-json\/wp\/v2\/posts"}],"about":[{"href":"https:\/\/www.emballagedigest.fr\/en\/wp-json\/wp\/v2\/types\/post"}],"author":[{"embeddable":true,"href":"https:\/\/www.emballagedigest.fr\/en\/wp-json\/wp\/v2\/users\/2"}],"replies":[{"embeddable":true,"href":"https:\/\/www.emballagedigest.fr\/en\/wp-json\/wp\/v2\/comments?post=43258"}],"version-history":[{"count":1,"href":"https:\/\/www.emballagedigest.fr\/en\/wp-json\/wp\/v2\/posts\/43258\/revisions"}],"predecessor-version":[{"id":43260,"href":"https:\/\/www.emballagedigest.fr\/en\/wp-json\/wp\/v2\/posts\/43258\/revisions\/43260"}],"wp:featuredmedia":[{"embeddable":true,"href":"https:\/\/www.emballagedigest.fr\/en\/wp-json\/wp\/v2\/media\/43259"}],"wp:attachment":[{"href":"https:\/\/www.emballagedigest.fr\/en\/wp-json\/wp\/v2\/media?parent=43258"}],"wp:term":[{"taxonomy":"category","embeddable":true,"href":"https:\/\/www.emballagedigest.fr\/en\/wp-json\/wp\/v2\/categories?post=43258"},{"taxonomy":"post_tag","embeddable":true,"href":"https:\/\/www.emballagedigest.fr\/en\/wp-json\/wp\/v2\/tags?post=43258"}],"curies":[{"name":"wp","href":"https:\/\/api.w.org\/{rel}","templated":true}]}}