{"id":43265,"date":"2025-01-15T01:55:02","date_gmt":"2025-01-15T00:55:02","guid":{"rendered":"https:\/\/www.emballagedigest.fr\/?p=43265"},"modified":"2025-01-16T00:02:07","modified_gmt":"2025-01-15T23:02:07","slug":"sk-label-devient-coveris-brno","status":"publish","type":"post","link":"https:\/\/www.emballagedigest.fr\/en\/sk-label-devient-coveris-brno\/","title":{"rendered":"S&#038;K Label devient Coveris Brno"},"content":{"rendered":"<p><strong>Coveris annonce l&rsquo;int\u00e9gration compl\u00e8te de S&amp;K Label en R\u00e9publique tch\u00e8que dans le groupe Coveris, qui prend ainsi le nom de Coveris Brno.<\/strong><\/p>\n\n\n\n<p>Il s\u2019agit de la 3e acquisition de Coveris en Europe centrale et orientale (CEE) et son premier rachat d&rsquo;entreprise d&rsquo;\u00e9tiquetage en dehors du Royaume-Uni. Cette \u00e9tape constitue un pas important dans la strat\u00e9gie d&rsquo;expansion du groupe sur le march\u00e9 local. Coveris Brno est d\u00e9sormais en mesure de fournir des solutions d&#8217;emballage innovantes et durables \u00e0 destination des march\u00e9s des boissons et de l&rsquo;alimentation, ainsi que des produits chimiques, es cosm\u00e9tiques et les jouets.<\/p>\n\n\n\n<p>L&rsquo;int\u00e9gration dans le r\u00e9seau mondial de Coveris offre une opportunit\u00e9 de partage d\u2019expertises entre la R\u00e9publique tch\u00e8que et le Royaume-Uni, renfor\u00e7ant la capacit\u00e9 de Coveris Brno \u00e0 r\u00e9pondre aux besoins des clients locaux tout en s&rsquo;alignant sur les normes et les tendances internationales.<\/p>\n\n\n\n<p>\u00ab Nous sommes fiers que notre activit\u00e9 d&rsquo;\u00e9tiquetage se d\u00e9veloppe au sein du groupe Coveris. Nous \u00e9largissons ainsi notre plateforme et renfor\u00e7ons notre port\u00e9e g\u00e9ographique. Pour nos clients en R\u00e9publique tch\u00e8que, ce changement renforce notre engagement \u00e0 fournir des solutions d&rsquo;\u00e9tiquetage innovantes, durables et adapt\u00e9es au contexte local. Notre appartenance au groupe Coveris nous permet d&rsquo;am\u00e9liorer encore nos capacit\u00e9s et de continuer \u00e0 offrir une valeur exceptionnelle \u00e0 nos partenaires&nbsp;\u00bb, explique Miroslav Vrba, directeur g\u00e9n\u00e9ral de Coveris Brno.<\/p>","protected":false},"excerpt":{"rendered":"<p>Coveris annonce l&rsquo;int\u00e9gration compl\u00e8te de S&amp;K Label en R\u00e9publique tch\u00e8que dans le groupe Coveris, qui prend ainsi le nom de Coveris Brno. Il s\u2019agit de la 3e acquisition de Coveris en Europe centrale et orientale (CEE) et son premier rachat d&rsquo;entreprise d&rsquo;\u00e9tiquetage en dehors du Royaume-Uni. Cette \u00e9tape constitue un pas important dans la strat\u00e9gie [&hellip;]<\/p>","protected":false},"author":2,"featured_media":43266,"comment_status":"closed","ping_status":"closed","sticky":false,"template":"","format":"standard","meta":{"_acf_changed":false,"inline_featured_image":false,"iawp_total_views":2,"footnotes":""},"categories":[5,28,81,6],"tags":[],"class_list":["post-43265","post","type-post","status-publish","format-standard","has-post-thumbnail","hentry","category-alimentaire","category-article-entier","category-packaging","category-parfumerie-cosmetique"],"acf":[],"yoast_head":"<!-- This site is optimized with the Yoast SEO plugin v24.4 - https:\/\/yoast.com\/wordpress\/plugins\/seo\/ -->\n<title>S&amp;K Label devient Coveris Brno - Emballage Digest<\/title>\n<meta name=\"robots\" content=\"index, follow, max-snippet:-1, max-image-preview:large, max-video-preview:-1\" \/>\n<link rel=\"canonical\" href=\"https:\/\/www.emballagedigest.fr\/en\/sk-label-devient-coveris-brno\/\" \/>\n<meta property=\"og:locale\" content=\"en_GB\" \/>\n<meta property=\"og:type\" content=\"article\" \/>\n<meta property=\"og:title\" content=\"S&amp;K Label devient Coveris Brno - Emballage Digest\" \/>\n<meta property=\"og:description\" content=\"Coveris annonce l&rsquo;int\u00e9gration compl\u00e8te de S&amp;K Label en R\u00e9publique tch\u00e8que dans le groupe Coveris, qui prend ainsi le nom de Coveris Brno. Il s\u2019agit de la 3e acquisition de Coveris en Europe centrale et orientale (CEE) et son premier rachat d&rsquo;entreprise d&rsquo;\u00e9tiquetage en dehors du Royaume-Uni. Cette \u00e9tape constitue un pas important dans la strat\u00e9gie [&hellip;]\" \/>\n<meta property=\"og:url\" content=\"https:\/\/www.emballagedigest.fr\/en\/sk-label-devient-coveris-brno\/\" \/>\n<meta property=\"og:site_name\" content=\"Emballage Digest\" \/>\n<meta property=\"article:published_time\" content=\"2025-01-15T00:55:02+00:00\" \/>\n<meta property=\"article:modified_time\" content=\"2025-01-15T23:02:07+00:00\" \/>\n<meta property=\"og:image\" content=\"https:\/\/www.emballagedigest.fr\/wp-content\/uploads\/2025\/01\/Coveriss.jpg\" \/>\n\t<meta property=\"og:image:width\" content=\"800\" \/>\n\t<meta property=\"og:image:height\" content=\"567\" \/>\n\t<meta property=\"og:image:type\" content=\"image\/jpeg\" \/>\n<meta name=\"author\" content=\"Karine Duval\" \/>\n<meta name=\"twitter:card\" content=\"summary_large_image\" \/>\n<meta name=\"twitter:label1\" content=\"Written by\" \/>\n\t<meta name=\"twitter:data1\" content=\"Karine Duval\" \/>\n\t<meta name=\"twitter:label2\" content=\"Estimated reading time\" \/>\n\t<meta name=\"twitter:data2\" content=\"2 minutes\" \/>\n<script type=\"application\/ld+json\" class=\"yoast-schema-graph\">{\"@context\":\"https:\/\/schema.org\",\"@graph\":[{\"@type\":\"Article\",\"@id\":\"https:\/\/www.emballagedigest.fr\/sk-label-devient-coveris-brno\/#article\",\"isPartOf\":{\"@id\":\"https:\/\/www.emballagedigest.fr\/sk-label-devient-coveris-brno\/\"},\"author\":{\"name\":\"Karine Duval\",\"@id\":\"https:\/\/www.emballagedigest.fr\/#\/schema\/person\/76abe9f2b2ee4d3d520594c7a35da59f\"},\"headline\":\"S&#038;K Label devient Coveris Brno\",\"datePublished\":\"2025-01-15T00:55:02+00:00\",\"dateModified\":\"2025-01-15T23:02:07+00:00\",\"mainEntityOfPage\":{\"@id\":\"https:\/\/www.emballagedigest.fr\/sk-label-devient-coveris-brno\/\"},\"wordCount\":257,\"publisher\":{\"@id\":\"https:\/\/www.emballagedigest.fr\/#organization\"},\"image\":{\"@id\":\"https:\/\/www.emballagedigest.fr\/sk-label-devient-coveris-brno\/#primaryimage\"},\"thumbnailUrl\":\"https:\/\/www.emballagedigest.fr\/wp-content\/uploads\/2025\/01\/Coveriss.jpg\",\"articleSection\":[\"Alimentaire\",\"Article entier\",\"Packaging\",\"Parfumerie &amp; Cosm\u00e9tique\"],\"inLanguage\":\"en-GB\"},{\"@type\":\"WebPage\",\"@id\":\"https:\/\/www.emballagedigest.fr\/sk-label-devient-coveris-brno\/\",\"url\":\"https:\/\/www.emballagedigest.fr\/sk-label-devient-coveris-brno\/\",\"name\":\"S&K Label devient Coveris Brno - Emballage Digest\",\"isPartOf\":{\"@id\":\"https:\/\/www.emballagedigest.fr\/#website\"},\"primaryImageOfPage\":{\"@id\":\"https:\/\/www.emballagedigest.fr\/sk-label-devient-coveris-brno\/#primaryimage\"},\"image\":{\"@id\":\"https:\/\/www.emballagedigest.fr\/sk-label-devient-coveris-brno\/#primaryimage\"},\"thumbnailUrl\":\"https:\/\/www.emballagedigest.fr\/wp-content\/uploads\/2025\/01\/Coveriss.jpg\",\"datePublished\":\"2025-01-15T00:55:02+00:00\",\"dateModified\":\"2025-01-15T23:02:07+00:00\",\"breadcrumb\":{\"@id\":\"https:\/\/www.emballagedigest.fr\/sk-label-devient-coveris-brno\/#breadcrumb\"},\"inLanguage\":\"en-GB\",\"potentialAction\":[{\"@type\":\"ReadAction\",\"target\":[\"https:\/\/www.emballagedigest.fr\/sk-label-devient-coveris-brno\/\"]}]},{\"@type\":\"ImageObject\",\"inLanguage\":\"en-GB\",\"@id\":\"https:\/\/www.emballagedigest.fr\/sk-label-devient-coveris-brno\/#primaryimage\",\"url\":\"https:\/\/www.emballagedigest.fr\/wp-content\/uploads\/2025\/01\/Coveriss.jpg\",\"contentUrl\":\"https:\/\/www.emballagedigest.fr\/wp-content\/uploads\/2025\/01\/Coveriss.jpg\",\"width\":800,\"height\":567},{\"@type\":\"BreadcrumbList\",\"@id\":\"https:\/\/www.emballagedigest.fr\/sk-label-devient-coveris-brno\/#breadcrumb\",\"itemListElement\":[{\"@type\":\"ListItem\",\"position\":1,\"name\":\"Accueil\",\"item\":\"https:\/\/www.emballagedigest.fr\/\"},{\"@type\":\"ListItem\",\"position\":2,\"name\":\"S&#038;K Label devient Coveris Brno\"}]},{\"@type\":\"WebSite\",\"@id\":\"https:\/\/www.emballagedigest.fr\/#website\",\"url\":\"https:\/\/www.emballagedigest.fr\/\",\"name\":\"Emballage Digest\",\"description\":\"Revue professionnelle sur les emballages\",\"publisher\":{\"@id\":\"https:\/\/www.emballagedigest.fr\/#organization\"},\"potentialAction\":[{\"@type\":\"SearchAction\",\"target\":{\"@type\":\"EntryPoint\",\"urlTemplate\":\"https:\/\/www.emballagedigest.fr\/?s={search_term_string}\"},\"query-input\":{\"@type\":\"PropertyValueSpecification\",\"valueRequired\":true,\"valueName\":\"search_term_string\"}}],\"inLanguage\":\"en-GB\"},{\"@type\":\"Organization\",\"@id\":\"https:\/\/www.emballagedigest.fr\/#organization\",\"name\":\"Emballage Digest\",\"url\":\"https:\/\/www.emballagedigest.fr\/\",\"logo\":{\"@type\":\"ImageObject\",\"inLanguage\":\"en-GB\",\"@id\":\"https:\/\/www.emballagedigest.fr\/#\/schema\/logo\/image\/\",\"url\":\"https:\/\/www.emballagedigest.fr\/wp-content\/uploads\/2022\/07\/logo-ed.png\",\"contentUrl\":\"https:\/\/www.emballagedigest.fr\/wp-content\/uploads\/2022\/07\/logo-ed.png\",\"width\":379,\"height\":75,\"caption\":\"Emballage Digest\"},\"image\":{\"@id\":\"https:\/\/www.emballagedigest.fr\/#\/schema\/logo\/image\/\"}},{\"@type\":\"Person\",\"@id\":\"https:\/\/www.emballagedigest.fr\/#\/schema\/person\/76abe9f2b2ee4d3d520594c7a35da59f\",\"name\":\"Karine Duval\",\"image\":{\"@type\":\"ImageObject\",\"inLanguage\":\"en-GB\",\"@id\":\"https:\/\/www.emballagedigest.fr\/#\/schema\/person\/image\/\",\"url\":\"https:\/\/secure.gravatar.com\/avatar\/f552799261cdd2e076e6677d780ef07bdb13aa4c196ab75b39abcbcdcae2d4e5?s=96&d=mm&r=g\",\"contentUrl\":\"https:\/\/secure.gravatar.com\/avatar\/f552799261cdd2e076e6677d780ef07bdb13aa4c196ab75b39abcbcdcae2d4e5?s=96&d=mm&r=g\",\"caption\":\"Karine Duval\"},\"url\":\"https:\/\/www.emballagedigest.fr\/en\/author\/admin_karduv\/\"}]}<\/script>\n<!-- \/ Yoast SEO plugin. -->","yoast_head_json":{"title":"S&K Label devient Coveris Brno - Emballage Digest","robots":{"index":"index","follow":"follow","max-snippet":"max-snippet:-1","max-image-preview":"max-image-preview:large","max-video-preview":"max-video-preview:-1"},"canonical":"https:\/\/www.emballagedigest.fr\/en\/sk-label-devient-coveris-brno\/","og_locale":"en_GB","og_type":"article","og_title":"S&K Label devient Coveris Brno - Emballage Digest","og_description":"Coveris annonce l&rsquo;int\u00e9gration compl\u00e8te de S&amp;K Label en R\u00e9publique tch\u00e8que dans le groupe Coveris, qui prend ainsi le nom de Coveris Brno. Il s\u2019agit de la 3e acquisition de Coveris en Europe centrale et orientale (CEE) et son premier rachat d&rsquo;entreprise d&rsquo;\u00e9tiquetage en dehors du Royaume-Uni. Cette \u00e9tape constitue un pas important dans la strat\u00e9gie [&hellip;]","og_url":"https:\/\/www.emballagedigest.fr\/en\/sk-label-devient-coveris-brno\/","og_site_name":"Emballage Digest","article_published_time":"2025-01-15T00:55:02+00:00","article_modified_time":"2025-01-15T23:02:07+00:00","og_image":[{"width":800,"height":567,"url":"https:\/\/www.emballagedigest.fr\/wp-content\/uploads\/2025\/01\/Coveriss.jpg","type":"image\/jpeg"}],"author":"Karine Duval","twitter_card":"summary_large_image","twitter_misc":{"Written by":"Karine Duval","Estimated reading time":"2 minutes"},"schema":{"@context":"https:\/\/schema.org","@graph":[{"@type":"Article","@id":"https:\/\/www.emballagedigest.fr\/sk-label-devient-coveris-brno\/#article","isPartOf":{"@id":"https:\/\/www.emballagedigest.fr\/sk-label-devient-coveris-brno\/"},"author":{"name":"Karine Duval","@id":"https:\/\/www.emballagedigest.fr\/#\/schema\/person\/76abe9f2b2ee4d3d520594c7a35da59f"},"headline":"S&#038;K Label devient Coveris Brno","datePublished":"2025-01-15T00:55:02+00:00","dateModified":"2025-01-15T23:02:07+00:00","mainEntityOfPage":{"@id":"https:\/\/www.emballagedigest.fr\/sk-label-devient-coveris-brno\/"},"wordCount":257,"publisher":{"@id":"https:\/\/www.emballagedigest.fr\/#organization"},"image":{"@id":"https:\/\/www.emballagedigest.fr\/sk-label-devient-coveris-brno\/#primaryimage"},"thumbnailUrl":"https:\/\/www.emballagedigest.fr\/wp-content\/uploads\/2025\/01\/Coveriss.jpg","articleSection":["Alimentaire","Article entier","Packaging","Parfumerie &amp; Cosm\u00e9tique"],"inLanguage":"en-GB"},{"@type":"WebPage","@id":"https:\/\/www.emballagedigest.fr\/sk-label-devient-coveris-brno\/","url":"https:\/\/www.emballagedigest.fr\/sk-label-devient-coveris-brno\/","name":"S&K Label devient Coveris Brno - Emballage Digest","isPartOf":{"@id":"https:\/\/www.emballagedigest.fr\/#website"},"primaryImageOfPage":{"@id":"https:\/\/www.emballagedigest.fr\/sk-label-devient-coveris-brno\/#primaryimage"},"image":{"@id":"https:\/\/www.emballagedigest.fr\/sk-label-devient-coveris-brno\/#primaryimage"},"thumbnailUrl":"https:\/\/www.emballagedigest.fr\/wp-content\/uploads\/2025\/01\/Coveriss.jpg","datePublished":"2025-01-15T00:55:02+00:00","dateModified":"2025-01-15T23:02:07+00:00","breadcrumb":{"@id":"https:\/\/www.emballagedigest.fr\/sk-label-devient-coveris-brno\/#breadcrumb"},"inLanguage":"en-GB","potentialAction":[{"@type":"ReadAction","target":["https:\/\/www.emballagedigest.fr\/sk-label-devient-coveris-brno\/"]}]},{"@type":"ImageObject","inLanguage":"en-GB","@id":"https:\/\/www.emballagedigest.fr\/sk-label-devient-coveris-brno\/#primaryimage","url":"https:\/\/www.emballagedigest.fr\/wp-content\/uploads\/2025\/01\/Coveriss.jpg","contentUrl":"https:\/\/www.emballagedigest.fr\/wp-content\/uploads\/2025\/01\/Coveriss.jpg","width":800,"height":567},{"@type":"BreadcrumbList","@id":"https:\/\/www.emballagedigest.fr\/sk-label-devient-coveris-brno\/#breadcrumb","itemListElement":[{"@type":"ListItem","position":1,"name":"Accueil","item":"https:\/\/www.emballagedigest.fr\/"},{"@type":"ListItem","position":2,"name":"S&#038;K Label devient Coveris Brno"}]},{"@type":"WebSite","@id":"https:\/\/www.emballagedigest.fr\/#website","url":"https:\/\/www.emballagedigest.fr\/","name":"Emballage Digest","description":"Revue professionnelle sur les emballages","publisher":{"@id":"https:\/\/www.emballagedigest.fr\/#organization"},"potentialAction":[{"@type":"SearchAction","target":{"@type":"EntryPoint","urlTemplate":"https:\/\/www.emballagedigest.fr\/?s={search_term_string}"},"query-input":{"@type":"PropertyValueSpecification","valueRequired":true,"valueName":"search_term_string"}}],"inLanguage":"en-GB"},{"@type":"Organization","@id":"https:\/\/www.emballagedigest.fr\/#organization","name":"Emballage Digest","url":"https:\/\/www.emballagedigest.fr\/","logo":{"@type":"ImageObject","inLanguage":"en-GB","@id":"https:\/\/www.emballagedigest.fr\/#\/schema\/logo\/image\/","url":"https:\/\/www.emballagedigest.fr\/wp-content\/uploads\/2022\/07\/logo-ed.png","contentUrl":"https:\/\/www.emballagedigest.fr\/wp-content\/uploads\/2022\/07\/logo-ed.png","width":379,"height":75,"caption":"Emballage Digest"},"image":{"@id":"https:\/\/www.emballagedigest.fr\/#\/schema\/logo\/image\/"}},{"@type":"Person","@id":"https:\/\/www.emballagedigest.fr\/#\/schema\/person\/76abe9f2b2ee4d3d520594c7a35da59f","name":"Karine Duval","image":{"@type":"ImageObject","inLanguage":"en-GB","@id":"https:\/\/www.emballagedigest.fr\/#\/schema\/person\/image\/","url":"https:\/\/secure.gravatar.com\/avatar\/f552799261cdd2e076e6677d780ef07bdb13aa4c196ab75b39abcbcdcae2d4e5?s=96&d=mm&r=g","contentUrl":"https:\/\/secure.gravatar.com\/avatar\/f552799261cdd2e076e6677d780ef07bdb13aa4c196ab75b39abcbcdcae2d4e5?s=96&d=mm&r=g","caption":"Karine Duval"},"url":"https:\/\/www.emballagedigest.fr\/en\/author\/admin_karduv\/"}]}},"_links":{"self":[{"href":"https:\/\/www.emballagedigest.fr\/en\/wp-json\/wp\/v2\/posts\/43265","targetHints":{"allow":["GET"]}}],"collection":[{"href":"https:\/\/www.emballagedigest.fr\/en\/wp-json\/wp\/v2\/posts"}],"about":[{"href":"https:\/\/www.emballagedigest.fr\/en\/wp-json\/wp\/v2\/types\/post"}],"author":[{"embeddable":true,"href":"https:\/\/www.emballagedigest.fr\/en\/wp-json\/wp\/v2\/users\/2"}],"replies":[{"embeddable":true,"href":"https:\/\/www.emballagedigest.fr\/en\/wp-json\/wp\/v2\/comments?post=43265"}],"version-history":[{"count":1,"href":"https:\/\/www.emballagedigest.fr\/en\/wp-json\/wp\/v2\/posts\/43265\/revisions"}],"predecessor-version":[{"id":43267,"href":"https:\/\/www.emballagedigest.fr\/en\/wp-json\/wp\/v2\/posts\/43265\/revisions\/43267"}],"wp:featuredmedia":[{"embeddable":true,"href":"https:\/\/www.emballagedigest.fr\/en\/wp-json\/wp\/v2\/media\/43266"}],"wp:attachment":[{"href":"https:\/\/www.emballagedigest.fr\/en\/wp-json\/wp\/v2\/media?parent=43265"}],"wp:term":[{"taxonomy":"category","embeddable":true,"href":"https:\/\/www.emballagedigest.fr\/en\/wp-json\/wp\/v2\/categories?post=43265"},{"taxonomy":"post_tag","embeddable":true,"href":"https:\/\/www.emballagedigest.fr\/en\/wp-json\/wp\/v2\/tags?post=43265"}],"curies":[{"name":"wp","href":"https:\/\/api.w.org\/{rel}","templated":true}]}}