{"id":43326,"date":"2025-01-12T11:02:00","date_gmt":"2025-01-12T10:02:00","guid":{"rendered":"https:\/\/www.emballagedigest.fr\/?p=43326"},"modified":"2025-01-17T11:04:12","modified_gmt":"2025-01-17T10:04:12","slug":"distributeurs-le-secteur-resiste-et-poursuit-ses-investissements","status":"publish","type":"post","link":"https:\/\/www.emballagedigest.fr\/en\/distributeurs-le-secteur-resiste-et-poursuit-ses-investissements\/","title":{"rendered":"Distributeurs : le secteur r\u00e9siste et poursuit ses investissements"},"content":{"rendered":"<p><strong>Malgr\u00e9 le marasme \u00e9conomique ambiant, les distributeurs de solutions d\u2019emballages tirent leur \u00e9pingle du jeu, en capitalisant sur leur positionnement multi-r\u00e9f\u00e9rences et\/ou multicanaux. Leur portefeuille s\u2019\u00e9toffe de solutions toujours plus durables, tandis que les investissements se poursuivent c\u00f4t\u00e9 logistique.<\/strong><\/p>\n\n\n\n<p><strong>Antalis France \u00e9toffe son offre de films \u00e9tirables<\/strong><br>Antalis France d\u00e9voile son plan de d\u00e9veloppement de son offre pour 2025, qui sera riche en innovations, annonce le distributeur qui pr\u00e9voit de participer au salon Prod&amp;Pack \u00e0 Lyon en fin d\u2019ann\u00e9e. D\u2019ici l\u00e0, de nouvelles r\u00e9f\u00e9rences font leur apparition au sein de sa gamme de films plastique \u00e9tirables sur diff\u00e9rents axes : r\u00e9duction des \u00e9paisseurs\u00a0; des films techniques avec une augmentation du taux d\u2019\u00e9tirabilit\u00e9 jusqu\u2019\u00e0 430% (contre 300% auparavant)\u00a0; des films renforc\u00e9squi permettent une baisse du micronnage, pour utiliser 40 \u00e0 60% de plastique en moins \u00e0 la d\u00e9pose, tout en ayant une stabilit\u00e9 et une r\u00e9sistance des palettes \u00e9lev\u00e9es. En compl\u00e9ment, une offre de films int\u00e9grant du PCR continue d\u2019\u00eatre \u00e9galement \u00e9toff\u00e9e. \u00abPour un usage optimum de ces films, il faut un \u00e9quipement adapt\u00e9 et performant. Pour cela, nous avons une \u00e9quipe technique qui conseille au mieux les clients sur le meilleur choix de banderoleuses verticales, horizontales ou robots, du mod\u00e8le standard \u00e0 une ligne compl\u00e8te automatis\u00e9e\u00bb, explique Aur\u00e9lie Blu, responsable marketing packaging chez Antalis France. Une structuration des \u00e9quipes sur laquelle s\u2019appuie le distributeur pour d\u00e9velopper ses ventes de machines, et de consommables.<br>Autres nouveaut\u00e9s\u00a0d\u00e9voil\u00e9es par Antalis France : un appareil de cerclage sur batterie sous la marque Master\u2019In Performance P-491 V, \u00e9quip\u00e9 d\u2019un \u00e9cran tactile plus intelligent et performant pour assurer une soudure parfaite et qui permet de r\u00e9gler le degr\u00e9 de tension, pour s\u2019adapter aux charges l\u00e9g\u00e8res. Toujours c\u00f4t\u00e9 \u00e9quipements, une nouvelle gamme de manutention\u2013 compos\u00e9e de chariots, de servantes d\u2019atelier, etc. \u2013 est lanc\u00e9e en version d\u00e9mont\u00e9e.\u00a0\u00abCe sont en effet des produits encombrants lors de leur transport. Pour un gain d\u2019espace et une optimisation des flux logistiques, nous les proposons d\u00e9sormais livr\u00e9s en carton, en version d\u00e9mont\u00e9e. Autres avantages\u00a0: ils sont plus facilement r\u00e9parables, de fabrication fran\u00e7aise, en acier recycl\u00e9, garantis dix ans\u00bb, explique la responsable marketing.<br>En parall\u00e8le, Antalis poursuit le d\u00e9ploiement de son outil Green Star System\u2122, un outil d\u2019\u00e9valuation de ses produits en fonction de leur performance environnementale. Objectif\u00a0: \u00e9valuer la quasi-totalit\u00e9 de son assortiment d\u2019ici 2026. \u00abIl s\u2019agit d\u2019un \u00e9norme travail auquel sont sensibles nos clients, \u00e0 la recherche de solutions pour r\u00e9duire leur impact environnemental. Aujourd\u2019hui, tous ne sont pas au m\u00eame niveau d\u2019avancement sur le sujet, le facteur prix restant encore strat\u00e9gique dans le choix des produits. Pour les plus engag\u00e9s au niveau RSE, notre outil reste un plus pour les accompagner dans cette transition. Nous constatons tout de m\u00eame un fort d\u00e9veloppement de nos produits \u00ab\u00e9cologiques\u00bb en alternative au plastique ces derni\u00e8res ann\u00e9es\u00bb, constate la responsable marketing. Si le papier\/carton et les mati\u00e8res recycl\u00e9es restent les solutions de substitution les plus r\u00e9pandues, le distributeur confie r\u00e9fl\u00e9chir \u00e0 d\u2019autres sources de mati\u00e8res premi\u00e8res. En compl\u00e9ment, Antalis s\u2019attachera \u00e9galement \u00e0 d\u00e9velopper en 2025 son offre sur la marketplace Direct2you, sa plateforme\u00a0BtoB\u00a0d\u00e9di\u00e9e aux professionnels de l\u2019emballage, des papiers et de solutions de communication visuelle.<\/p>\n\n\n\n<p><strong>Raja assoit ses fondamentaux et poursuit ses investissements<\/strong><br>\u00ab\u00a0Malgr\u00e9 un contexte \u00e9conomique difficile, nous cl\u00f4turons 2024 sur un exercice solide. Et 2025 se pr\u00e9sente sous l\u2019angle de la r\u00e9affirmation de nos valeurs ax\u00e9es sur la qualit\u00e9 de nos produits &amp; services et de notre proximit\u00e9 clients. Fort de notre structure familiale et ind\u00e9pendante, nous poursuivons notre strat\u00e9gie de croissance et notre politique d\u2019investissements\u00bb, annonce Ulrick Parfum, directeur achats et marketing produits Groupe Raja.<br>En 2024, le distributeur europ\u00e9en a ainsi fait l\u2019acquisition de Retif, fournisseur de solutions d\u2019agencement pour les commerces (CA 120 M\u20ac, 88 points de vente dont 66 en France et 300\u00a0000 clients), compl\u00e9tant ainsi son panel de solutions omnicanales. \u00abNos derniers rachats ont permis d\u2019assoir notre positionnement transversal afin de faire de Raja le distributeur leader europ\u00e9en multi-sp\u00e9cialiste en emballages, \u00e9quipements industriels, produits d&rsquo;hygi\u00e8ne-entretien et fournitures et mobiliers de bureau. Notre largeur et profondeur de gamme de produits ainsi que notre implantation partout en Europe constituent ind\u00e9niablement un bon rempart contre la crise. Sans compter que notre positionnement est un argument de taille pour de grands groupes \u00e0 la recherche de la m\u00eame qualit\u00e9 de services partout dans le monde\u00bb, poursuit le porte-parole de Raja. Le si\u00e8ge social du groupe \u00e0 Paris Nord 2 \u00e0 Tremblay-en-France a d\u2019ailleurs entam\u00e9 en 2024 une op\u00e9ration de r\u00e9novation de ses locaux afin d\u2019accueillir dans les meilleures conditions possibles ses salari\u00e9s. Un investissement qui s\u2019est accompagn\u00e9 d\u2019un nouvel ERP, de l\u2019installation de panneaux solaires, et c\u00f4t\u00e9 logistique, de l\u2019arriv\u00e9e d\u2019un super accumulateur vertical Atlas 2Dfourni par Stow pour gagner en emplacements palettes.<br>Autre projet de taille, cette fois-ci en Italie, o\u00f9 Mondoffice et Raja Italie ont r\u00e9cemment ouvert un nouveau centre de distribution commun de 45\u00a0000 m2\u00a0\u00e0 Castelletto Cervo. D\u2019une capacit\u00e9 de stockage de 50\u00a0000 r\u00e9f\u00e9rences, ce site labellis\u00e9 LEED (Leadership in Energy and Environmental Design) centralise d\u00e9sormais les activit\u00e9s logistiques des deux acteurs, capable de traiter et d\u2019exp\u00e9dier 4\u00a0500\u00a0commandes par jour, et de desservir 75% du territoire italien en moins de 24 heures. \u00c0 cette fin, il dispose notamment d\u2019un syst\u00e8me de stockage automatis\u00e9, d\u2019une solution semi-automatis\u00e9e de pr\u00e9paration des commandes dite \u00abgoods to person\u00bb (les produits sont amen\u00e9s aux pr\u00e9parateurs de commandes sans que ces derniers aient besoin de se d\u00e9placer) et de 51 quais de chargement des v\u00e9hicules. \u00abEn six ans, notre chiffre d\u2019affaires a tripl\u00e9, passant de 550 M\u20ac en 2017 \u00e0 1,7 Mrds \u20ac en 2023, illustrant notre ambition\u00a0: \u00eatre le partenaire N\u00b01 des entreprises en Europe, notamment gr\u00e2ce \u00e0 la mutualisation de notre offre et de nos outils logistiques pour \u00eatre comp\u00e9titifs, rapides et avec l\u2019empreinte environnementale la plus r\u00e9duite possible\u00bb, explique Ulrick Parfum. Prochain temps fort pour le distributeur\u00a0: la sortie de son catalogue 2025 en mars, o\u00f9 plusieurs nouveaut\u00e9s produits\u00a0sont attendues\u00a0: caisses am\u00e9ricaine, adh\u00e9sifs, pochettes, films. Au total, le distributeur compte 400\u00a0000 r\u00e9f\u00e9rences \u00e0 son offre, 2 millions de clients en Europe et s\u2019appuie sur un r\u00e9seau de 17 centres de distribution.<\/p>\n\n\n\n<p><strong>Embaleo d\u00e9ploie un mod\u00e8le responsable et des circuits courts<\/strong><br>Filiale du groupe familial Baudelet, Embaleo accompagne depuis plus de dix ans les e-commer\u00e7ants, les commer\u00e7ants et plus g\u00e9n\u00e9ralement les entreprises en proposant des solutions d\u2019emballage plus adapt\u00e9es et plus responsables. Malgr\u00e9 un march\u00e9 de l\u2019emballage au ralenti depuis le second semestre 2024, l\u2019entreprise a su tirer son \u00e9pingle du jeu avec un chiffre d\u2019affaires de 6,5 M\u20ac, en croissance de 15% pour un effectif de 25 salari\u00e9s. La PME se distingue par un portefeuille construit autour de produits 100% recycl\u00e9s, sourc\u00e9s localement. \u00abAvec le support de Baudelet Environnement, nous collectons les d\u00e9chets carton sur la r\u00e9gion des Hauts-de-France pour les revaloriser et les proposer au catalogue. A l\u2019heure actuelle, 80% de nos r\u00e9f\u00e9rences sont ainsi issues de ce circuit court. Ce mod\u00e8le responsable a d\u2019ailleurs \u00e9t\u00e9 r\u00e9compens\u00e9 par une m\u00e9daille d\u2019argent dans la cat\u00e9gorie RSE du concours Favori 2024 de la FEVAD\u00bb, explique Armaury Toulemonde, directeur g\u00e9n\u00e9ral d\u2019Embaleo. Autre cheval de bataille du distributeur\u00a0: la chasse du vide. En proposant de nombreux formats d\u2019emballages pour l\u2019exp\u00e9dition et la possibilit\u00e9 de panacher ses commandes, Embaleo accompagne ses clients pour adapter au plus juste l\u2019emballage au(x) produit(s). Une strat\u00e9gie et un positionnement qui ont permis de doubler le chiffre d\u2019affaires de l\u2019entreprise en trois ans et de changer de dimension, confie son dirigeant\u00a0: \u00abde pure player du e-commerce, nous avons depuis d\u00e9velopp\u00e9 la partie ventes terrain, en nous dotant d\u2019une \u00e9quipe commerciale sur les Hauts-de-France. Et gr\u00e2ce \u00e0 notre maison m\u00e8re Baudelet, nous pouvons proposer des offres combin\u00e9es bennes + cartons, un plus pour les petites structures de la r\u00e9gion\u00bb. Pour accompagner cette croissance, Embaleo projette en 2025 de doubler sa capacit\u00e9 de stockage sur son site de Bailleul afin d\u2019accueillir 3000 emplacements suppl\u00e9mentaires pour un montant de 1,5 M\u20ac. C\u00f4t\u00e9 produits, plusieurs r\u00e9f\u00e9rences sont venues compl\u00e9ter l\u2019offre du distributeur, \u00e0 l\u2019instar d\u2019un film \u00e9tirable int\u00e9grant 30% de mati\u00e8re recycl\u00e9e, d\u2019une enveloppe cartonn\u00e9e r\u00e9utilisable gr\u00e2ce \u00e0 ses bandes adh\u00e9sives ou encore un papier bulles 100% recycl\u00e9.<\/p>","protected":false},"excerpt":{"rendered":"<p>Malgr\u00e9 le marasme \u00e9conomique ambiant, les distributeurs de solutions d\u2019emballages tirent leur \u00e9pingle du jeu, en capitalisant sur leur positionnement multi-r\u00e9f\u00e9rences et\/ou multicanaux. Leur portefeuille s\u2019\u00e9toffe de solutions toujours plus durables, tandis que les investissements se poursuivent c\u00f4t\u00e9 logistique. Antalis France \u00e9toffe son offre de films \u00e9tirablesAntalis France d\u00e9voile son plan de d\u00e9veloppement de son [&hellip;]<\/p>","protected":false},"author":2,"featured_media":43327,"comment_status":"closed","ping_status":"closed","sticky":false,"template":"","format":"standard","meta":{"_acf_changed":false,"inline_featured_image":false,"iawp_total_views":0,"footnotes":""},"categories":[26,11,8,65],"tags":[],"class_list":["post-43326","post","type-post","status-publish","format-standard","has-post-thumbnail","hentry","category-laterale","category-emballages","category-industrie","category-vu-dans-le-mag"],"acf":[],"yoast_head":"<!-- This site is optimized with the Yoast SEO plugin v24.4 - https:\/\/yoast.com\/wordpress\/plugins\/seo\/ -->\n<title>Distributeurs : le secteur r\u00e9siste et poursuit ses investissements - Emballage Digest<\/title>\n<meta name=\"robots\" content=\"index, follow, max-snippet:-1, max-image-preview:large, max-video-preview:-1\" \/>\n<link rel=\"canonical\" href=\"https:\/\/www.emballagedigest.fr\/en\/distributeurs-le-secteur-resiste-et-poursuit-ses-investissements\/\" \/>\n<meta property=\"og:locale\" content=\"en_GB\" \/>\n<meta property=\"og:type\" content=\"article\" \/>\n<meta property=\"og:title\" content=\"Distributeurs : le secteur r\u00e9siste et poursuit ses investissements - Emballage Digest\" \/>\n<meta property=\"og:description\" content=\"Malgr\u00e9 le marasme \u00e9conomique ambiant, les distributeurs de solutions d\u2019emballages tirent leur \u00e9pingle du jeu, en capitalisant sur leur positionnement multi-r\u00e9f\u00e9rences et\/ou multicanaux. Leur portefeuille s\u2019\u00e9toffe de solutions toujours plus durables, tandis que les investissements se poursuivent c\u00f4t\u00e9 logistique. Antalis France \u00e9toffe son offre de films \u00e9tirablesAntalis France d\u00e9voile son plan de d\u00e9veloppement de son [&hellip;]\" \/>\n<meta property=\"og:url\" content=\"https:\/\/www.emballagedigest.fr\/en\/distributeurs-le-secteur-resiste-et-poursuit-ses-investissements\/\" \/>\n<meta property=\"og:site_name\" content=\"Emballage Digest\" \/>\n<meta property=\"article:published_time\" content=\"2025-01-12T10:02:00+00:00\" \/>\n<meta property=\"article:modified_time\" content=\"2025-01-17T10:04:12+00:00\" \/>\n<meta property=\"og:image\" content=\"https:\/\/www.emballagedigest.fr\/wp-content\/uploads\/2025\/01\/ANTALIS.jpg\" \/>\n\t<meta property=\"og:image:width\" content=\"800\" \/>\n\t<meta property=\"og:image:height\" content=\"608\" \/>\n\t<meta property=\"og:image:type\" content=\"image\/jpeg\" \/>\n<meta name=\"author\" content=\"Karine Duval\" \/>\n<meta name=\"twitter:card\" content=\"summary_large_image\" \/>\n<meta name=\"twitter:label1\" content=\"Written by\" \/>\n\t<meta name=\"twitter:data1\" content=\"Karine Duval\" \/>\n\t<meta name=\"twitter:label2\" content=\"Estimated reading time\" \/>\n\t<meta name=\"twitter:data2\" content=\"7 minutes\" \/>\n<script type=\"application\/ld+json\" class=\"yoast-schema-graph\">{\"@context\":\"https:\/\/schema.org\",\"@graph\":[{\"@type\":\"Article\",\"@id\":\"https:\/\/www.emballagedigest.fr\/distributeurs-le-secteur-resiste-et-poursuit-ses-investissements\/#article\",\"isPartOf\":{\"@id\":\"https:\/\/www.emballagedigest.fr\/distributeurs-le-secteur-resiste-et-poursuit-ses-investissements\/\"},\"author\":{\"name\":\"Karine Duval\",\"@id\":\"https:\/\/www.emballagedigest.fr\/#\/schema\/person\/76abe9f2b2ee4d3d520594c7a35da59f\"},\"headline\":\"Distributeurs : le secteur r\u00e9siste et poursuit ses investissements\",\"datePublished\":\"2025-01-12T10:02:00+00:00\",\"dateModified\":\"2025-01-17T10:04:12+00:00\",\"mainEntityOfPage\":{\"@id\":\"https:\/\/www.emballagedigest.fr\/distributeurs-le-secteur-resiste-et-poursuit-ses-investissements\/\"},\"wordCount\":1503,\"publisher\":{\"@id\":\"https:\/\/www.emballagedigest.fr\/#organization\"},\"image\":{\"@id\":\"https:\/\/www.emballagedigest.fr\/distributeurs-le-secteur-resiste-et-poursuit-ses-investissements\/#primaryimage\"},\"thumbnailUrl\":\"https:\/\/www.emballagedigest.fr\/wp-content\/uploads\/2025\/01\/ANTALIS.jpg\",\"articleSection\":[\"Barre lat\u00e9rale\",\"Emballages\",\"Industrie\",\"Vu dans le mag\"],\"inLanguage\":\"en-GB\"},{\"@type\":\"WebPage\",\"@id\":\"https:\/\/www.emballagedigest.fr\/distributeurs-le-secteur-resiste-et-poursuit-ses-investissements\/\",\"url\":\"https:\/\/www.emballagedigest.fr\/distributeurs-le-secteur-resiste-et-poursuit-ses-investissements\/\",\"name\":\"Distributeurs : le secteur r\u00e9siste et poursuit ses investissements - Emballage Digest\",\"isPartOf\":{\"@id\":\"https:\/\/www.emballagedigest.fr\/#website\"},\"primaryImageOfPage\":{\"@id\":\"https:\/\/www.emballagedigest.fr\/distributeurs-le-secteur-resiste-et-poursuit-ses-investissements\/#primaryimage\"},\"image\":{\"@id\":\"https:\/\/www.emballagedigest.fr\/distributeurs-le-secteur-resiste-et-poursuit-ses-investissements\/#primaryimage\"},\"thumbnailUrl\":\"https:\/\/www.emballagedigest.fr\/wp-content\/uploads\/2025\/01\/ANTALIS.jpg\",\"datePublished\":\"2025-01-12T10:02:00+00:00\",\"dateModified\":\"2025-01-17T10:04:12+00:00\",\"breadcrumb\":{\"@id\":\"https:\/\/www.emballagedigest.fr\/distributeurs-le-secteur-resiste-et-poursuit-ses-investissements\/#breadcrumb\"},\"inLanguage\":\"en-GB\",\"potentialAction\":[{\"@type\":\"ReadAction\",\"target\":[\"https:\/\/www.emballagedigest.fr\/distributeurs-le-secteur-resiste-et-poursuit-ses-investissements\/\"]}]},{\"@type\":\"ImageObject\",\"inLanguage\":\"en-GB\",\"@id\":\"https:\/\/www.emballagedigest.fr\/distributeurs-le-secteur-resiste-et-poursuit-ses-investissements\/#primaryimage\",\"url\":\"https:\/\/www.emballagedigest.fr\/wp-content\/uploads\/2025\/01\/ANTALIS.jpg\",\"contentUrl\":\"https:\/\/www.emballagedigest.fr\/wp-content\/uploads\/2025\/01\/ANTALIS.jpg\",\"width\":800,\"height\":608},{\"@type\":\"BreadcrumbList\",\"@id\":\"https:\/\/www.emballagedigest.fr\/distributeurs-le-secteur-resiste-et-poursuit-ses-investissements\/#breadcrumb\",\"itemListElement\":[{\"@type\":\"ListItem\",\"position\":1,\"name\":\"Accueil\",\"item\":\"https:\/\/www.emballagedigest.fr\/\"},{\"@type\":\"ListItem\",\"position\":2,\"name\":\"Distributeurs : le secteur r\u00e9siste et poursuit ses investissements\"}]},{\"@type\":\"WebSite\",\"@id\":\"https:\/\/www.emballagedigest.fr\/#website\",\"url\":\"https:\/\/www.emballagedigest.fr\/\",\"name\":\"Emballage Digest\",\"description\":\"Revue professionnelle sur les emballages\",\"publisher\":{\"@id\":\"https:\/\/www.emballagedigest.fr\/#organization\"},\"potentialAction\":[{\"@type\":\"SearchAction\",\"target\":{\"@type\":\"EntryPoint\",\"urlTemplate\":\"https:\/\/www.emballagedigest.fr\/?s={search_term_string}\"},\"query-input\":{\"@type\":\"PropertyValueSpecification\",\"valueRequired\":true,\"valueName\":\"search_term_string\"}}],\"inLanguage\":\"en-GB\"},{\"@type\":\"Organization\",\"@id\":\"https:\/\/www.emballagedigest.fr\/#organization\",\"name\":\"Emballage Digest\",\"url\":\"https:\/\/www.emballagedigest.fr\/\",\"logo\":{\"@type\":\"ImageObject\",\"inLanguage\":\"en-GB\",\"@id\":\"https:\/\/www.emballagedigest.fr\/#\/schema\/logo\/image\/\",\"url\":\"https:\/\/www.emballagedigest.fr\/wp-content\/uploads\/2022\/07\/logo-ed.png\",\"contentUrl\":\"https:\/\/www.emballagedigest.fr\/wp-content\/uploads\/2022\/07\/logo-ed.png\",\"width\":379,\"height\":75,\"caption\":\"Emballage Digest\"},\"image\":{\"@id\":\"https:\/\/www.emballagedigest.fr\/#\/schema\/logo\/image\/\"}},{\"@type\":\"Person\",\"@id\":\"https:\/\/www.emballagedigest.fr\/#\/schema\/person\/76abe9f2b2ee4d3d520594c7a35da59f\",\"name\":\"Karine Duval\",\"image\":{\"@type\":\"ImageObject\",\"inLanguage\":\"en-GB\",\"@id\":\"https:\/\/www.emballagedigest.fr\/#\/schema\/person\/image\/\",\"url\":\"https:\/\/secure.gravatar.com\/avatar\/f552799261cdd2e076e6677d780ef07bdb13aa4c196ab75b39abcbcdcae2d4e5?s=96&d=mm&r=g\",\"contentUrl\":\"https:\/\/secure.gravatar.com\/avatar\/f552799261cdd2e076e6677d780ef07bdb13aa4c196ab75b39abcbcdcae2d4e5?s=96&d=mm&r=g\",\"caption\":\"Karine Duval\"},\"url\":\"https:\/\/www.emballagedigest.fr\/en\/author\/admin_karduv\/\"}]}<\/script>\n<!-- \/ Yoast SEO plugin. -->","yoast_head_json":{"title":"Distributeurs : le secteur r\u00e9siste et poursuit ses investissements - Emballage Digest","robots":{"index":"index","follow":"follow","max-snippet":"max-snippet:-1","max-image-preview":"max-image-preview:large","max-video-preview":"max-video-preview:-1"},"canonical":"https:\/\/www.emballagedigest.fr\/en\/distributeurs-le-secteur-resiste-et-poursuit-ses-investissements\/","og_locale":"en_GB","og_type":"article","og_title":"Distributeurs : le secteur r\u00e9siste et poursuit ses investissements - Emballage Digest","og_description":"Malgr\u00e9 le marasme \u00e9conomique ambiant, les distributeurs de solutions d\u2019emballages tirent leur \u00e9pingle du jeu, en capitalisant sur leur positionnement multi-r\u00e9f\u00e9rences et\/ou multicanaux. Leur portefeuille s\u2019\u00e9toffe de solutions toujours plus durables, tandis que les investissements se poursuivent c\u00f4t\u00e9 logistique. Antalis France \u00e9toffe son offre de films \u00e9tirablesAntalis France d\u00e9voile son plan de d\u00e9veloppement de son [&hellip;]","og_url":"https:\/\/www.emballagedigest.fr\/en\/distributeurs-le-secteur-resiste-et-poursuit-ses-investissements\/","og_site_name":"Emballage Digest","article_published_time":"2025-01-12T10:02:00+00:00","article_modified_time":"2025-01-17T10:04:12+00:00","og_image":[{"width":800,"height":608,"url":"https:\/\/www.emballagedigest.fr\/wp-content\/uploads\/2025\/01\/ANTALIS.jpg","type":"image\/jpeg"}],"author":"Karine Duval","twitter_card":"summary_large_image","twitter_misc":{"Written by":"Karine Duval","Estimated reading time":"7 minutes"},"schema":{"@context":"https:\/\/schema.org","@graph":[{"@type":"Article","@id":"https:\/\/www.emballagedigest.fr\/distributeurs-le-secteur-resiste-et-poursuit-ses-investissements\/#article","isPartOf":{"@id":"https:\/\/www.emballagedigest.fr\/distributeurs-le-secteur-resiste-et-poursuit-ses-investissements\/"},"author":{"name":"Karine Duval","@id":"https:\/\/www.emballagedigest.fr\/#\/schema\/person\/76abe9f2b2ee4d3d520594c7a35da59f"},"headline":"Distributeurs : le secteur r\u00e9siste et poursuit ses investissements","datePublished":"2025-01-12T10:02:00+00:00","dateModified":"2025-01-17T10:04:12+00:00","mainEntityOfPage":{"@id":"https:\/\/www.emballagedigest.fr\/distributeurs-le-secteur-resiste-et-poursuit-ses-investissements\/"},"wordCount":1503,"publisher":{"@id":"https:\/\/www.emballagedigest.fr\/#organization"},"image":{"@id":"https:\/\/www.emballagedigest.fr\/distributeurs-le-secteur-resiste-et-poursuit-ses-investissements\/#primaryimage"},"thumbnailUrl":"https:\/\/www.emballagedigest.fr\/wp-content\/uploads\/2025\/01\/ANTALIS.jpg","articleSection":["Barre lat\u00e9rale","Emballages","Industrie","Vu dans le mag"],"inLanguage":"en-GB"},{"@type":"WebPage","@id":"https:\/\/www.emballagedigest.fr\/distributeurs-le-secteur-resiste-et-poursuit-ses-investissements\/","url":"https:\/\/www.emballagedigest.fr\/distributeurs-le-secteur-resiste-et-poursuit-ses-investissements\/","name":"Distributeurs : le secteur r\u00e9siste et poursuit ses investissements - Emballage Digest","isPartOf":{"@id":"https:\/\/www.emballagedigest.fr\/#website"},"primaryImageOfPage":{"@id":"https:\/\/www.emballagedigest.fr\/distributeurs-le-secteur-resiste-et-poursuit-ses-investissements\/#primaryimage"},"image":{"@id":"https:\/\/www.emballagedigest.fr\/distributeurs-le-secteur-resiste-et-poursuit-ses-investissements\/#primaryimage"},"thumbnailUrl":"https:\/\/www.emballagedigest.fr\/wp-content\/uploads\/2025\/01\/ANTALIS.jpg","datePublished":"2025-01-12T10:02:00+00:00","dateModified":"2025-01-17T10:04:12+00:00","breadcrumb":{"@id":"https:\/\/www.emballagedigest.fr\/distributeurs-le-secteur-resiste-et-poursuit-ses-investissements\/#breadcrumb"},"inLanguage":"en-GB","potentialAction":[{"@type":"ReadAction","target":["https:\/\/www.emballagedigest.fr\/distributeurs-le-secteur-resiste-et-poursuit-ses-investissements\/"]}]},{"@type":"ImageObject","inLanguage":"en-GB","@id":"https:\/\/www.emballagedigest.fr\/distributeurs-le-secteur-resiste-et-poursuit-ses-investissements\/#primaryimage","url":"https:\/\/www.emballagedigest.fr\/wp-content\/uploads\/2025\/01\/ANTALIS.jpg","contentUrl":"https:\/\/www.emballagedigest.fr\/wp-content\/uploads\/2025\/01\/ANTALIS.jpg","width":800,"height":608},{"@type":"BreadcrumbList","@id":"https:\/\/www.emballagedigest.fr\/distributeurs-le-secteur-resiste-et-poursuit-ses-investissements\/#breadcrumb","itemListElement":[{"@type":"ListItem","position":1,"name":"Accueil","item":"https:\/\/www.emballagedigest.fr\/"},{"@type":"ListItem","position":2,"name":"Distributeurs : le secteur r\u00e9siste et poursuit ses investissements"}]},{"@type":"WebSite","@id":"https:\/\/www.emballagedigest.fr\/#website","url":"https:\/\/www.emballagedigest.fr\/","name":"Emballage Digest","description":"Revue professionnelle sur les emballages","publisher":{"@id":"https:\/\/www.emballagedigest.fr\/#organization"},"potentialAction":[{"@type":"SearchAction","target":{"@type":"EntryPoint","urlTemplate":"https:\/\/www.emballagedigest.fr\/?s={search_term_string}"},"query-input":{"@type":"PropertyValueSpecification","valueRequired":true,"valueName":"search_term_string"}}],"inLanguage":"en-GB"},{"@type":"Organization","@id":"https:\/\/www.emballagedigest.fr\/#organization","name":"Emballage Digest","url":"https:\/\/www.emballagedigest.fr\/","logo":{"@type":"ImageObject","inLanguage":"en-GB","@id":"https:\/\/www.emballagedigest.fr\/#\/schema\/logo\/image\/","url":"https:\/\/www.emballagedigest.fr\/wp-content\/uploads\/2022\/07\/logo-ed.png","contentUrl":"https:\/\/www.emballagedigest.fr\/wp-content\/uploads\/2022\/07\/logo-ed.png","width":379,"height":75,"caption":"Emballage Digest"},"image":{"@id":"https:\/\/www.emballagedigest.fr\/#\/schema\/logo\/image\/"}},{"@type":"Person","@id":"https:\/\/www.emballagedigest.fr\/#\/schema\/person\/76abe9f2b2ee4d3d520594c7a35da59f","name":"Karine Duval","image":{"@type":"ImageObject","inLanguage":"en-GB","@id":"https:\/\/www.emballagedigest.fr\/#\/schema\/person\/image\/","url":"https:\/\/secure.gravatar.com\/avatar\/f552799261cdd2e076e6677d780ef07bdb13aa4c196ab75b39abcbcdcae2d4e5?s=96&d=mm&r=g","contentUrl":"https:\/\/secure.gravatar.com\/avatar\/f552799261cdd2e076e6677d780ef07bdb13aa4c196ab75b39abcbcdcae2d4e5?s=96&d=mm&r=g","caption":"Karine Duval"},"url":"https:\/\/www.emballagedigest.fr\/en\/author\/admin_karduv\/"}]}},"_links":{"self":[{"href":"https:\/\/www.emballagedigest.fr\/en\/wp-json\/wp\/v2\/posts\/43326","targetHints":{"allow":["GET"]}}],"collection":[{"href":"https:\/\/www.emballagedigest.fr\/en\/wp-json\/wp\/v2\/posts"}],"about":[{"href":"https:\/\/www.emballagedigest.fr\/en\/wp-json\/wp\/v2\/types\/post"}],"author":[{"embeddable":true,"href":"https:\/\/www.emballagedigest.fr\/en\/wp-json\/wp\/v2\/users\/2"}],"replies":[{"embeddable":true,"href":"https:\/\/www.emballagedigest.fr\/en\/wp-json\/wp\/v2\/comments?post=43326"}],"version-history":[{"count":1,"href":"https:\/\/www.emballagedigest.fr\/en\/wp-json\/wp\/v2\/posts\/43326\/revisions"}],"predecessor-version":[{"id":43328,"href":"https:\/\/www.emballagedigest.fr\/en\/wp-json\/wp\/v2\/posts\/43326\/revisions\/43328"}],"wp:featuredmedia":[{"embeddable":true,"href":"https:\/\/www.emballagedigest.fr\/en\/wp-json\/wp\/v2\/media\/43327"}],"wp:attachment":[{"href":"https:\/\/www.emballagedigest.fr\/en\/wp-json\/wp\/v2\/media?parent=43326"}],"wp:term":[{"taxonomy":"category","embeddable":true,"href":"https:\/\/www.emballagedigest.fr\/en\/wp-json\/wp\/v2\/categories?post=43326"},{"taxonomy":"post_tag","embeddable":true,"href":"https:\/\/www.emballagedigest.fr\/en\/wp-json\/wp\/v2\/tags?post=43326"}],"curies":[{"name":"wp","href":"https:\/\/api.w.org\/{rel}","templated":true}]}}