{"id":43362,"date":"2025-01-12T11:27:00","date_gmt":"2025-01-12T10:27:00","guid":{"rendered":"https:\/\/www.emballagedigest.fr\/?p=43362"},"modified":"2025-01-17T11:28:48","modified_gmt":"2025-01-17T10:28:48","slug":"des-emballages-metalliques-tout-en-legerete","status":"publish","type":"post","link":"https:\/\/www.emballagedigest.fr\/en\/des-emballages-metalliques-tout-en-legerete\/","title":{"rendered":"Des emballages m\u00e9talliques tout en l\u00e9g\u00e8ret\u00e9"},"content":{"rendered":"<p><strong>Les fournisseurs poursuivent leurs travaux sur l\u2019all\u00e8gement des emballages m\u00e9talliques, tout en portant une attention particuli\u00e8re \u00e0 l\u2019am\u00e9lioration de la praticit\u00e9, et \u00e0 leur proposition en termes de d\u00e9coration.<\/strong><\/p>\n\n\n\n<p>Le syndicat national des fabricants de bo\u00eetes, emballages et bouchages m\u00e9talliques (SNFBM) a r\u00e9alis\u00e9 dans son dernier rapport annuel un \u00e9tat des lieux du march\u00e9 des emballages alimentaires en m\u00e9tal. Pr\u00e8s de 6 milliards de canettes ont \u00e9t\u00e9 produites dans l\u2019Hexagone en 2023 pour r\u00e9pondre \u00e0 la demande d\u2019un march\u00e9 en plein essor en France, mais aussi aux demandes des pays voisins. Avec une croissance des ventes en volume \u00e0 +3 % depuis deux ann\u00e9es cons\u00e9cutives dans des march\u00e9s pourtant chahut\u00e9s, la canette reprend des parts de march\u00e9. \u00abLes canettes ont surpass\u00e9 les autres mat\u00e9riaux pendant la p\u00e9riode estivale et lors des Jeux Olympiques 2024. Les J.O ont enregistr\u00e9 la plus forte augmentation de la consommation de canettes par rapport aux autres types d\u2019emballages (+16,8% en valeur \u2013 source Nielsen Retail Data)\u00bb, remarque Ana Neale, vice-pr\u00e9sidente perspectives et strat\u00e9gie de Ball Corporation. Par ailleurs, entre 2021 et 2022, l\u2019\u00e9volution des volumes (en nombre d\u2019articles) est plus importante pour la conserve en bo\u00eete m\u00e9tal (+2%) que pour le total des produits de grande consommation (+0,1%). Dans le contexte inflationniste de 2023, la croissance de la conserve en valeur (+6% par rapport \u00e0 2021) est aussi due \u00e0 une hausse des prix. Mais l\u2019inflation a fortement impact\u00e9 l\u2019ensemble des produits de grande consommation et le march\u00e9 des conserves a subi une baisse en volume (-2%). Idem pour le segment des poudres de lait infantile en boite m\u00e9tal, fortement impact\u00e9 par l\u2019inflation, avec des prix en augmentation de 20% en deux ans. D\u2019autres facteurs expliquent une baisse des demandes \u2013 notamment une chute de la natalit\u00e9 en France, et des march\u00e9s \u00e0 l\u2019export chahut\u00e9s (baisse de la natalit\u00e9 en Chine, et r\u00e9ouverture aux Etats-Unis d\u2019une usine d\u2019un fabricant majeur de lait). Quant au march\u00e9 des boissons en poudre en boite m\u00e9tal en France,\u00a0il se montre solide, avec une croissance stable pr\u00e9vue \u00e0 long terme. Reprenant le rythme de 2021, les ventes se redressent. La mont\u00e9e en gamme et l\u2019hyper-segmentation, particuli\u00e8rement sur le segment des th\u00e9s, font croitre le chiffre d\u2019affaires de la cat\u00e9gorie et favorisent le d\u00e9veloppement d\u2019emballages rigides.<\/p>\n\n\n\n<p><strong>Des solutions pour une ouverture simplifi\u00e9e<\/strong><br>La soci\u00e9t\u00e9 Eviosys travaille avec l\u2019agence Caramel pour d\u00e9finir les tendances sur l\u2019emballage promotionnel et alimentaire en m\u00e9tal. Pour 2026, ils en ont identifi\u00e9 trois \u2013 bas\u00e9es sur les comportements des consommateurs. La tendance \u00abEquinoxe\u00bb renvoie \u00e0 des effets chauds \u2013 froids, iridescents, martel\u00e9s\u00a0; \u00abC\u00e9l\u00e9bration\u00bb \u00e0 des formes aux effets \u00abwaouh\u00bb, \u00e0 des emballages pouvant porter des messages pour r\u00e9pondre \u00e0 un besoin de connexion aux autres\u00a0; \u00e0 l\u2019inverse \u00abInstinct\u00bb r\u00e9v\u00e8le un besoin de d\u00e9connexion qui se traduit par des formes naturelles, organiques. Au-del\u00e0 des formes et de la d\u00e9coration, les consommateurs sont \u00e0 la recherche de praticit\u00e9. \u00abIls appr\u00e9cient la facilit\u00e9 d\u2019ouverture des bo\u00eetes sans avoir besoin d\u2019ouvre-bo\u00eetes. Aux \u00c9tats-Unis, mais aussi de plus en plus en Europe, les bo\u00eetes alimentaires en deux pi\u00e8ces D&amp;I (Diversit\u00e9 et Inclusion) connaissent une forte demande\u00bb, remarque Nicole Korb, responsable communication Produits et d\u00e9veloppement de march\u00e9 de thyssenkrupp Rasselstein. La facilit\u00e9 d\u2019ouverture\u00a0est un focus R&amp;D important chez les fournisseurs. \u00abNous concevons actuellement un couvercle \u00e0 ouverture facile pour la boite conserve, avec une sensation proche d\u2019un operculage. Nous jouons sur le design \u2013 en modifiant par exemple des \u00e9l\u00e9ments autour de l\u2019anneau d\u2019ouverture \u2013 et sur la typologie de m\u00e9tal pour doser souplesse et r\u00e9sistance\u00bb, indique Val\u00e9rie Bindschedler, directrice marketing de Massilly. De son c\u00f4t\u00e9, Eviosys a lanc\u00e9 en 2023 la boite de conserve Ecopeel, dot\u00e9e d\u2019un opercule en remplacement du syst\u00e8me d\u2019ouverture classique. \u00abLe haut du corps de la bo\u00eete a \u00e9t\u00e9 recourb\u00e9 afin de pouvoir directement sceller l\u2019opercule dessus. Cela permet une \u00e9conomie de mat\u00e9riaux et rend la boite plus facile \u00e0 ouvrir car l\u2019angle \u00e0 45\u00b0 de la surface de scellage r\u00e9duit la force d\u2019usage n\u00e9cessaire. L\u2019int\u00e9rieur de la boite est lisse afin de vider la boite plus facilement. Nous livrons la boite d\u00e9j\u00e0 scell\u00e9e\u00a0: nos clients la remplissent et la sertissent par le fond, avec leurs \u00e9quipements standards\u00bb, d\u00e9crit Isabelle Le Gra\u00ebt, responsable communication et exp\u00e9rience client d\u2019Eviosys, qui constate que l\u2019exp\u00e9rience consommateur constitue une demande importante de la part des clients. C\u2019est d\u2019ailleurs dans ce but que la soci\u00e9t\u00e9, r\u00e9cemment rachet\u00e9e par Sonoco, a mis sur le march\u00e9 un nouveau diam\u00e8tre pour son couvercle Orbit. D\u00e9sormais disponible en 66 mm, ce couvercle est dot\u00e9 d\u2019un anneau externe qui r\u00e9duit de 50% l\u2019effort \u00e0 l\u2019ouverture.<\/p>\n\n\n\n<p><strong>Repousser les limites des \u00e9paisseurs<\/strong><br>Eviosys a, en outre, con\u00e7u une nouvelle capsule Horizon, plus l\u00e9g\u00e8re que sa premi\u00e8re version datant de 2023. \u00abNous allons encore plus loin dans la r\u00e9duction d\u2019\u00e9paisseur, et avons pouss\u00e9 le m\u00e9tal dans ses retranchements pour obtenir une capsule emboutie pesant 5 g \u2013 au lieu de 15 g, ce qui g\u00e9n\u00e8re une r\u00e9duction de 30% des \u00e9missions de CO2. Cela passe par le design, le mat\u00e9riau \u2013 nous utilisons de l\u2019aluminium pour cette seconde version, au lieu d\u2019acier. Le challenge \u00e9tait que la capsule ne se d\u00e9forme pas et ne casse pas\u00bb, souligne Isabelle Le Gra\u00ebt. R\u00e9duire l\u2019\u00e9paisseur de ses produits a permis \u00e0 la soci\u00e9t\u00e9 d\u2019\u00e9conomiser 1339 tonnes d\u2019acier en 2023. L\u2019entreprise Massilly avance, elle, \u00absur des joints sans PVC sur les capsules. Les demandes sont croissantes pour l\u2019\u00e9liminer. Nous le rempla\u00e7ons par une nouvelle formulation de joint, coupl\u00e9e \u00e0 une technique de pose diff\u00e9rente\u00bb, d\u00e9taille Val\u00e9rie Bindschedler. Les fournisseurs continuent aussi d\u2019all\u00e9ger les contenants. Ball Corporation a mis au point le design STARcanqui, compar\u00e9 \u00e0 d\u2019autres canettes de m\u00eame taille, r\u00e9duit le poids de 3 \u00e0 8% selon la taille et la forme du contenant en aluminium. Thyssenkrupp a par exemple con\u00e7u l\u2019acier pour emballage rasselstein\u00ae Solidflex \u2013 un acier dur mais particuli\u00e8rement formable. \u00abRasselstein\u00ae Solidflex permet l\u2019utilisation de mat\u00e9riaux plus fins tout en conservant la m\u00eame stabilit\u00e9 de la bo\u00eete. Avec une capacit\u00e9 d\u2019allongement et des limites d\u2019\u00e9lasticit\u00e9 \u00e9lev\u00e9es, ce mat\u00e9riau est adapt\u00e9 aux applications n\u00e9cessitant une grande r\u00e9sistance et une formabilit\u00e9 importante, comme les ouvertures faciles pour les bo\u00eetes alimentaires ou les extr\u00e9mit\u00e9s et fonds des a\u00e9rosols\u00bb, explique Nicole Korb. Le groupe a \u00e9galement mis au point le grade d\u2019acier \u00abrasselstein\u00ae D&amp;I Solid\u00bb pour la production de bo\u00eetes alimentaires en deux pi\u00e8ces. \u00abGr\u00e2ce \u00e0 un proc\u00e9d\u00e9 de fabrication innovant, ce mat\u00e9riau permet une augmentation de 20% de la stabilit\u00e9 axiale des bo\u00eetes D&amp;I, ouvrant ainsi un potentiel consid\u00e9rable de r\u00e9duction d\u2019\u00e9paisseur \u2013 ce qui peut entra\u00eener des \u00e9conomies de mat\u00e9riau allant jusqu\u2019\u00e0 10%\u00bb, ajoute-t-elle. Thyssenkrupp propose aussi des produits fabriqu\u00e9s \u00e0 partir d\u2019acier bluemint\u00ae, dont le processus de production r\u00e9duit les \u00e9missions de CO2.<\/p>\n\n\n\n<p><strong>D\u00e9coration\u00a0: des impressions en finesse<\/strong><br>C\u00f4t\u00e9 d\u00e9coration, les emballages en m\u00e9tal permettent aussi des innovations. Ball Corporation a, par exemple, relanc\u00e9 en zone EMEA la technologie d\u2019impression Dynamark Advanced Pro. \u00abCette technologie permet de multiplier les graphismes sur une seule palette, favorisant l\u2019originalit\u00e9, une plus grande flexibilit\u00e9 de conception, la personnalisation \u2013 avec jusqu\u2019\u00e0 12 images diff\u00e9rentes imprim\u00e9es lors d\u2019un m\u00eame cycle de production\u00bb, pr\u00e9cise Ana Neale. Ball a, en outre, collabor\u00e9 avec le conditionneur d\u2019eau min\u00e9rale Minalba Brasil afin de r\u00e9soudre un probl\u00e8me concernant la communaut\u00e9 des malvoyants : lire les \u00e9tiquettes. \u00abNous avons cr\u00e9\u00e9 une canette en aluminium avec un couvercle emboss\u00e9 en braille, en deux options : eau et eau p\u00e9tillante. Ce fut une t\u00e2che difficile car les couvercles de canettes sont circulaires, ce qui peut \u00eatre d\u00e9routant pour une langue comme le braille, qui se lit de gauche \u00e0 droite. Il \u00e9tait crucial d\u2019\u00eatre pr\u00e9cis dans la taille des points et la distance entre eux pour transmettre le bon message \u00e0 ces consommateurs\u00bb, explique-t-elle. L\u2019entreprise Massilly augmente, elle, ses capacit\u00e9s en vernissage et en impression avec de nouvelles machines. \u00abNous sommes en mesure de r\u00e9aliser des qualit\u00e9s d\u2019impression tr\u00e8s fines, et avons investi dans une machine d\u2019impression digitale<br>pour avoir plus de flexibilit\u00e9 sur de petites s\u00e9ries de bo\u00eetes\u00bb, d\u00e9taille Val\u00e9rie Bindschedler. Eviosys augmente \u00e9galement ses capacit\u00e9s en termes de d\u00e9coration. \u00abNous avons de plus en plus de demandes pour du marquage \u00e0 chaud sur m\u00e9tal \u2013 une technique que nous maitrisons. Nous avons par ailleurs sorti des effets cuir cette ann\u00e9e, obtenus par coating\u00bb, indique Isabelle Le Gra\u00ebt.<\/p>\n\n\n\n<p><strong>Investissements\u00a0: RSE et capacit\u00e9s<\/strong><br>Globalement, les investissements des fournisseurs tournent autour de la RSE, d\u2019un meilleur usage des \u00e9nergies, d\u2019une augmentation des capacit\u00e9s et des am\u00e9liorations industrielles. Massilly compte une branche \u00abconditionnement\u00bb\u00a0: l\u2019entreprise a d\u00e9velopp\u00e9 une nouvelle g\u00e9n\u00e9ration de capsuleuses permettant de r\u00e9duire la consommation d\u2019\u00e9nergies (vapeur, eau). Pour renforcer son offre premium, Massilly a par ailleurs rachet\u00e9 l\u2019entreprise espagnole Eurobox, sp\u00e9cialis\u00e9e dans les coffrets m\u00e9talliques haut de gamme. Outre des investissements cons\u00e9quents pour r\u00e9duire sa consommation \u00e9nerg\u00e9tique au sein de ses usines \u2013 avec notamment l\u2019installation de panneaux solaires en Espagne et en Italie, Eviosys se dote r\u00e9guli\u00e8rement de nouvelles machines. En Turquie, de nouvelles lignes viennent d\u2019\u00eatre inaugur\u00e9es pour la production de boites. Ball Corporation a exp\u00e9riment\u00e9 l\u2019utilisation de carburant renouvelable et de v\u00e9hicules \u00e9lectriques lourds, et investi dans la mise en place d\u2019initiatives et d\u2019infrastructures de recyclage sur les march\u00e9s dans lesquels le groupe op\u00e8re. Quant au groupe thyssenkrupp Rasselstein, il participe \u00e0 deux projets de recherche examinant comment l\u2019hydrog\u00e8ne \u2013 en tant que combustible \u2013 peut r\u00e9duire les \u00e9missions de CO2 dans l\u2019industrie sid\u00e9rurgique, notamment lors de la production de fer blanc.<\/p>","protected":false},"excerpt":{"rendered":"<p>Les fournisseurs poursuivent leurs travaux sur l\u2019all\u00e8gement des emballages m\u00e9talliques, tout en portant une attention particuli\u00e8re \u00e0 l\u2019am\u00e9lioration de la praticit\u00e9, et \u00e0 leur proposition en termes de d\u00e9coration. Le syndicat national des fabricants de bo\u00eetes, emballages et bouchages m\u00e9talliques (SNFBM) a r\u00e9alis\u00e9 dans son dernier rapport annuel un \u00e9tat des lieux du march\u00e9 des [&hellip;]<\/p>","protected":false},"author":2,"featured_media":43363,"comment_status":"closed","ping_status":"closed","sticky":false,"template":"","format":"standard","meta":{"_acf_changed":false,"inline_featured_image":false,"iawp_total_views":0,"footnotes":""},"categories":[5,26,81,65],"tags":[],"class_list":["post-43362","post","type-post","status-publish","format-standard","has-post-thumbnail","hentry","category-alimentaire","category-laterale","category-packaging","category-vu-dans-le-mag"],"acf":[],"yoast_head":"<!-- This site is optimized with the Yoast SEO plugin v24.4 - https:\/\/yoast.com\/wordpress\/plugins\/seo\/ -->\n<title>Des emballages m\u00e9talliques tout en l\u00e9g\u00e8ret\u00e9 - Emballage Digest<\/title>\n<meta name=\"robots\" content=\"index, follow, max-snippet:-1, max-image-preview:large, max-video-preview:-1\" \/>\n<link rel=\"canonical\" href=\"https:\/\/www.emballagedigest.fr\/en\/des-emballages-metalliques-tout-en-legerete\/\" \/>\n<meta property=\"og:locale\" content=\"en_GB\" \/>\n<meta property=\"og:type\" content=\"article\" \/>\n<meta property=\"og:title\" content=\"Des emballages m\u00e9talliques tout en l\u00e9g\u00e8ret\u00e9 - Emballage Digest\" \/>\n<meta property=\"og:description\" content=\"Les fournisseurs poursuivent leurs travaux sur l\u2019all\u00e8gement des emballages m\u00e9talliques, tout en portant une attention particuli\u00e8re \u00e0 l\u2019am\u00e9lioration de la praticit\u00e9, et \u00e0 leur proposition en termes de d\u00e9coration. Le syndicat national des fabricants de bo\u00eetes, emballages et bouchages m\u00e9talliques (SNFBM) a r\u00e9alis\u00e9 dans son dernier rapport annuel un \u00e9tat des lieux du march\u00e9 des [&hellip;]\" \/>\n<meta property=\"og:url\" content=\"https:\/\/www.emballagedigest.fr\/en\/des-emballages-metalliques-tout-en-legerete\/\" \/>\n<meta property=\"og:site_name\" content=\"Emballage Digest\" \/>\n<meta property=\"article:published_time\" content=\"2025-01-12T10:27:00+00:00\" \/>\n<meta property=\"article:modified_time\" content=\"2025-01-17T10:28:48+00:00\" \/>\n<meta property=\"og:image\" content=\"https:\/\/www.emballagedigest.fr\/wp-content\/uploads\/2025\/01\/eviosys-Ecopeel.jpg\" \/>\n\t<meta property=\"og:image:width\" content=\"800\" \/>\n\t<meta property=\"og:image:height\" content=\"600\" \/>\n\t<meta property=\"og:image:type\" content=\"image\/jpeg\" \/>\n<meta name=\"author\" content=\"Karine Duval\" \/>\n<meta name=\"twitter:card\" content=\"summary_large_image\" \/>\n<meta name=\"twitter:label1\" content=\"Written by\" \/>\n\t<meta name=\"twitter:data1\" content=\"Karine Duval\" \/>\n\t<meta name=\"twitter:label2\" content=\"Estimated reading time\" \/>\n\t<meta name=\"twitter:data2\" content=\"8 minutes\" \/>\n<script type=\"application\/ld+json\" class=\"yoast-schema-graph\">{\"@context\":\"https:\/\/schema.org\",\"@graph\":[{\"@type\":\"Article\",\"@id\":\"https:\/\/www.emballagedigest.fr\/des-emballages-metalliques-tout-en-legerete\/#article\",\"isPartOf\":{\"@id\":\"https:\/\/www.emballagedigest.fr\/des-emballages-metalliques-tout-en-legerete\/\"},\"author\":{\"name\":\"Karine Duval\",\"@id\":\"https:\/\/www.emballagedigest.fr\/#\/schema\/person\/76abe9f2b2ee4d3d520594c7a35da59f\"},\"headline\":\"Des emballages m\u00e9talliques tout en l\u00e9g\u00e8ret\u00e9\",\"datePublished\":\"2025-01-12T10:27:00+00:00\",\"dateModified\":\"2025-01-17T10:28:48+00:00\",\"mainEntityOfPage\":{\"@id\":\"https:\/\/www.emballagedigest.fr\/des-emballages-metalliques-tout-en-legerete\/\"},\"wordCount\":1752,\"publisher\":{\"@id\":\"https:\/\/www.emballagedigest.fr\/#organization\"},\"image\":{\"@id\":\"https:\/\/www.emballagedigest.fr\/des-emballages-metalliques-tout-en-legerete\/#primaryimage\"},\"thumbnailUrl\":\"https:\/\/www.emballagedigest.fr\/wp-content\/uploads\/2025\/01\/eviosys-Ecopeel.jpg\",\"articleSection\":[\"Alimentaire\",\"Barre lat\u00e9rale\",\"Packaging\",\"Vu dans le mag\"],\"inLanguage\":\"en-GB\"},{\"@type\":\"WebPage\",\"@id\":\"https:\/\/www.emballagedigest.fr\/des-emballages-metalliques-tout-en-legerete\/\",\"url\":\"https:\/\/www.emballagedigest.fr\/des-emballages-metalliques-tout-en-legerete\/\",\"name\":\"Des emballages m\u00e9talliques tout en l\u00e9g\u00e8ret\u00e9 - Emballage Digest\",\"isPartOf\":{\"@id\":\"https:\/\/www.emballagedigest.fr\/#website\"},\"primaryImageOfPage\":{\"@id\":\"https:\/\/www.emballagedigest.fr\/des-emballages-metalliques-tout-en-legerete\/#primaryimage\"},\"image\":{\"@id\":\"https:\/\/www.emballagedigest.fr\/des-emballages-metalliques-tout-en-legerete\/#primaryimage\"},\"thumbnailUrl\":\"https:\/\/www.emballagedigest.fr\/wp-content\/uploads\/2025\/01\/eviosys-Ecopeel.jpg\",\"datePublished\":\"2025-01-12T10:27:00+00:00\",\"dateModified\":\"2025-01-17T10:28:48+00:00\",\"breadcrumb\":{\"@id\":\"https:\/\/www.emballagedigest.fr\/des-emballages-metalliques-tout-en-legerete\/#breadcrumb\"},\"inLanguage\":\"en-GB\",\"potentialAction\":[{\"@type\":\"ReadAction\",\"target\":[\"https:\/\/www.emballagedigest.fr\/des-emballages-metalliques-tout-en-legerete\/\"]}]},{\"@type\":\"ImageObject\",\"inLanguage\":\"en-GB\",\"@id\":\"https:\/\/www.emballagedigest.fr\/des-emballages-metalliques-tout-en-legerete\/#primaryimage\",\"url\":\"https:\/\/www.emballagedigest.fr\/wp-content\/uploads\/2025\/01\/eviosys-Ecopeel.jpg\",\"contentUrl\":\"https:\/\/www.emballagedigest.fr\/wp-content\/uploads\/2025\/01\/eviosys-Ecopeel.jpg\",\"width\":800,\"height\":600},{\"@type\":\"BreadcrumbList\",\"@id\":\"https:\/\/www.emballagedigest.fr\/des-emballages-metalliques-tout-en-legerete\/#breadcrumb\",\"itemListElement\":[{\"@type\":\"ListItem\",\"position\":1,\"name\":\"Accueil\",\"item\":\"https:\/\/www.emballagedigest.fr\/\"},{\"@type\":\"ListItem\",\"position\":2,\"name\":\"Des emballages m\u00e9talliques tout en l\u00e9g\u00e8ret\u00e9\"}]},{\"@type\":\"WebSite\",\"@id\":\"https:\/\/www.emballagedigest.fr\/#website\",\"url\":\"https:\/\/www.emballagedigest.fr\/\",\"name\":\"Emballage Digest\",\"description\":\"Revue professionnelle sur les emballages\",\"publisher\":{\"@id\":\"https:\/\/www.emballagedigest.fr\/#organization\"},\"potentialAction\":[{\"@type\":\"SearchAction\",\"target\":{\"@type\":\"EntryPoint\",\"urlTemplate\":\"https:\/\/www.emballagedigest.fr\/?s={search_term_string}\"},\"query-input\":{\"@type\":\"PropertyValueSpecification\",\"valueRequired\":true,\"valueName\":\"search_term_string\"}}],\"inLanguage\":\"en-GB\"},{\"@type\":\"Organization\",\"@id\":\"https:\/\/www.emballagedigest.fr\/#organization\",\"name\":\"Emballage Digest\",\"url\":\"https:\/\/www.emballagedigest.fr\/\",\"logo\":{\"@type\":\"ImageObject\",\"inLanguage\":\"en-GB\",\"@id\":\"https:\/\/www.emballagedigest.fr\/#\/schema\/logo\/image\/\",\"url\":\"https:\/\/www.emballagedigest.fr\/wp-content\/uploads\/2022\/07\/logo-ed.png\",\"contentUrl\":\"https:\/\/www.emballagedigest.fr\/wp-content\/uploads\/2022\/07\/logo-ed.png\",\"width\":379,\"height\":75,\"caption\":\"Emballage Digest\"},\"image\":{\"@id\":\"https:\/\/www.emballagedigest.fr\/#\/schema\/logo\/image\/\"}},{\"@type\":\"Person\",\"@id\":\"https:\/\/www.emballagedigest.fr\/#\/schema\/person\/76abe9f2b2ee4d3d520594c7a35da59f\",\"name\":\"Karine Duval\",\"image\":{\"@type\":\"ImageObject\",\"inLanguage\":\"en-GB\",\"@id\":\"https:\/\/www.emballagedigest.fr\/#\/schema\/person\/image\/\",\"url\":\"https:\/\/secure.gravatar.com\/avatar\/f552799261cdd2e076e6677d780ef07bdb13aa4c196ab75b39abcbcdcae2d4e5?s=96&d=mm&r=g\",\"contentUrl\":\"https:\/\/secure.gravatar.com\/avatar\/f552799261cdd2e076e6677d780ef07bdb13aa4c196ab75b39abcbcdcae2d4e5?s=96&d=mm&r=g\",\"caption\":\"Karine Duval\"},\"url\":\"https:\/\/www.emballagedigest.fr\/en\/author\/admin_karduv\/\"}]}<\/script>\n<!-- \/ Yoast SEO plugin. -->","yoast_head_json":{"title":"Des emballages m\u00e9talliques tout en l\u00e9g\u00e8ret\u00e9 - Emballage Digest","robots":{"index":"index","follow":"follow","max-snippet":"max-snippet:-1","max-image-preview":"max-image-preview:large","max-video-preview":"max-video-preview:-1"},"canonical":"https:\/\/www.emballagedigest.fr\/en\/des-emballages-metalliques-tout-en-legerete\/","og_locale":"en_GB","og_type":"article","og_title":"Des emballages m\u00e9talliques tout en l\u00e9g\u00e8ret\u00e9 - Emballage Digest","og_description":"Les fournisseurs poursuivent leurs travaux sur l\u2019all\u00e8gement des emballages m\u00e9talliques, tout en portant une attention particuli\u00e8re \u00e0 l\u2019am\u00e9lioration de la praticit\u00e9, et \u00e0 leur proposition en termes de d\u00e9coration. Le syndicat national des fabricants de bo\u00eetes, emballages et bouchages m\u00e9talliques (SNFBM) a r\u00e9alis\u00e9 dans son dernier rapport annuel un \u00e9tat des lieux du march\u00e9 des [&hellip;]","og_url":"https:\/\/www.emballagedigest.fr\/en\/des-emballages-metalliques-tout-en-legerete\/","og_site_name":"Emballage Digest","article_published_time":"2025-01-12T10:27:00+00:00","article_modified_time":"2025-01-17T10:28:48+00:00","og_image":[{"width":800,"height":600,"url":"https:\/\/www.emballagedigest.fr\/wp-content\/uploads\/2025\/01\/eviosys-Ecopeel.jpg","type":"image\/jpeg"}],"author":"Karine Duval","twitter_card":"summary_large_image","twitter_misc":{"Written by":"Karine Duval","Estimated reading time":"8 minutes"},"schema":{"@context":"https:\/\/schema.org","@graph":[{"@type":"Article","@id":"https:\/\/www.emballagedigest.fr\/des-emballages-metalliques-tout-en-legerete\/#article","isPartOf":{"@id":"https:\/\/www.emballagedigest.fr\/des-emballages-metalliques-tout-en-legerete\/"},"author":{"name":"Karine Duval","@id":"https:\/\/www.emballagedigest.fr\/#\/schema\/person\/76abe9f2b2ee4d3d520594c7a35da59f"},"headline":"Des emballages m\u00e9talliques tout en l\u00e9g\u00e8ret\u00e9","datePublished":"2025-01-12T10:27:00+00:00","dateModified":"2025-01-17T10:28:48+00:00","mainEntityOfPage":{"@id":"https:\/\/www.emballagedigest.fr\/des-emballages-metalliques-tout-en-legerete\/"},"wordCount":1752,"publisher":{"@id":"https:\/\/www.emballagedigest.fr\/#organization"},"image":{"@id":"https:\/\/www.emballagedigest.fr\/des-emballages-metalliques-tout-en-legerete\/#primaryimage"},"thumbnailUrl":"https:\/\/www.emballagedigest.fr\/wp-content\/uploads\/2025\/01\/eviosys-Ecopeel.jpg","articleSection":["Alimentaire","Barre lat\u00e9rale","Packaging","Vu dans le mag"],"inLanguage":"en-GB"},{"@type":"WebPage","@id":"https:\/\/www.emballagedigest.fr\/des-emballages-metalliques-tout-en-legerete\/","url":"https:\/\/www.emballagedigest.fr\/des-emballages-metalliques-tout-en-legerete\/","name":"Des emballages m\u00e9talliques tout en l\u00e9g\u00e8ret\u00e9 - Emballage Digest","isPartOf":{"@id":"https:\/\/www.emballagedigest.fr\/#website"},"primaryImageOfPage":{"@id":"https:\/\/www.emballagedigest.fr\/des-emballages-metalliques-tout-en-legerete\/#primaryimage"},"image":{"@id":"https:\/\/www.emballagedigest.fr\/des-emballages-metalliques-tout-en-legerete\/#primaryimage"},"thumbnailUrl":"https:\/\/www.emballagedigest.fr\/wp-content\/uploads\/2025\/01\/eviosys-Ecopeel.jpg","datePublished":"2025-01-12T10:27:00+00:00","dateModified":"2025-01-17T10:28:48+00:00","breadcrumb":{"@id":"https:\/\/www.emballagedigest.fr\/des-emballages-metalliques-tout-en-legerete\/#breadcrumb"},"inLanguage":"en-GB","potentialAction":[{"@type":"ReadAction","target":["https:\/\/www.emballagedigest.fr\/des-emballages-metalliques-tout-en-legerete\/"]}]},{"@type":"ImageObject","inLanguage":"en-GB","@id":"https:\/\/www.emballagedigest.fr\/des-emballages-metalliques-tout-en-legerete\/#primaryimage","url":"https:\/\/www.emballagedigest.fr\/wp-content\/uploads\/2025\/01\/eviosys-Ecopeel.jpg","contentUrl":"https:\/\/www.emballagedigest.fr\/wp-content\/uploads\/2025\/01\/eviosys-Ecopeel.jpg","width":800,"height":600},{"@type":"BreadcrumbList","@id":"https:\/\/www.emballagedigest.fr\/des-emballages-metalliques-tout-en-legerete\/#breadcrumb","itemListElement":[{"@type":"ListItem","position":1,"name":"Accueil","item":"https:\/\/www.emballagedigest.fr\/"},{"@type":"ListItem","position":2,"name":"Des emballages m\u00e9talliques tout en l\u00e9g\u00e8ret\u00e9"}]},{"@type":"WebSite","@id":"https:\/\/www.emballagedigest.fr\/#website","url":"https:\/\/www.emballagedigest.fr\/","name":"Emballage Digest","description":"Revue professionnelle sur les emballages","publisher":{"@id":"https:\/\/www.emballagedigest.fr\/#organization"},"potentialAction":[{"@type":"SearchAction","target":{"@type":"EntryPoint","urlTemplate":"https:\/\/www.emballagedigest.fr\/?s={search_term_string}"},"query-input":{"@type":"PropertyValueSpecification","valueRequired":true,"valueName":"search_term_string"}}],"inLanguage":"en-GB"},{"@type":"Organization","@id":"https:\/\/www.emballagedigest.fr\/#organization","name":"Emballage Digest","url":"https:\/\/www.emballagedigest.fr\/","logo":{"@type":"ImageObject","inLanguage":"en-GB","@id":"https:\/\/www.emballagedigest.fr\/#\/schema\/logo\/image\/","url":"https:\/\/www.emballagedigest.fr\/wp-content\/uploads\/2022\/07\/logo-ed.png","contentUrl":"https:\/\/www.emballagedigest.fr\/wp-content\/uploads\/2022\/07\/logo-ed.png","width":379,"height":75,"caption":"Emballage Digest"},"image":{"@id":"https:\/\/www.emballagedigest.fr\/#\/schema\/logo\/image\/"}},{"@type":"Person","@id":"https:\/\/www.emballagedigest.fr\/#\/schema\/person\/76abe9f2b2ee4d3d520594c7a35da59f","name":"Karine Duval","image":{"@type":"ImageObject","inLanguage":"en-GB","@id":"https:\/\/www.emballagedigest.fr\/#\/schema\/person\/image\/","url":"https:\/\/secure.gravatar.com\/avatar\/f552799261cdd2e076e6677d780ef07bdb13aa4c196ab75b39abcbcdcae2d4e5?s=96&d=mm&r=g","contentUrl":"https:\/\/secure.gravatar.com\/avatar\/f552799261cdd2e076e6677d780ef07bdb13aa4c196ab75b39abcbcdcae2d4e5?s=96&d=mm&r=g","caption":"Karine Duval"},"url":"https:\/\/www.emballagedigest.fr\/en\/author\/admin_karduv\/"}]}},"_links":{"self":[{"href":"https:\/\/www.emballagedigest.fr\/en\/wp-json\/wp\/v2\/posts\/43362","targetHints":{"allow":["GET"]}}],"collection":[{"href":"https:\/\/www.emballagedigest.fr\/en\/wp-json\/wp\/v2\/posts"}],"about":[{"href":"https:\/\/www.emballagedigest.fr\/en\/wp-json\/wp\/v2\/types\/post"}],"author":[{"embeddable":true,"href":"https:\/\/www.emballagedigest.fr\/en\/wp-json\/wp\/v2\/users\/2"}],"replies":[{"embeddable":true,"href":"https:\/\/www.emballagedigest.fr\/en\/wp-json\/wp\/v2\/comments?post=43362"}],"version-history":[{"count":1,"href":"https:\/\/www.emballagedigest.fr\/en\/wp-json\/wp\/v2\/posts\/43362\/revisions"}],"predecessor-version":[{"id":43364,"href":"https:\/\/www.emballagedigest.fr\/en\/wp-json\/wp\/v2\/posts\/43362\/revisions\/43364"}],"wp:featuredmedia":[{"embeddable":true,"href":"https:\/\/www.emballagedigest.fr\/en\/wp-json\/wp\/v2\/media\/43363"}],"wp:attachment":[{"href":"https:\/\/www.emballagedigest.fr\/en\/wp-json\/wp\/v2\/media?parent=43362"}],"wp:term":[{"taxonomy":"category","embeddable":true,"href":"https:\/\/www.emballagedigest.fr\/en\/wp-json\/wp\/v2\/categories?post=43362"},{"taxonomy":"post_tag","embeddable":true,"href":"https:\/\/www.emballagedigest.fr\/en\/wp-json\/wp\/v2\/tags?post=43362"}],"curies":[{"name":"wp","href":"https:\/\/api.w.org\/{rel}","templated":true}]}}