{"id":43365,"date":"2025-01-12T11:28:00","date_gmt":"2025-01-12T10:28:00","guid":{"rendered":"https:\/\/www.emballagedigest.fr\/?p=43365"},"modified":"2025-01-17T11:31:04","modified_gmt":"2025-01-17T10:31:04","slug":"faciliter-le-reemploi-avec-de-nouveaux-standards-verriers","status":"publish","type":"post","link":"https:\/\/www.emballagedigest.fr\/en\/faciliter-le-reemploi-avec-de-nouveaux-standards-verriers\/","title":{"rendered":"Faciliter le r\u00e9emploi avec de nouveaux standards verriers"},"content":{"rendered":"<p><strong>La r\u00e9gion Normandie, en partenariat avec trois autres r\u00e9gions du nord-ouest de la France, a lanc\u00e9 une exp\u00e9rimentation sur le r\u00e9emploi des bouteilles en verre. \u00c0 partir de mai 2025, ce projet touchera 16 millions de Fran\u00e7ais, qui pourront participer \u00e0 un r\u00e9seau de consigne d\u00e9di\u00e9. <\/strong><\/p>\n\n\n\n<p>L\u2019objectif ? R\u00e9employer 10% des emballages d\u2019ici 2027, conform\u00e9ment aux exigences de la loi Agec sur l\u2019\u00e9conomie circulaire, adopt\u00e9e en f\u00e9vrier 2020. Seul b\u00e9mol\u00a0: toutes les bouteilles en verre ne sont pas r\u00e9employables. Notamment parce que tous les types de verre n\u2019ont pas la m\u00eame \u00e9paisseur, et donc la m\u00eame r\u00e9sistance aux lavages r\u00e9p\u00e9t\u00e9s. En effet, c\u2019est le frottement des bouteilles entre elles, lors des cycles de nettoyage qui les fragilise. Sans compter, qu\u2019en France, les usines de lavage pr\u00e9sentes sur le territoire ne sont pas toutes \u00e9quip\u00e9es pour traiter les diff\u00e9rentes formes de bouteilles (diam\u00e8tres, hauteurs, etc.).<\/p>\n\n\n\n<figure class=\"wp-block-image size-full\"><img loading=\"lazy\" decoding=\"async\" width=\"800\" height=\"450\" src=\"https:\/\/www.emballagedigest.fr\/wp-content\/uploads\/2025\/01\/univerre-1.jpg\" alt=\"\" class=\"wp-image-43367\" srcset=\"https:\/\/www.emballagedigest.fr\/wp-content\/uploads\/2025\/01\/univerre-1.jpg 800w, https:\/\/www.emballagedigest.fr\/wp-content\/uploads\/2025\/01\/univerre-1-300x169.jpg 300w, https:\/\/www.emballagedigest.fr\/wp-content\/uploads\/2025\/01\/univerre-1-768x432.jpg 768w, https:\/\/www.emballagedigest.fr\/wp-content\/uploads\/2025\/01\/univerre-1-18x10.jpg 18w\" sizes=\"auto, (max-width: 800px) 100vw, 800px\" \/><\/figure>\n\n\n\n<p>Pour r\u00e9pondre \u00e0 ces d\u00e9fis, une premi\u00e8re phase de tests est lanc\u00e9e avec le soutien de Citeo, qui, en collaboration avec certains verriers, a d\u00e9velopp\u00e9 deux mod\u00e8les de bouteilles r\u00e9employables. Pour compl\u00e9ter cette offre et le besoin de diversification des marques, Univerre, entreprise normande sp\u00e9cialis\u00e9e dans la distribution et la conception de contenants en verre sur mesure, a d\u00e9velopp\u00e9 sa propre gamme de bouteilles r\u00e9employables, offrant ainsi une alternative personnalis\u00e9e et adapt\u00e9e aux besoins sp\u00e9cifiques de ses clients tout en r\u00e9pondant aux d\u00e9fis de l\u2019\u00e9conomie circulaire. La bouteille \u00abMagellan\u00bb, aux \u00e9paules droites et au col large, et la bouteille \u00abPacifique\u00bb, \u00e9lanc\u00e9e et arrondie, sont sp\u00e9cialement con\u00e7ues pour accueillir eaux, jus, laits, soupes, bi\u00e8res et sodas. La bouteille Pacifique est disponible en formats de 33 et 75 cl, avec des d\u00e9veloppements en cours pour les formats 50 et 100 cl. Tandis que la bouteille Magellan est propos\u00e9e en formats de 25 et 100 cl, et sera d\u00e9clin\u00e9e en 50 et 75 cl.<br>C\u00f4t\u00e9 marques, Planco\u00ebt, l\u2019eau phare de Bretagne, utilise le mod\u00e8le Pacifique en 33 cl pour ces ventes destin\u00e9es \u00e0 la restauration. En Normandie, le GAEC de la Poulardi\u00e8re a \u00e9galement choisi de participer \u00e0 cette initiative en conditionnant ses jus de fruits dans la bouteille Magellan.<\/p>\n\n\n\n<p><\/p>","protected":false},"excerpt":{"rendered":"<p>La r\u00e9gion Normandie, en partenariat avec trois autres r\u00e9gions du nord-ouest de la France, a lanc\u00e9 une exp\u00e9rimentation sur le r\u00e9emploi des bouteilles en verre. \u00c0 partir de mai 2025, ce projet touchera 16 millions de Fran\u00e7ais, qui pourront participer \u00e0 un r\u00e9seau de consigne d\u00e9di\u00e9. L\u2019objectif ? R\u00e9employer 10% des emballages d\u2019ici 2027, conform\u00e9ment [&hellip;]<\/p>","protected":false},"author":2,"featured_media":43366,"comment_status":"closed","ping_status":"closed","sticky":false,"template":"","format":"standard","meta":{"_acf_changed":false,"inline_featured_image":false,"iawp_total_views":6,"footnotes":""},"categories":[5,28,26,81,65],"tags":[],"class_list":["post-43365","post","type-post","status-publish","format-standard","has-post-thumbnail","hentry","category-alimentaire","category-article-entier","category-laterale","category-packaging","category-vu-dans-le-mag"],"acf":[],"yoast_head":"<!-- This site is optimized with the Yoast SEO plugin v24.4 - https:\/\/yoast.com\/wordpress\/plugins\/seo\/ -->\n<title>Faciliter le r\u00e9emploi avec de nouveaux standards verriers - Emballage Digest<\/title>\n<meta name=\"robots\" content=\"index, follow, max-snippet:-1, max-image-preview:large, max-video-preview:-1\" \/>\n<link rel=\"canonical\" href=\"https:\/\/www.emballagedigest.fr\/en\/faciliter-le-reemploi-avec-de-nouveaux-standards-verriers\/\" \/>\n<meta property=\"og:locale\" content=\"en_GB\" \/>\n<meta property=\"og:type\" content=\"article\" \/>\n<meta property=\"og:title\" content=\"Faciliter le r\u00e9emploi avec de nouveaux standards verriers - Emballage Digest\" \/>\n<meta property=\"og:description\" content=\"La r\u00e9gion Normandie, en partenariat avec trois autres r\u00e9gions du nord-ouest de la France, a lanc\u00e9 une exp\u00e9rimentation sur le r\u00e9emploi des bouteilles en verre. \u00c0 partir de mai 2025, ce projet touchera 16 millions de Fran\u00e7ais, qui pourront participer \u00e0 un r\u00e9seau de consigne d\u00e9di\u00e9. L\u2019objectif ? R\u00e9employer 10% des emballages d\u2019ici 2027, conform\u00e9ment [&hellip;]\" \/>\n<meta property=\"og:url\" content=\"https:\/\/www.emballagedigest.fr\/en\/faciliter-le-reemploi-avec-de-nouveaux-standards-verriers\/\" \/>\n<meta property=\"og:site_name\" content=\"Emballage Digest\" \/>\n<meta property=\"article:published_time\" content=\"2025-01-12T10:28:00+00:00\" \/>\n<meta property=\"article:modified_time\" content=\"2025-01-17T10:31:04+00:00\" \/>\n<meta property=\"og:image\" content=\"https:\/\/www.emballagedigest.fr\/wp-content\/uploads\/2025\/01\/Univerre-2.jpg\" \/>\n\t<meta property=\"og:image:width\" content=\"800\" \/>\n\t<meta property=\"og:image:height\" content=\"575\" \/>\n\t<meta property=\"og:image:type\" content=\"image\/jpeg\" \/>\n<meta name=\"author\" content=\"Karine Duval\" \/>\n<meta name=\"twitter:card\" content=\"summary_large_image\" \/>\n<meta name=\"twitter:label1\" content=\"Written by\" \/>\n\t<meta name=\"twitter:data1\" content=\"Karine Duval\" \/>\n\t<meta name=\"twitter:label2\" content=\"Estimated reading time\" \/>\n\t<meta name=\"twitter:data2\" content=\"2 minutes\" \/>\n<script type=\"application\/ld+json\" class=\"yoast-schema-graph\">{\"@context\":\"https:\/\/schema.org\",\"@graph\":[{\"@type\":\"Article\",\"@id\":\"https:\/\/www.emballagedigest.fr\/faciliter-le-reemploi-avec-de-nouveaux-standards-verriers\/#article\",\"isPartOf\":{\"@id\":\"https:\/\/www.emballagedigest.fr\/faciliter-le-reemploi-avec-de-nouveaux-standards-verriers\/\"},\"author\":{\"name\":\"Karine Duval\",\"@id\":\"https:\/\/www.emballagedigest.fr\/#\/schema\/person\/76abe9f2b2ee4d3d520594c7a35da59f\"},\"headline\":\"Faciliter le r\u00e9emploi avec de nouveaux standards verriers\",\"datePublished\":\"2025-01-12T10:28:00+00:00\",\"dateModified\":\"2025-01-17T10:31:04+00:00\",\"mainEntityOfPage\":{\"@id\":\"https:\/\/www.emballagedigest.fr\/faciliter-le-reemploi-avec-de-nouveaux-standards-verriers\/\"},\"wordCount\":401,\"publisher\":{\"@id\":\"https:\/\/www.emballagedigest.fr\/#organization\"},\"image\":{\"@id\":\"https:\/\/www.emballagedigest.fr\/faciliter-le-reemploi-avec-de-nouveaux-standards-verriers\/#primaryimage\"},\"thumbnailUrl\":\"https:\/\/www.emballagedigest.fr\/wp-content\/uploads\/2025\/01\/Univerre-2.jpg\",\"articleSection\":[\"Alimentaire\",\"Article entier\",\"Barre lat\u00e9rale\",\"Packaging\",\"Vu dans le mag\"],\"inLanguage\":\"en-GB\"},{\"@type\":\"WebPage\",\"@id\":\"https:\/\/www.emballagedigest.fr\/faciliter-le-reemploi-avec-de-nouveaux-standards-verriers\/\",\"url\":\"https:\/\/www.emballagedigest.fr\/faciliter-le-reemploi-avec-de-nouveaux-standards-verriers\/\",\"name\":\"Faciliter le r\u00e9emploi avec de nouveaux standards verriers - Emballage Digest\",\"isPartOf\":{\"@id\":\"https:\/\/www.emballagedigest.fr\/#website\"},\"primaryImageOfPage\":{\"@id\":\"https:\/\/www.emballagedigest.fr\/faciliter-le-reemploi-avec-de-nouveaux-standards-verriers\/#primaryimage\"},\"image\":{\"@id\":\"https:\/\/www.emballagedigest.fr\/faciliter-le-reemploi-avec-de-nouveaux-standards-verriers\/#primaryimage\"},\"thumbnailUrl\":\"https:\/\/www.emballagedigest.fr\/wp-content\/uploads\/2025\/01\/Univerre-2.jpg\",\"datePublished\":\"2025-01-12T10:28:00+00:00\",\"dateModified\":\"2025-01-17T10:31:04+00:00\",\"breadcrumb\":{\"@id\":\"https:\/\/www.emballagedigest.fr\/faciliter-le-reemploi-avec-de-nouveaux-standards-verriers\/#breadcrumb\"},\"inLanguage\":\"en-GB\",\"potentialAction\":[{\"@type\":\"ReadAction\",\"target\":[\"https:\/\/www.emballagedigest.fr\/faciliter-le-reemploi-avec-de-nouveaux-standards-verriers\/\"]}]},{\"@type\":\"ImageObject\",\"inLanguage\":\"en-GB\",\"@id\":\"https:\/\/www.emballagedigest.fr\/faciliter-le-reemploi-avec-de-nouveaux-standards-verriers\/#primaryimage\",\"url\":\"https:\/\/www.emballagedigest.fr\/wp-content\/uploads\/2025\/01\/Univerre-2.jpg\",\"contentUrl\":\"https:\/\/www.emballagedigest.fr\/wp-content\/uploads\/2025\/01\/Univerre-2.jpg\",\"width\":800,\"height\":575},{\"@type\":\"BreadcrumbList\",\"@id\":\"https:\/\/www.emballagedigest.fr\/faciliter-le-reemploi-avec-de-nouveaux-standards-verriers\/#breadcrumb\",\"itemListElement\":[{\"@type\":\"ListItem\",\"position\":1,\"name\":\"Accueil\",\"item\":\"https:\/\/www.emballagedigest.fr\/\"},{\"@type\":\"ListItem\",\"position\":2,\"name\":\"Faciliter le r\u00e9emploi avec de nouveaux standards verriers\"}]},{\"@type\":\"WebSite\",\"@id\":\"https:\/\/www.emballagedigest.fr\/#website\",\"url\":\"https:\/\/www.emballagedigest.fr\/\",\"name\":\"Emballage Digest\",\"description\":\"Revue professionnelle sur les emballages\",\"publisher\":{\"@id\":\"https:\/\/www.emballagedigest.fr\/#organization\"},\"potentialAction\":[{\"@type\":\"SearchAction\",\"target\":{\"@type\":\"EntryPoint\",\"urlTemplate\":\"https:\/\/www.emballagedigest.fr\/?s={search_term_string}\"},\"query-input\":{\"@type\":\"PropertyValueSpecification\",\"valueRequired\":true,\"valueName\":\"search_term_string\"}}],\"inLanguage\":\"en-GB\"},{\"@type\":\"Organization\",\"@id\":\"https:\/\/www.emballagedigest.fr\/#organization\",\"name\":\"Emballage Digest\",\"url\":\"https:\/\/www.emballagedigest.fr\/\",\"logo\":{\"@type\":\"ImageObject\",\"inLanguage\":\"en-GB\",\"@id\":\"https:\/\/www.emballagedigest.fr\/#\/schema\/logo\/image\/\",\"url\":\"https:\/\/www.emballagedigest.fr\/wp-content\/uploads\/2022\/07\/logo-ed.png\",\"contentUrl\":\"https:\/\/www.emballagedigest.fr\/wp-content\/uploads\/2022\/07\/logo-ed.png\",\"width\":379,\"height\":75,\"caption\":\"Emballage Digest\"},\"image\":{\"@id\":\"https:\/\/www.emballagedigest.fr\/#\/schema\/logo\/image\/\"}},{\"@type\":\"Person\",\"@id\":\"https:\/\/www.emballagedigest.fr\/#\/schema\/person\/76abe9f2b2ee4d3d520594c7a35da59f\",\"name\":\"Karine Duval\",\"image\":{\"@type\":\"ImageObject\",\"inLanguage\":\"en-GB\",\"@id\":\"https:\/\/www.emballagedigest.fr\/#\/schema\/person\/image\/\",\"url\":\"https:\/\/secure.gravatar.com\/avatar\/f552799261cdd2e076e6677d780ef07bdb13aa4c196ab75b39abcbcdcae2d4e5?s=96&d=mm&r=g\",\"contentUrl\":\"https:\/\/secure.gravatar.com\/avatar\/f552799261cdd2e076e6677d780ef07bdb13aa4c196ab75b39abcbcdcae2d4e5?s=96&d=mm&r=g\",\"caption\":\"Karine Duval\"},\"url\":\"https:\/\/www.emballagedigest.fr\/en\/author\/admin_karduv\/\"}]}<\/script>\n<!-- \/ Yoast SEO plugin. -->","yoast_head_json":{"title":"Faciliter le r\u00e9emploi avec de nouveaux standards verriers - Emballage Digest","robots":{"index":"index","follow":"follow","max-snippet":"max-snippet:-1","max-image-preview":"max-image-preview:large","max-video-preview":"max-video-preview:-1"},"canonical":"https:\/\/www.emballagedigest.fr\/en\/faciliter-le-reemploi-avec-de-nouveaux-standards-verriers\/","og_locale":"en_GB","og_type":"article","og_title":"Faciliter le r\u00e9emploi avec de nouveaux standards verriers - Emballage Digest","og_description":"La r\u00e9gion Normandie, en partenariat avec trois autres r\u00e9gions du nord-ouest de la France, a lanc\u00e9 une exp\u00e9rimentation sur le r\u00e9emploi des bouteilles en verre. \u00c0 partir de mai 2025, ce projet touchera 16 millions de Fran\u00e7ais, qui pourront participer \u00e0 un r\u00e9seau de consigne d\u00e9di\u00e9. L\u2019objectif ? R\u00e9employer 10% des emballages d\u2019ici 2027, conform\u00e9ment [&hellip;]","og_url":"https:\/\/www.emballagedigest.fr\/en\/faciliter-le-reemploi-avec-de-nouveaux-standards-verriers\/","og_site_name":"Emballage Digest","article_published_time":"2025-01-12T10:28:00+00:00","article_modified_time":"2025-01-17T10:31:04+00:00","og_image":[{"width":800,"height":575,"url":"https:\/\/www.emballagedigest.fr\/wp-content\/uploads\/2025\/01\/Univerre-2.jpg","type":"image\/jpeg"}],"author":"Karine Duval","twitter_card":"summary_large_image","twitter_misc":{"Written by":"Karine Duval","Estimated reading time":"2 minutes"},"schema":{"@context":"https:\/\/schema.org","@graph":[{"@type":"Article","@id":"https:\/\/www.emballagedigest.fr\/faciliter-le-reemploi-avec-de-nouveaux-standards-verriers\/#article","isPartOf":{"@id":"https:\/\/www.emballagedigest.fr\/faciliter-le-reemploi-avec-de-nouveaux-standards-verriers\/"},"author":{"name":"Karine Duval","@id":"https:\/\/www.emballagedigest.fr\/#\/schema\/person\/76abe9f2b2ee4d3d520594c7a35da59f"},"headline":"Faciliter le r\u00e9emploi avec de nouveaux standards verriers","datePublished":"2025-01-12T10:28:00+00:00","dateModified":"2025-01-17T10:31:04+00:00","mainEntityOfPage":{"@id":"https:\/\/www.emballagedigest.fr\/faciliter-le-reemploi-avec-de-nouveaux-standards-verriers\/"},"wordCount":401,"publisher":{"@id":"https:\/\/www.emballagedigest.fr\/#organization"},"image":{"@id":"https:\/\/www.emballagedigest.fr\/faciliter-le-reemploi-avec-de-nouveaux-standards-verriers\/#primaryimage"},"thumbnailUrl":"https:\/\/www.emballagedigest.fr\/wp-content\/uploads\/2025\/01\/Univerre-2.jpg","articleSection":["Alimentaire","Article entier","Barre lat\u00e9rale","Packaging","Vu dans le mag"],"inLanguage":"en-GB"},{"@type":"WebPage","@id":"https:\/\/www.emballagedigest.fr\/faciliter-le-reemploi-avec-de-nouveaux-standards-verriers\/","url":"https:\/\/www.emballagedigest.fr\/faciliter-le-reemploi-avec-de-nouveaux-standards-verriers\/","name":"Faciliter le r\u00e9emploi avec de nouveaux standards verriers - Emballage Digest","isPartOf":{"@id":"https:\/\/www.emballagedigest.fr\/#website"},"primaryImageOfPage":{"@id":"https:\/\/www.emballagedigest.fr\/faciliter-le-reemploi-avec-de-nouveaux-standards-verriers\/#primaryimage"},"image":{"@id":"https:\/\/www.emballagedigest.fr\/faciliter-le-reemploi-avec-de-nouveaux-standards-verriers\/#primaryimage"},"thumbnailUrl":"https:\/\/www.emballagedigest.fr\/wp-content\/uploads\/2025\/01\/Univerre-2.jpg","datePublished":"2025-01-12T10:28:00+00:00","dateModified":"2025-01-17T10:31:04+00:00","breadcrumb":{"@id":"https:\/\/www.emballagedigest.fr\/faciliter-le-reemploi-avec-de-nouveaux-standards-verriers\/#breadcrumb"},"inLanguage":"en-GB","potentialAction":[{"@type":"ReadAction","target":["https:\/\/www.emballagedigest.fr\/faciliter-le-reemploi-avec-de-nouveaux-standards-verriers\/"]}]},{"@type":"ImageObject","inLanguage":"en-GB","@id":"https:\/\/www.emballagedigest.fr\/faciliter-le-reemploi-avec-de-nouveaux-standards-verriers\/#primaryimage","url":"https:\/\/www.emballagedigest.fr\/wp-content\/uploads\/2025\/01\/Univerre-2.jpg","contentUrl":"https:\/\/www.emballagedigest.fr\/wp-content\/uploads\/2025\/01\/Univerre-2.jpg","width":800,"height":575},{"@type":"BreadcrumbList","@id":"https:\/\/www.emballagedigest.fr\/faciliter-le-reemploi-avec-de-nouveaux-standards-verriers\/#breadcrumb","itemListElement":[{"@type":"ListItem","position":1,"name":"Accueil","item":"https:\/\/www.emballagedigest.fr\/"},{"@type":"ListItem","position":2,"name":"Faciliter le r\u00e9emploi avec de nouveaux standards verriers"}]},{"@type":"WebSite","@id":"https:\/\/www.emballagedigest.fr\/#website","url":"https:\/\/www.emballagedigest.fr\/","name":"Emballage Digest","description":"Revue professionnelle sur les emballages","publisher":{"@id":"https:\/\/www.emballagedigest.fr\/#organization"},"potentialAction":[{"@type":"SearchAction","target":{"@type":"EntryPoint","urlTemplate":"https:\/\/www.emballagedigest.fr\/?s={search_term_string}"},"query-input":{"@type":"PropertyValueSpecification","valueRequired":true,"valueName":"search_term_string"}}],"inLanguage":"en-GB"},{"@type":"Organization","@id":"https:\/\/www.emballagedigest.fr\/#organization","name":"Emballage Digest","url":"https:\/\/www.emballagedigest.fr\/","logo":{"@type":"ImageObject","inLanguage":"en-GB","@id":"https:\/\/www.emballagedigest.fr\/#\/schema\/logo\/image\/","url":"https:\/\/www.emballagedigest.fr\/wp-content\/uploads\/2022\/07\/logo-ed.png","contentUrl":"https:\/\/www.emballagedigest.fr\/wp-content\/uploads\/2022\/07\/logo-ed.png","width":379,"height":75,"caption":"Emballage Digest"},"image":{"@id":"https:\/\/www.emballagedigest.fr\/#\/schema\/logo\/image\/"}},{"@type":"Person","@id":"https:\/\/www.emballagedigest.fr\/#\/schema\/person\/76abe9f2b2ee4d3d520594c7a35da59f","name":"Karine Duval","image":{"@type":"ImageObject","inLanguage":"en-GB","@id":"https:\/\/www.emballagedigest.fr\/#\/schema\/person\/image\/","url":"https:\/\/secure.gravatar.com\/avatar\/f552799261cdd2e076e6677d780ef07bdb13aa4c196ab75b39abcbcdcae2d4e5?s=96&d=mm&r=g","contentUrl":"https:\/\/secure.gravatar.com\/avatar\/f552799261cdd2e076e6677d780ef07bdb13aa4c196ab75b39abcbcdcae2d4e5?s=96&d=mm&r=g","caption":"Karine Duval"},"url":"https:\/\/www.emballagedigest.fr\/en\/author\/admin_karduv\/"}]}},"_links":{"self":[{"href":"https:\/\/www.emballagedigest.fr\/en\/wp-json\/wp\/v2\/posts\/43365","targetHints":{"allow":["GET"]}}],"collection":[{"href":"https:\/\/www.emballagedigest.fr\/en\/wp-json\/wp\/v2\/posts"}],"about":[{"href":"https:\/\/www.emballagedigest.fr\/en\/wp-json\/wp\/v2\/types\/post"}],"author":[{"embeddable":true,"href":"https:\/\/www.emballagedigest.fr\/en\/wp-json\/wp\/v2\/users\/2"}],"replies":[{"embeddable":true,"href":"https:\/\/www.emballagedigest.fr\/en\/wp-json\/wp\/v2\/comments?post=43365"}],"version-history":[{"count":1,"href":"https:\/\/www.emballagedigest.fr\/en\/wp-json\/wp\/v2\/posts\/43365\/revisions"}],"predecessor-version":[{"id":43368,"href":"https:\/\/www.emballagedigest.fr\/en\/wp-json\/wp\/v2\/posts\/43365\/revisions\/43368"}],"wp:featuredmedia":[{"embeddable":true,"href":"https:\/\/www.emballagedigest.fr\/en\/wp-json\/wp\/v2\/media\/43366"}],"wp:attachment":[{"href":"https:\/\/www.emballagedigest.fr\/en\/wp-json\/wp\/v2\/media?parent=43365"}],"wp:term":[{"taxonomy":"category","embeddable":true,"href":"https:\/\/www.emballagedigest.fr\/en\/wp-json\/wp\/v2\/categories?post=43365"},{"taxonomy":"post_tag","embeddable":true,"href":"https:\/\/www.emballagedigest.fr\/en\/wp-json\/wp\/v2\/tags?post=43365"}],"curies":[{"name":"wp","href":"https:\/\/api.w.org\/{rel}","templated":true}]}}