{"id":43369,"date":"2025-01-12T11:31:00","date_gmt":"2025-01-12T10:31:00","guid":{"rendered":"https:\/\/www.emballagedigest.fr\/?p=43369"},"modified":"2025-01-17T11:34:54","modified_gmt":"2025-01-17T10:34:54","slug":"le-projet-metal-celebre-ses-dix-ans","status":"publish","type":"post","link":"https:\/\/www.emballagedigest.fr\/en\/le-projet-metal-celebre-ses-dix-ans\/","title":{"rendered":"Le Projet M\u00e9tal c\u00e9l\u00e8bre ses dix ans"},"content":{"rendered":"<p><strong>Dix ans apr\u00e8s son lancement, le Projet M\u00e9tal franchit un cap d\u00e9cisif avec 2 Fran\u00e7ais sur 3 qui peuvent d\u00e9sormais trier leurs petits emballages m\u00e9talliques directement dans le bac jaune, pour qu\u2019ils soient recycl\u00e9s. Objectif : permettre \u00e0 50 millions de citoyens de trier leurs petits emballages m\u00e9talliques (feuilles aluminium, capsules de bouteilles, capsules de caf\u00e9 et de th\u00e9, opercules, couvercles, emballages de fromages frais et de chocolats, bougies chauffe-plat, petites bo\u00eetes de conserve, plaquettes de m\u00e9dicaments usag\u00e9es, etc.) d\u2019ici fin 2025 (75% des Fran\u00e7ais), puis \u00e0 60 millions d\u2019entre eux de le faire d\u2019ici 2029 (90%) et enfin \u00e0 terme que\u00a0l\u2019ensemble des Fran\u00e7ais soient couverts par le Projet.<\/strong><\/p>\n\n\n\n<p>A l\u2019occasion de cet anniversaire, c\u00e9l\u00e9br\u00e9 d\u00e9but novembre 2024 \u00e0 l\u2019Association des Maires de France (AMF), une nouvelle charte d\u2019engagement entre le Club de l\u2019Emballage L\u00e9ger en Aluminium et en Acier (CELAA)*, Citeo, l\u2019AMF et l\u2019Alliance pour le Recyclage des Capsules en Aluminium (ARCA) a \u00e9t\u00e9 sign\u00e9e afin de fixer les objectifs des ann\u00e9es \u00e0 venir (PHOTO). Les collectivit\u00e9s les plus engag\u00e9es dans le recyclage des emballages m\u00e9talliques se sont par ailleurs vues r\u00e9compens\u00e9es au travers de troph\u00e9es distinguant les meilleures performances, actions de communication et initiatives de sensibilisation.<br>En 2023, gr\u00e2ce \u00e0 ce projet, 6800 tonnes de petits emballages en aluminium ont \u00e9t\u00e9 recycl\u00e9es, soit une hausse de 30% par rapport aux 5200 tonnes de 2022. Avec 65 centres de tri \u00e9quip\u00e9s \u00e0 travers le pays, la couverture nationale s\u2019\u00e9tend rapidement.<\/p>\n\n\n\n<p>\u00abPour mener \u00e0 bien ce projet et traduire sur le terrain l\u2019engagement des parties prenantes, Citeo a accompagn\u00e9 les centres de tri dans des op\u00e9rations de modernisation pour capter les aluminiums\u00a0souples. Entre 2018 et 2022, au travers de plusieurs phases d\u2019appels \u00e0 projets, nous avons pu s\u00e9lectionner pr\u00e8s de 70 centres de tri et allouer un montant global de soutiens de 3,5 millions\u00a0d\u2019euros. Citeo continue son accompagnement terrain pour plus de sites \u00e9quip\u00e9s : d\u00e8s 2024, et pour les prochaines ann\u00e9es, d\u2019autres centres de tri pourront b\u00e9n\u00e9ficier de soutiens au travers des appels \u00e0 projets pour am\u00e9liorer leurs performances de captage de tous les mat\u00e9riaux, et plus sp\u00e9cifiquement les petits m\u00e9taux, tout en simplifiant le geste de tri du citoyen\u00bb, a comment\u00e9 Jean Hornain, directeur g\u00e9n\u00e9ral de Citeo.<\/p>\n\n\n\n<p>En 2023, 37% des emballages en aluminium ont \u00e9t\u00e9 recycl\u00e9s en France. L\u2019objectif est d\u2019atteindre 50% d\u2019ici la fin 2025 selon les objectifs fix\u00e9s par l\u2019Union europ\u00e9enne.\u00a0Le Projet M\u00e9tal permet d\u2019ores et d\u00e9j\u00e0 de recycler 50% d\u2019emballages en aluminium en plus dans les centres de tri qui sont \u00e9quip\u00e9s avec les dispositifs de tri n\u00e9cessaires. Chaque tonne d\u2019aluminium recycl\u00e9e permet d\u2019\u00e9viter 7 tonnes d\u2019\u00e9quivalent CO2 tout en \u00e9conomisant 95% d\u2019\u00e9nergie. De son c\u00f4t\u00e9, l\u2019acier recycl\u00e9 permet de r\u00e9duire de 58% les \u00e9missions et de r\u00e9aliser 74% d\u2019\u00e9conomies d\u2019\u00e9nergie.<\/p>\n\n\n\n<p><em>*Compos\u00e9 de Nespresso, Groupe Bel, JDE Peet\u2019s, Le GIE La Boite Boisson, France Aluminium Recyclage.<\/em><\/p>","protected":false},"excerpt":{"rendered":"<p>Dix ans apr\u00e8s son lancement, le Projet M\u00e9tal franchit un cap d\u00e9cisif avec 2 Fran\u00e7ais sur 3 qui peuvent d\u00e9sormais trier leurs petits emballages m\u00e9talliques directement dans le bac jaune, pour qu\u2019ils soient recycl\u00e9s. Objectif : permettre \u00e0 50 millions de citoyens de trier leurs petits emballages m\u00e9talliques (feuilles aluminium, capsules de bouteilles, capsules de [&hellip;]<\/p>","protected":false},"author":2,"featured_media":43370,"comment_status":"closed","ping_status":"closed","sticky":false,"template":"","format":"standard","meta":{"_acf_changed":false,"inline_featured_image":false,"iawp_total_views":3,"footnotes":""},"categories":[28,26,11,8,81,65],"tags":[],"class_list":["post-43369","post","type-post","status-publish","format-standard","has-post-thumbnail","hentry","category-article-entier","category-laterale","category-emballages","category-industrie","category-packaging","category-vu-dans-le-mag"],"acf":[],"yoast_head":"<!-- This site is optimized with the Yoast SEO plugin v24.4 - https:\/\/yoast.com\/wordpress\/plugins\/seo\/ -->\n<title>Le Projet M\u00e9tal c\u00e9l\u00e8bre ses dix ans - Emballage Digest<\/title>\n<meta name=\"robots\" content=\"index, follow, max-snippet:-1, max-image-preview:large, max-video-preview:-1\" \/>\n<link rel=\"canonical\" href=\"https:\/\/www.emballagedigest.fr\/en\/le-projet-metal-celebre-ses-dix-ans\/\" \/>\n<meta property=\"og:locale\" content=\"en_GB\" \/>\n<meta property=\"og:type\" content=\"article\" \/>\n<meta property=\"og:title\" content=\"Le Projet M\u00e9tal c\u00e9l\u00e8bre ses dix ans - Emballage Digest\" \/>\n<meta property=\"og:description\" content=\"Dix ans apr\u00e8s son lancement, le Projet M\u00e9tal franchit un cap d\u00e9cisif avec 2 Fran\u00e7ais sur 3 qui peuvent d\u00e9sormais trier leurs petits emballages m\u00e9talliques directement dans le bac jaune, pour qu\u2019ils soient recycl\u00e9s. Objectif : permettre \u00e0 50 millions de citoyens de trier leurs petits emballages m\u00e9talliques (feuilles aluminium, capsules de bouteilles, capsules de [&hellip;]\" \/>\n<meta property=\"og:url\" content=\"https:\/\/www.emballagedigest.fr\/en\/le-projet-metal-celebre-ses-dix-ans\/\" \/>\n<meta property=\"og:site_name\" content=\"Emballage Digest\" \/>\n<meta property=\"article:published_time\" content=\"2025-01-12T10:31:00+00:00\" \/>\n<meta property=\"article:modified_time\" content=\"2025-01-17T10:34:54+00:00\" \/>\n<meta property=\"og:image\" content=\"https:\/\/www.emballagedigest.fr\/wp-content\/uploads\/2025\/01\/projet-metal.jpg\" \/>\n\t<meta property=\"og:image:width\" content=\"800\" \/>\n\t<meta property=\"og:image:height\" content=\"541\" \/>\n\t<meta property=\"og:image:type\" content=\"image\/jpeg\" \/>\n<meta name=\"author\" content=\"Karine Duval\" \/>\n<meta name=\"twitter:card\" content=\"summary_large_image\" \/>\n<meta name=\"twitter:label1\" content=\"Written by\" \/>\n\t<meta name=\"twitter:data1\" content=\"Karine Duval\" \/>\n\t<meta name=\"twitter:label2\" content=\"Estimated reading time\" \/>\n\t<meta name=\"twitter:data2\" content=\"3 minutes\" \/>\n<script type=\"application\/ld+json\" class=\"yoast-schema-graph\">{\"@context\":\"https:\/\/schema.org\",\"@graph\":[{\"@type\":\"Article\",\"@id\":\"https:\/\/www.emballagedigest.fr\/le-projet-metal-celebre-ses-dix-ans\/#article\",\"isPartOf\":{\"@id\":\"https:\/\/www.emballagedigest.fr\/le-projet-metal-celebre-ses-dix-ans\/\"},\"author\":{\"name\":\"Karine Duval\",\"@id\":\"https:\/\/www.emballagedigest.fr\/#\/schema\/person\/76abe9f2b2ee4d3d520594c7a35da59f\"},\"headline\":\"Le Projet M\u00e9tal c\u00e9l\u00e8bre ses dix ans\",\"datePublished\":\"2025-01-12T10:31:00+00:00\",\"dateModified\":\"2025-01-17T10:34:54+00:00\",\"mainEntityOfPage\":{\"@id\":\"https:\/\/www.emballagedigest.fr\/le-projet-metal-celebre-ses-dix-ans\/\"},\"wordCount\":528,\"publisher\":{\"@id\":\"https:\/\/www.emballagedigest.fr\/#organization\"},\"image\":{\"@id\":\"https:\/\/www.emballagedigest.fr\/le-projet-metal-celebre-ses-dix-ans\/#primaryimage\"},\"thumbnailUrl\":\"https:\/\/www.emballagedigest.fr\/wp-content\/uploads\/2025\/01\/projet-metal.jpg\",\"articleSection\":[\"Article entier\",\"Barre lat\u00e9rale\",\"Emballages\",\"Industrie\",\"Packaging\",\"Vu dans le mag\"],\"inLanguage\":\"en-GB\"},{\"@type\":\"WebPage\",\"@id\":\"https:\/\/www.emballagedigest.fr\/le-projet-metal-celebre-ses-dix-ans\/\",\"url\":\"https:\/\/www.emballagedigest.fr\/le-projet-metal-celebre-ses-dix-ans\/\",\"name\":\"Le Projet M\u00e9tal c\u00e9l\u00e8bre ses dix ans - Emballage Digest\",\"isPartOf\":{\"@id\":\"https:\/\/www.emballagedigest.fr\/#website\"},\"primaryImageOfPage\":{\"@id\":\"https:\/\/www.emballagedigest.fr\/le-projet-metal-celebre-ses-dix-ans\/#primaryimage\"},\"image\":{\"@id\":\"https:\/\/www.emballagedigest.fr\/le-projet-metal-celebre-ses-dix-ans\/#primaryimage\"},\"thumbnailUrl\":\"https:\/\/www.emballagedigest.fr\/wp-content\/uploads\/2025\/01\/projet-metal.jpg\",\"datePublished\":\"2025-01-12T10:31:00+00:00\",\"dateModified\":\"2025-01-17T10:34:54+00:00\",\"breadcrumb\":{\"@id\":\"https:\/\/www.emballagedigest.fr\/le-projet-metal-celebre-ses-dix-ans\/#breadcrumb\"},\"inLanguage\":\"en-GB\",\"potentialAction\":[{\"@type\":\"ReadAction\",\"target\":[\"https:\/\/www.emballagedigest.fr\/le-projet-metal-celebre-ses-dix-ans\/\"]}]},{\"@type\":\"ImageObject\",\"inLanguage\":\"en-GB\",\"@id\":\"https:\/\/www.emballagedigest.fr\/le-projet-metal-celebre-ses-dix-ans\/#primaryimage\",\"url\":\"https:\/\/www.emballagedigest.fr\/wp-content\/uploads\/2025\/01\/projet-metal.jpg\",\"contentUrl\":\"https:\/\/www.emballagedigest.fr\/wp-content\/uploads\/2025\/01\/projet-metal.jpg\",\"width\":800,\"height\":541},{\"@type\":\"BreadcrumbList\",\"@id\":\"https:\/\/www.emballagedigest.fr\/le-projet-metal-celebre-ses-dix-ans\/#breadcrumb\",\"itemListElement\":[{\"@type\":\"ListItem\",\"position\":1,\"name\":\"Accueil\",\"item\":\"https:\/\/www.emballagedigest.fr\/\"},{\"@type\":\"ListItem\",\"position\":2,\"name\":\"Le Projet M\u00e9tal c\u00e9l\u00e8bre ses dix ans\"}]},{\"@type\":\"WebSite\",\"@id\":\"https:\/\/www.emballagedigest.fr\/#website\",\"url\":\"https:\/\/www.emballagedigest.fr\/\",\"name\":\"Emballage Digest\",\"description\":\"Revue professionnelle sur les emballages\",\"publisher\":{\"@id\":\"https:\/\/www.emballagedigest.fr\/#organization\"},\"potentialAction\":[{\"@type\":\"SearchAction\",\"target\":{\"@type\":\"EntryPoint\",\"urlTemplate\":\"https:\/\/www.emballagedigest.fr\/?s={search_term_string}\"},\"query-input\":{\"@type\":\"PropertyValueSpecification\",\"valueRequired\":true,\"valueName\":\"search_term_string\"}}],\"inLanguage\":\"en-GB\"},{\"@type\":\"Organization\",\"@id\":\"https:\/\/www.emballagedigest.fr\/#organization\",\"name\":\"Emballage Digest\",\"url\":\"https:\/\/www.emballagedigest.fr\/\",\"logo\":{\"@type\":\"ImageObject\",\"inLanguage\":\"en-GB\",\"@id\":\"https:\/\/www.emballagedigest.fr\/#\/schema\/logo\/image\/\",\"url\":\"https:\/\/www.emballagedigest.fr\/wp-content\/uploads\/2022\/07\/logo-ed.png\",\"contentUrl\":\"https:\/\/www.emballagedigest.fr\/wp-content\/uploads\/2022\/07\/logo-ed.png\",\"width\":379,\"height\":75,\"caption\":\"Emballage Digest\"},\"image\":{\"@id\":\"https:\/\/www.emballagedigest.fr\/#\/schema\/logo\/image\/\"}},{\"@type\":\"Person\",\"@id\":\"https:\/\/www.emballagedigest.fr\/#\/schema\/person\/76abe9f2b2ee4d3d520594c7a35da59f\",\"name\":\"Karine Duval\",\"image\":{\"@type\":\"ImageObject\",\"inLanguage\":\"en-GB\",\"@id\":\"https:\/\/www.emballagedigest.fr\/#\/schema\/person\/image\/\",\"url\":\"https:\/\/secure.gravatar.com\/avatar\/f552799261cdd2e076e6677d780ef07bdb13aa4c196ab75b39abcbcdcae2d4e5?s=96&d=mm&r=g\",\"contentUrl\":\"https:\/\/secure.gravatar.com\/avatar\/f552799261cdd2e076e6677d780ef07bdb13aa4c196ab75b39abcbcdcae2d4e5?s=96&d=mm&r=g\",\"caption\":\"Karine Duval\"},\"url\":\"https:\/\/www.emballagedigest.fr\/en\/author\/admin_karduv\/\"}]}<\/script>\n<!-- \/ Yoast SEO plugin. -->","yoast_head_json":{"title":"Le Projet M\u00e9tal c\u00e9l\u00e8bre ses dix ans - Emballage Digest","robots":{"index":"index","follow":"follow","max-snippet":"max-snippet:-1","max-image-preview":"max-image-preview:large","max-video-preview":"max-video-preview:-1"},"canonical":"https:\/\/www.emballagedigest.fr\/en\/le-projet-metal-celebre-ses-dix-ans\/","og_locale":"en_GB","og_type":"article","og_title":"Le Projet M\u00e9tal c\u00e9l\u00e8bre ses dix ans - Emballage Digest","og_description":"Dix ans apr\u00e8s son lancement, le Projet M\u00e9tal franchit un cap d\u00e9cisif avec 2 Fran\u00e7ais sur 3 qui peuvent d\u00e9sormais trier leurs petits emballages m\u00e9talliques directement dans le bac jaune, pour qu\u2019ils soient recycl\u00e9s. Objectif : permettre \u00e0 50 millions de citoyens de trier leurs petits emballages m\u00e9talliques (feuilles aluminium, capsules de bouteilles, capsules de [&hellip;]","og_url":"https:\/\/www.emballagedigest.fr\/en\/le-projet-metal-celebre-ses-dix-ans\/","og_site_name":"Emballage Digest","article_published_time":"2025-01-12T10:31:00+00:00","article_modified_time":"2025-01-17T10:34:54+00:00","og_image":[{"width":800,"height":541,"url":"https:\/\/www.emballagedigest.fr\/wp-content\/uploads\/2025\/01\/projet-metal.jpg","type":"image\/jpeg"}],"author":"Karine Duval","twitter_card":"summary_large_image","twitter_misc":{"Written by":"Karine Duval","Estimated reading time":"3 minutes"},"schema":{"@context":"https:\/\/schema.org","@graph":[{"@type":"Article","@id":"https:\/\/www.emballagedigest.fr\/le-projet-metal-celebre-ses-dix-ans\/#article","isPartOf":{"@id":"https:\/\/www.emballagedigest.fr\/le-projet-metal-celebre-ses-dix-ans\/"},"author":{"name":"Karine Duval","@id":"https:\/\/www.emballagedigest.fr\/#\/schema\/person\/76abe9f2b2ee4d3d520594c7a35da59f"},"headline":"Le Projet M\u00e9tal c\u00e9l\u00e8bre ses dix ans","datePublished":"2025-01-12T10:31:00+00:00","dateModified":"2025-01-17T10:34:54+00:00","mainEntityOfPage":{"@id":"https:\/\/www.emballagedigest.fr\/le-projet-metal-celebre-ses-dix-ans\/"},"wordCount":528,"publisher":{"@id":"https:\/\/www.emballagedigest.fr\/#organization"},"image":{"@id":"https:\/\/www.emballagedigest.fr\/le-projet-metal-celebre-ses-dix-ans\/#primaryimage"},"thumbnailUrl":"https:\/\/www.emballagedigest.fr\/wp-content\/uploads\/2025\/01\/projet-metal.jpg","articleSection":["Article entier","Barre lat\u00e9rale","Emballages","Industrie","Packaging","Vu dans le mag"],"inLanguage":"en-GB"},{"@type":"WebPage","@id":"https:\/\/www.emballagedigest.fr\/le-projet-metal-celebre-ses-dix-ans\/","url":"https:\/\/www.emballagedigest.fr\/le-projet-metal-celebre-ses-dix-ans\/","name":"Le Projet M\u00e9tal c\u00e9l\u00e8bre ses dix ans - Emballage Digest","isPartOf":{"@id":"https:\/\/www.emballagedigest.fr\/#website"},"primaryImageOfPage":{"@id":"https:\/\/www.emballagedigest.fr\/le-projet-metal-celebre-ses-dix-ans\/#primaryimage"},"image":{"@id":"https:\/\/www.emballagedigest.fr\/le-projet-metal-celebre-ses-dix-ans\/#primaryimage"},"thumbnailUrl":"https:\/\/www.emballagedigest.fr\/wp-content\/uploads\/2025\/01\/projet-metal.jpg","datePublished":"2025-01-12T10:31:00+00:00","dateModified":"2025-01-17T10:34:54+00:00","breadcrumb":{"@id":"https:\/\/www.emballagedigest.fr\/le-projet-metal-celebre-ses-dix-ans\/#breadcrumb"},"inLanguage":"en-GB","potentialAction":[{"@type":"ReadAction","target":["https:\/\/www.emballagedigest.fr\/le-projet-metal-celebre-ses-dix-ans\/"]}]},{"@type":"ImageObject","inLanguage":"en-GB","@id":"https:\/\/www.emballagedigest.fr\/le-projet-metal-celebre-ses-dix-ans\/#primaryimage","url":"https:\/\/www.emballagedigest.fr\/wp-content\/uploads\/2025\/01\/projet-metal.jpg","contentUrl":"https:\/\/www.emballagedigest.fr\/wp-content\/uploads\/2025\/01\/projet-metal.jpg","width":800,"height":541},{"@type":"BreadcrumbList","@id":"https:\/\/www.emballagedigest.fr\/le-projet-metal-celebre-ses-dix-ans\/#breadcrumb","itemListElement":[{"@type":"ListItem","position":1,"name":"Accueil","item":"https:\/\/www.emballagedigest.fr\/"},{"@type":"ListItem","position":2,"name":"Le Projet M\u00e9tal c\u00e9l\u00e8bre ses dix ans"}]},{"@type":"WebSite","@id":"https:\/\/www.emballagedigest.fr\/#website","url":"https:\/\/www.emballagedigest.fr\/","name":"Emballage Digest","description":"Revue professionnelle sur les emballages","publisher":{"@id":"https:\/\/www.emballagedigest.fr\/#organization"},"potentialAction":[{"@type":"SearchAction","target":{"@type":"EntryPoint","urlTemplate":"https:\/\/www.emballagedigest.fr\/?s={search_term_string}"},"query-input":{"@type":"PropertyValueSpecification","valueRequired":true,"valueName":"search_term_string"}}],"inLanguage":"en-GB"},{"@type":"Organization","@id":"https:\/\/www.emballagedigest.fr\/#organization","name":"Emballage Digest","url":"https:\/\/www.emballagedigest.fr\/","logo":{"@type":"ImageObject","inLanguage":"en-GB","@id":"https:\/\/www.emballagedigest.fr\/#\/schema\/logo\/image\/","url":"https:\/\/www.emballagedigest.fr\/wp-content\/uploads\/2022\/07\/logo-ed.png","contentUrl":"https:\/\/www.emballagedigest.fr\/wp-content\/uploads\/2022\/07\/logo-ed.png","width":379,"height":75,"caption":"Emballage Digest"},"image":{"@id":"https:\/\/www.emballagedigest.fr\/#\/schema\/logo\/image\/"}},{"@type":"Person","@id":"https:\/\/www.emballagedigest.fr\/#\/schema\/person\/76abe9f2b2ee4d3d520594c7a35da59f","name":"Karine Duval","image":{"@type":"ImageObject","inLanguage":"en-GB","@id":"https:\/\/www.emballagedigest.fr\/#\/schema\/person\/image\/","url":"https:\/\/secure.gravatar.com\/avatar\/f552799261cdd2e076e6677d780ef07bdb13aa4c196ab75b39abcbcdcae2d4e5?s=96&d=mm&r=g","contentUrl":"https:\/\/secure.gravatar.com\/avatar\/f552799261cdd2e076e6677d780ef07bdb13aa4c196ab75b39abcbcdcae2d4e5?s=96&d=mm&r=g","caption":"Karine Duval"},"url":"https:\/\/www.emballagedigest.fr\/en\/author\/admin_karduv\/"}]}},"_links":{"self":[{"href":"https:\/\/www.emballagedigest.fr\/en\/wp-json\/wp\/v2\/posts\/43369","targetHints":{"allow":["GET"]}}],"collection":[{"href":"https:\/\/www.emballagedigest.fr\/en\/wp-json\/wp\/v2\/posts"}],"about":[{"href":"https:\/\/www.emballagedigest.fr\/en\/wp-json\/wp\/v2\/types\/post"}],"author":[{"embeddable":true,"href":"https:\/\/www.emballagedigest.fr\/en\/wp-json\/wp\/v2\/users\/2"}],"replies":[{"embeddable":true,"href":"https:\/\/www.emballagedigest.fr\/en\/wp-json\/wp\/v2\/comments?post=43369"}],"version-history":[{"count":1,"href":"https:\/\/www.emballagedigest.fr\/en\/wp-json\/wp\/v2\/posts\/43369\/revisions"}],"predecessor-version":[{"id":43371,"href":"https:\/\/www.emballagedigest.fr\/en\/wp-json\/wp\/v2\/posts\/43369\/revisions\/43371"}],"wp:featuredmedia":[{"embeddable":true,"href":"https:\/\/www.emballagedigest.fr\/en\/wp-json\/wp\/v2\/media\/43370"}],"wp:attachment":[{"href":"https:\/\/www.emballagedigest.fr\/en\/wp-json\/wp\/v2\/media?parent=43369"}],"wp:term":[{"taxonomy":"category","embeddable":true,"href":"https:\/\/www.emballagedigest.fr\/en\/wp-json\/wp\/v2\/categories?post=43369"},{"taxonomy":"post_tag","embeddable":true,"href":"https:\/\/www.emballagedigest.fr\/en\/wp-json\/wp\/v2\/tags?post=43369"}],"curies":[{"name":"wp","href":"https:\/\/api.w.org\/{rel}","templated":true}]}}