{"id":43372,"date":"2025-01-12T11:34:00","date_gmt":"2025-01-12T10:34:00","guid":{"rendered":"https:\/\/www.emballagedigest.fr\/?p=43372"},"modified":"2025-01-17T11:37:45","modified_gmt":"2025-01-17T10:37:45","slug":"g-pivaudran-inaugure-sa-nouvelle-lignedanodisation-a-souillac","status":"publish","type":"post","link":"https:\/\/www.emballagedigest.fr\/en\/g-pivaudran-inaugure-sa-nouvelle-lignedanodisation-a-souillac\/","title":{"rendered":"g.pivaudran inaugure sa nouvelle ligne<br>d\u2019anodisation \u00e0 Souillac"},"content":{"rendered":"<p><strong>Investissement le plus important jamais r\u00e9alis\u00e9 par l\u2019entreprise, la nouvelle ligne automatique d\u2019anodisation a \u00e9t\u00e9 inaugur\u00e9e fin 2024 en grande pompe par g.pivaudran \u00e0 Souillac, dans le Lot.<\/strong><\/p>\n\n\n\n<p>Plus d\u2019un an de travaux auront \u00e9t\u00e9 n\u00e9cessaires pour remplacer l\u2019ancienne ligne d\u2019anodisation de 1990 par un \u00e9quipement dernier cri. Un projet ambitieux pour la PME lotoise&nbsp;: en effet, la nouvelle machine a requis la construction d\u2019une fosse de 500 m3 et l\u2019installation de 80 cuves de 3000 litres ainsi que la mise en place d\u2019un dispositif d\u2019aspiration de 70&nbsp;000 m3\/h. Co\u00fbt de l\u2019investissement&nbsp;: 8 millions d\u2019euros, dont une participation des clients de g.pivaudran (Chanel, Puig, LVMH, L\u2019Or\u00e9al, Cartier, Herm\u00e8s), de France Relance, soutenue par les financements de BPI et de la Soci\u00e9t\u00e9 G\u00e9n\u00e9rale.<\/p>\n\n\n\n<p>Longue de 40 m\u00e8tres, la nouvelle ligne automatis\u00e9e d\u2019anodisation repose sur une structure de 28 tonnes d\u2019acier et 700 m3 de b\u00e9ton. Equip\u00e9e de 12 bains de coloration, elle permet \u00e0 l\u2019entreprise de doubler sa capacit\u00e9 actuelle de traitement de surface tout en r\u00e9duisant d\u2019un tiers sa consommation en eau, \u00e9nergie et substances chimiques. \u00abIl s\u2019agit de l\u2019investissement le plus cons\u00e9quent jamais r\u00e9alis\u00e9 depuis la cr\u00e9ation de g.pivaudran. Il nous permettra de r\u00e9pondre avec plus d\u2019agilit\u00e9 \u00e0 plusieurs projets n\u00e9cessitant des volumes importants tout en incarnant notre engagement RSE\u00bb, confie Marc Pivaudran, pdg de g.pivaudran.<\/p>\n\n\n\n<p>En pleine phase de qualification des produits (120 \u00e0 150 r\u00e9f\u00e9rences) avec ses clients, le fabricant pr\u00e9voit une rapide mont\u00e9e en puissance pour un d\u00e9marrage op\u00e9rationnel au premier trimestre 2025, tandis que l\u2019ancienne ligne sera d\u00e9mantel\u00e9e cet \u00e9t\u00e9. A plein r\u00e9gime, le nouvel outil \u2013 fourni par l\u2019espagnol Sidasa Engineering \u2013 pourra traiter 400&nbsp;000 pi\u00e8ces par jour gr\u00e2ce \u00e0 des cycles de traitement de 2 \u00e0 4 heures, avec la possibilit\u00e9 d\u2019une double anodisation. Un mastodonte qu\u2019il faudra alimenter d\u2019ailleurs en pi\u00e8ces. \u00abL\u2019atelier emboutissage a encore de la marge de ma\u0153uvre et peut voir sa capacit\u00e9 augment\u00e9e de 30% en passant les \u00e9quipes en 3&#215;8&nbsp;si n\u00e9cessaire\u00bb, rassure le dirigeant.<\/p>\n\n\n\n<p><strong>R\u00e9duire l\u2019impact environnemental de l\u2019entreprise<\/strong><br>La nouvelle ligne, capable d\u2019anodiser plusieurs pi\u00e8ces diff\u00e9rentes simultan\u00e9ment, se d\u00e9marque par son \u00e9co-conception\u00a0: elle permet ainsi \u00e0 g.pivaudran de r\u00e9duire sa consommation d\u2019\u00e9lectricit\u00e9 et d\u2019eau de 30% et son utilisation de produits chimiques de 40%. Pour ce faire, les travaux ont int\u00e9gr\u00e9 la mise en place d\u2019un dispositif de r\u00e9cup\u00e9ration d\u2019\u00e9nergie pour pr\u00e9chauffer l\u2019air aspir\u00e9 et l\u2019\u00e9quipement de 60% des cuves d\u2019un \u00e9changeur pour \u00eatre raccordables au futur r\u00e9seau de chaleur bois. En effet, la PME privil\u00e9gie l\u2019\u00e9nergie verte, via un achat cibl\u00e9 \u00e0 EDF, et b\u00e9n\u00e9ficiera en 2026 d\u2019un raccordement \u00e0 ce nouveau r\u00e9seau de chaleur d\u00e9velopp\u00e9 par la ville de Souillac. Elle sera la premi\u00e8re soci\u00e9t\u00e9 priv\u00e9e lotoise \u00e0 pouvoir b\u00e9n\u00e9ficier d\u2019un tel syst\u00e8me. C\u00f4t\u00e9 s\u00e9curit\u00e9, l\u2019ajout d\u2019acides et de bases sera d\u00e9sormais automatis\u00e9 pour \u00e9viter aux op\u00e9rateurs une exposition aux CMR. Les armoires \u00e9lectriques ont \u00e9t\u00e9 isol\u00e9es dans un local annexe. Et cinq cam\u00e9ras ont \u00e9t\u00e9 install\u00e9es tout au long de la ligne pour d\u00e9tecter un \u00e9ventuel d\u00e9part de feu. \u00abNos investissements vont dans le sens de la d\u00e9carbonation de l\u2019industrie mais \u00e9galement de l\u2019am\u00e9lioration des conditions de travail de nos collaborateurs. La question environnementale est aujourd\u2019hui au m\u00eame niveau que nos objectifs de productivit\u00e9 et de qualit\u00e9\u00a0: pour nous, nos clients et nos partenaires\u00bb, souligne Marc Pivaudran.<\/p>\n\n\n\n<p><strong>Assembler et d\u00e9corer avec dext\u00e9rit\u00e9<\/strong><br>Si tous les yeux \u00e9taient riv\u00e9s sur la nouvelle ligne d\u2019anodisation, la visite de l\u2019usine de g.pivaudran a pu mettre en lumi\u00e8re ses autres m\u00e9tiers d\u2019expertise. De la conception \u2013 gr\u00e2ce \u00e0 un bureau d\u2019\u00e9tude int\u00e9gr\u00e9 \u2013 en passant par l\u2019emboutissage des pi\u00e8ces \u00e0 des cadences \u00e9lev\u00e9es assur\u00e9es par des presses transfert et semi-automatiques, aux lignes flexibles et robotis\u00e9es et aux ateliers de parach\u00e8vement et d\u2019assemblage, le fabricant peut s\u2019appuyer sur des savoir-faire pointus. Le montage, l\u2019assemblage ou la gravure laser sont effectu\u00e9s sur des machines automatiques sp\u00e9cialis\u00e9es. Les impressions (s\u00e9rigraphie, tampographie, laser) et d\u00e9cors (double anodisation) sont \u00e9galement int\u00e9gr\u00e9es. R\u00e9cemment, l\u2019entreprise a investi en partenariat avec Herm\u00e8s dans une nouvelle ligne d\u2019assemblage automatis\u00e9e U2 Robotics, \u00e9quip\u00e9e de navettes B&amp;R Automation \u00e0 l\u00e9vitation magn\u00e9tique, capable d\u2019assembler jusqu\u2019\u00e0 14 r\u00e9f\u00e9rences produits sur la m\u00eame ligne. \u00abNous travaillons avec des marques de prestige dont le niveau d\u2019exigence est tr\u00e8s haut, ce qui nous challenge au quotidien pour atteindre une qualit\u00e9 de pi\u00e8ces hors du commun\u00bb, avoue Marc Pivaudran. L\u2019ensemble du process industriel est d\u2019ailleurs r\u00e9guli\u00e8rement optimis\u00e9 pour r\u00e9duire le taux de rebut (11% d\u2019unit\u00e9s par an). Les pi\u00e8ces non conformes sont ainsi r\u00e9par\u00e9es ou recycl\u00e9es par des prestataires\u00a0: l\u2019id\u00e9e \u00e0 terme sera d\u2019internaliser cette valorisation de mati\u00e8re au sein d\u2019une boucle ferm\u00e9e.<\/p>\n\n\n\n<p><strong>Aluminium recycl\u00e9<\/strong><br>C\u00f4t\u00e9 mati\u00e8res premi\u00e8res, l\u2019entreprise s\u2019attelle \u00e0 incorporer de l\u2019aluminium recycl\u00e9 dans la fabrication de ses pi\u00e8ces. Fruit de ce travail, g.pivaudran a lanc\u00e9 en partenariat avec la Maison Chanel, le premier mascaradont le packaging int\u00e9gre de l\u2019aluminium recycl\u00e9 \u00e0 hauteur de 10 et 20% selon les mod\u00e8les de d\u00e9cors. En compl\u00e9ment, l\u2019entreprise planche sur une offre d\u2019aluminium \u00abbas carbone\u00bb, produit gr\u00e2ce \u00e0 des \u00e9nergies renouvelables, limitant ainsi son impact environnemental. \u00abAujourd\u2019hui, 80% de notre activit\u00e9 est d\u00e9di\u00e9e \u00e0 la parfumerie, mais nous sommes ouverts \u00e0 une diversification vers d\u2019autres secteurs comme celui des spiritueux, m\u00eame s\u2019il reste aujourd\u2019hui anecdotique (2%) et \u00e9galement attentifs aux opportunit\u00e9s que peuvent pr\u00e9senter les march\u00e9s du maquillage et des soins cosm\u00e9tiques (18%). Certes, les marges y sont moindres et il faut \u00eatre plus r\u00e9actif en termes d\u2019animation et de d\u00e9cors mais les marques sont \u00e0 la recherche de pi\u00e8ces sans plastique\u00a0: une solution tout aluminium aurait donc toute sa place\u2026\u00bb, confie Herv\u00e9 Delaigue, directeur commercial et d\u00e9veloppement chez g.pivaudran. Fort du soutien de ses clients et en s\u2019appuyant sur cette nouvelle ligne d\u2019anodisation, la PME esp\u00e8re atteindre un chiffre d\u2019affaires de 40 millions d\u2019euros avant 2029.<\/p>\n\n\n\n<p><strong>Fier de son ancrage local<\/strong><br>Fond\u00e9 \u00e0 Souillac dans le village natal de son fondateur Georges Pivaudran en 1948, la PME est un acteur majeur dans le Lot, employant 220 salari\u00e9s. La mise en route op\u00e9rationnelle de la nouvelle ligne d\u2019anodisation permettra la cr\u00e9ation d\u2019une cinquantaine de postes d\u2019ici 2027, principalement sur des fonctions d\u2019op\u00e9rateurs polyvalents et de chefs de projet. Soutenue par la BPI, la R\u00e9gion Occitanie et France Relance et Territoires d\u2019industrie, l\u2019entreprise est appr\u00e9ci\u00e9e pour son implication dans la vie \u00e9conomique locale. Pour exemple, le fabricant participe \u00e0 la cr\u00e9ation d\u2019un futur mus\u00e9e-showroom g.pivaudran qui mettra en valeur le savoir-faire et les r\u00e9alisations de la soci\u00e9t\u00e9, ainsi que la construction de logements \u00e0 destination des alternants via la r\u00e9habilitation d\u2019un ancien immeuble en centre-ville de Souillac pour un montant de 600\u00a0000 euros. Le projet devrait voir le jour fin 2025. \u00abNous travaillons de notre c\u00f4t\u00e9 depuis longtemps sur la transmission des savoirs pour anticiper les d\u00e9parts \u00e0 la retraite et attirer de nouveaux talents.\u00a07% de notre chiffre d\u2019affaires est consacr\u00e9 \u00e0 des formations qualifiantes, avec une moyenne de 12 heures par personne et par an. g.pivaudran a obtenu en 2020 le label Entreprise du Patrimoine Vivant, une reconnaissance de notre expertise, du travail de nos \u00e9quipesmais aussi un atout suppl\u00e9mentaire pour nos recrutements et notre relation client\u00bb, a rappel\u00e9 Marc Pivaudran, durant son discours d\u2019inauguration.<\/p>","protected":false},"excerpt":{"rendered":"<p>Investissement le plus important jamais r\u00e9alis\u00e9 par l\u2019entreprise, la nouvelle ligne automatique d\u2019anodisation a \u00e9t\u00e9 inaugur\u00e9e fin 2024 en grande pompe par g.pivaudran \u00e0 Souillac, dans le Lot. Plus d\u2019un an de travaux auront \u00e9t\u00e9 n\u00e9cessaires pour remplacer l\u2019ancienne ligne d\u2019anodisation de 1990 par un \u00e9quipement dernier cri. Un projet ambitieux pour la PME lotoise&nbsp;: [&hellip;]<\/p>","protected":false},"author":2,"featured_media":43373,"comment_status":"closed","ping_status":"closed","sticky":false,"template":"","format":"standard","meta":{"_acf_changed":false,"inline_featured_image":false,"iawp_total_views":2,"footnotes":""},"categories":[26,81,6,65],"tags":[],"class_list":["post-43372","post","type-post","status-publish","format-standard","has-post-thumbnail","hentry","category-laterale","category-packaging","category-parfumerie-cosmetique","category-vu-dans-le-mag"],"acf":[],"yoast_head":"<!-- This site is optimized with the Yoast SEO plugin v24.4 - https:\/\/yoast.com\/wordpress\/plugins\/seo\/ -->\n<title>g.pivaudran inaugure sa nouvelle ligned\u2019anodisation \u00e0 Souillac - Emballage Digest<\/title>\n<meta name=\"robots\" content=\"index, follow, max-snippet:-1, max-image-preview:large, max-video-preview:-1\" \/>\n<link rel=\"canonical\" href=\"https:\/\/www.emballagedigest.fr\/en\/g-pivaudran-inaugure-sa-nouvelle-lignedanodisation-a-souillac\/\" \/>\n<meta property=\"og:locale\" content=\"en_GB\" \/>\n<meta property=\"og:type\" content=\"article\" \/>\n<meta property=\"og:title\" content=\"g.pivaudran inaugure sa nouvelle ligned\u2019anodisation \u00e0 Souillac - Emballage Digest\" \/>\n<meta property=\"og:description\" content=\"Investissement le plus important jamais r\u00e9alis\u00e9 par l\u2019entreprise, la nouvelle ligne automatique d\u2019anodisation a \u00e9t\u00e9 inaugur\u00e9e fin 2024 en grande pompe par g.pivaudran \u00e0 Souillac, dans le Lot. Plus d\u2019un an de travaux auront \u00e9t\u00e9 n\u00e9cessaires pour remplacer l\u2019ancienne ligne d\u2019anodisation de 1990 par un \u00e9quipement dernier cri. Un projet ambitieux pour la PME lotoise&nbsp;: [&hellip;]\" \/>\n<meta property=\"og:url\" content=\"https:\/\/www.emballagedigest.fr\/en\/g-pivaudran-inaugure-sa-nouvelle-lignedanodisation-a-souillac\/\" \/>\n<meta property=\"og:site_name\" content=\"Emballage Digest\" \/>\n<meta property=\"article:published_time\" content=\"2025-01-12T10:34:00+00:00\" \/>\n<meta property=\"article:modified_time\" content=\"2025-01-17T10:37:45+00:00\" \/>\n<meta property=\"og:image\" content=\"https:\/\/www.emballagedigest.fr\/wp-content\/uploads\/2025\/01\/g.pivaudran.jpg\" \/>\n\t<meta property=\"og:image:width\" content=\"800\" \/>\n\t<meta property=\"og:image:height\" content=\"520\" \/>\n\t<meta property=\"og:image:type\" content=\"image\/jpeg\" \/>\n<meta name=\"author\" content=\"Karine Duval\" \/>\n<meta name=\"twitter:card\" content=\"summary_large_image\" \/>\n<meta name=\"twitter:label1\" content=\"Written by\" \/>\n\t<meta name=\"twitter:data1\" content=\"Karine Duval\" \/>\n\t<meta name=\"twitter:label2\" content=\"Estimated reading time\" \/>\n\t<meta name=\"twitter:data2\" content=\"7 minutes\" \/>\n<script type=\"application\/ld+json\" class=\"yoast-schema-graph\">{\"@context\":\"https:\/\/schema.org\",\"@graph\":[{\"@type\":\"Article\",\"@id\":\"https:\/\/www.emballagedigest.fr\/g-pivaudran-inaugure-sa-nouvelle-lignedanodisation-a-souillac\/#article\",\"isPartOf\":{\"@id\":\"https:\/\/www.emballagedigest.fr\/g-pivaudran-inaugure-sa-nouvelle-lignedanodisation-a-souillac\/\"},\"author\":{\"name\":\"Karine Duval\",\"@id\":\"https:\/\/www.emballagedigest.fr\/#\/schema\/person\/76abe9f2b2ee4d3d520594c7a35da59f\"},\"headline\":\"g.pivaudran inaugure sa nouvelle ligne d\u2019anodisation \u00e0 Souillac\",\"datePublished\":\"2025-01-12T10:34:00+00:00\",\"dateModified\":\"2025-01-17T10:37:45+00:00\",\"mainEntityOfPage\":{\"@id\":\"https:\/\/www.emballagedigest.fr\/g-pivaudran-inaugure-sa-nouvelle-lignedanodisation-a-souillac\/\"},\"wordCount\":1370,\"publisher\":{\"@id\":\"https:\/\/www.emballagedigest.fr\/#organization\"},\"image\":{\"@id\":\"https:\/\/www.emballagedigest.fr\/g-pivaudran-inaugure-sa-nouvelle-lignedanodisation-a-souillac\/#primaryimage\"},\"thumbnailUrl\":\"https:\/\/www.emballagedigest.fr\/wp-content\/uploads\/2025\/01\/g.pivaudran.jpg\",\"articleSection\":[\"Barre lat\u00e9rale\",\"Packaging\",\"Parfumerie &amp; Cosm\u00e9tique\",\"Vu dans le mag\"],\"inLanguage\":\"en-GB\"},{\"@type\":\"WebPage\",\"@id\":\"https:\/\/www.emballagedigest.fr\/g-pivaudran-inaugure-sa-nouvelle-lignedanodisation-a-souillac\/\",\"url\":\"https:\/\/www.emballagedigest.fr\/g-pivaudran-inaugure-sa-nouvelle-lignedanodisation-a-souillac\/\",\"name\":\"g.pivaudran inaugure sa nouvelle ligne d\u2019anodisation \u00e0 Souillac - Emballage Digest\",\"isPartOf\":{\"@id\":\"https:\/\/www.emballagedigest.fr\/#website\"},\"primaryImageOfPage\":{\"@id\":\"https:\/\/www.emballagedigest.fr\/g-pivaudran-inaugure-sa-nouvelle-lignedanodisation-a-souillac\/#primaryimage\"},\"image\":{\"@id\":\"https:\/\/www.emballagedigest.fr\/g-pivaudran-inaugure-sa-nouvelle-lignedanodisation-a-souillac\/#primaryimage\"},\"thumbnailUrl\":\"https:\/\/www.emballagedigest.fr\/wp-content\/uploads\/2025\/01\/g.pivaudran.jpg\",\"datePublished\":\"2025-01-12T10:34:00+00:00\",\"dateModified\":\"2025-01-17T10:37:45+00:00\",\"breadcrumb\":{\"@id\":\"https:\/\/www.emballagedigest.fr\/g-pivaudran-inaugure-sa-nouvelle-lignedanodisation-a-souillac\/#breadcrumb\"},\"inLanguage\":\"en-GB\",\"potentialAction\":[{\"@type\":\"ReadAction\",\"target\":[\"https:\/\/www.emballagedigest.fr\/g-pivaudran-inaugure-sa-nouvelle-lignedanodisation-a-souillac\/\"]}]},{\"@type\":\"ImageObject\",\"inLanguage\":\"en-GB\",\"@id\":\"https:\/\/www.emballagedigest.fr\/g-pivaudran-inaugure-sa-nouvelle-lignedanodisation-a-souillac\/#primaryimage\",\"url\":\"https:\/\/www.emballagedigest.fr\/wp-content\/uploads\/2025\/01\/g.pivaudran.jpg\",\"contentUrl\":\"https:\/\/www.emballagedigest.fr\/wp-content\/uploads\/2025\/01\/g.pivaudran.jpg\",\"width\":800,\"height\":520},{\"@type\":\"BreadcrumbList\",\"@id\":\"https:\/\/www.emballagedigest.fr\/g-pivaudran-inaugure-sa-nouvelle-lignedanodisation-a-souillac\/#breadcrumb\",\"itemListElement\":[{\"@type\":\"ListItem\",\"position\":1,\"name\":\"Accueil\",\"item\":\"https:\/\/www.emballagedigest.fr\/\"},{\"@type\":\"ListItem\",\"position\":2,\"name\":\"g.pivaudran inaugure sa nouvelle ligned\u2019anodisation \u00e0 Souillac\"}]},{\"@type\":\"WebSite\",\"@id\":\"https:\/\/www.emballagedigest.fr\/#website\",\"url\":\"https:\/\/www.emballagedigest.fr\/\",\"name\":\"Emballage Digest\",\"description\":\"Revue professionnelle sur les emballages\",\"publisher\":{\"@id\":\"https:\/\/www.emballagedigest.fr\/#organization\"},\"potentialAction\":[{\"@type\":\"SearchAction\",\"target\":{\"@type\":\"EntryPoint\",\"urlTemplate\":\"https:\/\/www.emballagedigest.fr\/?s={search_term_string}\"},\"query-input\":{\"@type\":\"PropertyValueSpecification\",\"valueRequired\":true,\"valueName\":\"search_term_string\"}}],\"inLanguage\":\"en-GB\"},{\"@type\":\"Organization\",\"@id\":\"https:\/\/www.emballagedigest.fr\/#organization\",\"name\":\"Emballage Digest\",\"url\":\"https:\/\/www.emballagedigest.fr\/\",\"logo\":{\"@type\":\"ImageObject\",\"inLanguage\":\"en-GB\",\"@id\":\"https:\/\/www.emballagedigest.fr\/#\/schema\/logo\/image\/\",\"url\":\"https:\/\/www.emballagedigest.fr\/wp-content\/uploads\/2022\/07\/logo-ed.png\",\"contentUrl\":\"https:\/\/www.emballagedigest.fr\/wp-content\/uploads\/2022\/07\/logo-ed.png\",\"width\":379,\"height\":75,\"caption\":\"Emballage Digest\"},\"image\":{\"@id\":\"https:\/\/www.emballagedigest.fr\/#\/schema\/logo\/image\/\"}},{\"@type\":\"Person\",\"@id\":\"https:\/\/www.emballagedigest.fr\/#\/schema\/person\/76abe9f2b2ee4d3d520594c7a35da59f\",\"name\":\"Karine Duval\",\"image\":{\"@type\":\"ImageObject\",\"inLanguage\":\"en-GB\",\"@id\":\"https:\/\/www.emballagedigest.fr\/#\/schema\/person\/image\/\",\"url\":\"https:\/\/secure.gravatar.com\/avatar\/f552799261cdd2e076e6677d780ef07bdb13aa4c196ab75b39abcbcdcae2d4e5?s=96&d=mm&r=g\",\"contentUrl\":\"https:\/\/secure.gravatar.com\/avatar\/f552799261cdd2e076e6677d780ef07bdb13aa4c196ab75b39abcbcdcae2d4e5?s=96&d=mm&r=g\",\"caption\":\"Karine Duval\"},\"url\":\"https:\/\/www.emballagedigest.fr\/en\/author\/admin_karduv\/\"}]}<\/script>\n<!-- \/ Yoast SEO plugin. -->","yoast_head_json":{"title":"g.pivaudran inaugure sa nouvelle ligned\u2019anodisation \u00e0 Souillac - Emballage Digest","robots":{"index":"index","follow":"follow","max-snippet":"max-snippet:-1","max-image-preview":"max-image-preview:large","max-video-preview":"max-video-preview:-1"},"canonical":"https:\/\/www.emballagedigest.fr\/en\/g-pivaudran-inaugure-sa-nouvelle-lignedanodisation-a-souillac\/","og_locale":"en_GB","og_type":"article","og_title":"g.pivaudran inaugure sa nouvelle ligned\u2019anodisation \u00e0 Souillac - Emballage Digest","og_description":"Investissement le plus important jamais r\u00e9alis\u00e9 par l\u2019entreprise, la nouvelle ligne automatique d\u2019anodisation a \u00e9t\u00e9 inaugur\u00e9e fin 2024 en grande pompe par g.pivaudran \u00e0 Souillac, dans le Lot. Plus d\u2019un an de travaux auront \u00e9t\u00e9 n\u00e9cessaires pour remplacer l\u2019ancienne ligne d\u2019anodisation de 1990 par un \u00e9quipement dernier cri. Un projet ambitieux pour la PME lotoise&nbsp;: [&hellip;]","og_url":"https:\/\/www.emballagedigest.fr\/en\/g-pivaudran-inaugure-sa-nouvelle-lignedanodisation-a-souillac\/","og_site_name":"Emballage Digest","article_published_time":"2025-01-12T10:34:00+00:00","article_modified_time":"2025-01-17T10:37:45+00:00","og_image":[{"width":800,"height":520,"url":"https:\/\/www.emballagedigest.fr\/wp-content\/uploads\/2025\/01\/g.pivaudran.jpg","type":"image\/jpeg"}],"author":"Karine Duval","twitter_card":"summary_large_image","twitter_misc":{"Written by":"Karine Duval","Estimated reading time":"7 minutes"},"schema":{"@context":"https:\/\/schema.org","@graph":[{"@type":"Article","@id":"https:\/\/www.emballagedigest.fr\/g-pivaudran-inaugure-sa-nouvelle-lignedanodisation-a-souillac\/#article","isPartOf":{"@id":"https:\/\/www.emballagedigest.fr\/g-pivaudran-inaugure-sa-nouvelle-lignedanodisation-a-souillac\/"},"author":{"name":"Karine Duval","@id":"https:\/\/www.emballagedigest.fr\/#\/schema\/person\/76abe9f2b2ee4d3d520594c7a35da59f"},"headline":"g.pivaudran inaugure sa nouvelle ligne d\u2019anodisation \u00e0 Souillac","datePublished":"2025-01-12T10:34:00+00:00","dateModified":"2025-01-17T10:37:45+00:00","mainEntityOfPage":{"@id":"https:\/\/www.emballagedigest.fr\/g-pivaudran-inaugure-sa-nouvelle-lignedanodisation-a-souillac\/"},"wordCount":1370,"publisher":{"@id":"https:\/\/www.emballagedigest.fr\/#organization"},"image":{"@id":"https:\/\/www.emballagedigest.fr\/g-pivaudran-inaugure-sa-nouvelle-lignedanodisation-a-souillac\/#primaryimage"},"thumbnailUrl":"https:\/\/www.emballagedigest.fr\/wp-content\/uploads\/2025\/01\/g.pivaudran.jpg","articleSection":["Barre lat\u00e9rale","Packaging","Parfumerie &amp; Cosm\u00e9tique","Vu dans le mag"],"inLanguage":"en-GB"},{"@type":"WebPage","@id":"https:\/\/www.emballagedigest.fr\/g-pivaudran-inaugure-sa-nouvelle-lignedanodisation-a-souillac\/","url":"https:\/\/www.emballagedigest.fr\/g-pivaudran-inaugure-sa-nouvelle-lignedanodisation-a-souillac\/","name":"g.pivaudran inaugure sa nouvelle ligne d\u2019anodisation \u00e0 Souillac - Emballage Digest","isPartOf":{"@id":"https:\/\/www.emballagedigest.fr\/#website"},"primaryImageOfPage":{"@id":"https:\/\/www.emballagedigest.fr\/g-pivaudran-inaugure-sa-nouvelle-lignedanodisation-a-souillac\/#primaryimage"},"image":{"@id":"https:\/\/www.emballagedigest.fr\/g-pivaudran-inaugure-sa-nouvelle-lignedanodisation-a-souillac\/#primaryimage"},"thumbnailUrl":"https:\/\/www.emballagedigest.fr\/wp-content\/uploads\/2025\/01\/g.pivaudran.jpg","datePublished":"2025-01-12T10:34:00+00:00","dateModified":"2025-01-17T10:37:45+00:00","breadcrumb":{"@id":"https:\/\/www.emballagedigest.fr\/g-pivaudran-inaugure-sa-nouvelle-lignedanodisation-a-souillac\/#breadcrumb"},"inLanguage":"en-GB","potentialAction":[{"@type":"ReadAction","target":["https:\/\/www.emballagedigest.fr\/g-pivaudran-inaugure-sa-nouvelle-lignedanodisation-a-souillac\/"]}]},{"@type":"ImageObject","inLanguage":"en-GB","@id":"https:\/\/www.emballagedigest.fr\/g-pivaudran-inaugure-sa-nouvelle-lignedanodisation-a-souillac\/#primaryimage","url":"https:\/\/www.emballagedigest.fr\/wp-content\/uploads\/2025\/01\/g.pivaudran.jpg","contentUrl":"https:\/\/www.emballagedigest.fr\/wp-content\/uploads\/2025\/01\/g.pivaudran.jpg","width":800,"height":520},{"@type":"BreadcrumbList","@id":"https:\/\/www.emballagedigest.fr\/g-pivaudran-inaugure-sa-nouvelle-lignedanodisation-a-souillac\/#breadcrumb","itemListElement":[{"@type":"ListItem","position":1,"name":"Accueil","item":"https:\/\/www.emballagedigest.fr\/"},{"@type":"ListItem","position":2,"name":"g.pivaudran inaugure sa nouvelle ligned\u2019anodisation \u00e0 Souillac"}]},{"@type":"WebSite","@id":"https:\/\/www.emballagedigest.fr\/#website","url":"https:\/\/www.emballagedigest.fr\/","name":"Emballage Digest","description":"Revue professionnelle sur les emballages","publisher":{"@id":"https:\/\/www.emballagedigest.fr\/#organization"},"potentialAction":[{"@type":"SearchAction","target":{"@type":"EntryPoint","urlTemplate":"https:\/\/www.emballagedigest.fr\/?s={search_term_string}"},"query-input":{"@type":"PropertyValueSpecification","valueRequired":true,"valueName":"search_term_string"}}],"inLanguage":"en-GB"},{"@type":"Organization","@id":"https:\/\/www.emballagedigest.fr\/#organization","name":"Emballage Digest","url":"https:\/\/www.emballagedigest.fr\/","logo":{"@type":"ImageObject","inLanguage":"en-GB","@id":"https:\/\/www.emballagedigest.fr\/#\/schema\/logo\/image\/","url":"https:\/\/www.emballagedigest.fr\/wp-content\/uploads\/2022\/07\/logo-ed.png","contentUrl":"https:\/\/www.emballagedigest.fr\/wp-content\/uploads\/2022\/07\/logo-ed.png","width":379,"height":75,"caption":"Emballage Digest"},"image":{"@id":"https:\/\/www.emballagedigest.fr\/#\/schema\/logo\/image\/"}},{"@type":"Person","@id":"https:\/\/www.emballagedigest.fr\/#\/schema\/person\/76abe9f2b2ee4d3d520594c7a35da59f","name":"Karine Duval","image":{"@type":"ImageObject","inLanguage":"en-GB","@id":"https:\/\/www.emballagedigest.fr\/#\/schema\/person\/image\/","url":"https:\/\/secure.gravatar.com\/avatar\/f552799261cdd2e076e6677d780ef07bdb13aa4c196ab75b39abcbcdcae2d4e5?s=96&d=mm&r=g","contentUrl":"https:\/\/secure.gravatar.com\/avatar\/f552799261cdd2e076e6677d780ef07bdb13aa4c196ab75b39abcbcdcae2d4e5?s=96&d=mm&r=g","caption":"Karine Duval"},"url":"https:\/\/www.emballagedigest.fr\/en\/author\/admin_karduv\/"}]}},"_links":{"self":[{"href":"https:\/\/www.emballagedigest.fr\/en\/wp-json\/wp\/v2\/posts\/43372","targetHints":{"allow":["GET"]}}],"collection":[{"href":"https:\/\/www.emballagedigest.fr\/en\/wp-json\/wp\/v2\/posts"}],"about":[{"href":"https:\/\/www.emballagedigest.fr\/en\/wp-json\/wp\/v2\/types\/post"}],"author":[{"embeddable":true,"href":"https:\/\/www.emballagedigest.fr\/en\/wp-json\/wp\/v2\/users\/2"}],"replies":[{"embeddable":true,"href":"https:\/\/www.emballagedigest.fr\/en\/wp-json\/wp\/v2\/comments?post=43372"}],"version-history":[{"count":1,"href":"https:\/\/www.emballagedigest.fr\/en\/wp-json\/wp\/v2\/posts\/43372\/revisions"}],"predecessor-version":[{"id":43374,"href":"https:\/\/www.emballagedigest.fr\/en\/wp-json\/wp\/v2\/posts\/43372\/revisions\/43374"}],"wp:featuredmedia":[{"embeddable":true,"href":"https:\/\/www.emballagedigest.fr\/en\/wp-json\/wp\/v2\/media\/43373"}],"wp:attachment":[{"href":"https:\/\/www.emballagedigest.fr\/en\/wp-json\/wp\/v2\/media?parent=43372"}],"wp:term":[{"taxonomy":"category","embeddable":true,"href":"https:\/\/www.emballagedigest.fr\/en\/wp-json\/wp\/v2\/categories?post=43372"},{"taxonomy":"post_tag","embeddable":true,"href":"https:\/\/www.emballagedigest.fr\/en\/wp-json\/wp\/v2\/tags?post=43372"}],"curies":[{"name":"wp","href":"https:\/\/api.w.org\/{rel}","templated":true}]}}