{"id":43385,"date":"2025-01-21T09:00:34","date_gmt":"2025-01-21T08:00:34","guid":{"rendered":"https:\/\/www.emballagedigest.fr\/?p=43385"},"modified":"2025-01-22T00:50:41","modified_gmt":"2025-01-21T23:50:41","slug":"weber-remet-en-avant-ses-lignes-de-conditionnement-a-liffa","status":"publish","type":"post","link":"https:\/\/www.emballagedigest.fr\/en\/weber-remet-en-avant-ses-lignes-de-conditionnement-a-liffa\/","title":{"rendered":"Weber remet en avant ses lignes de conditionnement \u00e0 l\u2019IFFA"},"content":{"rendered":"<p><strong>Du concept de ligne hautement automatis\u00e9 pour les en-cas et les plats pr\u00e9par\u00e9s au syst\u00e8me d\u2019automatisation efficace pour les applications avec de la viande fra\u00eeche, Weber pr\u00e9sente sa gamme de solutions polyvalente \u00e0 l\u2019IFFA.<\/strong><strong><\/strong><\/p>\n\n\n\n<p>Leader du march\u00e9 pour les lignes compl\u00e8tes dans le domaine des applications de tranchage, Weber est aussi reconnu pour ses syst\u00e8mes de traitement et d\u2019emballage. En plus d\u2019une ligne compl\u00e8te \u00e0 la fois efficace et performante pour les produits calibr\u00e9s comme le cervelas, le salami et le jambon cuit, les visiteurs professionnels pourront \u00e9galement d\u00e9couvrir une ligne pour le traitement et l\u2019emballage du jambon cru dans un syst\u00e8me d\u2019emballage innovant.<\/p>\n\n\n\n<p>Mais le point fort du stand de Weber&nbsp;sera la pr\u00e9sentation d\u2019un concept de ligne pour la fabrication d\u2019emballages d\u2019en-cas tels que des c\u0153urs de fromage, des mini-tranches de salami et des olives \u00e0 l\u2019huile d\u2019olive. Pi\u00e8ce ma\u00eetresse de cette solution novatrice&nbsp;: le syst\u00e8me de transport Weber weSHUTTLE. Caract\u00e9ris\u00e9es par une flexibilit\u00e9 maximale, av\u00e9r\u00e9e par la diversit\u00e9 des applications et les possibilit\u00e9s d\u2019am\u00e9nagement de l\u2019espace, les lignes qui s\u2019articulent autour du weSHUTTLE peuvent \u00eatre con\u00e7ues avec pr\u00e9cision en fonction des recettes sp\u00e9cifiques du client. L\u00e0 o\u00f9 d\u2019autres syst\u00e8mes atteignent leurs limites, cette solution d\u2019automatisation unique permet de mettre en \u0153uvre des applications et de r\u00e9pondre \u00e0 des exigences hors de port\u00e9e dans une autre configuration \u2013 ce syst\u00e8me change la donne.<\/p>\n\n\n\n<p>Le portionnage et l\u2019emballage pr\u00e9cis de la viande fra\u00eeche \u00e0 des cadences \u00e9lev\u00e9es constituent un d\u00e9fi particuli\u00e8rement ambitieux. \u00c0 l\u2019IFFA, Weber pr\u00e9sente une solution qui rel\u00e8ve ce d\u00e9fi avec succ\u00e8s. Les composants performants de Weber rendent cela possible, de la presse \u00e0 mouler wePRESS \u00e0 la thermoformeuse wePACK. La solution hautement automatis\u00e9e permet de r\u00e9aliser un rendement maximal d\u2019applications de viande fra\u00eeche comme les steaks minute ou le shabu-shabu au poids exact et cela sur une surface d\u2019installation particuli\u00e8rement compacte.<\/p>\n\n\n\n<p>Pour exploiter tout le potentiel d\u2019une technologie de premier ordre et augmenter ainsi l\u2019efficacit\u00e9 globale de l\u2019installation ainsi que la disponibilit\u00e9 des lignes tout en r\u00e9duisant les co\u00fbts d\u2019exploitation, une mise en r\u00e9seau intelligente de tous les modules de la ligne s\u2019impose ainsi que la saisie et le regroupement de toutes les donn\u00e9es pertinentes. C\u2019est pourquoi une attention toute particuli\u00e8re est port\u00e9e \u00e0 la num\u00e9risation de la production agroalimentaire \u00e0 l\u2019aide de nombreux produits et services num\u00e9riques de Weber.<\/p>","protected":false},"excerpt":{"rendered":"<p>Du concept de ligne hautement automatis\u00e9 pour les en-cas et les plats pr\u00e9par\u00e9s au syst\u00e8me d\u2019automatisation efficace pour les applications avec de la viande fra\u00eeche, Weber pr\u00e9sente sa gamme de solutions polyvalente \u00e0 l\u2019IFFA. Leader du march\u00e9 pour les lignes compl\u00e8tes dans le domaine des applications de tranchage, Weber est aussi reconnu pour ses syst\u00e8mes [&hellip;]<\/p>","protected":false},"author":2,"featured_media":43386,"comment_status":"closed","ping_status":"closed","sticky":false,"template":"","format":"standard","meta":{"_acf_changed":false,"inline_featured_image":false,"iawp_total_views":0,"footnotes":""},"categories":[5,28,35],"tags":[],"class_list":["post-43385","post","type-post","status-publish","format-standard","has-post-thumbnail","hentry","category-alimentaire","category-article-entier","category-machines-fr"],"acf":[],"yoast_head":"<!-- This site is optimized with the Yoast SEO plugin v24.4 - https:\/\/yoast.com\/wordpress\/plugins\/seo\/ -->\n<title>Weber remet en avant ses lignes de conditionnement \u00e0 l\u2019IFFA - Emballage Digest<\/title>\n<meta name=\"robots\" content=\"index, follow, max-snippet:-1, max-image-preview:large, max-video-preview:-1\" \/>\n<link rel=\"canonical\" href=\"https:\/\/www.emballagedigest.fr\/en\/weber-remet-en-avant-ses-lignes-de-conditionnement-a-liffa\/\" \/>\n<meta property=\"og:locale\" content=\"en_GB\" \/>\n<meta property=\"og:type\" content=\"article\" \/>\n<meta property=\"og:title\" content=\"Weber remet en avant ses lignes de conditionnement \u00e0 l\u2019IFFA - Emballage Digest\" \/>\n<meta property=\"og:description\" content=\"Du concept de ligne hautement automatis\u00e9 pour les en-cas et les plats pr\u00e9par\u00e9s au syst\u00e8me d\u2019automatisation efficace pour les applications avec de la viande fra\u00eeche, Weber pr\u00e9sente sa gamme de solutions polyvalente \u00e0 l\u2019IFFA. Leader du march\u00e9 pour les lignes compl\u00e8tes dans le domaine des applications de tranchage, Weber est aussi reconnu pour ses syst\u00e8mes [&hellip;]\" \/>\n<meta property=\"og:url\" content=\"https:\/\/www.emballagedigest.fr\/en\/weber-remet-en-avant-ses-lignes-de-conditionnement-a-liffa\/\" \/>\n<meta property=\"og:site_name\" content=\"Emballage Digest\" \/>\n<meta property=\"article:published_time\" content=\"2025-01-21T08:00:34+00:00\" \/>\n<meta property=\"article:modified_time\" content=\"2025-01-21T23:50:41+00:00\" \/>\n<meta property=\"og:image\" content=\"https:\/\/www.emballagedigest.fr\/wp-content\/uploads\/2025\/01\/Weber.jpg\" \/>\n\t<meta property=\"og:image:width\" content=\"800\" \/>\n\t<meta property=\"og:image:height\" content=\"600\" \/>\n\t<meta property=\"og:image:type\" content=\"image\/jpeg\" \/>\n<meta name=\"author\" content=\"Karine Duval\" \/>\n<meta name=\"twitter:card\" content=\"summary_large_image\" \/>\n<meta name=\"twitter:label1\" content=\"Written by\" \/>\n\t<meta name=\"twitter:data1\" content=\"Karine Duval\" \/>\n\t<meta name=\"twitter:label2\" content=\"Estimated reading time\" \/>\n\t<meta name=\"twitter:data2\" content=\"2 minutes\" \/>\n<script type=\"application\/ld+json\" class=\"yoast-schema-graph\">{\"@context\":\"https:\/\/schema.org\",\"@graph\":[{\"@type\":\"Article\",\"@id\":\"https:\/\/www.emballagedigest.fr\/weber-remet-en-avant-ses-lignes-de-conditionnement-a-liffa\/#article\",\"isPartOf\":{\"@id\":\"https:\/\/www.emballagedigest.fr\/weber-remet-en-avant-ses-lignes-de-conditionnement-a-liffa\/\"},\"author\":{\"name\":\"Karine Duval\",\"@id\":\"https:\/\/www.emballagedigest.fr\/#\/schema\/person\/76abe9f2b2ee4d3d520594c7a35da59f\"},\"headline\":\"Weber remet en avant ses lignes de conditionnement \u00e0 l\u2019IFFA\",\"datePublished\":\"2025-01-21T08:00:34+00:00\",\"dateModified\":\"2025-01-21T23:50:41+00:00\",\"mainEntityOfPage\":{\"@id\":\"https:\/\/www.emballagedigest.fr\/weber-remet-en-avant-ses-lignes-de-conditionnement-a-liffa\/\"},\"wordCount\":462,\"publisher\":{\"@id\":\"https:\/\/www.emballagedigest.fr\/#organization\"},\"image\":{\"@id\":\"https:\/\/www.emballagedigest.fr\/weber-remet-en-avant-ses-lignes-de-conditionnement-a-liffa\/#primaryimage\"},\"thumbnailUrl\":\"https:\/\/www.emballagedigest.fr\/wp-content\/uploads\/2025\/01\/Weber.jpg\",\"articleSection\":[\"Alimentaire\",\"Article entier\",\"Machines\"],\"inLanguage\":\"en-GB\"},{\"@type\":\"WebPage\",\"@id\":\"https:\/\/www.emballagedigest.fr\/weber-remet-en-avant-ses-lignes-de-conditionnement-a-liffa\/\",\"url\":\"https:\/\/www.emballagedigest.fr\/weber-remet-en-avant-ses-lignes-de-conditionnement-a-liffa\/\",\"name\":\"Weber remet en avant ses lignes de conditionnement \u00e0 l\u2019IFFA - Emballage Digest\",\"isPartOf\":{\"@id\":\"https:\/\/www.emballagedigest.fr\/#website\"},\"primaryImageOfPage\":{\"@id\":\"https:\/\/www.emballagedigest.fr\/weber-remet-en-avant-ses-lignes-de-conditionnement-a-liffa\/#primaryimage\"},\"image\":{\"@id\":\"https:\/\/www.emballagedigest.fr\/weber-remet-en-avant-ses-lignes-de-conditionnement-a-liffa\/#primaryimage\"},\"thumbnailUrl\":\"https:\/\/www.emballagedigest.fr\/wp-content\/uploads\/2025\/01\/Weber.jpg\",\"datePublished\":\"2025-01-21T08:00:34+00:00\",\"dateModified\":\"2025-01-21T23:50:41+00:00\",\"breadcrumb\":{\"@id\":\"https:\/\/www.emballagedigest.fr\/weber-remet-en-avant-ses-lignes-de-conditionnement-a-liffa\/#breadcrumb\"},\"inLanguage\":\"en-GB\",\"potentialAction\":[{\"@type\":\"ReadAction\",\"target\":[\"https:\/\/www.emballagedigest.fr\/weber-remet-en-avant-ses-lignes-de-conditionnement-a-liffa\/\"]}]},{\"@type\":\"ImageObject\",\"inLanguage\":\"en-GB\",\"@id\":\"https:\/\/www.emballagedigest.fr\/weber-remet-en-avant-ses-lignes-de-conditionnement-a-liffa\/#primaryimage\",\"url\":\"https:\/\/www.emballagedigest.fr\/wp-content\/uploads\/2025\/01\/Weber.jpg\",\"contentUrl\":\"https:\/\/www.emballagedigest.fr\/wp-content\/uploads\/2025\/01\/Weber.jpg\",\"width\":800,\"height\":600},{\"@type\":\"BreadcrumbList\",\"@id\":\"https:\/\/www.emballagedigest.fr\/weber-remet-en-avant-ses-lignes-de-conditionnement-a-liffa\/#breadcrumb\",\"itemListElement\":[{\"@type\":\"ListItem\",\"position\":1,\"name\":\"Accueil\",\"item\":\"https:\/\/www.emballagedigest.fr\/\"},{\"@type\":\"ListItem\",\"position\":2,\"name\":\"Weber remet en avant ses lignes de conditionnement \u00e0 l\u2019IFFA\"}]},{\"@type\":\"WebSite\",\"@id\":\"https:\/\/www.emballagedigest.fr\/#website\",\"url\":\"https:\/\/www.emballagedigest.fr\/\",\"name\":\"Emballage Digest\",\"description\":\"Revue professionnelle sur les emballages\",\"publisher\":{\"@id\":\"https:\/\/www.emballagedigest.fr\/#organization\"},\"potentialAction\":[{\"@type\":\"SearchAction\",\"target\":{\"@type\":\"EntryPoint\",\"urlTemplate\":\"https:\/\/www.emballagedigest.fr\/?s={search_term_string}\"},\"query-input\":{\"@type\":\"PropertyValueSpecification\",\"valueRequired\":true,\"valueName\":\"search_term_string\"}}],\"inLanguage\":\"en-GB\"},{\"@type\":\"Organization\",\"@id\":\"https:\/\/www.emballagedigest.fr\/#organization\",\"name\":\"Emballage Digest\",\"url\":\"https:\/\/www.emballagedigest.fr\/\",\"logo\":{\"@type\":\"ImageObject\",\"inLanguage\":\"en-GB\",\"@id\":\"https:\/\/www.emballagedigest.fr\/#\/schema\/logo\/image\/\",\"url\":\"https:\/\/www.emballagedigest.fr\/wp-content\/uploads\/2022\/07\/logo-ed.png\",\"contentUrl\":\"https:\/\/www.emballagedigest.fr\/wp-content\/uploads\/2022\/07\/logo-ed.png\",\"width\":379,\"height\":75,\"caption\":\"Emballage Digest\"},\"image\":{\"@id\":\"https:\/\/www.emballagedigest.fr\/#\/schema\/logo\/image\/\"}},{\"@type\":\"Person\",\"@id\":\"https:\/\/www.emballagedigest.fr\/#\/schema\/person\/76abe9f2b2ee4d3d520594c7a35da59f\",\"name\":\"Karine Duval\",\"image\":{\"@type\":\"ImageObject\",\"inLanguage\":\"en-GB\",\"@id\":\"https:\/\/www.emballagedigest.fr\/#\/schema\/person\/image\/\",\"url\":\"https:\/\/secure.gravatar.com\/avatar\/f552799261cdd2e076e6677d780ef07bdb13aa4c196ab75b39abcbcdcae2d4e5?s=96&d=mm&r=g\",\"contentUrl\":\"https:\/\/secure.gravatar.com\/avatar\/f552799261cdd2e076e6677d780ef07bdb13aa4c196ab75b39abcbcdcae2d4e5?s=96&d=mm&r=g\",\"caption\":\"Karine Duval\"},\"url\":\"https:\/\/www.emballagedigest.fr\/en\/author\/admin_karduv\/\"}]}<\/script>\n<!-- \/ Yoast SEO plugin. -->","yoast_head_json":{"title":"Weber remet en avant ses lignes de conditionnement \u00e0 l\u2019IFFA - Emballage Digest","robots":{"index":"index","follow":"follow","max-snippet":"max-snippet:-1","max-image-preview":"max-image-preview:large","max-video-preview":"max-video-preview:-1"},"canonical":"https:\/\/www.emballagedigest.fr\/en\/weber-remet-en-avant-ses-lignes-de-conditionnement-a-liffa\/","og_locale":"en_GB","og_type":"article","og_title":"Weber remet en avant ses lignes de conditionnement \u00e0 l\u2019IFFA - Emballage Digest","og_description":"Du concept de ligne hautement automatis\u00e9 pour les en-cas et les plats pr\u00e9par\u00e9s au syst\u00e8me d\u2019automatisation efficace pour les applications avec de la viande fra\u00eeche, Weber pr\u00e9sente sa gamme de solutions polyvalente \u00e0 l\u2019IFFA. Leader du march\u00e9 pour les lignes compl\u00e8tes dans le domaine des applications de tranchage, Weber est aussi reconnu pour ses syst\u00e8mes [&hellip;]","og_url":"https:\/\/www.emballagedigest.fr\/en\/weber-remet-en-avant-ses-lignes-de-conditionnement-a-liffa\/","og_site_name":"Emballage Digest","article_published_time":"2025-01-21T08:00:34+00:00","article_modified_time":"2025-01-21T23:50:41+00:00","og_image":[{"width":800,"height":600,"url":"https:\/\/www.emballagedigest.fr\/wp-content\/uploads\/2025\/01\/Weber.jpg","type":"image\/jpeg"}],"author":"Karine Duval","twitter_card":"summary_large_image","twitter_misc":{"Written by":"Karine Duval","Estimated reading time":"2 minutes"},"schema":{"@context":"https:\/\/schema.org","@graph":[{"@type":"Article","@id":"https:\/\/www.emballagedigest.fr\/weber-remet-en-avant-ses-lignes-de-conditionnement-a-liffa\/#article","isPartOf":{"@id":"https:\/\/www.emballagedigest.fr\/weber-remet-en-avant-ses-lignes-de-conditionnement-a-liffa\/"},"author":{"name":"Karine Duval","@id":"https:\/\/www.emballagedigest.fr\/#\/schema\/person\/76abe9f2b2ee4d3d520594c7a35da59f"},"headline":"Weber remet en avant ses lignes de conditionnement \u00e0 l\u2019IFFA","datePublished":"2025-01-21T08:00:34+00:00","dateModified":"2025-01-21T23:50:41+00:00","mainEntityOfPage":{"@id":"https:\/\/www.emballagedigest.fr\/weber-remet-en-avant-ses-lignes-de-conditionnement-a-liffa\/"},"wordCount":462,"publisher":{"@id":"https:\/\/www.emballagedigest.fr\/#organization"},"image":{"@id":"https:\/\/www.emballagedigest.fr\/weber-remet-en-avant-ses-lignes-de-conditionnement-a-liffa\/#primaryimage"},"thumbnailUrl":"https:\/\/www.emballagedigest.fr\/wp-content\/uploads\/2025\/01\/Weber.jpg","articleSection":["Alimentaire","Article entier","Machines"],"inLanguage":"en-GB"},{"@type":"WebPage","@id":"https:\/\/www.emballagedigest.fr\/weber-remet-en-avant-ses-lignes-de-conditionnement-a-liffa\/","url":"https:\/\/www.emballagedigest.fr\/weber-remet-en-avant-ses-lignes-de-conditionnement-a-liffa\/","name":"Weber remet en avant ses lignes de conditionnement \u00e0 l\u2019IFFA - Emballage Digest","isPartOf":{"@id":"https:\/\/www.emballagedigest.fr\/#website"},"primaryImageOfPage":{"@id":"https:\/\/www.emballagedigest.fr\/weber-remet-en-avant-ses-lignes-de-conditionnement-a-liffa\/#primaryimage"},"image":{"@id":"https:\/\/www.emballagedigest.fr\/weber-remet-en-avant-ses-lignes-de-conditionnement-a-liffa\/#primaryimage"},"thumbnailUrl":"https:\/\/www.emballagedigest.fr\/wp-content\/uploads\/2025\/01\/Weber.jpg","datePublished":"2025-01-21T08:00:34+00:00","dateModified":"2025-01-21T23:50:41+00:00","breadcrumb":{"@id":"https:\/\/www.emballagedigest.fr\/weber-remet-en-avant-ses-lignes-de-conditionnement-a-liffa\/#breadcrumb"},"inLanguage":"en-GB","potentialAction":[{"@type":"ReadAction","target":["https:\/\/www.emballagedigest.fr\/weber-remet-en-avant-ses-lignes-de-conditionnement-a-liffa\/"]}]},{"@type":"ImageObject","inLanguage":"en-GB","@id":"https:\/\/www.emballagedigest.fr\/weber-remet-en-avant-ses-lignes-de-conditionnement-a-liffa\/#primaryimage","url":"https:\/\/www.emballagedigest.fr\/wp-content\/uploads\/2025\/01\/Weber.jpg","contentUrl":"https:\/\/www.emballagedigest.fr\/wp-content\/uploads\/2025\/01\/Weber.jpg","width":800,"height":600},{"@type":"BreadcrumbList","@id":"https:\/\/www.emballagedigest.fr\/weber-remet-en-avant-ses-lignes-de-conditionnement-a-liffa\/#breadcrumb","itemListElement":[{"@type":"ListItem","position":1,"name":"Accueil","item":"https:\/\/www.emballagedigest.fr\/"},{"@type":"ListItem","position":2,"name":"Weber remet en avant ses lignes de conditionnement \u00e0 l\u2019IFFA"}]},{"@type":"WebSite","@id":"https:\/\/www.emballagedigest.fr\/#website","url":"https:\/\/www.emballagedigest.fr\/","name":"Emballage Digest","description":"Revue professionnelle sur les emballages","publisher":{"@id":"https:\/\/www.emballagedigest.fr\/#organization"},"potentialAction":[{"@type":"SearchAction","target":{"@type":"EntryPoint","urlTemplate":"https:\/\/www.emballagedigest.fr\/?s={search_term_string}"},"query-input":{"@type":"PropertyValueSpecification","valueRequired":true,"valueName":"search_term_string"}}],"inLanguage":"en-GB"},{"@type":"Organization","@id":"https:\/\/www.emballagedigest.fr\/#organization","name":"Emballage Digest","url":"https:\/\/www.emballagedigest.fr\/","logo":{"@type":"ImageObject","inLanguage":"en-GB","@id":"https:\/\/www.emballagedigest.fr\/#\/schema\/logo\/image\/","url":"https:\/\/www.emballagedigest.fr\/wp-content\/uploads\/2022\/07\/logo-ed.png","contentUrl":"https:\/\/www.emballagedigest.fr\/wp-content\/uploads\/2022\/07\/logo-ed.png","width":379,"height":75,"caption":"Emballage Digest"},"image":{"@id":"https:\/\/www.emballagedigest.fr\/#\/schema\/logo\/image\/"}},{"@type":"Person","@id":"https:\/\/www.emballagedigest.fr\/#\/schema\/person\/76abe9f2b2ee4d3d520594c7a35da59f","name":"Karine Duval","image":{"@type":"ImageObject","inLanguage":"en-GB","@id":"https:\/\/www.emballagedigest.fr\/#\/schema\/person\/image\/","url":"https:\/\/secure.gravatar.com\/avatar\/f552799261cdd2e076e6677d780ef07bdb13aa4c196ab75b39abcbcdcae2d4e5?s=96&d=mm&r=g","contentUrl":"https:\/\/secure.gravatar.com\/avatar\/f552799261cdd2e076e6677d780ef07bdb13aa4c196ab75b39abcbcdcae2d4e5?s=96&d=mm&r=g","caption":"Karine Duval"},"url":"https:\/\/www.emballagedigest.fr\/en\/author\/admin_karduv\/"}]}},"_links":{"self":[{"href":"https:\/\/www.emballagedigest.fr\/en\/wp-json\/wp\/v2\/posts\/43385","targetHints":{"allow":["GET"]}}],"collection":[{"href":"https:\/\/www.emballagedigest.fr\/en\/wp-json\/wp\/v2\/posts"}],"about":[{"href":"https:\/\/www.emballagedigest.fr\/en\/wp-json\/wp\/v2\/types\/post"}],"author":[{"embeddable":true,"href":"https:\/\/www.emballagedigest.fr\/en\/wp-json\/wp\/v2\/users\/2"}],"replies":[{"embeddable":true,"href":"https:\/\/www.emballagedigest.fr\/en\/wp-json\/wp\/v2\/comments?post=43385"}],"version-history":[{"count":1,"href":"https:\/\/www.emballagedigest.fr\/en\/wp-json\/wp\/v2\/posts\/43385\/revisions"}],"predecessor-version":[{"id":43387,"href":"https:\/\/www.emballagedigest.fr\/en\/wp-json\/wp\/v2\/posts\/43385\/revisions\/43387"}],"wp:featuredmedia":[{"embeddable":true,"href":"https:\/\/www.emballagedigest.fr\/en\/wp-json\/wp\/v2\/media\/43386"}],"wp:attachment":[{"href":"https:\/\/www.emballagedigest.fr\/en\/wp-json\/wp\/v2\/media?parent=43385"}],"wp:term":[{"taxonomy":"category","embeddable":true,"href":"https:\/\/www.emballagedigest.fr\/en\/wp-json\/wp\/v2\/categories?post=43385"},{"taxonomy":"post_tag","embeddable":true,"href":"https:\/\/www.emballagedigest.fr\/en\/wp-json\/wp\/v2\/tags?post=43385"}],"curies":[{"name":"wp","href":"https:\/\/api.w.org\/{rel}","templated":true}]}}