{"id":43434,"date":"2025-01-27T08:37:23","date_gmt":"2025-01-27T07:37:23","guid":{"rendered":"https:\/\/www.emballagedigest.fr\/?p=43434"},"modified":"2025-01-28T08:52:08","modified_gmt":"2025-01-28T07:52:08","slug":"le-groupe-pochet-lance-son-outil-acv-au-paris-packaging-week","status":"publish","type":"post","link":"https:\/\/www.emballagedigest.fr\/en\/le-groupe-pochet-lance-son-outil-acv-au-paris-packaging-week\/","title":{"rendered":"Le groupe Pochet lance son outil ACV au Paris Packaging Week"},"content":{"rendered":"<p><strong>A l\u2019occasion du salon PCD de la Paris Packaging Week qui ouvrira ses portes demain \u00e0 Paris Versailles Expo, le groupe Pochet d\u00e9voile son outil AVC et partage sa strat\u00e9gie d\u2019investissements.<\/strong><\/p>\n\n\n\n<p>Avec le lancement de l\u2019offre ACV, l\u2019entreprise propose \u00e0 ses clients un outil pour \u00e9valuer l\u2019impact environnemental de leurs produits \u00e0 chaque \u00e9tape de leur cycle de vie. Bas\u00e9 sur 16 crit\u00e8res environnementaux, l\u2019ACV permet de mesurer les impacts des proc\u00e9d\u00e9s et mat\u00e9riaux du groupe de mani\u00e8re fiable et transparent, mais \u00e9galement de fournir un score environnemental \u00e0 ses clients pour chaque produit analys\u00e9. L\u2019ACV repose sur l\u2019expertise multi-mat\u00e9riaux du groupe (verre, plastique, aluminium, zamak, d\u00e9cor), offrant \u00e0 ses clients une solution diff\u00e9renciante pour concevoir des emballages premium et responsables.<\/p>\n\n\n\n<p>\u00ab&nbsp;Allier premiumisation des packagings et enjeux \u00e9cologiques est une belle opportunit\u00e9 de repousser sans cesse nos limites. Nos investissements RSE nous permettent d\u2019\u00eatre comp\u00e9titifs sur le plan environnemental particuli\u00e8rement face \u00e0 des concurrents internationaux. C\u2019est un d\u00e9fi exigeant qui stimule notre innovation et mobilise nos \u00e9quipes \u00e0 imaginer des packagings plus l\u00e9gers, plus responsables, sans compromis sur l\u2019excellence. Relever ce challenge, c\u2019est garantir notre capacit\u00e9 \u00e0 rayer durablement dans le futur&nbsp;\u00bb, explique Xavier Gagey, pr\u00e9sident du Directoire.<\/p>\n\n\n\n<p>Ainsi, dans le cadre de sa d\u00e9march\u00e9 RSE \u00ab&nbsp;Beaut\u00e9 durable&nbsp;\u00bb, le groupe Pochet ambitionne de r\u00e9duire de 50% ses \u00e9missions de gaz \u00e0 effet de serre d\u2019ici 2033 par rapport \u00e0 2014. Pour y parvenir, le fabricant a investi depuis ces deux derni\u00e8res ann\u00e9es plus de 50 M\u20ac dans des projets industriels permettant de r\u00e9duire l\u2019empreinte carbone de ses process&nbsp;: modernisation d\u2019une ligne de galvanisation \u00e0 Qualipac Aurillac&nbsp;; \u00e9lectrification d\u2019un four chez Pochet du Courval \u00e0 Guimerville&nbsp;; nouvelle cloche de m\u00e9tallisation translucide \u00e0 Solev et nouvelles presses \u00e0 injection plastique \u00e0 Qualipac Ch\u00e2teau-Thierry. D\u2019autres annonces sont attendues \u00e0 l\u2019avenir, qui permettront au groupe d\u2019asseoir son ouverture vers l\u2019ext\u00e9rieur, ceci au travers de collaborations en faveur de l\u2019innovation.<\/p>","protected":false},"excerpt":{"rendered":"<p>A l\u2019occasion du salon PCD de la Paris Packaging Week qui ouvrira ses portes demain \u00e0 Paris Versailles Expo, le groupe Pochet d\u00e9voile son outil AVC et partage sa strat\u00e9gie d\u2019investissements. Avec le lancement de l\u2019offre ACV, l\u2019entreprise propose \u00e0 ses clients un outil pour \u00e9valuer l\u2019impact environnemental de leurs produits \u00e0 chaque \u00e9tape de [&hellip;]<\/p>","protected":false},"author":2,"featured_media":43436,"comment_status":"closed","ping_status":"closed","sticky":false,"template":"","format":"standard","meta":{"_acf_changed":false,"inline_featured_image":false,"iawp_total_views":2,"footnotes":""},"categories":[28,81,6],"tags":[],"class_list":["post-43434","post","type-post","status-publish","format-standard","has-post-thumbnail","hentry","category-article-entier","category-packaging","category-parfumerie-cosmetique"],"acf":[],"yoast_head":"<!-- This site is optimized with the Yoast SEO plugin v24.4 - https:\/\/yoast.com\/wordpress\/plugins\/seo\/ -->\n<title>Le groupe Pochet lance son outil ACV au Paris Packaging Week - Emballage Digest<\/title>\n<meta name=\"robots\" content=\"index, follow, max-snippet:-1, max-image-preview:large, max-video-preview:-1\" \/>\n<link rel=\"canonical\" href=\"https:\/\/www.emballagedigest.fr\/en\/le-groupe-pochet-lance-son-outil-acv-au-paris-packaging-week\/\" \/>\n<meta property=\"og:locale\" content=\"en_GB\" \/>\n<meta property=\"og:type\" content=\"article\" \/>\n<meta property=\"og:title\" content=\"Le groupe Pochet lance son outil ACV au Paris Packaging Week - Emballage Digest\" \/>\n<meta property=\"og:description\" content=\"A l\u2019occasion du salon PCD de la Paris Packaging Week qui ouvrira ses portes demain \u00e0 Paris Versailles Expo, le groupe Pochet d\u00e9voile son outil AVC et partage sa strat\u00e9gie d\u2019investissements. Avec le lancement de l\u2019offre ACV, l\u2019entreprise propose \u00e0 ses clients un outil pour \u00e9valuer l\u2019impact environnemental de leurs produits \u00e0 chaque \u00e9tape de [&hellip;]\" \/>\n<meta property=\"og:url\" content=\"https:\/\/www.emballagedigest.fr\/en\/le-groupe-pochet-lance-son-outil-acv-au-paris-packaging-week\/\" \/>\n<meta property=\"og:site_name\" content=\"Emballage Digest\" \/>\n<meta property=\"article:published_time\" content=\"2025-01-27T07:37:23+00:00\" \/>\n<meta property=\"article:modified_time\" content=\"2025-01-28T07:52:08+00:00\" \/>\n<meta property=\"og:image\" content=\"https:\/\/www.emballagedigest.fr\/wp-content\/uploads\/2025\/01\/POCHET-1.jpg\" \/>\n\t<meta property=\"og:image:width\" content=\"800\" \/>\n\t<meta property=\"og:image:height\" content=\"591\" \/>\n\t<meta property=\"og:image:type\" content=\"image\/jpeg\" \/>\n<meta name=\"author\" content=\"Karine Duval\" \/>\n<meta name=\"twitter:card\" content=\"summary_large_image\" \/>\n<meta name=\"twitter:label1\" content=\"Written by\" \/>\n\t<meta name=\"twitter:data1\" content=\"Karine Duval\" \/>\n\t<meta name=\"twitter:label2\" content=\"Estimated reading time\" \/>\n\t<meta name=\"twitter:data2\" content=\"2 minutes\" \/>\n<script type=\"application\/ld+json\" class=\"yoast-schema-graph\">{\"@context\":\"https:\/\/schema.org\",\"@graph\":[{\"@type\":\"Article\",\"@id\":\"https:\/\/www.emballagedigest.fr\/le-groupe-pochet-lance-son-outil-acv-au-paris-packaging-week\/#article\",\"isPartOf\":{\"@id\":\"https:\/\/www.emballagedigest.fr\/le-groupe-pochet-lance-son-outil-acv-au-paris-packaging-week\/\"},\"author\":{\"name\":\"Karine Duval\",\"@id\":\"https:\/\/www.emballagedigest.fr\/#\/schema\/person\/76abe9f2b2ee4d3d520594c7a35da59f\"},\"headline\":\"Le groupe Pochet lance son outil ACV au Paris Packaging Week\",\"datePublished\":\"2025-01-27T07:37:23+00:00\",\"dateModified\":\"2025-01-28T07:52:08+00:00\",\"mainEntityOfPage\":{\"@id\":\"https:\/\/www.emballagedigest.fr\/le-groupe-pochet-lance-son-outil-acv-au-paris-packaging-week\/\"},\"wordCount\":356,\"publisher\":{\"@id\":\"https:\/\/www.emballagedigest.fr\/#organization\"},\"image\":{\"@id\":\"https:\/\/www.emballagedigest.fr\/le-groupe-pochet-lance-son-outil-acv-au-paris-packaging-week\/#primaryimage\"},\"thumbnailUrl\":\"https:\/\/www.emballagedigest.fr\/wp-content\/uploads\/2025\/01\/POCHET-1.jpg\",\"articleSection\":[\"Article entier\",\"Packaging\",\"Parfumerie &amp; Cosm\u00e9tique\"],\"inLanguage\":\"en-GB\"},{\"@type\":\"WebPage\",\"@id\":\"https:\/\/www.emballagedigest.fr\/le-groupe-pochet-lance-son-outil-acv-au-paris-packaging-week\/\",\"url\":\"https:\/\/www.emballagedigest.fr\/le-groupe-pochet-lance-son-outil-acv-au-paris-packaging-week\/\",\"name\":\"Le groupe Pochet lance son outil ACV au Paris Packaging Week - Emballage Digest\",\"isPartOf\":{\"@id\":\"https:\/\/www.emballagedigest.fr\/#website\"},\"primaryImageOfPage\":{\"@id\":\"https:\/\/www.emballagedigest.fr\/le-groupe-pochet-lance-son-outil-acv-au-paris-packaging-week\/#primaryimage\"},\"image\":{\"@id\":\"https:\/\/www.emballagedigest.fr\/le-groupe-pochet-lance-son-outil-acv-au-paris-packaging-week\/#primaryimage\"},\"thumbnailUrl\":\"https:\/\/www.emballagedigest.fr\/wp-content\/uploads\/2025\/01\/POCHET-1.jpg\",\"datePublished\":\"2025-01-27T07:37:23+00:00\",\"dateModified\":\"2025-01-28T07:52:08+00:00\",\"breadcrumb\":{\"@id\":\"https:\/\/www.emballagedigest.fr\/le-groupe-pochet-lance-son-outil-acv-au-paris-packaging-week\/#breadcrumb\"},\"inLanguage\":\"en-GB\",\"potentialAction\":[{\"@type\":\"ReadAction\",\"target\":[\"https:\/\/www.emballagedigest.fr\/le-groupe-pochet-lance-son-outil-acv-au-paris-packaging-week\/\"]}]},{\"@type\":\"ImageObject\",\"inLanguage\":\"en-GB\",\"@id\":\"https:\/\/www.emballagedigest.fr\/le-groupe-pochet-lance-son-outil-acv-au-paris-packaging-week\/#primaryimage\",\"url\":\"https:\/\/www.emballagedigest.fr\/wp-content\/uploads\/2025\/01\/POCHET-1.jpg\",\"contentUrl\":\"https:\/\/www.emballagedigest.fr\/wp-content\/uploads\/2025\/01\/POCHET-1.jpg\",\"width\":800,\"height\":591},{\"@type\":\"BreadcrumbList\",\"@id\":\"https:\/\/www.emballagedigest.fr\/le-groupe-pochet-lance-son-outil-acv-au-paris-packaging-week\/#breadcrumb\",\"itemListElement\":[{\"@type\":\"ListItem\",\"position\":1,\"name\":\"Accueil\",\"item\":\"https:\/\/www.emballagedigest.fr\/\"},{\"@type\":\"ListItem\",\"position\":2,\"name\":\"Le groupe Pochet lance son outil ACV au Paris Packaging Week\"}]},{\"@type\":\"WebSite\",\"@id\":\"https:\/\/www.emballagedigest.fr\/#website\",\"url\":\"https:\/\/www.emballagedigest.fr\/\",\"name\":\"Emballage Digest\",\"description\":\"Revue professionnelle sur les emballages\",\"publisher\":{\"@id\":\"https:\/\/www.emballagedigest.fr\/#organization\"},\"potentialAction\":[{\"@type\":\"SearchAction\",\"target\":{\"@type\":\"EntryPoint\",\"urlTemplate\":\"https:\/\/www.emballagedigest.fr\/?s={search_term_string}\"},\"query-input\":{\"@type\":\"PropertyValueSpecification\",\"valueRequired\":true,\"valueName\":\"search_term_string\"}}],\"inLanguage\":\"en-GB\"},{\"@type\":\"Organization\",\"@id\":\"https:\/\/www.emballagedigest.fr\/#organization\",\"name\":\"Emballage Digest\",\"url\":\"https:\/\/www.emballagedigest.fr\/\",\"logo\":{\"@type\":\"ImageObject\",\"inLanguage\":\"en-GB\",\"@id\":\"https:\/\/www.emballagedigest.fr\/#\/schema\/logo\/image\/\",\"url\":\"https:\/\/www.emballagedigest.fr\/wp-content\/uploads\/2022\/07\/logo-ed.png\",\"contentUrl\":\"https:\/\/www.emballagedigest.fr\/wp-content\/uploads\/2022\/07\/logo-ed.png\",\"width\":379,\"height\":75,\"caption\":\"Emballage Digest\"},\"image\":{\"@id\":\"https:\/\/www.emballagedigest.fr\/#\/schema\/logo\/image\/\"}},{\"@type\":\"Person\",\"@id\":\"https:\/\/www.emballagedigest.fr\/#\/schema\/person\/76abe9f2b2ee4d3d520594c7a35da59f\",\"name\":\"Karine Duval\",\"image\":{\"@type\":\"ImageObject\",\"inLanguage\":\"en-GB\",\"@id\":\"https:\/\/www.emballagedigest.fr\/#\/schema\/person\/image\/\",\"url\":\"https:\/\/secure.gravatar.com\/avatar\/f552799261cdd2e076e6677d780ef07bdb13aa4c196ab75b39abcbcdcae2d4e5?s=96&d=mm&r=g\",\"contentUrl\":\"https:\/\/secure.gravatar.com\/avatar\/f552799261cdd2e076e6677d780ef07bdb13aa4c196ab75b39abcbcdcae2d4e5?s=96&d=mm&r=g\",\"caption\":\"Karine Duval\"},\"url\":\"https:\/\/www.emballagedigest.fr\/en\/author\/admin_karduv\/\"}]}<\/script>\n<!-- \/ Yoast SEO plugin. -->","yoast_head_json":{"title":"Le groupe Pochet lance son outil ACV au Paris Packaging Week - Emballage Digest","robots":{"index":"index","follow":"follow","max-snippet":"max-snippet:-1","max-image-preview":"max-image-preview:large","max-video-preview":"max-video-preview:-1"},"canonical":"https:\/\/www.emballagedigest.fr\/en\/le-groupe-pochet-lance-son-outil-acv-au-paris-packaging-week\/","og_locale":"en_GB","og_type":"article","og_title":"Le groupe Pochet lance son outil ACV au Paris Packaging Week - Emballage Digest","og_description":"A l\u2019occasion du salon PCD de la Paris Packaging Week qui ouvrira ses portes demain \u00e0 Paris Versailles Expo, le groupe Pochet d\u00e9voile son outil AVC et partage sa strat\u00e9gie d\u2019investissements. Avec le lancement de l\u2019offre ACV, l\u2019entreprise propose \u00e0 ses clients un outil pour \u00e9valuer l\u2019impact environnemental de leurs produits \u00e0 chaque \u00e9tape de [&hellip;]","og_url":"https:\/\/www.emballagedigest.fr\/en\/le-groupe-pochet-lance-son-outil-acv-au-paris-packaging-week\/","og_site_name":"Emballage Digest","article_published_time":"2025-01-27T07:37:23+00:00","article_modified_time":"2025-01-28T07:52:08+00:00","og_image":[{"width":800,"height":591,"url":"https:\/\/www.emballagedigest.fr\/wp-content\/uploads\/2025\/01\/POCHET-1.jpg","type":"image\/jpeg"}],"author":"Karine Duval","twitter_card":"summary_large_image","twitter_misc":{"Written by":"Karine Duval","Estimated reading time":"2 minutes"},"schema":{"@context":"https:\/\/schema.org","@graph":[{"@type":"Article","@id":"https:\/\/www.emballagedigest.fr\/le-groupe-pochet-lance-son-outil-acv-au-paris-packaging-week\/#article","isPartOf":{"@id":"https:\/\/www.emballagedigest.fr\/le-groupe-pochet-lance-son-outil-acv-au-paris-packaging-week\/"},"author":{"name":"Karine Duval","@id":"https:\/\/www.emballagedigest.fr\/#\/schema\/person\/76abe9f2b2ee4d3d520594c7a35da59f"},"headline":"Le groupe Pochet lance son outil ACV au Paris Packaging Week","datePublished":"2025-01-27T07:37:23+00:00","dateModified":"2025-01-28T07:52:08+00:00","mainEntityOfPage":{"@id":"https:\/\/www.emballagedigest.fr\/le-groupe-pochet-lance-son-outil-acv-au-paris-packaging-week\/"},"wordCount":356,"publisher":{"@id":"https:\/\/www.emballagedigest.fr\/#organization"},"image":{"@id":"https:\/\/www.emballagedigest.fr\/le-groupe-pochet-lance-son-outil-acv-au-paris-packaging-week\/#primaryimage"},"thumbnailUrl":"https:\/\/www.emballagedigest.fr\/wp-content\/uploads\/2025\/01\/POCHET-1.jpg","articleSection":["Article entier","Packaging","Parfumerie &amp; Cosm\u00e9tique"],"inLanguage":"en-GB"},{"@type":"WebPage","@id":"https:\/\/www.emballagedigest.fr\/le-groupe-pochet-lance-son-outil-acv-au-paris-packaging-week\/","url":"https:\/\/www.emballagedigest.fr\/le-groupe-pochet-lance-son-outil-acv-au-paris-packaging-week\/","name":"Le groupe Pochet lance son outil ACV au Paris Packaging Week - Emballage Digest","isPartOf":{"@id":"https:\/\/www.emballagedigest.fr\/#website"},"primaryImageOfPage":{"@id":"https:\/\/www.emballagedigest.fr\/le-groupe-pochet-lance-son-outil-acv-au-paris-packaging-week\/#primaryimage"},"image":{"@id":"https:\/\/www.emballagedigest.fr\/le-groupe-pochet-lance-son-outil-acv-au-paris-packaging-week\/#primaryimage"},"thumbnailUrl":"https:\/\/www.emballagedigest.fr\/wp-content\/uploads\/2025\/01\/POCHET-1.jpg","datePublished":"2025-01-27T07:37:23+00:00","dateModified":"2025-01-28T07:52:08+00:00","breadcrumb":{"@id":"https:\/\/www.emballagedigest.fr\/le-groupe-pochet-lance-son-outil-acv-au-paris-packaging-week\/#breadcrumb"},"inLanguage":"en-GB","potentialAction":[{"@type":"ReadAction","target":["https:\/\/www.emballagedigest.fr\/le-groupe-pochet-lance-son-outil-acv-au-paris-packaging-week\/"]}]},{"@type":"ImageObject","inLanguage":"en-GB","@id":"https:\/\/www.emballagedigest.fr\/le-groupe-pochet-lance-son-outil-acv-au-paris-packaging-week\/#primaryimage","url":"https:\/\/www.emballagedigest.fr\/wp-content\/uploads\/2025\/01\/POCHET-1.jpg","contentUrl":"https:\/\/www.emballagedigest.fr\/wp-content\/uploads\/2025\/01\/POCHET-1.jpg","width":800,"height":591},{"@type":"BreadcrumbList","@id":"https:\/\/www.emballagedigest.fr\/le-groupe-pochet-lance-son-outil-acv-au-paris-packaging-week\/#breadcrumb","itemListElement":[{"@type":"ListItem","position":1,"name":"Accueil","item":"https:\/\/www.emballagedigest.fr\/"},{"@type":"ListItem","position":2,"name":"Le groupe Pochet lance son outil ACV au Paris Packaging Week"}]},{"@type":"WebSite","@id":"https:\/\/www.emballagedigest.fr\/#website","url":"https:\/\/www.emballagedigest.fr\/","name":"Emballage Digest","description":"Revue professionnelle sur les emballages","publisher":{"@id":"https:\/\/www.emballagedigest.fr\/#organization"},"potentialAction":[{"@type":"SearchAction","target":{"@type":"EntryPoint","urlTemplate":"https:\/\/www.emballagedigest.fr\/?s={search_term_string}"},"query-input":{"@type":"PropertyValueSpecification","valueRequired":true,"valueName":"search_term_string"}}],"inLanguage":"en-GB"},{"@type":"Organization","@id":"https:\/\/www.emballagedigest.fr\/#organization","name":"Emballage Digest","url":"https:\/\/www.emballagedigest.fr\/","logo":{"@type":"ImageObject","inLanguage":"en-GB","@id":"https:\/\/www.emballagedigest.fr\/#\/schema\/logo\/image\/","url":"https:\/\/www.emballagedigest.fr\/wp-content\/uploads\/2022\/07\/logo-ed.png","contentUrl":"https:\/\/www.emballagedigest.fr\/wp-content\/uploads\/2022\/07\/logo-ed.png","width":379,"height":75,"caption":"Emballage Digest"},"image":{"@id":"https:\/\/www.emballagedigest.fr\/#\/schema\/logo\/image\/"}},{"@type":"Person","@id":"https:\/\/www.emballagedigest.fr\/#\/schema\/person\/76abe9f2b2ee4d3d520594c7a35da59f","name":"Karine Duval","image":{"@type":"ImageObject","inLanguage":"en-GB","@id":"https:\/\/www.emballagedigest.fr\/#\/schema\/person\/image\/","url":"https:\/\/secure.gravatar.com\/avatar\/f552799261cdd2e076e6677d780ef07bdb13aa4c196ab75b39abcbcdcae2d4e5?s=96&d=mm&r=g","contentUrl":"https:\/\/secure.gravatar.com\/avatar\/f552799261cdd2e076e6677d780ef07bdb13aa4c196ab75b39abcbcdcae2d4e5?s=96&d=mm&r=g","caption":"Karine Duval"},"url":"https:\/\/www.emballagedigest.fr\/en\/author\/admin_karduv\/"}]}},"_links":{"self":[{"href":"https:\/\/www.emballagedigest.fr\/en\/wp-json\/wp\/v2\/posts\/43434","targetHints":{"allow":["GET"]}}],"collection":[{"href":"https:\/\/www.emballagedigest.fr\/en\/wp-json\/wp\/v2\/posts"}],"about":[{"href":"https:\/\/www.emballagedigest.fr\/en\/wp-json\/wp\/v2\/types\/post"}],"author":[{"embeddable":true,"href":"https:\/\/www.emballagedigest.fr\/en\/wp-json\/wp\/v2\/users\/2"}],"replies":[{"embeddable":true,"href":"https:\/\/www.emballagedigest.fr\/en\/wp-json\/wp\/v2\/comments?post=43434"}],"version-history":[{"count":1,"href":"https:\/\/www.emballagedigest.fr\/en\/wp-json\/wp\/v2\/posts\/43434\/revisions"}],"predecessor-version":[{"id":43437,"href":"https:\/\/www.emballagedigest.fr\/en\/wp-json\/wp\/v2\/posts\/43434\/revisions\/43437"}],"wp:featuredmedia":[{"embeddable":true,"href":"https:\/\/www.emballagedigest.fr\/en\/wp-json\/wp\/v2\/media\/43436"}],"wp:attachment":[{"href":"https:\/\/www.emballagedigest.fr\/en\/wp-json\/wp\/v2\/media?parent=43434"}],"wp:term":[{"taxonomy":"category","embeddable":true,"href":"https:\/\/www.emballagedigest.fr\/en\/wp-json\/wp\/v2\/categories?post=43434"},{"taxonomy":"post_tag","embeddable":true,"href":"https:\/\/www.emballagedigest.fr\/en\/wp-json\/wp\/v2\/tags?post=43434"}],"curies":[{"name":"wp","href":"https:\/\/api.w.org\/{rel}","templated":true}]}}