{"id":43588,"date":"2025-02-17T00:07:51","date_gmt":"2025-02-16T23:07:51","guid":{"rendered":"https:\/\/www.emballagedigest.fr\/?p=43588"},"modified":"2025-02-17T00:07:53","modified_gmt":"2025-02-16T23:07:53","slug":"ipack-ima-2025-affiche-complet","status":"publish","type":"post","link":"https:\/\/www.emballagedigest.fr\/en\/ipack-ima-2025-affiche-complet\/","title":{"rendered":"IPACK-IMA 2025 affiche complet"},"content":{"rendered":"<p><strong>Les organisateurs du salon IPACK-IMA annoncent avoir vendu l\u2019ensemble de ses espaces. 1&nbsp;200 exposants seront attendus \u00e0 la prochaine \u00e9dition qui se tiendra du 27 au 30 mai 2025 \u00e0 la Fiere Milano-Rho en Italie.<\/strong><\/p>\n\n\n\n<p>\u00ab Nous pr\u00e9senterons les technologies propos\u00e9es par plus de 1 200 exposants, dont 30 % sont des entreprises internationales de 27 pays, principalement les Pays-Bas, la Turquie, la Chine, la France et l&rsquo;Allemagne. L&rsquo;accent sera mis sur les acheteurs sp\u00e9cialis\u00e9s, avec des professionnels s\u00e9lectionn\u00e9s d&rsquo;environ 50 pays invit\u00e9s \u00e0 cultiver un profil international plus fort du salon&nbsp;\u00bb, a d\u00e9clar\u00e9 Simone Castelli, directeur g\u00e9n\u00e9ral d&rsquo;Ipack Ima.<\/p>\n\n\n\n<p>Pas moins de huit halls accueilleront diff\u00e9rents march\u00e9s cibles d&rsquo;IPACK-IMA&nbsp;: alimentaire, boissons, pharmacie, cosm\u00e9tique, sciences de la vie, etc. IPACK-IMA pr\u00e9sentera des solutions et des mat\u00e9riaux de pointe pour le traitement et l&#8217;emballage, y compris diverses avant-premi\u00e8res tr\u00e8s attendues de technologies provenant du monde entier. Le programme comprend des conf\u00e9rences et des analyses approfondies des tendances du secteur, \u00e0 commencer par un \u00e9v\u00e9nement international consacr\u00e9 au monde des p\u00e2tes, ainsi que les Worldstar Packaging Awards et un programme d\u2019animations quotidiennes.<\/p>\n\n\n\n<p>A noter, la billetterie est gratuite pour les inscriptions r\u00e9alis\u00e9es en f\u00e9vrier. Le m\u00eame billet permettra \u00e9galement d&rsquo;acc\u00e9der \u00e0 Pharmintech by IPACK-IMA et aux \u00e9v\u00e9nements de l&rsquo;Innovation Alliance (GreenPlast, Print4All, Intralogistica Italia).<\/p>","protected":false},"excerpt":{"rendered":"<p>Les organisateurs du salon IPACK-IMA annoncent avoir vendu l\u2019ensemble de ses espaces. 1&nbsp;200 exposants seront attendus \u00e0 la prochaine \u00e9dition qui se tiendra du 27 au 30 mai 2025 \u00e0 la Fiere Milano-Rho en Italie. \u00ab Nous pr\u00e9senterons les technologies propos\u00e9es par plus de 1 200 exposants, dont 30 % sont des entreprises internationales de [&hellip;]<\/p>","protected":false},"author":2,"featured_media":43589,"comment_status":"closed","ping_status":"closed","sticky":false,"template":"","format":"standard","meta":{"_acf_changed":false,"inline_featured_image":false,"iawp_total_views":0,"footnotes":""},"categories":[5,28,35,81,6,7],"tags":[],"class_list":["post-43588","post","type-post","status-publish","format-standard","has-post-thumbnail","hentry","category-alimentaire","category-article-entier","category-machines-fr","category-packaging","category-parfumerie-cosmetique","category-pharmacie"],"acf":[],"yoast_head":"<!-- This site is optimized with the Yoast SEO plugin v24.4 - https:\/\/yoast.com\/wordpress\/plugins\/seo\/ -->\n<title>IPACK-IMA 2025 affiche complet - Emballage Digest<\/title>\n<meta name=\"robots\" content=\"index, follow, max-snippet:-1, max-image-preview:large, max-video-preview:-1\" \/>\n<link rel=\"canonical\" href=\"https:\/\/www.emballagedigest.fr\/en\/ipack-ima-2025-affiche-complet\/\" \/>\n<meta property=\"og:locale\" content=\"en_GB\" \/>\n<meta property=\"og:type\" content=\"article\" \/>\n<meta property=\"og:title\" content=\"IPACK-IMA 2025 affiche complet - Emballage Digest\" \/>\n<meta property=\"og:description\" content=\"Les organisateurs du salon IPACK-IMA annoncent avoir vendu l\u2019ensemble de ses espaces. 1&nbsp;200 exposants seront attendus \u00e0 la prochaine \u00e9dition qui se tiendra du 27 au 30 mai 2025 \u00e0 la Fiere Milano-Rho en Italie. \u00ab Nous pr\u00e9senterons les technologies propos\u00e9es par plus de 1 200 exposants, dont 30 % sont des entreprises internationales de [&hellip;]\" \/>\n<meta property=\"og:url\" content=\"https:\/\/www.emballagedigest.fr\/en\/ipack-ima-2025-affiche-complet\/\" \/>\n<meta property=\"og:site_name\" content=\"Emballage Digest\" \/>\n<meta property=\"article:published_time\" content=\"2025-02-16T23:07:51+00:00\" \/>\n<meta property=\"article:modified_time\" content=\"2025-02-16T23:07:53+00:00\" \/>\n<meta property=\"og:image\" content=\"https:\/\/www.emballagedigest.fr\/wp-content\/uploads\/2025\/02\/IPACKIMA.jpg\" \/>\n\t<meta property=\"og:image:width\" content=\"800\" \/>\n\t<meta property=\"og:image:height\" content=\"533\" \/>\n\t<meta property=\"og:image:type\" content=\"image\/jpeg\" \/>\n<meta name=\"author\" content=\"Karine Duval\" \/>\n<meta name=\"twitter:card\" content=\"summary_large_image\" \/>\n<meta name=\"twitter:label1\" content=\"Written by\" \/>\n\t<meta name=\"twitter:data1\" content=\"Karine Duval\" \/>\n\t<meta name=\"twitter:label2\" content=\"Estimated reading time\" \/>\n\t<meta name=\"twitter:data2\" content=\"2 minutes\" \/>\n<script type=\"application\/ld+json\" class=\"yoast-schema-graph\">{\"@context\":\"https:\/\/schema.org\",\"@graph\":[{\"@type\":\"Article\",\"@id\":\"https:\/\/www.emballagedigest.fr\/ipack-ima-2025-affiche-complet\/#article\",\"isPartOf\":{\"@id\":\"https:\/\/www.emballagedigest.fr\/ipack-ima-2025-affiche-complet\/\"},\"author\":{\"name\":\"Karine Duval\",\"@id\":\"https:\/\/www.emballagedigest.fr\/#\/schema\/person\/76abe9f2b2ee4d3d520594c7a35da59f\"},\"headline\":\"IPACK-IMA 2025 affiche complet\",\"datePublished\":\"2025-02-16T23:07:51+00:00\",\"dateModified\":\"2025-02-16T23:07:53+00:00\",\"mainEntityOfPage\":{\"@id\":\"https:\/\/www.emballagedigest.fr\/ipack-ima-2025-affiche-complet\/\"},\"wordCount\":239,\"publisher\":{\"@id\":\"https:\/\/www.emballagedigest.fr\/#organization\"},\"image\":{\"@id\":\"https:\/\/www.emballagedigest.fr\/ipack-ima-2025-affiche-complet\/#primaryimage\"},\"thumbnailUrl\":\"https:\/\/www.emballagedigest.fr\/wp-content\/uploads\/2025\/02\/IPACKIMA.jpg\",\"articleSection\":[\"Alimentaire\",\"Article entier\",\"Machines\",\"Packaging\",\"Parfumerie &amp; Cosm\u00e9tique\",\"Pharmacie\"],\"inLanguage\":\"en-GB\"},{\"@type\":\"WebPage\",\"@id\":\"https:\/\/www.emballagedigest.fr\/ipack-ima-2025-affiche-complet\/\",\"url\":\"https:\/\/www.emballagedigest.fr\/ipack-ima-2025-affiche-complet\/\",\"name\":\"IPACK-IMA 2025 affiche complet - Emballage Digest\",\"isPartOf\":{\"@id\":\"https:\/\/www.emballagedigest.fr\/#website\"},\"primaryImageOfPage\":{\"@id\":\"https:\/\/www.emballagedigest.fr\/ipack-ima-2025-affiche-complet\/#primaryimage\"},\"image\":{\"@id\":\"https:\/\/www.emballagedigest.fr\/ipack-ima-2025-affiche-complet\/#primaryimage\"},\"thumbnailUrl\":\"https:\/\/www.emballagedigest.fr\/wp-content\/uploads\/2025\/02\/IPACKIMA.jpg\",\"datePublished\":\"2025-02-16T23:07:51+00:00\",\"dateModified\":\"2025-02-16T23:07:53+00:00\",\"breadcrumb\":{\"@id\":\"https:\/\/www.emballagedigest.fr\/ipack-ima-2025-affiche-complet\/#breadcrumb\"},\"inLanguage\":\"en-GB\",\"potentialAction\":[{\"@type\":\"ReadAction\",\"target\":[\"https:\/\/www.emballagedigest.fr\/ipack-ima-2025-affiche-complet\/\"]}]},{\"@type\":\"ImageObject\",\"inLanguage\":\"en-GB\",\"@id\":\"https:\/\/www.emballagedigest.fr\/ipack-ima-2025-affiche-complet\/#primaryimage\",\"url\":\"https:\/\/www.emballagedigest.fr\/wp-content\/uploads\/2025\/02\/IPACKIMA.jpg\",\"contentUrl\":\"https:\/\/www.emballagedigest.fr\/wp-content\/uploads\/2025\/02\/IPACKIMA.jpg\",\"width\":800,\"height\":533},{\"@type\":\"BreadcrumbList\",\"@id\":\"https:\/\/www.emballagedigest.fr\/ipack-ima-2025-affiche-complet\/#breadcrumb\",\"itemListElement\":[{\"@type\":\"ListItem\",\"position\":1,\"name\":\"Accueil\",\"item\":\"https:\/\/www.emballagedigest.fr\/\"},{\"@type\":\"ListItem\",\"position\":2,\"name\":\"IPACK-IMA 2025 affiche complet\"}]},{\"@type\":\"WebSite\",\"@id\":\"https:\/\/www.emballagedigest.fr\/#website\",\"url\":\"https:\/\/www.emballagedigest.fr\/\",\"name\":\"Emballage Digest\",\"description\":\"Revue professionnelle sur les emballages\",\"publisher\":{\"@id\":\"https:\/\/www.emballagedigest.fr\/#organization\"},\"potentialAction\":[{\"@type\":\"SearchAction\",\"target\":{\"@type\":\"EntryPoint\",\"urlTemplate\":\"https:\/\/www.emballagedigest.fr\/?s={search_term_string}\"},\"query-input\":{\"@type\":\"PropertyValueSpecification\",\"valueRequired\":true,\"valueName\":\"search_term_string\"}}],\"inLanguage\":\"en-GB\"},{\"@type\":\"Organization\",\"@id\":\"https:\/\/www.emballagedigest.fr\/#organization\",\"name\":\"Emballage Digest\",\"url\":\"https:\/\/www.emballagedigest.fr\/\",\"logo\":{\"@type\":\"ImageObject\",\"inLanguage\":\"en-GB\",\"@id\":\"https:\/\/www.emballagedigest.fr\/#\/schema\/logo\/image\/\",\"url\":\"https:\/\/www.emballagedigest.fr\/wp-content\/uploads\/2022\/07\/logo-ed.png\",\"contentUrl\":\"https:\/\/www.emballagedigest.fr\/wp-content\/uploads\/2022\/07\/logo-ed.png\",\"width\":379,\"height\":75,\"caption\":\"Emballage Digest\"},\"image\":{\"@id\":\"https:\/\/www.emballagedigest.fr\/#\/schema\/logo\/image\/\"}},{\"@type\":\"Person\",\"@id\":\"https:\/\/www.emballagedigest.fr\/#\/schema\/person\/76abe9f2b2ee4d3d520594c7a35da59f\",\"name\":\"Karine Duval\",\"image\":{\"@type\":\"ImageObject\",\"inLanguage\":\"en-GB\",\"@id\":\"https:\/\/www.emballagedigest.fr\/#\/schema\/person\/image\/\",\"url\":\"https:\/\/secure.gravatar.com\/avatar\/f552799261cdd2e076e6677d780ef07bdb13aa4c196ab75b39abcbcdcae2d4e5?s=96&d=mm&r=g\",\"contentUrl\":\"https:\/\/secure.gravatar.com\/avatar\/f552799261cdd2e076e6677d780ef07bdb13aa4c196ab75b39abcbcdcae2d4e5?s=96&d=mm&r=g\",\"caption\":\"Karine Duval\"},\"url\":\"https:\/\/www.emballagedigest.fr\/en\/author\/admin_karduv\/\"}]}<\/script>\n<!-- \/ Yoast SEO plugin. -->","yoast_head_json":{"title":"IPACK-IMA 2025 affiche complet - Emballage Digest","robots":{"index":"index","follow":"follow","max-snippet":"max-snippet:-1","max-image-preview":"max-image-preview:large","max-video-preview":"max-video-preview:-1"},"canonical":"https:\/\/www.emballagedigest.fr\/en\/ipack-ima-2025-affiche-complet\/","og_locale":"en_GB","og_type":"article","og_title":"IPACK-IMA 2025 affiche complet - Emballage Digest","og_description":"Les organisateurs du salon IPACK-IMA annoncent avoir vendu l\u2019ensemble de ses espaces. 1&nbsp;200 exposants seront attendus \u00e0 la prochaine \u00e9dition qui se tiendra du 27 au 30 mai 2025 \u00e0 la Fiere Milano-Rho en Italie. \u00ab Nous pr\u00e9senterons les technologies propos\u00e9es par plus de 1 200 exposants, dont 30 % sont des entreprises internationales de [&hellip;]","og_url":"https:\/\/www.emballagedigest.fr\/en\/ipack-ima-2025-affiche-complet\/","og_site_name":"Emballage Digest","article_published_time":"2025-02-16T23:07:51+00:00","article_modified_time":"2025-02-16T23:07:53+00:00","og_image":[{"width":800,"height":533,"url":"https:\/\/www.emballagedigest.fr\/wp-content\/uploads\/2025\/02\/IPACKIMA.jpg","type":"image\/jpeg"}],"author":"Karine Duval","twitter_card":"summary_large_image","twitter_misc":{"Written by":"Karine Duval","Estimated reading time":"2 minutes"},"schema":{"@context":"https:\/\/schema.org","@graph":[{"@type":"Article","@id":"https:\/\/www.emballagedigest.fr\/ipack-ima-2025-affiche-complet\/#article","isPartOf":{"@id":"https:\/\/www.emballagedigest.fr\/ipack-ima-2025-affiche-complet\/"},"author":{"name":"Karine Duval","@id":"https:\/\/www.emballagedigest.fr\/#\/schema\/person\/76abe9f2b2ee4d3d520594c7a35da59f"},"headline":"IPACK-IMA 2025 affiche complet","datePublished":"2025-02-16T23:07:51+00:00","dateModified":"2025-02-16T23:07:53+00:00","mainEntityOfPage":{"@id":"https:\/\/www.emballagedigest.fr\/ipack-ima-2025-affiche-complet\/"},"wordCount":239,"publisher":{"@id":"https:\/\/www.emballagedigest.fr\/#organization"},"image":{"@id":"https:\/\/www.emballagedigest.fr\/ipack-ima-2025-affiche-complet\/#primaryimage"},"thumbnailUrl":"https:\/\/www.emballagedigest.fr\/wp-content\/uploads\/2025\/02\/IPACKIMA.jpg","articleSection":["Alimentaire","Article entier","Machines","Packaging","Parfumerie &amp; Cosm\u00e9tique","Pharmacie"],"inLanguage":"en-GB"},{"@type":"WebPage","@id":"https:\/\/www.emballagedigest.fr\/ipack-ima-2025-affiche-complet\/","url":"https:\/\/www.emballagedigest.fr\/ipack-ima-2025-affiche-complet\/","name":"IPACK-IMA 2025 affiche complet - Emballage Digest","isPartOf":{"@id":"https:\/\/www.emballagedigest.fr\/#website"},"primaryImageOfPage":{"@id":"https:\/\/www.emballagedigest.fr\/ipack-ima-2025-affiche-complet\/#primaryimage"},"image":{"@id":"https:\/\/www.emballagedigest.fr\/ipack-ima-2025-affiche-complet\/#primaryimage"},"thumbnailUrl":"https:\/\/www.emballagedigest.fr\/wp-content\/uploads\/2025\/02\/IPACKIMA.jpg","datePublished":"2025-02-16T23:07:51+00:00","dateModified":"2025-02-16T23:07:53+00:00","breadcrumb":{"@id":"https:\/\/www.emballagedigest.fr\/ipack-ima-2025-affiche-complet\/#breadcrumb"},"inLanguage":"en-GB","potentialAction":[{"@type":"ReadAction","target":["https:\/\/www.emballagedigest.fr\/ipack-ima-2025-affiche-complet\/"]}]},{"@type":"ImageObject","inLanguage":"en-GB","@id":"https:\/\/www.emballagedigest.fr\/ipack-ima-2025-affiche-complet\/#primaryimage","url":"https:\/\/www.emballagedigest.fr\/wp-content\/uploads\/2025\/02\/IPACKIMA.jpg","contentUrl":"https:\/\/www.emballagedigest.fr\/wp-content\/uploads\/2025\/02\/IPACKIMA.jpg","width":800,"height":533},{"@type":"BreadcrumbList","@id":"https:\/\/www.emballagedigest.fr\/ipack-ima-2025-affiche-complet\/#breadcrumb","itemListElement":[{"@type":"ListItem","position":1,"name":"Accueil","item":"https:\/\/www.emballagedigest.fr\/"},{"@type":"ListItem","position":2,"name":"IPACK-IMA 2025 affiche complet"}]},{"@type":"WebSite","@id":"https:\/\/www.emballagedigest.fr\/#website","url":"https:\/\/www.emballagedigest.fr\/","name":"Emballage Digest","description":"Revue professionnelle sur les emballages","publisher":{"@id":"https:\/\/www.emballagedigest.fr\/#organization"},"potentialAction":[{"@type":"SearchAction","target":{"@type":"EntryPoint","urlTemplate":"https:\/\/www.emballagedigest.fr\/?s={search_term_string}"},"query-input":{"@type":"PropertyValueSpecification","valueRequired":true,"valueName":"search_term_string"}}],"inLanguage":"en-GB"},{"@type":"Organization","@id":"https:\/\/www.emballagedigest.fr\/#organization","name":"Emballage Digest","url":"https:\/\/www.emballagedigest.fr\/","logo":{"@type":"ImageObject","inLanguage":"en-GB","@id":"https:\/\/www.emballagedigest.fr\/#\/schema\/logo\/image\/","url":"https:\/\/www.emballagedigest.fr\/wp-content\/uploads\/2022\/07\/logo-ed.png","contentUrl":"https:\/\/www.emballagedigest.fr\/wp-content\/uploads\/2022\/07\/logo-ed.png","width":379,"height":75,"caption":"Emballage Digest"},"image":{"@id":"https:\/\/www.emballagedigest.fr\/#\/schema\/logo\/image\/"}},{"@type":"Person","@id":"https:\/\/www.emballagedigest.fr\/#\/schema\/person\/76abe9f2b2ee4d3d520594c7a35da59f","name":"Karine Duval","image":{"@type":"ImageObject","inLanguage":"en-GB","@id":"https:\/\/www.emballagedigest.fr\/#\/schema\/person\/image\/","url":"https:\/\/secure.gravatar.com\/avatar\/f552799261cdd2e076e6677d780ef07bdb13aa4c196ab75b39abcbcdcae2d4e5?s=96&d=mm&r=g","contentUrl":"https:\/\/secure.gravatar.com\/avatar\/f552799261cdd2e076e6677d780ef07bdb13aa4c196ab75b39abcbcdcae2d4e5?s=96&d=mm&r=g","caption":"Karine Duval"},"url":"https:\/\/www.emballagedigest.fr\/en\/author\/admin_karduv\/"}]}},"_links":{"self":[{"href":"https:\/\/www.emballagedigest.fr\/en\/wp-json\/wp\/v2\/posts\/43588","targetHints":{"allow":["GET"]}}],"collection":[{"href":"https:\/\/www.emballagedigest.fr\/en\/wp-json\/wp\/v2\/posts"}],"about":[{"href":"https:\/\/www.emballagedigest.fr\/en\/wp-json\/wp\/v2\/types\/post"}],"author":[{"embeddable":true,"href":"https:\/\/www.emballagedigest.fr\/en\/wp-json\/wp\/v2\/users\/2"}],"replies":[{"embeddable":true,"href":"https:\/\/www.emballagedigest.fr\/en\/wp-json\/wp\/v2\/comments?post=43588"}],"version-history":[{"count":1,"href":"https:\/\/www.emballagedigest.fr\/en\/wp-json\/wp\/v2\/posts\/43588\/revisions"}],"predecessor-version":[{"id":43590,"href":"https:\/\/www.emballagedigest.fr\/en\/wp-json\/wp\/v2\/posts\/43588\/revisions\/43590"}],"wp:featuredmedia":[{"embeddable":true,"href":"https:\/\/www.emballagedigest.fr\/en\/wp-json\/wp\/v2\/media\/43589"}],"wp:attachment":[{"href":"https:\/\/www.emballagedigest.fr\/en\/wp-json\/wp\/v2\/media?parent=43588"}],"wp:term":[{"taxonomy":"category","embeddable":true,"href":"https:\/\/www.emballagedigest.fr\/en\/wp-json\/wp\/v2\/categories?post=43588"},{"taxonomy":"post_tag","embeddable":true,"href":"https:\/\/www.emballagedigest.fr\/en\/wp-json\/wp\/v2\/tags?post=43588"}],"curies":[{"name":"wp","href":"https:\/\/api.w.org\/{rel}","templated":true}]}}