{"id":43602,"date":"2025-02-19T09:18:03","date_gmt":"2025-02-19T08:18:03","guid":{"rendered":"https:\/\/www.emballagedigest.fr\/?p=43602"},"modified":"2025-02-20T08:11:58","modified_gmt":"2025-02-20T07:11:58","slug":"schreiner-developpe-des-etiquettes-protectrices-pour-seringues-preremplies","status":"publish","type":"post","link":"https:\/\/www.emballagedigest.fr\/en\/schreiner-developpe-des-etiquettes-protectrices-pour-seringues-preremplies\/","title":{"rendered":"Schreiner d\u00e9veloppe des \u00e9tiquettes protectrices pour seringues pr\u00e9remplies"},"content":{"rendered":"<p><strong>Schreiner MediPharm a pr\u00e9sent\u00e9 lors du dernier salon Pharmapack 2025 des \u00e9tiquettes innovantes de protection contre la lumi\u00e8re pour seringues, d\u00e9di\u00e9es \u00e0 la protection des principes actifs photosensibles, comme c\u2019est le cas avec les m\u00e9dicaments biologiques et biosimilaires.<\/strong><\/p>\n\n\n\n<p>Les m\u00e9dicaments photosensibles sont d\u00e9gradables aux rayons UV et \u00e0 la lumi\u00e8re, ce qui peut nuire \u00e0 leur efficacit\u00e9 et \u00e0 leur durabilit\u00e9. Un d\u00e9fi relev\u00e9 par Schreiner MediPharm, qui a mis au point des \u00e9tiquettes de protection contre la lumi\u00e8re sur mesure, sp\u00e9cialement con\u00e7ues pour r\u00e9pondre aux exigences des principes actifs photosensibles. Ces nouvelles \u00e9tiquettes fonctionnelles peuvent \u00eatre adapt\u00e9es \u00e0 toutes sortes et tailles de seringues courantes \u2013 avec aiguilles ou adaptateurs Luer-Lock.<\/p>\n\n\n\n<p>Ces \u00e9tiquettes fonctionnelles sont disponibles en trois diff\u00e9rents niveaux de protection contre les UV et la lumi\u00e8re. Le niveau 1 offre une protection efficace contre les UV combin\u00e9e avec une fen\u00eatre transparente int\u00e9gr\u00e9e. Avec le niveau 2, la protection est \u00e9largie \u00e0 la lumi\u00e8re bleue et vient dot\u00e9e d\u2019une fen\u00eatre semi-transparente permettant de voir le niveau de remplissage. Enfin, le niveau 3, le plus \u00e9lev\u00e9, offre une protection totale contre la lumi\u00e8re. Ces solutions permettent \u00e9galement l\u2019int\u00e9gration de fen\u00eatres d\u2019inspection refermables afin de v\u00e9rifier le contenu des seringues dans sa couleur d\u2019origine.<\/p>\n\n\n\n<p>Cette protection individuelle contre la lumi\u00e8re est disponible pour trois types d\u2019\u00e9tiquettes diff\u00e9rents, qui r\u00e9pondent \u00e0 des fonctions sp\u00e9cifiques&nbsp;: l\u2019\u00e9tiquette Light-Protect prot\u00e8ge le corps de la seringue ; l\u2019\u00e9tiquette Syringe-Closure-Wrap recouvre enti\u00e8rement le corps et le capuchon pour une protection am\u00e9lior\u00e9e et est dot\u00e9e d\u2019un t\u00e9moin de premi\u00e8re ouverture&nbsp;; et l\u2019\u00e9tiquette Cap-Lock, sp\u00e9cialement con\u00e7ue pour la seringue Schott Toppac<sup>\u00ae<\/sup> infuse, combine \u00e9galement une protection accrue contre la lumi\u00e8re avec une indication fiable de premi\u00e8re ouverture. Il est \u00e9galement possible d\u2019int\u00e9grer, par exemple, une \u00e9chelle de graduation pour un dosage pr\u00e9cis de l\u2019injection, ainsi que des \u00e9tiquettes de documentation pour augmenter encore l\u2019efficacit\u00e9 dans l\u2019application.<\/p>\n\n\n\n<p>Gr\u00e2ce \u00e0 ces nouvelles \u00e9tiquettes de protection contre la lumi\u00e8re sign\u00e9es Schreiner MediPharm, les laboratoires pharmaceutiques peuvent \u00e9quiper efficacement leurs seringues, pr\u00e9remplies de principes actifs sensibles, d\u2019un dispositif de protection contre la lumi\u00e8re et les UV \u00e0 plusieurs niveaux et adapt\u00e9 aux applications sp\u00e9cifiques. Dans ce contexte, l\u2019\u00e9tiquette fait l\u2019objet d\u2019une adaptation individuelle \u00e0 la seringue en verre ou COC et peut \u00eatre appliqu\u00e9e sans chaleur pendant la production pharmaceutique. Le personnel m\u00e9dical profite d\u2019une solution confortable, facile d\u2019utilisation, et qui contribue \u00e0 s\u00e9curit\u00e9 des patients.<\/p>","protected":false},"excerpt":{"rendered":"<p>Schreiner MediPharm a pr\u00e9sent\u00e9 lors du dernier salon Pharmapack 2025 des \u00e9tiquettes innovantes de protection contre la lumi\u00e8re pour seringues, d\u00e9di\u00e9es \u00e0 la protection des principes actifs photosensibles, comme c\u2019est le cas avec les m\u00e9dicaments biologiques et biosimilaires. Les m\u00e9dicaments photosensibles sont d\u00e9gradables aux rayons UV et \u00e0 la lumi\u00e8re, ce qui peut nuire \u00e0 [&hellip;]<\/p>","protected":false},"author":2,"featured_media":43603,"comment_status":"closed","ping_status":"closed","sticky":false,"template":"","format":"standard","meta":{"_acf_changed":false,"inline_featured_image":false,"iawp_total_views":3,"footnotes":""},"categories":[28,81,7],"tags":[],"class_list":["post-43602","post","type-post","status-publish","format-standard","has-post-thumbnail","hentry","category-article-entier","category-packaging","category-pharmacie"],"acf":[],"yoast_head":"<!-- This site is optimized with the Yoast SEO plugin v24.4 - https:\/\/yoast.com\/wordpress\/plugins\/seo\/ -->\n<title>Schreiner d\u00e9veloppe des \u00e9tiquettes protectrices pour seringues pr\u00e9remplies - Emballage Digest<\/title>\n<meta name=\"robots\" content=\"index, follow, max-snippet:-1, max-image-preview:large, max-video-preview:-1\" \/>\n<link rel=\"canonical\" href=\"https:\/\/www.emballagedigest.fr\/en\/schreiner-developpe-des-etiquettes-protectrices-pour-seringues-preremplies\/\" \/>\n<meta property=\"og:locale\" content=\"en_GB\" \/>\n<meta property=\"og:type\" content=\"article\" \/>\n<meta property=\"og:title\" content=\"Schreiner d\u00e9veloppe des \u00e9tiquettes protectrices pour seringues pr\u00e9remplies - Emballage Digest\" \/>\n<meta property=\"og:description\" content=\"Schreiner MediPharm a pr\u00e9sent\u00e9 lors du dernier salon Pharmapack 2025 des \u00e9tiquettes innovantes de protection contre la lumi\u00e8re pour seringues, d\u00e9di\u00e9es \u00e0 la protection des principes actifs photosensibles, comme c\u2019est le cas avec les m\u00e9dicaments biologiques et biosimilaires. Les m\u00e9dicaments photosensibles sont d\u00e9gradables aux rayons UV et \u00e0 la lumi\u00e8re, ce qui peut nuire \u00e0 [&hellip;]\" \/>\n<meta property=\"og:url\" content=\"https:\/\/www.emballagedigest.fr\/en\/schreiner-developpe-des-etiquettes-protectrices-pour-seringues-preremplies\/\" \/>\n<meta property=\"og:site_name\" content=\"Emballage Digest\" \/>\n<meta property=\"article:published_time\" content=\"2025-02-19T08:18:03+00:00\" \/>\n<meta property=\"article:modified_time\" content=\"2025-02-20T07:11:58+00:00\" \/>\n<meta property=\"og:image\" content=\"https:\/\/www.emballagedigest.fr\/wp-content\/uploads\/2025\/02\/Schreiner.jpg\" \/>\n\t<meta property=\"og:image:width\" content=\"800\" \/>\n\t<meta property=\"og:image:height\" content=\"600\" \/>\n\t<meta property=\"og:image:type\" content=\"image\/jpeg\" \/>\n<meta name=\"author\" content=\"Karine Duval\" \/>\n<meta name=\"twitter:card\" content=\"summary_large_image\" \/>\n<meta name=\"twitter:label1\" content=\"Written by\" \/>\n\t<meta name=\"twitter:data1\" content=\"Karine Duval\" \/>\n\t<meta name=\"twitter:label2\" content=\"Estimated reading time\" \/>\n\t<meta name=\"twitter:data2\" content=\"3 minutes\" \/>\n<script type=\"application\/ld+json\" class=\"yoast-schema-graph\">{\"@context\":\"https:\/\/schema.org\",\"@graph\":[{\"@type\":\"Article\",\"@id\":\"https:\/\/www.emballagedigest.fr\/schreiner-developpe-des-etiquettes-protectrices-pour-seringues-preremplies\/#article\",\"isPartOf\":{\"@id\":\"https:\/\/www.emballagedigest.fr\/schreiner-developpe-des-etiquettes-protectrices-pour-seringues-preremplies\/\"},\"author\":{\"name\":\"Karine Duval\",\"@id\":\"https:\/\/www.emballagedigest.fr\/#\/schema\/person\/76abe9f2b2ee4d3d520594c7a35da59f\"},\"headline\":\"Schreiner d\u00e9veloppe des \u00e9tiquettes protectrices pour seringues pr\u00e9remplies\",\"datePublished\":\"2025-02-19T08:18:03+00:00\",\"dateModified\":\"2025-02-20T07:11:58+00:00\",\"mainEntityOfPage\":{\"@id\":\"https:\/\/www.emballagedigest.fr\/schreiner-developpe-des-etiquettes-protectrices-pour-seringues-preremplies\/\"},\"wordCount\":462,\"publisher\":{\"@id\":\"https:\/\/www.emballagedigest.fr\/#organization\"},\"image\":{\"@id\":\"https:\/\/www.emballagedigest.fr\/schreiner-developpe-des-etiquettes-protectrices-pour-seringues-preremplies\/#primaryimage\"},\"thumbnailUrl\":\"https:\/\/www.emballagedigest.fr\/wp-content\/uploads\/2025\/02\/Schreiner.jpg\",\"articleSection\":[\"Article entier\",\"Packaging\",\"Pharmacie\"],\"inLanguage\":\"en-GB\"},{\"@type\":\"WebPage\",\"@id\":\"https:\/\/www.emballagedigest.fr\/schreiner-developpe-des-etiquettes-protectrices-pour-seringues-preremplies\/\",\"url\":\"https:\/\/www.emballagedigest.fr\/schreiner-developpe-des-etiquettes-protectrices-pour-seringues-preremplies\/\",\"name\":\"Schreiner d\u00e9veloppe des \u00e9tiquettes protectrices pour seringues pr\u00e9remplies - Emballage Digest\",\"isPartOf\":{\"@id\":\"https:\/\/www.emballagedigest.fr\/#website\"},\"primaryImageOfPage\":{\"@id\":\"https:\/\/www.emballagedigest.fr\/schreiner-developpe-des-etiquettes-protectrices-pour-seringues-preremplies\/#primaryimage\"},\"image\":{\"@id\":\"https:\/\/www.emballagedigest.fr\/schreiner-developpe-des-etiquettes-protectrices-pour-seringues-preremplies\/#primaryimage\"},\"thumbnailUrl\":\"https:\/\/www.emballagedigest.fr\/wp-content\/uploads\/2025\/02\/Schreiner.jpg\",\"datePublished\":\"2025-02-19T08:18:03+00:00\",\"dateModified\":\"2025-02-20T07:11:58+00:00\",\"breadcrumb\":{\"@id\":\"https:\/\/www.emballagedigest.fr\/schreiner-developpe-des-etiquettes-protectrices-pour-seringues-preremplies\/#breadcrumb\"},\"inLanguage\":\"en-GB\",\"potentialAction\":[{\"@type\":\"ReadAction\",\"target\":[\"https:\/\/www.emballagedigest.fr\/schreiner-developpe-des-etiquettes-protectrices-pour-seringues-preremplies\/\"]}]},{\"@type\":\"ImageObject\",\"inLanguage\":\"en-GB\",\"@id\":\"https:\/\/www.emballagedigest.fr\/schreiner-developpe-des-etiquettes-protectrices-pour-seringues-preremplies\/#primaryimage\",\"url\":\"https:\/\/www.emballagedigest.fr\/wp-content\/uploads\/2025\/02\/Schreiner.jpg\",\"contentUrl\":\"https:\/\/www.emballagedigest.fr\/wp-content\/uploads\/2025\/02\/Schreiner.jpg\",\"width\":800,\"height\":600},{\"@type\":\"BreadcrumbList\",\"@id\":\"https:\/\/www.emballagedigest.fr\/schreiner-developpe-des-etiquettes-protectrices-pour-seringues-preremplies\/#breadcrumb\",\"itemListElement\":[{\"@type\":\"ListItem\",\"position\":1,\"name\":\"Accueil\",\"item\":\"https:\/\/www.emballagedigest.fr\/\"},{\"@type\":\"ListItem\",\"position\":2,\"name\":\"Schreiner d\u00e9veloppe des \u00e9tiquettes protectrices pour seringues pr\u00e9remplies\"}]},{\"@type\":\"WebSite\",\"@id\":\"https:\/\/www.emballagedigest.fr\/#website\",\"url\":\"https:\/\/www.emballagedigest.fr\/\",\"name\":\"Emballage Digest\",\"description\":\"Revue professionnelle sur les emballages\",\"publisher\":{\"@id\":\"https:\/\/www.emballagedigest.fr\/#organization\"},\"potentialAction\":[{\"@type\":\"SearchAction\",\"target\":{\"@type\":\"EntryPoint\",\"urlTemplate\":\"https:\/\/www.emballagedigest.fr\/?s={search_term_string}\"},\"query-input\":{\"@type\":\"PropertyValueSpecification\",\"valueRequired\":true,\"valueName\":\"search_term_string\"}}],\"inLanguage\":\"en-GB\"},{\"@type\":\"Organization\",\"@id\":\"https:\/\/www.emballagedigest.fr\/#organization\",\"name\":\"Emballage Digest\",\"url\":\"https:\/\/www.emballagedigest.fr\/\",\"logo\":{\"@type\":\"ImageObject\",\"inLanguage\":\"en-GB\",\"@id\":\"https:\/\/www.emballagedigest.fr\/#\/schema\/logo\/image\/\",\"url\":\"https:\/\/www.emballagedigest.fr\/wp-content\/uploads\/2022\/07\/logo-ed.png\",\"contentUrl\":\"https:\/\/www.emballagedigest.fr\/wp-content\/uploads\/2022\/07\/logo-ed.png\",\"width\":379,\"height\":75,\"caption\":\"Emballage Digest\"},\"image\":{\"@id\":\"https:\/\/www.emballagedigest.fr\/#\/schema\/logo\/image\/\"}},{\"@type\":\"Person\",\"@id\":\"https:\/\/www.emballagedigest.fr\/#\/schema\/person\/76abe9f2b2ee4d3d520594c7a35da59f\",\"name\":\"Karine Duval\",\"image\":{\"@type\":\"ImageObject\",\"inLanguage\":\"en-GB\",\"@id\":\"https:\/\/www.emballagedigest.fr\/#\/schema\/person\/image\/\",\"url\":\"https:\/\/secure.gravatar.com\/avatar\/f552799261cdd2e076e6677d780ef07bdb13aa4c196ab75b39abcbcdcae2d4e5?s=96&d=mm&r=g\",\"contentUrl\":\"https:\/\/secure.gravatar.com\/avatar\/f552799261cdd2e076e6677d780ef07bdb13aa4c196ab75b39abcbcdcae2d4e5?s=96&d=mm&r=g\",\"caption\":\"Karine Duval\"},\"url\":\"https:\/\/www.emballagedigest.fr\/en\/author\/admin_karduv\/\"}]}<\/script>\n<!-- \/ Yoast SEO plugin. -->","yoast_head_json":{"title":"Schreiner d\u00e9veloppe des \u00e9tiquettes protectrices pour seringues pr\u00e9remplies - Emballage Digest","robots":{"index":"index","follow":"follow","max-snippet":"max-snippet:-1","max-image-preview":"max-image-preview:large","max-video-preview":"max-video-preview:-1"},"canonical":"https:\/\/www.emballagedigest.fr\/en\/schreiner-developpe-des-etiquettes-protectrices-pour-seringues-preremplies\/","og_locale":"en_GB","og_type":"article","og_title":"Schreiner d\u00e9veloppe des \u00e9tiquettes protectrices pour seringues pr\u00e9remplies - Emballage Digest","og_description":"Schreiner MediPharm a pr\u00e9sent\u00e9 lors du dernier salon Pharmapack 2025 des \u00e9tiquettes innovantes de protection contre la lumi\u00e8re pour seringues, d\u00e9di\u00e9es \u00e0 la protection des principes actifs photosensibles, comme c\u2019est le cas avec les m\u00e9dicaments biologiques et biosimilaires. Les m\u00e9dicaments photosensibles sont d\u00e9gradables aux rayons UV et \u00e0 la lumi\u00e8re, ce qui peut nuire \u00e0 [&hellip;]","og_url":"https:\/\/www.emballagedigest.fr\/en\/schreiner-developpe-des-etiquettes-protectrices-pour-seringues-preremplies\/","og_site_name":"Emballage Digest","article_published_time":"2025-02-19T08:18:03+00:00","article_modified_time":"2025-02-20T07:11:58+00:00","og_image":[{"width":800,"height":600,"url":"https:\/\/www.emballagedigest.fr\/wp-content\/uploads\/2025\/02\/Schreiner.jpg","type":"image\/jpeg"}],"author":"Karine Duval","twitter_card":"summary_large_image","twitter_misc":{"Written by":"Karine Duval","Estimated reading time":"3 minutes"},"schema":{"@context":"https:\/\/schema.org","@graph":[{"@type":"Article","@id":"https:\/\/www.emballagedigest.fr\/schreiner-developpe-des-etiquettes-protectrices-pour-seringues-preremplies\/#article","isPartOf":{"@id":"https:\/\/www.emballagedigest.fr\/schreiner-developpe-des-etiquettes-protectrices-pour-seringues-preremplies\/"},"author":{"name":"Karine Duval","@id":"https:\/\/www.emballagedigest.fr\/#\/schema\/person\/76abe9f2b2ee4d3d520594c7a35da59f"},"headline":"Schreiner d\u00e9veloppe des \u00e9tiquettes protectrices pour seringues pr\u00e9remplies","datePublished":"2025-02-19T08:18:03+00:00","dateModified":"2025-02-20T07:11:58+00:00","mainEntityOfPage":{"@id":"https:\/\/www.emballagedigest.fr\/schreiner-developpe-des-etiquettes-protectrices-pour-seringues-preremplies\/"},"wordCount":462,"publisher":{"@id":"https:\/\/www.emballagedigest.fr\/#organization"},"image":{"@id":"https:\/\/www.emballagedigest.fr\/schreiner-developpe-des-etiquettes-protectrices-pour-seringues-preremplies\/#primaryimage"},"thumbnailUrl":"https:\/\/www.emballagedigest.fr\/wp-content\/uploads\/2025\/02\/Schreiner.jpg","articleSection":["Article entier","Packaging","Pharmacie"],"inLanguage":"en-GB"},{"@type":"WebPage","@id":"https:\/\/www.emballagedigest.fr\/schreiner-developpe-des-etiquettes-protectrices-pour-seringues-preremplies\/","url":"https:\/\/www.emballagedigest.fr\/schreiner-developpe-des-etiquettes-protectrices-pour-seringues-preremplies\/","name":"Schreiner d\u00e9veloppe des \u00e9tiquettes protectrices pour seringues pr\u00e9remplies - Emballage Digest","isPartOf":{"@id":"https:\/\/www.emballagedigest.fr\/#website"},"primaryImageOfPage":{"@id":"https:\/\/www.emballagedigest.fr\/schreiner-developpe-des-etiquettes-protectrices-pour-seringues-preremplies\/#primaryimage"},"image":{"@id":"https:\/\/www.emballagedigest.fr\/schreiner-developpe-des-etiquettes-protectrices-pour-seringues-preremplies\/#primaryimage"},"thumbnailUrl":"https:\/\/www.emballagedigest.fr\/wp-content\/uploads\/2025\/02\/Schreiner.jpg","datePublished":"2025-02-19T08:18:03+00:00","dateModified":"2025-02-20T07:11:58+00:00","breadcrumb":{"@id":"https:\/\/www.emballagedigest.fr\/schreiner-developpe-des-etiquettes-protectrices-pour-seringues-preremplies\/#breadcrumb"},"inLanguage":"en-GB","potentialAction":[{"@type":"ReadAction","target":["https:\/\/www.emballagedigest.fr\/schreiner-developpe-des-etiquettes-protectrices-pour-seringues-preremplies\/"]}]},{"@type":"ImageObject","inLanguage":"en-GB","@id":"https:\/\/www.emballagedigest.fr\/schreiner-developpe-des-etiquettes-protectrices-pour-seringues-preremplies\/#primaryimage","url":"https:\/\/www.emballagedigest.fr\/wp-content\/uploads\/2025\/02\/Schreiner.jpg","contentUrl":"https:\/\/www.emballagedigest.fr\/wp-content\/uploads\/2025\/02\/Schreiner.jpg","width":800,"height":600},{"@type":"BreadcrumbList","@id":"https:\/\/www.emballagedigest.fr\/schreiner-developpe-des-etiquettes-protectrices-pour-seringues-preremplies\/#breadcrumb","itemListElement":[{"@type":"ListItem","position":1,"name":"Accueil","item":"https:\/\/www.emballagedigest.fr\/"},{"@type":"ListItem","position":2,"name":"Schreiner d\u00e9veloppe des \u00e9tiquettes protectrices pour seringues pr\u00e9remplies"}]},{"@type":"WebSite","@id":"https:\/\/www.emballagedigest.fr\/#website","url":"https:\/\/www.emballagedigest.fr\/","name":"Emballage Digest","description":"Revue professionnelle sur les emballages","publisher":{"@id":"https:\/\/www.emballagedigest.fr\/#organization"},"potentialAction":[{"@type":"SearchAction","target":{"@type":"EntryPoint","urlTemplate":"https:\/\/www.emballagedigest.fr\/?s={search_term_string}"},"query-input":{"@type":"PropertyValueSpecification","valueRequired":true,"valueName":"search_term_string"}}],"inLanguage":"en-GB"},{"@type":"Organization","@id":"https:\/\/www.emballagedigest.fr\/#organization","name":"Emballage Digest","url":"https:\/\/www.emballagedigest.fr\/","logo":{"@type":"ImageObject","inLanguage":"en-GB","@id":"https:\/\/www.emballagedigest.fr\/#\/schema\/logo\/image\/","url":"https:\/\/www.emballagedigest.fr\/wp-content\/uploads\/2022\/07\/logo-ed.png","contentUrl":"https:\/\/www.emballagedigest.fr\/wp-content\/uploads\/2022\/07\/logo-ed.png","width":379,"height":75,"caption":"Emballage Digest"},"image":{"@id":"https:\/\/www.emballagedigest.fr\/#\/schema\/logo\/image\/"}},{"@type":"Person","@id":"https:\/\/www.emballagedigest.fr\/#\/schema\/person\/76abe9f2b2ee4d3d520594c7a35da59f","name":"Karine Duval","image":{"@type":"ImageObject","inLanguage":"en-GB","@id":"https:\/\/www.emballagedigest.fr\/#\/schema\/person\/image\/","url":"https:\/\/secure.gravatar.com\/avatar\/f552799261cdd2e076e6677d780ef07bdb13aa4c196ab75b39abcbcdcae2d4e5?s=96&d=mm&r=g","contentUrl":"https:\/\/secure.gravatar.com\/avatar\/f552799261cdd2e076e6677d780ef07bdb13aa4c196ab75b39abcbcdcae2d4e5?s=96&d=mm&r=g","caption":"Karine Duval"},"url":"https:\/\/www.emballagedigest.fr\/en\/author\/admin_karduv\/"}]}},"_links":{"self":[{"href":"https:\/\/www.emballagedigest.fr\/en\/wp-json\/wp\/v2\/posts\/43602","targetHints":{"allow":["GET"]}}],"collection":[{"href":"https:\/\/www.emballagedigest.fr\/en\/wp-json\/wp\/v2\/posts"}],"about":[{"href":"https:\/\/www.emballagedigest.fr\/en\/wp-json\/wp\/v2\/types\/post"}],"author":[{"embeddable":true,"href":"https:\/\/www.emballagedigest.fr\/en\/wp-json\/wp\/v2\/users\/2"}],"replies":[{"embeddable":true,"href":"https:\/\/www.emballagedigest.fr\/en\/wp-json\/wp\/v2\/comments?post=43602"}],"version-history":[{"count":1,"href":"https:\/\/www.emballagedigest.fr\/en\/wp-json\/wp\/v2\/posts\/43602\/revisions"}],"predecessor-version":[{"id":43604,"href":"https:\/\/www.emballagedigest.fr\/en\/wp-json\/wp\/v2\/posts\/43602\/revisions\/43604"}],"wp:featuredmedia":[{"embeddable":true,"href":"https:\/\/www.emballagedigest.fr\/en\/wp-json\/wp\/v2\/media\/43603"}],"wp:attachment":[{"href":"https:\/\/www.emballagedigest.fr\/en\/wp-json\/wp\/v2\/media?parent=43602"}],"wp:term":[{"taxonomy":"category","embeddable":true,"href":"https:\/\/www.emballagedigest.fr\/en\/wp-json\/wp\/v2\/categories?post=43602"},{"taxonomy":"post_tag","embeddable":true,"href":"https:\/\/www.emballagedigest.fr\/en\/wp-json\/wp\/v2\/tags?post=43602"}],"curies":[{"name":"wp","href":"https:\/\/api.w.org\/{rel}","templated":true}]}}