{"id":43631,"date":"2025-02-24T00:09:53","date_gmt":"2025-02-23T23:09:53","guid":{"rendered":"https:\/\/www.emballagedigest.fr\/?p=43631"},"modified":"2025-02-24T00:09:54","modified_gmt":"2025-02-23T23:09:54","slug":"marquage-laser-lasit-laser-france-presente-ses-innovations-au-global-industrie","status":"publish","type":"post","link":"https:\/\/www.emballagedigest.fr\/en\/marquage-laser-lasit-laser-france-presente-ses-innovations-au-global-industrie\/","title":{"rendered":"Marquage laser : Lasit Laser France pr\u00e9sente ses innovations au Global Industrie"},"content":{"rendered":"<p><strong>Du mardi 11 au vendredi 14 mars 2025, Lasit Laser France sera &#8211; pour la premi\u00e8re fois &#8211; pr\u00e9sente au salon Global Industrie Lyon. La filiale fran\u00e7aise de Lasit, fabricant italien de solutions de marquage et nettoyage laser, d\u00e9voilera l\u2019\u00e9tendue de sa gamme de machines.<\/strong><\/p>\n\n\n\n<p>\u00c0 chargement manuel, semi ou enti\u00e8rement automatis\u00e9es, standards ou personnalis\u00e9es, elles permettent de r\u00e9pondre aux exigences de pr\u00e9cision et de qualit\u00e9 pour un large panel de secteurs \u2013 automobile, m\u00e9dical, \u00e9lectrom\u00e9nager et biens d\u2019\u00e9quipements domestiques, \u00e9lectronique, outillage, usinage et m\u00e9canique industrielle ou encore a\u00e9ronautique \u2013 et divers types de mat\u00e9riaux : m\u00e9tal, plastique, verre et bois.<\/p>\n\n\n\n<p>L\u2019offre de Lasit ne se limite pas \u00e0 la production de machines standards d\u2019atelier \u00e0 chargement manuel. Forte d\u2019une \u00e9quipe de concepteurs et d&rsquo;ing\u00e9nieurs b\u00e9n\u00e9ficiant ainsi d\u2019une expertise de plus de 30 ans dans de multiples technologies laser (Fibre, MOPA, Vert, UV, CO2, Pico), l\u2019entreprise propose des syst\u00e8mes cl\u00e9s en main, enti\u00e8rement int\u00e9gr\u00e9s et automatis\u00e9s.<\/p>\n\n\n\n<p>En effet, si des solutions standards telles que MicroMark G3, TowerMark X ou CompactMark G8 sont propos\u00e9es \u00e0 destination des petites et moyennes entreprises ne n\u00e9cessitant pas de produire d\u2019importants volumes en continu, Lasit se distingue par sa capacit\u00e9 \u00e0 r\u00e9pondre aux \u00e9volutions du march\u00e9. Et ce, par des solutions innovantes et tr\u00e8s automatis\u00e9es, tant au niveau du logiciel que du chargement robotis\u00e9, qui permettent de g\u00e9rer des processus complexes de mani\u00e8re simple et fluide.<\/p>\n\n\n\n<p>Ainsi, la gamme de machines fortement automatis\u00e9es (\u00e0 l\u2019image de TowerSlide, TowerLabel, RotoMark, ou encore du projet Polaris sp\u00e9cifiquement adapt\u00e9 \u00e0 l\u2019industrie des produits blancs et des \u00e9quipements de cuisine) s\u2019adresse aux grands groupes industriels \u00e0 la recherche de productivit\u00e9 \u00e9lev\u00e9e &#8211; favoris\u00e9e par le travail en temps masqu\u00e9 &#8211; dans leurs projets de marquage en tra\u00e7abilit\u00e9, esth\u00e9tique ou fonctionnel.<\/p>\n\n\n\n<p>Faciles \u00e0 int\u00e9grer, les solutions Lasit peuvent \u00eatre \u00e9quip\u00e9s de syst\u00e8mes de vision pour la lecture et la v\u00e9rification des codes marqu\u00e9s. Aujourd\u2019hui, l\u2019entreprise \u00e9quipe ainsi plus de 60 % de ses machines avec des syst\u00e8mes d\u2019inspection pour effectuer l\u2019auto-centrage et la lecture de codes 2D, aussi bien du type int\u00e9gr\u00e9 \u00e0 la t\u00eate (TTL pour <em>Through The Lens<\/em>) qu\u2019externe.<\/p>","protected":false},"excerpt":{"rendered":"<p>Du mardi 11 au vendredi 14 mars 2025, Lasit Laser France sera &#8211; pour la premi\u00e8re fois &#8211; pr\u00e9sente au salon Global Industrie Lyon. La filiale fran\u00e7aise de Lasit, fabricant italien de solutions de marquage et nettoyage laser, d\u00e9voilera l\u2019\u00e9tendue de sa gamme de machines. \u00c0 chargement manuel, semi ou enti\u00e8rement automatis\u00e9es, standards ou personnalis\u00e9es, [&hellip;]<\/p>","protected":false},"author":2,"featured_media":43632,"comment_status":"closed","ping_status":"closed","sticky":false,"template":"","format":"standard","meta":{"_acf_changed":false,"inline_featured_image":false,"iawp_total_views":0,"footnotes":""},"categories":[28,9],"tags":[],"class_list":["post-43631","post","type-post","status-publish","format-standard","has-post-thumbnail","hentry","category-article-entier","category-materiel"],"acf":[],"yoast_head":"<!-- This site is optimized with the Yoast SEO plugin v24.4 - https:\/\/yoast.com\/wordpress\/plugins\/seo\/ -->\n<title>Marquage laser : Lasit Laser France pr\u00e9sente ses innovations au Global Industrie - Emballage Digest<\/title>\n<meta name=\"robots\" content=\"index, follow, max-snippet:-1, max-image-preview:large, max-video-preview:-1\" \/>\n<link rel=\"canonical\" href=\"https:\/\/www.emballagedigest.fr\/en\/marquage-laser-lasit-laser-france-presente-ses-innovations-au-global-industrie\/\" \/>\n<meta property=\"og:locale\" content=\"en_GB\" \/>\n<meta property=\"og:type\" content=\"article\" \/>\n<meta property=\"og:title\" content=\"Marquage laser : Lasit Laser France pr\u00e9sente ses innovations au Global Industrie - Emballage Digest\" \/>\n<meta property=\"og:description\" content=\"Du mardi 11 au vendredi 14 mars 2025, Lasit Laser France sera &#8211; pour la premi\u00e8re fois &#8211; pr\u00e9sente au salon Global Industrie Lyon. La filiale fran\u00e7aise de Lasit, fabricant italien de solutions de marquage et nettoyage laser, d\u00e9voilera l\u2019\u00e9tendue de sa gamme de machines. \u00c0 chargement manuel, semi ou enti\u00e8rement automatis\u00e9es, standards ou personnalis\u00e9es, [&hellip;]\" \/>\n<meta property=\"og:url\" content=\"https:\/\/www.emballagedigest.fr\/en\/marquage-laser-lasit-laser-france-presente-ses-innovations-au-global-industrie\/\" \/>\n<meta property=\"og:site_name\" content=\"Emballage Digest\" \/>\n<meta property=\"article:published_time\" content=\"2025-02-23T23:09:53+00:00\" \/>\n<meta property=\"article:modified_time\" content=\"2025-02-23T23:09:54+00:00\" \/>\n<meta property=\"og:image\" content=\"https:\/\/www.emballagedigest.fr\/wp-content\/uploads\/2025\/02\/LASIT.jpg\" \/>\n\t<meta property=\"og:image:width\" content=\"800\" \/>\n\t<meta property=\"og:image:height\" content=\"600\" \/>\n\t<meta property=\"og:image:type\" content=\"image\/jpeg\" \/>\n<meta name=\"author\" content=\"Karine Duval\" \/>\n<meta name=\"twitter:card\" content=\"summary_large_image\" \/>\n<meta name=\"twitter:label1\" content=\"Written by\" \/>\n\t<meta name=\"twitter:data1\" content=\"Karine Duval\" \/>\n\t<meta name=\"twitter:label2\" content=\"Estimated reading time\" \/>\n\t<meta name=\"twitter:data2\" content=\"2 minutes\" \/>\n<script type=\"application\/ld+json\" class=\"yoast-schema-graph\">{\"@context\":\"https:\/\/schema.org\",\"@graph\":[{\"@type\":\"Article\",\"@id\":\"https:\/\/www.emballagedigest.fr\/marquage-laser-lasit-laser-france-presente-ses-innovations-au-global-industrie\/#article\",\"isPartOf\":{\"@id\":\"https:\/\/www.emballagedigest.fr\/marquage-laser-lasit-laser-france-presente-ses-innovations-au-global-industrie\/\"},\"author\":{\"name\":\"Karine Duval\",\"@id\":\"https:\/\/www.emballagedigest.fr\/#\/schema\/person\/76abe9f2b2ee4d3d520594c7a35da59f\"},\"headline\":\"Marquage laser : Lasit Laser France pr\u00e9sente ses innovations au Global Industrie\",\"datePublished\":\"2025-02-23T23:09:53+00:00\",\"dateModified\":\"2025-02-23T23:09:54+00:00\",\"mainEntityOfPage\":{\"@id\":\"https:\/\/www.emballagedigest.fr\/marquage-laser-lasit-laser-france-presente-ses-innovations-au-global-industrie\/\"},\"wordCount\":406,\"publisher\":{\"@id\":\"https:\/\/www.emballagedigest.fr\/#organization\"},\"image\":{\"@id\":\"https:\/\/www.emballagedigest.fr\/marquage-laser-lasit-laser-france-presente-ses-innovations-au-global-industrie\/#primaryimage\"},\"thumbnailUrl\":\"https:\/\/www.emballagedigest.fr\/wp-content\/uploads\/2025\/02\/LASIT.jpg\",\"articleSection\":[\"Article entier\",\"Mat\u00e9riel\"],\"inLanguage\":\"en-GB\"},{\"@type\":\"WebPage\",\"@id\":\"https:\/\/www.emballagedigest.fr\/marquage-laser-lasit-laser-france-presente-ses-innovations-au-global-industrie\/\",\"url\":\"https:\/\/www.emballagedigest.fr\/marquage-laser-lasit-laser-france-presente-ses-innovations-au-global-industrie\/\",\"name\":\"Marquage laser : Lasit Laser France pr\u00e9sente ses innovations au Global Industrie - Emballage Digest\",\"isPartOf\":{\"@id\":\"https:\/\/www.emballagedigest.fr\/#website\"},\"primaryImageOfPage\":{\"@id\":\"https:\/\/www.emballagedigest.fr\/marquage-laser-lasit-laser-france-presente-ses-innovations-au-global-industrie\/#primaryimage\"},\"image\":{\"@id\":\"https:\/\/www.emballagedigest.fr\/marquage-laser-lasit-laser-france-presente-ses-innovations-au-global-industrie\/#primaryimage\"},\"thumbnailUrl\":\"https:\/\/www.emballagedigest.fr\/wp-content\/uploads\/2025\/02\/LASIT.jpg\",\"datePublished\":\"2025-02-23T23:09:53+00:00\",\"dateModified\":\"2025-02-23T23:09:54+00:00\",\"breadcrumb\":{\"@id\":\"https:\/\/www.emballagedigest.fr\/marquage-laser-lasit-laser-france-presente-ses-innovations-au-global-industrie\/#breadcrumb\"},\"inLanguage\":\"en-GB\",\"potentialAction\":[{\"@type\":\"ReadAction\",\"target\":[\"https:\/\/www.emballagedigest.fr\/marquage-laser-lasit-laser-france-presente-ses-innovations-au-global-industrie\/\"]}]},{\"@type\":\"ImageObject\",\"inLanguage\":\"en-GB\",\"@id\":\"https:\/\/www.emballagedigest.fr\/marquage-laser-lasit-laser-france-presente-ses-innovations-au-global-industrie\/#primaryimage\",\"url\":\"https:\/\/www.emballagedigest.fr\/wp-content\/uploads\/2025\/02\/LASIT.jpg\",\"contentUrl\":\"https:\/\/www.emballagedigest.fr\/wp-content\/uploads\/2025\/02\/LASIT.jpg\",\"width\":800,\"height\":600},{\"@type\":\"BreadcrumbList\",\"@id\":\"https:\/\/www.emballagedigest.fr\/marquage-laser-lasit-laser-france-presente-ses-innovations-au-global-industrie\/#breadcrumb\",\"itemListElement\":[{\"@type\":\"ListItem\",\"position\":1,\"name\":\"Accueil\",\"item\":\"https:\/\/www.emballagedigest.fr\/\"},{\"@type\":\"ListItem\",\"position\":2,\"name\":\"Marquage laser : Lasit Laser France pr\u00e9sente ses innovations au Global Industrie\"}]},{\"@type\":\"WebSite\",\"@id\":\"https:\/\/www.emballagedigest.fr\/#website\",\"url\":\"https:\/\/www.emballagedigest.fr\/\",\"name\":\"Emballage Digest\",\"description\":\"Revue professionnelle sur les emballages\",\"publisher\":{\"@id\":\"https:\/\/www.emballagedigest.fr\/#organization\"},\"potentialAction\":[{\"@type\":\"SearchAction\",\"target\":{\"@type\":\"EntryPoint\",\"urlTemplate\":\"https:\/\/www.emballagedigest.fr\/?s={search_term_string}\"},\"query-input\":{\"@type\":\"PropertyValueSpecification\",\"valueRequired\":true,\"valueName\":\"search_term_string\"}}],\"inLanguage\":\"en-GB\"},{\"@type\":\"Organization\",\"@id\":\"https:\/\/www.emballagedigest.fr\/#organization\",\"name\":\"Emballage Digest\",\"url\":\"https:\/\/www.emballagedigest.fr\/\",\"logo\":{\"@type\":\"ImageObject\",\"inLanguage\":\"en-GB\",\"@id\":\"https:\/\/www.emballagedigest.fr\/#\/schema\/logo\/image\/\",\"url\":\"https:\/\/www.emballagedigest.fr\/wp-content\/uploads\/2022\/07\/logo-ed.png\",\"contentUrl\":\"https:\/\/www.emballagedigest.fr\/wp-content\/uploads\/2022\/07\/logo-ed.png\",\"width\":379,\"height\":75,\"caption\":\"Emballage Digest\"},\"image\":{\"@id\":\"https:\/\/www.emballagedigest.fr\/#\/schema\/logo\/image\/\"}},{\"@type\":\"Person\",\"@id\":\"https:\/\/www.emballagedigest.fr\/#\/schema\/person\/76abe9f2b2ee4d3d520594c7a35da59f\",\"name\":\"Karine Duval\",\"image\":{\"@type\":\"ImageObject\",\"inLanguage\":\"en-GB\",\"@id\":\"https:\/\/www.emballagedigest.fr\/#\/schema\/person\/image\/\",\"url\":\"https:\/\/secure.gravatar.com\/avatar\/f552799261cdd2e076e6677d780ef07bdb13aa4c196ab75b39abcbcdcae2d4e5?s=96&d=mm&r=g\",\"contentUrl\":\"https:\/\/secure.gravatar.com\/avatar\/f552799261cdd2e076e6677d780ef07bdb13aa4c196ab75b39abcbcdcae2d4e5?s=96&d=mm&r=g\",\"caption\":\"Karine Duval\"},\"url\":\"https:\/\/www.emballagedigest.fr\/en\/author\/admin_karduv\/\"}]}<\/script>\n<!-- \/ Yoast SEO plugin. -->","yoast_head_json":{"title":"Marquage laser : Lasit Laser France pr\u00e9sente ses innovations au Global Industrie - Emballage Digest","robots":{"index":"index","follow":"follow","max-snippet":"max-snippet:-1","max-image-preview":"max-image-preview:large","max-video-preview":"max-video-preview:-1"},"canonical":"https:\/\/www.emballagedigest.fr\/en\/marquage-laser-lasit-laser-france-presente-ses-innovations-au-global-industrie\/","og_locale":"en_GB","og_type":"article","og_title":"Marquage laser : Lasit Laser France pr\u00e9sente ses innovations au Global Industrie - Emballage Digest","og_description":"Du mardi 11 au vendredi 14 mars 2025, Lasit Laser France sera &#8211; pour la premi\u00e8re fois &#8211; pr\u00e9sente au salon Global Industrie Lyon. La filiale fran\u00e7aise de Lasit, fabricant italien de solutions de marquage et nettoyage laser, d\u00e9voilera l\u2019\u00e9tendue de sa gamme de machines. \u00c0 chargement manuel, semi ou enti\u00e8rement automatis\u00e9es, standards ou personnalis\u00e9es, [&hellip;]","og_url":"https:\/\/www.emballagedigest.fr\/en\/marquage-laser-lasit-laser-france-presente-ses-innovations-au-global-industrie\/","og_site_name":"Emballage Digest","article_published_time":"2025-02-23T23:09:53+00:00","article_modified_time":"2025-02-23T23:09:54+00:00","og_image":[{"width":800,"height":600,"url":"https:\/\/www.emballagedigest.fr\/wp-content\/uploads\/2025\/02\/LASIT.jpg","type":"image\/jpeg"}],"author":"Karine Duval","twitter_card":"summary_large_image","twitter_misc":{"Written by":"Karine Duval","Estimated reading time":"2 minutes"},"schema":{"@context":"https:\/\/schema.org","@graph":[{"@type":"Article","@id":"https:\/\/www.emballagedigest.fr\/marquage-laser-lasit-laser-france-presente-ses-innovations-au-global-industrie\/#article","isPartOf":{"@id":"https:\/\/www.emballagedigest.fr\/marquage-laser-lasit-laser-france-presente-ses-innovations-au-global-industrie\/"},"author":{"name":"Karine Duval","@id":"https:\/\/www.emballagedigest.fr\/#\/schema\/person\/76abe9f2b2ee4d3d520594c7a35da59f"},"headline":"Marquage laser : Lasit Laser France pr\u00e9sente ses innovations au Global Industrie","datePublished":"2025-02-23T23:09:53+00:00","dateModified":"2025-02-23T23:09:54+00:00","mainEntityOfPage":{"@id":"https:\/\/www.emballagedigest.fr\/marquage-laser-lasit-laser-france-presente-ses-innovations-au-global-industrie\/"},"wordCount":406,"publisher":{"@id":"https:\/\/www.emballagedigest.fr\/#organization"},"image":{"@id":"https:\/\/www.emballagedigest.fr\/marquage-laser-lasit-laser-france-presente-ses-innovations-au-global-industrie\/#primaryimage"},"thumbnailUrl":"https:\/\/www.emballagedigest.fr\/wp-content\/uploads\/2025\/02\/LASIT.jpg","articleSection":["Article entier","Mat\u00e9riel"],"inLanguage":"en-GB"},{"@type":"WebPage","@id":"https:\/\/www.emballagedigest.fr\/marquage-laser-lasit-laser-france-presente-ses-innovations-au-global-industrie\/","url":"https:\/\/www.emballagedigest.fr\/marquage-laser-lasit-laser-france-presente-ses-innovations-au-global-industrie\/","name":"Marquage laser : Lasit Laser France pr\u00e9sente ses innovations au Global Industrie - Emballage Digest","isPartOf":{"@id":"https:\/\/www.emballagedigest.fr\/#website"},"primaryImageOfPage":{"@id":"https:\/\/www.emballagedigest.fr\/marquage-laser-lasit-laser-france-presente-ses-innovations-au-global-industrie\/#primaryimage"},"image":{"@id":"https:\/\/www.emballagedigest.fr\/marquage-laser-lasit-laser-france-presente-ses-innovations-au-global-industrie\/#primaryimage"},"thumbnailUrl":"https:\/\/www.emballagedigest.fr\/wp-content\/uploads\/2025\/02\/LASIT.jpg","datePublished":"2025-02-23T23:09:53+00:00","dateModified":"2025-02-23T23:09:54+00:00","breadcrumb":{"@id":"https:\/\/www.emballagedigest.fr\/marquage-laser-lasit-laser-france-presente-ses-innovations-au-global-industrie\/#breadcrumb"},"inLanguage":"en-GB","potentialAction":[{"@type":"ReadAction","target":["https:\/\/www.emballagedigest.fr\/marquage-laser-lasit-laser-france-presente-ses-innovations-au-global-industrie\/"]}]},{"@type":"ImageObject","inLanguage":"en-GB","@id":"https:\/\/www.emballagedigest.fr\/marquage-laser-lasit-laser-france-presente-ses-innovations-au-global-industrie\/#primaryimage","url":"https:\/\/www.emballagedigest.fr\/wp-content\/uploads\/2025\/02\/LASIT.jpg","contentUrl":"https:\/\/www.emballagedigest.fr\/wp-content\/uploads\/2025\/02\/LASIT.jpg","width":800,"height":600},{"@type":"BreadcrumbList","@id":"https:\/\/www.emballagedigest.fr\/marquage-laser-lasit-laser-france-presente-ses-innovations-au-global-industrie\/#breadcrumb","itemListElement":[{"@type":"ListItem","position":1,"name":"Accueil","item":"https:\/\/www.emballagedigest.fr\/"},{"@type":"ListItem","position":2,"name":"Marquage laser : Lasit Laser France pr\u00e9sente ses innovations au Global Industrie"}]},{"@type":"WebSite","@id":"https:\/\/www.emballagedigest.fr\/#website","url":"https:\/\/www.emballagedigest.fr\/","name":"Emballage Digest","description":"Revue professionnelle sur les emballages","publisher":{"@id":"https:\/\/www.emballagedigest.fr\/#organization"},"potentialAction":[{"@type":"SearchAction","target":{"@type":"EntryPoint","urlTemplate":"https:\/\/www.emballagedigest.fr\/?s={search_term_string}"},"query-input":{"@type":"PropertyValueSpecification","valueRequired":true,"valueName":"search_term_string"}}],"inLanguage":"en-GB"},{"@type":"Organization","@id":"https:\/\/www.emballagedigest.fr\/#organization","name":"Emballage Digest","url":"https:\/\/www.emballagedigest.fr\/","logo":{"@type":"ImageObject","inLanguage":"en-GB","@id":"https:\/\/www.emballagedigest.fr\/#\/schema\/logo\/image\/","url":"https:\/\/www.emballagedigest.fr\/wp-content\/uploads\/2022\/07\/logo-ed.png","contentUrl":"https:\/\/www.emballagedigest.fr\/wp-content\/uploads\/2022\/07\/logo-ed.png","width":379,"height":75,"caption":"Emballage Digest"},"image":{"@id":"https:\/\/www.emballagedigest.fr\/#\/schema\/logo\/image\/"}},{"@type":"Person","@id":"https:\/\/www.emballagedigest.fr\/#\/schema\/person\/76abe9f2b2ee4d3d520594c7a35da59f","name":"Karine Duval","image":{"@type":"ImageObject","inLanguage":"en-GB","@id":"https:\/\/www.emballagedigest.fr\/#\/schema\/person\/image\/","url":"https:\/\/secure.gravatar.com\/avatar\/f552799261cdd2e076e6677d780ef07bdb13aa4c196ab75b39abcbcdcae2d4e5?s=96&d=mm&r=g","contentUrl":"https:\/\/secure.gravatar.com\/avatar\/f552799261cdd2e076e6677d780ef07bdb13aa4c196ab75b39abcbcdcae2d4e5?s=96&d=mm&r=g","caption":"Karine Duval"},"url":"https:\/\/www.emballagedigest.fr\/en\/author\/admin_karduv\/"}]}},"_links":{"self":[{"href":"https:\/\/www.emballagedigest.fr\/en\/wp-json\/wp\/v2\/posts\/43631","targetHints":{"allow":["GET"]}}],"collection":[{"href":"https:\/\/www.emballagedigest.fr\/en\/wp-json\/wp\/v2\/posts"}],"about":[{"href":"https:\/\/www.emballagedigest.fr\/en\/wp-json\/wp\/v2\/types\/post"}],"author":[{"embeddable":true,"href":"https:\/\/www.emballagedigest.fr\/en\/wp-json\/wp\/v2\/users\/2"}],"replies":[{"embeddable":true,"href":"https:\/\/www.emballagedigest.fr\/en\/wp-json\/wp\/v2\/comments?post=43631"}],"version-history":[{"count":2,"href":"https:\/\/www.emballagedigest.fr\/en\/wp-json\/wp\/v2\/posts\/43631\/revisions"}],"predecessor-version":[{"id":43634,"href":"https:\/\/www.emballagedigest.fr\/en\/wp-json\/wp\/v2\/posts\/43631\/revisions\/43634"}],"wp:featuredmedia":[{"embeddable":true,"href":"https:\/\/www.emballagedigest.fr\/en\/wp-json\/wp\/v2\/media\/43632"}],"wp:attachment":[{"href":"https:\/\/www.emballagedigest.fr\/en\/wp-json\/wp\/v2\/media?parent=43631"}],"wp:term":[{"taxonomy":"category","embeddable":true,"href":"https:\/\/www.emballagedigest.fr\/en\/wp-json\/wp\/v2\/categories?post=43631"},{"taxonomy":"post_tag","embeddable":true,"href":"https:\/\/www.emballagedigest.fr\/en\/wp-json\/wp\/v2\/tags?post=43631"}],"curies":[{"name":"wp","href":"https:\/\/api.w.org\/{rel}","templated":true}]}}