{"id":43865,"date":"2025-03-10T00:29:28","date_gmt":"2025-03-09T23:29:28","guid":{"rendered":"https:\/\/www.emballagedigest.fr\/?p=43865"},"modified":"2025-03-10T00:29:30","modified_gmt":"2025-03-09T23:29:30","slug":"sedapta-presente-ses-innovations-au-salon-global-industrie-lyon-2025","status":"publish","type":"post","link":"https:\/\/www.emballagedigest.fr\/en\/sedapta-presente-ses-innovations-au-salon-global-industrie-lyon-2025\/","title":{"rendered":"sedApta pr\u00e9sente ses innovations au salon Global Industrie Lyon 2025"},"content":{"rendered":"<p><strong>sedApta Groupe Elisa IndustriQ, acteur majeur des solutions logicielles et mat\u00e9rielles pour<\/strong> <strong>l&rsquo;industrie 5.0, annonce sa participation au salon Global Industrie Lyon 2025, qui se tiendra<\/strong> <strong>du 11 au 14 mars 2025 \u00e0 Eurexpo Lyon et y exposera ses derniers d\u00e9veloppements.<\/strong><\/p>\n\n\n\n<p>sedApta Groupe Elisa IndustriQ mettra en avant trois innovations majeures destin\u00e9es \u00e0 optimiser la gestion et la performance des entreprises manufacturi\u00e8res.<\/p>\n\n\n\n<p>D\u00e9di\u00e9e \u00e0 la gestion des flux logistiques, la nouvelle solution logicielle TMS (Transport Management System) NextRoute permet une optimisation avanc\u00e9e du transport, r\u00e9duisant les co\u00fbts et am\u00e9liorant l&rsquo;efficacit\u00e9 des cha\u00eenes d&rsquo;approvisionnement. En lien avec l\u2019ERP, NextRoute planifie les exp\u00e9ditions \u00e0 partir des lignes de commande. Il va optimiser les transports, comparer les accords ou les devis ponctuels, et \u00e9valuer les exp\u00e9ditions. D\u2019autre part, il va g\u00e9rer les r\u00e9servations et l&rsquo;enregistrement gr\u00e2ce \u00e0 un processus collaboratif et optimiser le chargement des camions. NextRoute est unique car il propose une plateforme collaborative multi-locataire, un syst\u00e8me de gestion des tarifs, un smart tracking, un transport \u00ab vert \u00bb et l\u2019ajout de l\u2019AI.<\/p>\n\n\n\n<p>Autre nouveaut\u00e9&nbsp;: une solution hardware innovante d\u00e9di\u00e9e \u00e0 la production et la logistique. Conjuguant robustesse, performance et durabilit\u00e9, cette gamme de PC industriels est con\u00e7ue pour r\u00e9pondre aux exigences les plus strictes de l&rsquo;industrie.<\/p>\n\n\n\n<p>Enfin, l\u2019entreprise va introduire LUMI (Digital Manager) sur la plateforme digitale. LUMI est l\u2019IA de sedApta \u2013 Elisa IndustriQ permettant d\u2019accompagner au quotidien le manager et ses \u00e9quipes.<\/p>","protected":false},"excerpt":{"rendered":"<p>sedApta Groupe Elisa IndustriQ, acteur majeur des solutions logicielles et mat\u00e9rielles pour l&rsquo;industrie 5.0, annonce sa participation au salon Global Industrie Lyon 2025, qui se tiendra du 11 au 14 mars 2025 \u00e0 Eurexpo Lyon et y exposera ses derniers d\u00e9veloppements. sedApta Groupe Elisa IndustriQ mettra en avant trois innovations majeures destin\u00e9es \u00e0 optimiser la [&hellip;]<\/p>","protected":false},"author":2,"featured_media":43866,"comment_status":"closed","ping_status":"closed","sticky":false,"template":"","format":"standard","meta":{"_acf_changed":false,"inline_featured_image":false,"iawp_total_views":2,"footnotes":""},"categories":[28,9],"tags":[],"class_list":["post-43865","post","type-post","status-publish","format-standard","has-post-thumbnail","hentry","category-article-entier","category-materiel"],"acf":[],"yoast_head":"<!-- This site is optimized with the Yoast SEO plugin v24.4 - https:\/\/yoast.com\/wordpress\/plugins\/seo\/ -->\n<title>sedApta pr\u00e9sente ses innovations au salon Global Industrie Lyon 2025 - Emballage Digest<\/title>\n<meta name=\"robots\" content=\"index, follow, max-snippet:-1, max-image-preview:large, max-video-preview:-1\" \/>\n<link rel=\"canonical\" href=\"https:\/\/www.emballagedigest.fr\/en\/sedapta-presente-ses-innovations-au-salon-global-industrie-lyon-2025\/\" \/>\n<meta property=\"og:locale\" content=\"en_GB\" \/>\n<meta property=\"og:type\" content=\"article\" \/>\n<meta property=\"og:title\" content=\"sedApta pr\u00e9sente ses innovations au salon Global Industrie Lyon 2025 - Emballage Digest\" \/>\n<meta property=\"og:description\" content=\"sedApta Groupe Elisa IndustriQ, acteur majeur des solutions logicielles et mat\u00e9rielles pour l&rsquo;industrie 5.0, annonce sa participation au salon Global Industrie Lyon 2025, qui se tiendra du 11 au 14 mars 2025 \u00e0 Eurexpo Lyon et y exposera ses derniers d\u00e9veloppements. sedApta Groupe Elisa IndustriQ mettra en avant trois innovations majeures destin\u00e9es \u00e0 optimiser la [&hellip;]\" \/>\n<meta property=\"og:url\" content=\"https:\/\/www.emballagedigest.fr\/en\/sedapta-presente-ses-innovations-au-salon-global-industrie-lyon-2025\/\" \/>\n<meta property=\"og:site_name\" content=\"Emballage Digest\" \/>\n<meta property=\"article:published_time\" content=\"2025-03-09T23:29:28+00:00\" \/>\n<meta property=\"article:modified_time\" content=\"2025-03-09T23:29:30+00:00\" \/>\n<meta property=\"og:image\" content=\"https:\/\/www.emballagedigest.fr\/wp-content\/uploads\/2025\/03\/SEDAPTA.jpg\" \/>\n\t<meta property=\"og:image:width\" content=\"800\" \/>\n\t<meta property=\"og:image:height\" content=\"600\" \/>\n\t<meta property=\"og:image:type\" content=\"image\/jpeg\" \/>\n<meta name=\"author\" content=\"Karine Duval\" \/>\n<meta name=\"twitter:card\" content=\"summary_large_image\" \/>\n<meta name=\"twitter:label1\" content=\"Written by\" \/>\n\t<meta name=\"twitter:data1\" content=\"Karine Duval\" \/>\n\t<meta name=\"twitter:label2\" content=\"Estimated reading time\" \/>\n\t<meta name=\"twitter:data2\" content=\"2 minutes\" \/>\n<script type=\"application\/ld+json\" class=\"yoast-schema-graph\">{\"@context\":\"https:\/\/schema.org\",\"@graph\":[{\"@type\":\"Article\",\"@id\":\"https:\/\/www.emballagedigest.fr\/sedapta-presente-ses-innovations-au-salon-global-industrie-lyon-2025\/#article\",\"isPartOf\":{\"@id\":\"https:\/\/www.emballagedigest.fr\/sedapta-presente-ses-innovations-au-salon-global-industrie-lyon-2025\/\"},\"author\":{\"name\":\"Karine Duval\",\"@id\":\"https:\/\/www.emballagedigest.fr\/#\/schema\/person\/76abe9f2b2ee4d3d520594c7a35da59f\"},\"headline\":\"sedApta pr\u00e9sente ses innovations au salon Global Industrie Lyon 2025\",\"datePublished\":\"2025-03-09T23:29:28+00:00\",\"dateModified\":\"2025-03-09T23:29:30+00:00\",\"mainEntityOfPage\":{\"@id\":\"https:\/\/www.emballagedigest.fr\/sedapta-presente-ses-innovations-au-salon-global-industrie-lyon-2025\/\"},\"wordCount\":263,\"publisher\":{\"@id\":\"https:\/\/www.emballagedigest.fr\/#organization\"},\"image\":{\"@id\":\"https:\/\/www.emballagedigest.fr\/sedapta-presente-ses-innovations-au-salon-global-industrie-lyon-2025\/#primaryimage\"},\"thumbnailUrl\":\"https:\/\/www.emballagedigest.fr\/wp-content\/uploads\/2025\/03\/SEDAPTA.jpg\",\"articleSection\":[\"Article entier\",\"Mat\u00e9riel\"],\"inLanguage\":\"en-GB\"},{\"@type\":\"WebPage\",\"@id\":\"https:\/\/www.emballagedigest.fr\/sedapta-presente-ses-innovations-au-salon-global-industrie-lyon-2025\/\",\"url\":\"https:\/\/www.emballagedigest.fr\/sedapta-presente-ses-innovations-au-salon-global-industrie-lyon-2025\/\",\"name\":\"sedApta pr\u00e9sente ses innovations au salon Global Industrie Lyon 2025 - Emballage Digest\",\"isPartOf\":{\"@id\":\"https:\/\/www.emballagedigest.fr\/#website\"},\"primaryImageOfPage\":{\"@id\":\"https:\/\/www.emballagedigest.fr\/sedapta-presente-ses-innovations-au-salon-global-industrie-lyon-2025\/#primaryimage\"},\"image\":{\"@id\":\"https:\/\/www.emballagedigest.fr\/sedapta-presente-ses-innovations-au-salon-global-industrie-lyon-2025\/#primaryimage\"},\"thumbnailUrl\":\"https:\/\/www.emballagedigest.fr\/wp-content\/uploads\/2025\/03\/SEDAPTA.jpg\",\"datePublished\":\"2025-03-09T23:29:28+00:00\",\"dateModified\":\"2025-03-09T23:29:30+00:00\",\"breadcrumb\":{\"@id\":\"https:\/\/www.emballagedigest.fr\/sedapta-presente-ses-innovations-au-salon-global-industrie-lyon-2025\/#breadcrumb\"},\"inLanguage\":\"en-GB\",\"potentialAction\":[{\"@type\":\"ReadAction\",\"target\":[\"https:\/\/www.emballagedigest.fr\/sedapta-presente-ses-innovations-au-salon-global-industrie-lyon-2025\/\"]}]},{\"@type\":\"ImageObject\",\"inLanguage\":\"en-GB\",\"@id\":\"https:\/\/www.emballagedigest.fr\/sedapta-presente-ses-innovations-au-salon-global-industrie-lyon-2025\/#primaryimage\",\"url\":\"https:\/\/www.emballagedigest.fr\/wp-content\/uploads\/2025\/03\/SEDAPTA.jpg\",\"contentUrl\":\"https:\/\/www.emballagedigest.fr\/wp-content\/uploads\/2025\/03\/SEDAPTA.jpg\",\"width\":800,\"height\":600},{\"@type\":\"BreadcrumbList\",\"@id\":\"https:\/\/www.emballagedigest.fr\/sedapta-presente-ses-innovations-au-salon-global-industrie-lyon-2025\/#breadcrumb\",\"itemListElement\":[{\"@type\":\"ListItem\",\"position\":1,\"name\":\"Accueil\",\"item\":\"https:\/\/www.emballagedigest.fr\/\"},{\"@type\":\"ListItem\",\"position\":2,\"name\":\"sedApta pr\u00e9sente ses innovations au salon Global Industrie Lyon 2025\"}]},{\"@type\":\"WebSite\",\"@id\":\"https:\/\/www.emballagedigest.fr\/#website\",\"url\":\"https:\/\/www.emballagedigest.fr\/\",\"name\":\"Emballage Digest\",\"description\":\"Revue professionnelle sur les emballages\",\"publisher\":{\"@id\":\"https:\/\/www.emballagedigest.fr\/#organization\"},\"potentialAction\":[{\"@type\":\"SearchAction\",\"target\":{\"@type\":\"EntryPoint\",\"urlTemplate\":\"https:\/\/www.emballagedigest.fr\/?s={search_term_string}\"},\"query-input\":{\"@type\":\"PropertyValueSpecification\",\"valueRequired\":true,\"valueName\":\"search_term_string\"}}],\"inLanguage\":\"en-GB\"},{\"@type\":\"Organization\",\"@id\":\"https:\/\/www.emballagedigest.fr\/#organization\",\"name\":\"Emballage Digest\",\"url\":\"https:\/\/www.emballagedigest.fr\/\",\"logo\":{\"@type\":\"ImageObject\",\"inLanguage\":\"en-GB\",\"@id\":\"https:\/\/www.emballagedigest.fr\/#\/schema\/logo\/image\/\",\"url\":\"https:\/\/www.emballagedigest.fr\/wp-content\/uploads\/2022\/07\/logo-ed.png\",\"contentUrl\":\"https:\/\/www.emballagedigest.fr\/wp-content\/uploads\/2022\/07\/logo-ed.png\",\"width\":379,\"height\":75,\"caption\":\"Emballage Digest\"},\"image\":{\"@id\":\"https:\/\/www.emballagedigest.fr\/#\/schema\/logo\/image\/\"}},{\"@type\":\"Person\",\"@id\":\"https:\/\/www.emballagedigest.fr\/#\/schema\/person\/76abe9f2b2ee4d3d520594c7a35da59f\",\"name\":\"Karine Duval\",\"image\":{\"@type\":\"ImageObject\",\"inLanguage\":\"en-GB\",\"@id\":\"https:\/\/www.emballagedigest.fr\/#\/schema\/person\/image\/\",\"url\":\"https:\/\/secure.gravatar.com\/avatar\/f552799261cdd2e076e6677d780ef07bdb13aa4c196ab75b39abcbcdcae2d4e5?s=96&d=mm&r=g\",\"contentUrl\":\"https:\/\/secure.gravatar.com\/avatar\/f552799261cdd2e076e6677d780ef07bdb13aa4c196ab75b39abcbcdcae2d4e5?s=96&d=mm&r=g\",\"caption\":\"Karine Duval\"},\"url\":\"https:\/\/www.emballagedigest.fr\/en\/author\/admin_karduv\/\"}]}<\/script>\n<!-- \/ Yoast SEO plugin. -->","yoast_head_json":{"title":"sedApta pr\u00e9sente ses innovations au salon Global Industrie Lyon 2025 - Emballage Digest","robots":{"index":"index","follow":"follow","max-snippet":"max-snippet:-1","max-image-preview":"max-image-preview:large","max-video-preview":"max-video-preview:-1"},"canonical":"https:\/\/www.emballagedigest.fr\/en\/sedapta-presente-ses-innovations-au-salon-global-industrie-lyon-2025\/","og_locale":"en_GB","og_type":"article","og_title":"sedApta pr\u00e9sente ses innovations au salon Global Industrie Lyon 2025 - Emballage Digest","og_description":"sedApta Groupe Elisa IndustriQ, acteur majeur des solutions logicielles et mat\u00e9rielles pour l&rsquo;industrie 5.0, annonce sa participation au salon Global Industrie Lyon 2025, qui se tiendra du 11 au 14 mars 2025 \u00e0 Eurexpo Lyon et y exposera ses derniers d\u00e9veloppements. sedApta Groupe Elisa IndustriQ mettra en avant trois innovations majeures destin\u00e9es \u00e0 optimiser la [&hellip;]","og_url":"https:\/\/www.emballagedigest.fr\/en\/sedapta-presente-ses-innovations-au-salon-global-industrie-lyon-2025\/","og_site_name":"Emballage Digest","article_published_time":"2025-03-09T23:29:28+00:00","article_modified_time":"2025-03-09T23:29:30+00:00","og_image":[{"width":800,"height":600,"url":"https:\/\/www.emballagedigest.fr\/wp-content\/uploads\/2025\/03\/SEDAPTA.jpg","type":"image\/jpeg"}],"author":"Karine Duval","twitter_card":"summary_large_image","twitter_misc":{"Written by":"Karine Duval","Estimated reading time":"2 minutes"},"schema":{"@context":"https:\/\/schema.org","@graph":[{"@type":"Article","@id":"https:\/\/www.emballagedigest.fr\/sedapta-presente-ses-innovations-au-salon-global-industrie-lyon-2025\/#article","isPartOf":{"@id":"https:\/\/www.emballagedigest.fr\/sedapta-presente-ses-innovations-au-salon-global-industrie-lyon-2025\/"},"author":{"name":"Karine Duval","@id":"https:\/\/www.emballagedigest.fr\/#\/schema\/person\/76abe9f2b2ee4d3d520594c7a35da59f"},"headline":"sedApta pr\u00e9sente ses innovations au salon Global Industrie Lyon 2025","datePublished":"2025-03-09T23:29:28+00:00","dateModified":"2025-03-09T23:29:30+00:00","mainEntityOfPage":{"@id":"https:\/\/www.emballagedigest.fr\/sedapta-presente-ses-innovations-au-salon-global-industrie-lyon-2025\/"},"wordCount":263,"publisher":{"@id":"https:\/\/www.emballagedigest.fr\/#organization"},"image":{"@id":"https:\/\/www.emballagedigest.fr\/sedapta-presente-ses-innovations-au-salon-global-industrie-lyon-2025\/#primaryimage"},"thumbnailUrl":"https:\/\/www.emballagedigest.fr\/wp-content\/uploads\/2025\/03\/SEDAPTA.jpg","articleSection":["Article entier","Mat\u00e9riel"],"inLanguage":"en-GB"},{"@type":"WebPage","@id":"https:\/\/www.emballagedigest.fr\/sedapta-presente-ses-innovations-au-salon-global-industrie-lyon-2025\/","url":"https:\/\/www.emballagedigest.fr\/sedapta-presente-ses-innovations-au-salon-global-industrie-lyon-2025\/","name":"sedApta pr\u00e9sente ses innovations au salon Global Industrie Lyon 2025 - Emballage Digest","isPartOf":{"@id":"https:\/\/www.emballagedigest.fr\/#website"},"primaryImageOfPage":{"@id":"https:\/\/www.emballagedigest.fr\/sedapta-presente-ses-innovations-au-salon-global-industrie-lyon-2025\/#primaryimage"},"image":{"@id":"https:\/\/www.emballagedigest.fr\/sedapta-presente-ses-innovations-au-salon-global-industrie-lyon-2025\/#primaryimage"},"thumbnailUrl":"https:\/\/www.emballagedigest.fr\/wp-content\/uploads\/2025\/03\/SEDAPTA.jpg","datePublished":"2025-03-09T23:29:28+00:00","dateModified":"2025-03-09T23:29:30+00:00","breadcrumb":{"@id":"https:\/\/www.emballagedigest.fr\/sedapta-presente-ses-innovations-au-salon-global-industrie-lyon-2025\/#breadcrumb"},"inLanguage":"en-GB","potentialAction":[{"@type":"ReadAction","target":["https:\/\/www.emballagedigest.fr\/sedapta-presente-ses-innovations-au-salon-global-industrie-lyon-2025\/"]}]},{"@type":"ImageObject","inLanguage":"en-GB","@id":"https:\/\/www.emballagedigest.fr\/sedapta-presente-ses-innovations-au-salon-global-industrie-lyon-2025\/#primaryimage","url":"https:\/\/www.emballagedigest.fr\/wp-content\/uploads\/2025\/03\/SEDAPTA.jpg","contentUrl":"https:\/\/www.emballagedigest.fr\/wp-content\/uploads\/2025\/03\/SEDAPTA.jpg","width":800,"height":600},{"@type":"BreadcrumbList","@id":"https:\/\/www.emballagedigest.fr\/sedapta-presente-ses-innovations-au-salon-global-industrie-lyon-2025\/#breadcrumb","itemListElement":[{"@type":"ListItem","position":1,"name":"Accueil","item":"https:\/\/www.emballagedigest.fr\/"},{"@type":"ListItem","position":2,"name":"sedApta pr\u00e9sente ses innovations au salon Global Industrie Lyon 2025"}]},{"@type":"WebSite","@id":"https:\/\/www.emballagedigest.fr\/#website","url":"https:\/\/www.emballagedigest.fr\/","name":"Emballage Digest","description":"Revue professionnelle sur les emballages","publisher":{"@id":"https:\/\/www.emballagedigest.fr\/#organization"},"potentialAction":[{"@type":"SearchAction","target":{"@type":"EntryPoint","urlTemplate":"https:\/\/www.emballagedigest.fr\/?s={search_term_string}"},"query-input":{"@type":"PropertyValueSpecification","valueRequired":true,"valueName":"search_term_string"}}],"inLanguage":"en-GB"},{"@type":"Organization","@id":"https:\/\/www.emballagedigest.fr\/#organization","name":"Emballage Digest","url":"https:\/\/www.emballagedigest.fr\/","logo":{"@type":"ImageObject","inLanguage":"en-GB","@id":"https:\/\/www.emballagedigest.fr\/#\/schema\/logo\/image\/","url":"https:\/\/www.emballagedigest.fr\/wp-content\/uploads\/2022\/07\/logo-ed.png","contentUrl":"https:\/\/www.emballagedigest.fr\/wp-content\/uploads\/2022\/07\/logo-ed.png","width":379,"height":75,"caption":"Emballage Digest"},"image":{"@id":"https:\/\/www.emballagedigest.fr\/#\/schema\/logo\/image\/"}},{"@type":"Person","@id":"https:\/\/www.emballagedigest.fr\/#\/schema\/person\/76abe9f2b2ee4d3d520594c7a35da59f","name":"Karine Duval","image":{"@type":"ImageObject","inLanguage":"en-GB","@id":"https:\/\/www.emballagedigest.fr\/#\/schema\/person\/image\/","url":"https:\/\/secure.gravatar.com\/avatar\/f552799261cdd2e076e6677d780ef07bdb13aa4c196ab75b39abcbcdcae2d4e5?s=96&d=mm&r=g","contentUrl":"https:\/\/secure.gravatar.com\/avatar\/f552799261cdd2e076e6677d780ef07bdb13aa4c196ab75b39abcbcdcae2d4e5?s=96&d=mm&r=g","caption":"Karine Duval"},"url":"https:\/\/www.emballagedigest.fr\/en\/author\/admin_karduv\/"}]}},"_links":{"self":[{"href":"https:\/\/www.emballagedigest.fr\/en\/wp-json\/wp\/v2\/posts\/43865","targetHints":{"allow":["GET"]}}],"collection":[{"href":"https:\/\/www.emballagedigest.fr\/en\/wp-json\/wp\/v2\/posts"}],"about":[{"href":"https:\/\/www.emballagedigest.fr\/en\/wp-json\/wp\/v2\/types\/post"}],"author":[{"embeddable":true,"href":"https:\/\/www.emballagedigest.fr\/en\/wp-json\/wp\/v2\/users\/2"}],"replies":[{"embeddable":true,"href":"https:\/\/www.emballagedigest.fr\/en\/wp-json\/wp\/v2\/comments?post=43865"}],"version-history":[{"count":2,"href":"https:\/\/www.emballagedigest.fr\/en\/wp-json\/wp\/v2\/posts\/43865\/revisions"}],"predecessor-version":[{"id":43868,"href":"https:\/\/www.emballagedigest.fr\/en\/wp-json\/wp\/v2\/posts\/43865\/revisions\/43868"}],"wp:featuredmedia":[{"embeddable":true,"href":"https:\/\/www.emballagedigest.fr\/en\/wp-json\/wp\/v2\/media\/43866"}],"wp:attachment":[{"href":"https:\/\/www.emballagedigest.fr\/en\/wp-json\/wp\/v2\/media?parent=43865"}],"wp:term":[{"taxonomy":"category","embeddable":true,"href":"https:\/\/www.emballagedigest.fr\/en\/wp-json\/wp\/v2\/categories?post=43865"},{"taxonomy":"post_tag","embeddable":true,"href":"https:\/\/www.emballagedigest.fr\/en\/wp-json\/wp\/v2\/tags?post=43865"}],"curies":[{"name":"wp","href":"https:\/\/api.w.org\/{rel}","templated":true}]}}