{"id":44042,"date":"2025-04-01T08:52:31","date_gmt":"2025-04-01T06:52:31","guid":{"rendered":"https:\/\/www.emballagedigest.fr\/?p=44042"},"modified":"2025-04-02T09:00:41","modified_gmt":"2025-04-02T07:00:41","slug":"hinojosa-organise-la-3e-edition-de-son-programme-graduates","status":"publish","type":"post","link":"https:\/\/www.emballagedigest.fr\/en\/hinojosa-organise-la-3e-edition-de-son-programme-graduates\/","title":{"rendered":"Hinojosa organise la 3e \u00e9dition de son programme Graduates"},"content":{"rendered":"<p><strong>Hinojosa Packaging Group annonce le lancement de la troisi\u00e8me \u00e9dition de son programme <em>Graduates<\/em>. Cette initiative a pour but d\u2019attirer et former les meilleurs jeunes talents du secteur. Les jeunes dipl\u00f4m\u00e9s b\u00e9n\u00e9ficient d\u2019un accompagnement personnalis\u00e9 lors de leurs premiers pas dans le secteur de l\u2019emballage et se voient offrir des perspectives d\u2019\u00e9volution.<\/strong><\/p>\n\n\n\n<p>Pour sa troisi\u00e8me \u00e9dition, le programme Graduates accueille 12&nbsp;nouveaux talents. Fort de ses 25&nbsp;usines r\u00e9parties en Espagne, en France, en Italie et au Portugal, le groupe Hinojosa offre aux participants une vision globale du secteur et une compr\u00e9hension directe des opportunit\u00e9s et des d\u00e9fis du march\u00e9 international. Cette exp\u00e9rience unique leur permet d\u2019acqu\u00e9rir une expertise pr\u00e9cieuse dans un cadre multiculturel et dynamique. Les jeunes talents ont l\u2019occasion de se d\u00e9velopper et de progresser en interne chez Hinojosa. Pour renforcer leurs comp\u00e9tences, ils sont amen\u00e9s \u00e0 diriger un projet dans l\u2019une des usines du groupe, tout en suivant des formations techniques et manag\u00e9riales, ainsi que des modules consacr\u00e9s aux&nbsp;processus industriels. Chaque participant b\u00e9n\u00e9ficie \u00e9galement d\u2019un programme de mentorat sur mesure et d\u2019un accompagnement continu tout au long de son parcours. Ce suivi personnalis\u00e9 facilite son int\u00e9gration dans l\u2019entreprise et favorise son d\u00e9veloppement professionnel.<\/p>\n\n\n\n<p>Depuis sa cr\u00e9ation, le programme Graduates a jou\u00e9 un r\u00f4le essentiel dans l\u2019int\u00e9gration et le d\u00e9veloppement de jeunes talents chez Hinojosa. \u00c0 l\u2019issue des deux premi\u00e8res \u00e9ditions, dix&nbsp;participants ont poursuivi leur carri\u00e8re professionnelle au sein de l\u2019entreprise. Gr\u00e2ce au rayonnement mondial du groupe, le programme a pris une dimension internationale. De jeunes professionnels originaires de France, d\u2019Italie, de Croatie, d\u2019Argentine, des Pays-Bas et d\u2019autres pays y ont apport\u00e9 leurs comp\u00e9tences, et perspectives vari\u00e9es. Pour cette troisi\u00e8me \u00e9dition, Hinojosa reste fid\u00e8le \u00e0 ses valeurs en favorisant la multiculturalit\u00e9 et l\u2019int\u00e9gration de profils \u00e0 la vision internationale.<\/p>\n\n\n\n<p>Hinojosa Packaging Group r\u00e9affirme ainsi son engagement envers la soci\u00e9t\u00e9 et les jeunes talents. Le programme Graduates&nbsp;vient compl\u00e9ter d\u2018autres initiatives telles que&nbsp;la Chaire Hinojosa en partenariat avec l\u2019Universit\u00e9 Polytechnique de Valence (UPV) ainsi que son investissement dans la formation en alternance (FP Dual).<\/p>","protected":false},"excerpt":{"rendered":"<p>Hinojosa Packaging Group annonce le lancement de la troisi\u00e8me \u00e9dition de son programme Graduates. Cette initiative a pour but d\u2019attirer et former les meilleurs jeunes talents du secteur. Les jeunes dipl\u00f4m\u00e9s b\u00e9n\u00e9ficient d\u2019un accompagnement personnalis\u00e9 lors de leurs premiers pas dans le secteur de l\u2019emballage et se voient offrir des perspectives d\u2019\u00e9volution. Pour sa troisi\u00e8me [&hellip;]<\/p>","protected":false},"author":2,"featured_media":44044,"comment_status":"closed","ping_status":"closed","sticky":false,"template":"","format":"standard","meta":{"_acf_changed":false,"inline_featured_image":false,"iawp_total_views":2,"footnotes":""},"categories":[5,28,81],"tags":[],"class_list":["post-44042","post","type-post","status-publish","format-standard","has-post-thumbnail","hentry","category-alimentaire","category-article-entier","category-packaging"],"acf":[],"yoast_head":"<!-- This site is optimized with the Yoast SEO plugin v24.4 - https:\/\/yoast.com\/wordpress\/plugins\/seo\/ -->\n<title>Hinojosa organise la 3e \u00e9dition de son programme Graduates - Emballage Digest<\/title>\n<meta name=\"robots\" content=\"index, follow, max-snippet:-1, max-image-preview:large, max-video-preview:-1\" \/>\n<link rel=\"canonical\" href=\"https:\/\/www.emballagedigest.fr\/en\/hinojosa-organise-la-3e-edition-de-son-programme-graduates\/\" \/>\n<meta property=\"og:locale\" content=\"en_GB\" \/>\n<meta property=\"og:type\" content=\"article\" \/>\n<meta property=\"og:title\" content=\"Hinojosa organise la 3e \u00e9dition de son programme Graduates - Emballage Digest\" \/>\n<meta property=\"og:description\" content=\"Hinojosa Packaging Group annonce le lancement de la troisi\u00e8me \u00e9dition de son programme Graduates. Cette initiative a pour but d\u2019attirer et former les meilleurs jeunes talents du secteur. Les jeunes dipl\u00f4m\u00e9s b\u00e9n\u00e9ficient d\u2019un accompagnement personnalis\u00e9 lors de leurs premiers pas dans le secteur de l\u2019emballage et se voient offrir des perspectives d\u2019\u00e9volution. Pour sa troisi\u00e8me [&hellip;]\" \/>\n<meta property=\"og:url\" content=\"https:\/\/www.emballagedigest.fr\/en\/hinojosa-organise-la-3e-edition-de-son-programme-graduates\/\" \/>\n<meta property=\"og:site_name\" content=\"Emballage Digest\" \/>\n<meta property=\"article:published_time\" content=\"2025-04-01T06:52:31+00:00\" \/>\n<meta property=\"article:modified_time\" content=\"2025-04-02T07:00:41+00:00\" \/>\n<meta property=\"og:image\" content=\"https:\/\/www.emballagedigest.fr\/wp-content\/uploads\/2025\/04\/Hinojosa.jpg\" \/>\n\t<meta property=\"og:image:width\" content=\"800\" \/>\n\t<meta property=\"og:image:height\" content=\"577\" \/>\n\t<meta property=\"og:image:type\" content=\"image\/jpeg\" \/>\n<meta name=\"author\" content=\"Karine Duval\" \/>\n<meta name=\"twitter:card\" content=\"summary_large_image\" \/>\n<meta name=\"twitter:label1\" content=\"Written by\" \/>\n\t<meta name=\"twitter:data1\" content=\"Karine Duval\" \/>\n\t<meta name=\"twitter:label2\" content=\"Estimated reading time\" \/>\n\t<meta name=\"twitter:data2\" content=\"2 minutes\" \/>\n<script type=\"application\/ld+json\" class=\"yoast-schema-graph\">{\"@context\":\"https:\/\/schema.org\",\"@graph\":[{\"@type\":\"Article\",\"@id\":\"https:\/\/www.emballagedigest.fr\/hinojosa-organise-la-3e-edition-de-son-programme-graduates\/#article\",\"isPartOf\":{\"@id\":\"https:\/\/www.emballagedigest.fr\/hinojosa-organise-la-3e-edition-de-son-programme-graduates\/\"},\"author\":{\"name\":\"Karine Duval\",\"@id\":\"https:\/\/www.emballagedigest.fr\/#\/schema\/person\/76abe9f2b2ee4d3d520594c7a35da59f\"},\"headline\":\"Hinojosa organise la 3e \u00e9dition de son programme Graduates\",\"datePublished\":\"2025-04-01T06:52:31+00:00\",\"dateModified\":\"2025-04-02T07:00:41+00:00\",\"mainEntityOfPage\":{\"@id\":\"https:\/\/www.emballagedigest.fr\/hinojosa-organise-la-3e-edition-de-son-programme-graduates\/\"},\"wordCount\":403,\"publisher\":{\"@id\":\"https:\/\/www.emballagedigest.fr\/#organization\"},\"image\":{\"@id\":\"https:\/\/www.emballagedigest.fr\/hinojosa-organise-la-3e-edition-de-son-programme-graduates\/#primaryimage\"},\"thumbnailUrl\":\"https:\/\/www.emballagedigest.fr\/wp-content\/uploads\/2025\/04\/Hinojosa.jpg\",\"articleSection\":[\"Alimentaire\",\"Article entier\",\"Packaging\"],\"inLanguage\":\"en-GB\"},{\"@type\":\"WebPage\",\"@id\":\"https:\/\/www.emballagedigest.fr\/hinojosa-organise-la-3e-edition-de-son-programme-graduates\/\",\"url\":\"https:\/\/www.emballagedigest.fr\/hinojosa-organise-la-3e-edition-de-son-programme-graduates\/\",\"name\":\"Hinojosa organise la 3e \u00e9dition de son programme Graduates - Emballage Digest\",\"isPartOf\":{\"@id\":\"https:\/\/www.emballagedigest.fr\/#website\"},\"primaryImageOfPage\":{\"@id\":\"https:\/\/www.emballagedigest.fr\/hinojosa-organise-la-3e-edition-de-son-programme-graduates\/#primaryimage\"},\"image\":{\"@id\":\"https:\/\/www.emballagedigest.fr\/hinojosa-organise-la-3e-edition-de-son-programme-graduates\/#primaryimage\"},\"thumbnailUrl\":\"https:\/\/www.emballagedigest.fr\/wp-content\/uploads\/2025\/04\/Hinojosa.jpg\",\"datePublished\":\"2025-04-01T06:52:31+00:00\",\"dateModified\":\"2025-04-02T07:00:41+00:00\",\"breadcrumb\":{\"@id\":\"https:\/\/www.emballagedigest.fr\/hinojosa-organise-la-3e-edition-de-son-programme-graduates\/#breadcrumb\"},\"inLanguage\":\"en-GB\",\"potentialAction\":[{\"@type\":\"ReadAction\",\"target\":[\"https:\/\/www.emballagedigest.fr\/hinojosa-organise-la-3e-edition-de-son-programme-graduates\/\"]}]},{\"@type\":\"ImageObject\",\"inLanguage\":\"en-GB\",\"@id\":\"https:\/\/www.emballagedigest.fr\/hinojosa-organise-la-3e-edition-de-son-programme-graduates\/#primaryimage\",\"url\":\"https:\/\/www.emballagedigest.fr\/wp-content\/uploads\/2025\/04\/Hinojosa.jpg\",\"contentUrl\":\"https:\/\/www.emballagedigest.fr\/wp-content\/uploads\/2025\/04\/Hinojosa.jpg\",\"width\":800,\"height\":577},{\"@type\":\"BreadcrumbList\",\"@id\":\"https:\/\/www.emballagedigest.fr\/hinojosa-organise-la-3e-edition-de-son-programme-graduates\/#breadcrumb\",\"itemListElement\":[{\"@type\":\"ListItem\",\"position\":1,\"name\":\"Accueil\",\"item\":\"https:\/\/www.emballagedigest.fr\/\"},{\"@type\":\"ListItem\",\"position\":2,\"name\":\"Hinojosa organise la 3e \u00e9dition de son programme Graduates\"}]},{\"@type\":\"WebSite\",\"@id\":\"https:\/\/www.emballagedigest.fr\/#website\",\"url\":\"https:\/\/www.emballagedigest.fr\/\",\"name\":\"Emballage Digest\",\"description\":\"Revue professionnelle sur les emballages\",\"publisher\":{\"@id\":\"https:\/\/www.emballagedigest.fr\/#organization\"},\"potentialAction\":[{\"@type\":\"SearchAction\",\"target\":{\"@type\":\"EntryPoint\",\"urlTemplate\":\"https:\/\/www.emballagedigest.fr\/?s={search_term_string}\"},\"query-input\":{\"@type\":\"PropertyValueSpecification\",\"valueRequired\":true,\"valueName\":\"search_term_string\"}}],\"inLanguage\":\"en-GB\"},{\"@type\":\"Organization\",\"@id\":\"https:\/\/www.emballagedigest.fr\/#organization\",\"name\":\"Emballage Digest\",\"url\":\"https:\/\/www.emballagedigest.fr\/\",\"logo\":{\"@type\":\"ImageObject\",\"inLanguage\":\"en-GB\",\"@id\":\"https:\/\/www.emballagedigest.fr\/#\/schema\/logo\/image\/\",\"url\":\"https:\/\/www.emballagedigest.fr\/wp-content\/uploads\/2022\/07\/logo-ed.png\",\"contentUrl\":\"https:\/\/www.emballagedigest.fr\/wp-content\/uploads\/2022\/07\/logo-ed.png\",\"width\":379,\"height\":75,\"caption\":\"Emballage Digest\"},\"image\":{\"@id\":\"https:\/\/www.emballagedigest.fr\/#\/schema\/logo\/image\/\"}},{\"@type\":\"Person\",\"@id\":\"https:\/\/www.emballagedigest.fr\/#\/schema\/person\/76abe9f2b2ee4d3d520594c7a35da59f\",\"name\":\"Karine Duval\",\"image\":{\"@type\":\"ImageObject\",\"inLanguage\":\"en-GB\",\"@id\":\"https:\/\/www.emballagedigest.fr\/#\/schema\/person\/image\/\",\"url\":\"https:\/\/secure.gravatar.com\/avatar\/f552799261cdd2e076e6677d780ef07bdb13aa4c196ab75b39abcbcdcae2d4e5?s=96&d=mm&r=g\",\"contentUrl\":\"https:\/\/secure.gravatar.com\/avatar\/f552799261cdd2e076e6677d780ef07bdb13aa4c196ab75b39abcbcdcae2d4e5?s=96&d=mm&r=g\",\"caption\":\"Karine Duval\"},\"url\":\"https:\/\/www.emballagedigest.fr\/en\/author\/admin_karduv\/\"}]}<\/script>\n<!-- \/ Yoast SEO plugin. -->","yoast_head_json":{"title":"Hinojosa organise la 3e \u00e9dition de son programme Graduates - Emballage Digest","robots":{"index":"index","follow":"follow","max-snippet":"max-snippet:-1","max-image-preview":"max-image-preview:large","max-video-preview":"max-video-preview:-1"},"canonical":"https:\/\/www.emballagedigest.fr\/en\/hinojosa-organise-la-3e-edition-de-son-programme-graduates\/","og_locale":"en_GB","og_type":"article","og_title":"Hinojosa organise la 3e \u00e9dition de son programme Graduates - Emballage Digest","og_description":"Hinojosa Packaging Group annonce le lancement de la troisi\u00e8me \u00e9dition de son programme Graduates. Cette initiative a pour but d\u2019attirer et former les meilleurs jeunes talents du secteur. Les jeunes dipl\u00f4m\u00e9s b\u00e9n\u00e9ficient d\u2019un accompagnement personnalis\u00e9 lors de leurs premiers pas dans le secteur de l\u2019emballage et se voient offrir des perspectives d\u2019\u00e9volution. Pour sa troisi\u00e8me [&hellip;]","og_url":"https:\/\/www.emballagedigest.fr\/en\/hinojosa-organise-la-3e-edition-de-son-programme-graduates\/","og_site_name":"Emballage Digest","article_published_time":"2025-04-01T06:52:31+00:00","article_modified_time":"2025-04-02T07:00:41+00:00","og_image":[{"width":800,"height":577,"url":"https:\/\/www.emballagedigest.fr\/wp-content\/uploads\/2025\/04\/Hinojosa.jpg","type":"image\/jpeg"}],"author":"Karine Duval","twitter_card":"summary_large_image","twitter_misc":{"Written by":"Karine Duval","Estimated reading time":"2 minutes"},"schema":{"@context":"https:\/\/schema.org","@graph":[{"@type":"Article","@id":"https:\/\/www.emballagedigest.fr\/hinojosa-organise-la-3e-edition-de-son-programme-graduates\/#article","isPartOf":{"@id":"https:\/\/www.emballagedigest.fr\/hinojosa-organise-la-3e-edition-de-son-programme-graduates\/"},"author":{"name":"Karine Duval","@id":"https:\/\/www.emballagedigest.fr\/#\/schema\/person\/76abe9f2b2ee4d3d520594c7a35da59f"},"headline":"Hinojosa organise la 3e \u00e9dition de son programme Graduates","datePublished":"2025-04-01T06:52:31+00:00","dateModified":"2025-04-02T07:00:41+00:00","mainEntityOfPage":{"@id":"https:\/\/www.emballagedigest.fr\/hinojosa-organise-la-3e-edition-de-son-programme-graduates\/"},"wordCount":403,"publisher":{"@id":"https:\/\/www.emballagedigest.fr\/#organization"},"image":{"@id":"https:\/\/www.emballagedigest.fr\/hinojosa-organise-la-3e-edition-de-son-programme-graduates\/#primaryimage"},"thumbnailUrl":"https:\/\/www.emballagedigest.fr\/wp-content\/uploads\/2025\/04\/Hinojosa.jpg","articleSection":["Alimentaire","Article entier","Packaging"],"inLanguage":"en-GB"},{"@type":"WebPage","@id":"https:\/\/www.emballagedigest.fr\/hinojosa-organise-la-3e-edition-de-son-programme-graduates\/","url":"https:\/\/www.emballagedigest.fr\/hinojosa-organise-la-3e-edition-de-son-programme-graduates\/","name":"Hinojosa organise la 3e \u00e9dition de son programme Graduates - Emballage Digest","isPartOf":{"@id":"https:\/\/www.emballagedigest.fr\/#website"},"primaryImageOfPage":{"@id":"https:\/\/www.emballagedigest.fr\/hinojosa-organise-la-3e-edition-de-son-programme-graduates\/#primaryimage"},"image":{"@id":"https:\/\/www.emballagedigest.fr\/hinojosa-organise-la-3e-edition-de-son-programme-graduates\/#primaryimage"},"thumbnailUrl":"https:\/\/www.emballagedigest.fr\/wp-content\/uploads\/2025\/04\/Hinojosa.jpg","datePublished":"2025-04-01T06:52:31+00:00","dateModified":"2025-04-02T07:00:41+00:00","breadcrumb":{"@id":"https:\/\/www.emballagedigest.fr\/hinojosa-organise-la-3e-edition-de-son-programme-graduates\/#breadcrumb"},"inLanguage":"en-GB","potentialAction":[{"@type":"ReadAction","target":["https:\/\/www.emballagedigest.fr\/hinojosa-organise-la-3e-edition-de-son-programme-graduates\/"]}]},{"@type":"ImageObject","inLanguage":"en-GB","@id":"https:\/\/www.emballagedigest.fr\/hinojosa-organise-la-3e-edition-de-son-programme-graduates\/#primaryimage","url":"https:\/\/www.emballagedigest.fr\/wp-content\/uploads\/2025\/04\/Hinojosa.jpg","contentUrl":"https:\/\/www.emballagedigest.fr\/wp-content\/uploads\/2025\/04\/Hinojosa.jpg","width":800,"height":577},{"@type":"BreadcrumbList","@id":"https:\/\/www.emballagedigest.fr\/hinojosa-organise-la-3e-edition-de-son-programme-graduates\/#breadcrumb","itemListElement":[{"@type":"ListItem","position":1,"name":"Accueil","item":"https:\/\/www.emballagedigest.fr\/"},{"@type":"ListItem","position":2,"name":"Hinojosa organise la 3e \u00e9dition de son programme Graduates"}]},{"@type":"WebSite","@id":"https:\/\/www.emballagedigest.fr\/#website","url":"https:\/\/www.emballagedigest.fr\/","name":"Emballage Digest","description":"Revue professionnelle sur les emballages","publisher":{"@id":"https:\/\/www.emballagedigest.fr\/#organization"},"potentialAction":[{"@type":"SearchAction","target":{"@type":"EntryPoint","urlTemplate":"https:\/\/www.emballagedigest.fr\/?s={search_term_string}"},"query-input":{"@type":"PropertyValueSpecification","valueRequired":true,"valueName":"search_term_string"}}],"inLanguage":"en-GB"},{"@type":"Organization","@id":"https:\/\/www.emballagedigest.fr\/#organization","name":"Emballage Digest","url":"https:\/\/www.emballagedigest.fr\/","logo":{"@type":"ImageObject","inLanguage":"en-GB","@id":"https:\/\/www.emballagedigest.fr\/#\/schema\/logo\/image\/","url":"https:\/\/www.emballagedigest.fr\/wp-content\/uploads\/2022\/07\/logo-ed.png","contentUrl":"https:\/\/www.emballagedigest.fr\/wp-content\/uploads\/2022\/07\/logo-ed.png","width":379,"height":75,"caption":"Emballage Digest"},"image":{"@id":"https:\/\/www.emballagedigest.fr\/#\/schema\/logo\/image\/"}},{"@type":"Person","@id":"https:\/\/www.emballagedigest.fr\/#\/schema\/person\/76abe9f2b2ee4d3d520594c7a35da59f","name":"Karine Duval","image":{"@type":"ImageObject","inLanguage":"en-GB","@id":"https:\/\/www.emballagedigest.fr\/#\/schema\/person\/image\/","url":"https:\/\/secure.gravatar.com\/avatar\/f552799261cdd2e076e6677d780ef07bdb13aa4c196ab75b39abcbcdcae2d4e5?s=96&d=mm&r=g","contentUrl":"https:\/\/secure.gravatar.com\/avatar\/f552799261cdd2e076e6677d780ef07bdb13aa4c196ab75b39abcbcdcae2d4e5?s=96&d=mm&r=g","caption":"Karine Duval"},"url":"https:\/\/www.emballagedigest.fr\/en\/author\/admin_karduv\/"}]}},"_links":{"self":[{"href":"https:\/\/www.emballagedigest.fr\/en\/wp-json\/wp\/v2\/posts\/44042","targetHints":{"allow":["GET"]}}],"collection":[{"href":"https:\/\/www.emballagedigest.fr\/en\/wp-json\/wp\/v2\/posts"}],"about":[{"href":"https:\/\/www.emballagedigest.fr\/en\/wp-json\/wp\/v2\/types\/post"}],"author":[{"embeddable":true,"href":"https:\/\/www.emballagedigest.fr\/en\/wp-json\/wp\/v2\/users\/2"}],"replies":[{"embeddable":true,"href":"https:\/\/www.emballagedigest.fr\/en\/wp-json\/wp\/v2\/comments?post=44042"}],"version-history":[{"count":1,"href":"https:\/\/www.emballagedigest.fr\/en\/wp-json\/wp\/v2\/posts\/44042\/revisions"}],"predecessor-version":[{"id":44045,"href":"https:\/\/www.emballagedigest.fr\/en\/wp-json\/wp\/v2\/posts\/44042\/revisions\/44045"}],"wp:featuredmedia":[{"embeddable":true,"href":"https:\/\/www.emballagedigest.fr\/en\/wp-json\/wp\/v2\/media\/44044"}],"wp:attachment":[{"href":"https:\/\/www.emballagedigest.fr\/en\/wp-json\/wp\/v2\/media?parent=44042"}],"wp:term":[{"taxonomy":"category","embeddable":true,"href":"https:\/\/www.emballagedigest.fr\/en\/wp-json\/wp\/v2\/categories?post=44042"},{"taxonomy":"post_tag","embeddable":true,"href":"https:\/\/www.emballagedigest.fr\/en\/wp-json\/wp\/v2\/tags?post=44042"}],"curies":[{"name":"wp","href":"https:\/\/api.w.org\/{rel}","templated":true}]}}