{"id":44046,"date":"2025-04-01T08:53:30","date_gmt":"2025-04-01T06:53:30","guid":{"rendered":"https:\/\/www.emballagedigest.fr\/?p=44046"},"modified":"2025-04-01T08:53:32","modified_gmt":"2025-04-01T06:53:32","slug":"droits-de-douane-sur-les-plastiques-polyvia-et-les-transformateurs-francais-affichent-leur-opposition","status":"publish","type":"post","link":"https:\/\/www.emballagedigest.fr\/en\/droits-de-douane-sur-les-plastiques-polyvia-et-les-transformateurs-francais-affichent-leur-opposition\/","title":{"rendered":"Droits de douane sur les plastiques : Polyvia et les transformateurs fran\u00e7ais affichent leur opposition"},"content":{"rendered":"<p><strong>La Commission europ\u00e9enne a annonc\u00e9 des contre-mesures visant les importations am\u00e9ricaines en r\u00e9torsion aux nouveaux droits de douane d\u00e9cid\u00e9s par le Pr\u00e9sident Donald Trump.&nbsp;La mise en place de droits de douane sur plusieurs mati\u00e8res plastique venant des Etats-Unis est envisag\u00e9e par l&rsquo;Europe.&nbsp;Polyvia, l&rsquo;Union des transformateurs de polym\u00e8res, et EuPC, l&rsquo;association europ\u00e9enne repr\u00e9sentant la fili\u00e8re plasturgie, s&rsquo;opposent \u00e0 l&rsquo;inclusion des mati\u00e8res plastiques dans la liste de produits qui feront l&rsquo;objet des contre-mesures.&nbsp;<\/strong><\/p>\n\n\n\n<p>Polyvia, l&rsquo;Union des transformateurs de polym\u00e8res, et EuPC, l&rsquo;association europ\u00e9enne repr\u00e9sentant la fili\u00e8re plasturgie, tirent la sonnette d&rsquo;alarme et qualifient le projet de droit de douane sur les plastiques de menace directe pour l&rsquo;industrie europ\u00e9enne de transformation des mati\u00e8res plastiques.<\/p>\n\n\n\n<p>Paolo Bochicchio, directeur g\u00e9n\u00e9ral de EuPC d\u00e9clare \u00ab Ces droits de douane risquent de d\u00e9clencher une r\u00e9action en cha\u00eene de hausses de prix, de r\u00e9duction de la comp\u00e9titivit\u00e9 et de pertes d&#8217;emplois dans toute l&rsquo;UE. Ils pourraient s\u00e9rieusement compromettre les objectifs industriels et environnementaux de l&rsquo;Europe \u00bb.<\/p>\n\n\n\n<p>\u00ab L&rsquo;imposition de droits de douane sur les importations de polym\u00e8res am\u00e9ricains ne ferait pas qu&rsquo;augmenter le prix des mati\u00e8res premi\u00e8res am\u00e9ricaines, mais d\u00e9clencherait \u00e9galement une r\u00e9action en cha\u00eene. Cette mesure entra\u00eenerait une hausse significative des co\u00fbts dans l&rsquo;industrie de transformation des mati\u00e8res plastiques et, par ricochet, dans tous les secteurs d&rsquo;activit\u00e9s qui utilisent nos produits \u00bb, ajoute Xavier Chastel, directeur g\u00e9n\u00e9ral de Polyvia.<\/p>","protected":false},"excerpt":{"rendered":"<p>La Commission europ\u00e9enne a annonc\u00e9 des contre-mesures visant les importations am\u00e9ricaines en r\u00e9torsion aux nouveaux droits de douane d\u00e9cid\u00e9s par le Pr\u00e9sident Donald Trump.&nbsp;La mise en place de droits de douane sur plusieurs mati\u00e8res plastique venant des Etats-Unis est envisag\u00e9e par l&rsquo;Europe.&nbsp;Polyvia, l&rsquo;Union des transformateurs de polym\u00e8res, et EuPC, l&rsquo;association europ\u00e9enne repr\u00e9sentant la fili\u00e8re plasturgie, [&hellip;]<\/p>","protected":false},"author":2,"featured_media":44048,"comment_status":"closed","ping_status":"closed","sticky":false,"template":"","format":"standard","meta":{"_acf_changed":false,"inline_featured_image":false,"iawp_total_views":2,"footnotes":""},"categories":[28,10],"tags":[],"class_list":["post-44046","post","type-post","status-publish","format-standard","has-post-thumbnail","hentry","category-article-entier","category-materiaux"],"acf":[],"yoast_head":"<!-- This site is optimized with the Yoast SEO plugin v24.4 - https:\/\/yoast.com\/wordpress\/plugins\/seo\/ -->\n<title>Droits de douane sur les plastiques : Polyvia et les transformateurs fran\u00e7ais affichent leur opposition - Emballage Digest<\/title>\n<meta name=\"robots\" content=\"index, follow, max-snippet:-1, max-image-preview:large, max-video-preview:-1\" \/>\n<link rel=\"canonical\" href=\"https:\/\/www.emballagedigest.fr\/en\/droits-de-douane-sur-les-plastiques-polyvia-et-les-transformateurs-francais-affichent-leur-opposition\/\" \/>\n<meta property=\"og:locale\" content=\"en_GB\" \/>\n<meta property=\"og:type\" content=\"article\" \/>\n<meta property=\"og:title\" content=\"Droits de douane sur les plastiques : Polyvia et les transformateurs fran\u00e7ais affichent leur opposition - Emballage Digest\" \/>\n<meta property=\"og:description\" content=\"La Commission europ\u00e9enne a annonc\u00e9 des contre-mesures visant les importations am\u00e9ricaines en r\u00e9torsion aux nouveaux droits de douane d\u00e9cid\u00e9s par le Pr\u00e9sident Donald Trump.&nbsp;La mise en place de droits de douane sur plusieurs mati\u00e8res plastique venant des Etats-Unis est envisag\u00e9e par l&rsquo;Europe.&nbsp;Polyvia, l&rsquo;Union des transformateurs de polym\u00e8res, et EuPC, l&rsquo;association europ\u00e9enne repr\u00e9sentant la fili\u00e8re plasturgie, [&hellip;]\" \/>\n<meta property=\"og:url\" content=\"https:\/\/www.emballagedigest.fr\/en\/droits-de-douane-sur-les-plastiques-polyvia-et-les-transformateurs-francais-affichent-leur-opposition\/\" \/>\n<meta property=\"og:site_name\" content=\"Emballage Digest\" \/>\n<meta property=\"article:published_time\" content=\"2025-04-01T06:53:30+00:00\" \/>\n<meta property=\"article:modified_time\" content=\"2025-04-01T06:53:32+00:00\" \/>\n<meta property=\"og:image\" content=\"https:\/\/www.emballagedigest.fr\/wp-content\/uploads\/2025\/04\/douanes.jpg\" \/>\n\t<meta property=\"og:image:width\" content=\"800\" \/>\n\t<meta property=\"og:image:height\" content=\"533\" \/>\n\t<meta property=\"og:image:type\" content=\"image\/jpeg\" \/>\n<meta name=\"author\" content=\"Karine Duval\" \/>\n<meta name=\"twitter:card\" content=\"summary_large_image\" \/>\n<meta name=\"twitter:label1\" content=\"Written by\" \/>\n\t<meta name=\"twitter:data1\" content=\"Karine Duval\" \/>\n\t<meta name=\"twitter:label2\" content=\"Estimated reading time\" \/>\n\t<meta name=\"twitter:data2\" content=\"2 minutes\" \/>\n<script type=\"application\/ld+json\" class=\"yoast-schema-graph\">{\"@context\":\"https:\/\/schema.org\",\"@graph\":[{\"@type\":\"Article\",\"@id\":\"https:\/\/www.emballagedigest.fr\/droits-de-douane-sur-les-plastiques-polyvia-et-les-transformateurs-francais-affichent-leur-opposition\/#article\",\"isPartOf\":{\"@id\":\"https:\/\/www.emballagedigest.fr\/droits-de-douane-sur-les-plastiques-polyvia-et-les-transformateurs-francais-affichent-leur-opposition\/\"},\"author\":{\"name\":\"Karine Duval\",\"@id\":\"https:\/\/www.emballagedigest.fr\/#\/schema\/person\/76abe9f2b2ee4d3d520594c7a35da59f\"},\"headline\":\"Droits de douane sur les plastiques : Polyvia et les transformateurs fran\u00e7ais affichent leur opposition\",\"datePublished\":\"2025-04-01T06:53:30+00:00\",\"dateModified\":\"2025-04-01T06:53:32+00:00\",\"mainEntityOfPage\":{\"@id\":\"https:\/\/www.emballagedigest.fr\/droits-de-douane-sur-les-plastiques-polyvia-et-les-transformateurs-francais-affichent-leur-opposition\/\"},\"wordCount\":296,\"publisher\":{\"@id\":\"https:\/\/www.emballagedigest.fr\/#organization\"},\"image\":{\"@id\":\"https:\/\/www.emballagedigest.fr\/droits-de-douane-sur-les-plastiques-polyvia-et-les-transformateurs-francais-affichent-leur-opposition\/#primaryimage\"},\"thumbnailUrl\":\"https:\/\/www.emballagedigest.fr\/wp-content\/uploads\/2025\/04\/douanes.jpg\",\"articleSection\":[\"Article entier\",\"Mat\u00e9riaux\"],\"inLanguage\":\"en-GB\"},{\"@type\":\"WebPage\",\"@id\":\"https:\/\/www.emballagedigest.fr\/droits-de-douane-sur-les-plastiques-polyvia-et-les-transformateurs-francais-affichent-leur-opposition\/\",\"url\":\"https:\/\/www.emballagedigest.fr\/droits-de-douane-sur-les-plastiques-polyvia-et-les-transformateurs-francais-affichent-leur-opposition\/\",\"name\":\"Droits de douane sur les plastiques : Polyvia et les transformateurs fran\u00e7ais affichent leur opposition - Emballage Digest\",\"isPartOf\":{\"@id\":\"https:\/\/www.emballagedigest.fr\/#website\"},\"primaryImageOfPage\":{\"@id\":\"https:\/\/www.emballagedigest.fr\/droits-de-douane-sur-les-plastiques-polyvia-et-les-transformateurs-francais-affichent-leur-opposition\/#primaryimage\"},\"image\":{\"@id\":\"https:\/\/www.emballagedigest.fr\/droits-de-douane-sur-les-plastiques-polyvia-et-les-transformateurs-francais-affichent-leur-opposition\/#primaryimage\"},\"thumbnailUrl\":\"https:\/\/www.emballagedigest.fr\/wp-content\/uploads\/2025\/04\/douanes.jpg\",\"datePublished\":\"2025-04-01T06:53:30+00:00\",\"dateModified\":\"2025-04-01T06:53:32+00:00\",\"breadcrumb\":{\"@id\":\"https:\/\/www.emballagedigest.fr\/droits-de-douane-sur-les-plastiques-polyvia-et-les-transformateurs-francais-affichent-leur-opposition\/#breadcrumb\"},\"inLanguage\":\"en-GB\",\"potentialAction\":[{\"@type\":\"ReadAction\",\"target\":[\"https:\/\/www.emballagedigest.fr\/droits-de-douane-sur-les-plastiques-polyvia-et-les-transformateurs-francais-affichent-leur-opposition\/\"]}]},{\"@type\":\"ImageObject\",\"inLanguage\":\"en-GB\",\"@id\":\"https:\/\/www.emballagedigest.fr\/droits-de-douane-sur-les-plastiques-polyvia-et-les-transformateurs-francais-affichent-leur-opposition\/#primaryimage\",\"url\":\"https:\/\/www.emballagedigest.fr\/wp-content\/uploads\/2025\/04\/douanes.jpg\",\"contentUrl\":\"https:\/\/www.emballagedigest.fr\/wp-content\/uploads\/2025\/04\/douanes.jpg\",\"width\":800,\"height\":533},{\"@type\":\"BreadcrumbList\",\"@id\":\"https:\/\/www.emballagedigest.fr\/droits-de-douane-sur-les-plastiques-polyvia-et-les-transformateurs-francais-affichent-leur-opposition\/#breadcrumb\",\"itemListElement\":[{\"@type\":\"ListItem\",\"position\":1,\"name\":\"Accueil\",\"item\":\"https:\/\/www.emballagedigest.fr\/\"},{\"@type\":\"ListItem\",\"position\":2,\"name\":\"Droits de douane sur les plastiques : Polyvia et les transformateurs fran\u00e7ais affichent leur opposition\"}]},{\"@type\":\"WebSite\",\"@id\":\"https:\/\/www.emballagedigest.fr\/#website\",\"url\":\"https:\/\/www.emballagedigest.fr\/\",\"name\":\"Emballage Digest\",\"description\":\"Revue professionnelle sur les emballages\",\"publisher\":{\"@id\":\"https:\/\/www.emballagedigest.fr\/#organization\"},\"potentialAction\":[{\"@type\":\"SearchAction\",\"target\":{\"@type\":\"EntryPoint\",\"urlTemplate\":\"https:\/\/www.emballagedigest.fr\/?s={search_term_string}\"},\"query-input\":{\"@type\":\"PropertyValueSpecification\",\"valueRequired\":true,\"valueName\":\"search_term_string\"}}],\"inLanguage\":\"en-GB\"},{\"@type\":\"Organization\",\"@id\":\"https:\/\/www.emballagedigest.fr\/#organization\",\"name\":\"Emballage Digest\",\"url\":\"https:\/\/www.emballagedigest.fr\/\",\"logo\":{\"@type\":\"ImageObject\",\"inLanguage\":\"en-GB\",\"@id\":\"https:\/\/www.emballagedigest.fr\/#\/schema\/logo\/image\/\",\"url\":\"https:\/\/www.emballagedigest.fr\/wp-content\/uploads\/2022\/07\/logo-ed.png\",\"contentUrl\":\"https:\/\/www.emballagedigest.fr\/wp-content\/uploads\/2022\/07\/logo-ed.png\",\"width\":379,\"height\":75,\"caption\":\"Emballage Digest\"},\"image\":{\"@id\":\"https:\/\/www.emballagedigest.fr\/#\/schema\/logo\/image\/\"}},{\"@type\":\"Person\",\"@id\":\"https:\/\/www.emballagedigest.fr\/#\/schema\/person\/76abe9f2b2ee4d3d520594c7a35da59f\",\"name\":\"Karine Duval\",\"image\":{\"@type\":\"ImageObject\",\"inLanguage\":\"en-GB\",\"@id\":\"https:\/\/www.emballagedigest.fr\/#\/schema\/person\/image\/\",\"url\":\"https:\/\/secure.gravatar.com\/avatar\/f552799261cdd2e076e6677d780ef07bdb13aa4c196ab75b39abcbcdcae2d4e5?s=96&d=mm&r=g\",\"contentUrl\":\"https:\/\/secure.gravatar.com\/avatar\/f552799261cdd2e076e6677d780ef07bdb13aa4c196ab75b39abcbcdcae2d4e5?s=96&d=mm&r=g\",\"caption\":\"Karine Duval\"},\"url\":\"https:\/\/www.emballagedigest.fr\/en\/author\/admin_karduv\/\"}]}<\/script>\n<!-- \/ Yoast SEO plugin. -->","yoast_head_json":{"title":"Droits de douane sur les plastiques : Polyvia et les transformateurs fran\u00e7ais affichent leur opposition - Emballage Digest","robots":{"index":"index","follow":"follow","max-snippet":"max-snippet:-1","max-image-preview":"max-image-preview:large","max-video-preview":"max-video-preview:-1"},"canonical":"https:\/\/www.emballagedigest.fr\/en\/droits-de-douane-sur-les-plastiques-polyvia-et-les-transformateurs-francais-affichent-leur-opposition\/","og_locale":"en_GB","og_type":"article","og_title":"Droits de douane sur les plastiques : Polyvia et les transformateurs fran\u00e7ais affichent leur opposition - Emballage Digest","og_description":"La Commission europ\u00e9enne a annonc\u00e9 des contre-mesures visant les importations am\u00e9ricaines en r\u00e9torsion aux nouveaux droits de douane d\u00e9cid\u00e9s par le Pr\u00e9sident Donald Trump.&nbsp;La mise en place de droits de douane sur plusieurs mati\u00e8res plastique venant des Etats-Unis est envisag\u00e9e par l&rsquo;Europe.&nbsp;Polyvia, l&rsquo;Union des transformateurs de polym\u00e8res, et EuPC, l&rsquo;association europ\u00e9enne repr\u00e9sentant la fili\u00e8re plasturgie, [&hellip;]","og_url":"https:\/\/www.emballagedigest.fr\/en\/droits-de-douane-sur-les-plastiques-polyvia-et-les-transformateurs-francais-affichent-leur-opposition\/","og_site_name":"Emballage Digest","article_published_time":"2025-04-01T06:53:30+00:00","article_modified_time":"2025-04-01T06:53:32+00:00","og_image":[{"width":800,"height":533,"url":"https:\/\/www.emballagedigest.fr\/wp-content\/uploads\/2025\/04\/douanes.jpg","type":"image\/jpeg"}],"author":"Karine Duval","twitter_card":"summary_large_image","twitter_misc":{"Written by":"Karine Duval","Estimated reading time":"2 minutes"},"schema":{"@context":"https:\/\/schema.org","@graph":[{"@type":"Article","@id":"https:\/\/www.emballagedigest.fr\/droits-de-douane-sur-les-plastiques-polyvia-et-les-transformateurs-francais-affichent-leur-opposition\/#article","isPartOf":{"@id":"https:\/\/www.emballagedigest.fr\/droits-de-douane-sur-les-plastiques-polyvia-et-les-transformateurs-francais-affichent-leur-opposition\/"},"author":{"name":"Karine Duval","@id":"https:\/\/www.emballagedigest.fr\/#\/schema\/person\/76abe9f2b2ee4d3d520594c7a35da59f"},"headline":"Droits de douane sur les plastiques : Polyvia et les transformateurs fran\u00e7ais affichent leur opposition","datePublished":"2025-04-01T06:53:30+00:00","dateModified":"2025-04-01T06:53:32+00:00","mainEntityOfPage":{"@id":"https:\/\/www.emballagedigest.fr\/droits-de-douane-sur-les-plastiques-polyvia-et-les-transformateurs-francais-affichent-leur-opposition\/"},"wordCount":296,"publisher":{"@id":"https:\/\/www.emballagedigest.fr\/#organization"},"image":{"@id":"https:\/\/www.emballagedigest.fr\/droits-de-douane-sur-les-plastiques-polyvia-et-les-transformateurs-francais-affichent-leur-opposition\/#primaryimage"},"thumbnailUrl":"https:\/\/www.emballagedigest.fr\/wp-content\/uploads\/2025\/04\/douanes.jpg","articleSection":["Article entier","Mat\u00e9riaux"],"inLanguage":"en-GB"},{"@type":"WebPage","@id":"https:\/\/www.emballagedigest.fr\/droits-de-douane-sur-les-plastiques-polyvia-et-les-transformateurs-francais-affichent-leur-opposition\/","url":"https:\/\/www.emballagedigest.fr\/droits-de-douane-sur-les-plastiques-polyvia-et-les-transformateurs-francais-affichent-leur-opposition\/","name":"Droits de douane sur les plastiques : Polyvia et les transformateurs fran\u00e7ais affichent leur opposition - Emballage Digest","isPartOf":{"@id":"https:\/\/www.emballagedigest.fr\/#website"},"primaryImageOfPage":{"@id":"https:\/\/www.emballagedigest.fr\/droits-de-douane-sur-les-plastiques-polyvia-et-les-transformateurs-francais-affichent-leur-opposition\/#primaryimage"},"image":{"@id":"https:\/\/www.emballagedigest.fr\/droits-de-douane-sur-les-plastiques-polyvia-et-les-transformateurs-francais-affichent-leur-opposition\/#primaryimage"},"thumbnailUrl":"https:\/\/www.emballagedigest.fr\/wp-content\/uploads\/2025\/04\/douanes.jpg","datePublished":"2025-04-01T06:53:30+00:00","dateModified":"2025-04-01T06:53:32+00:00","breadcrumb":{"@id":"https:\/\/www.emballagedigest.fr\/droits-de-douane-sur-les-plastiques-polyvia-et-les-transformateurs-francais-affichent-leur-opposition\/#breadcrumb"},"inLanguage":"en-GB","potentialAction":[{"@type":"ReadAction","target":["https:\/\/www.emballagedigest.fr\/droits-de-douane-sur-les-plastiques-polyvia-et-les-transformateurs-francais-affichent-leur-opposition\/"]}]},{"@type":"ImageObject","inLanguage":"en-GB","@id":"https:\/\/www.emballagedigest.fr\/droits-de-douane-sur-les-plastiques-polyvia-et-les-transformateurs-francais-affichent-leur-opposition\/#primaryimage","url":"https:\/\/www.emballagedigest.fr\/wp-content\/uploads\/2025\/04\/douanes.jpg","contentUrl":"https:\/\/www.emballagedigest.fr\/wp-content\/uploads\/2025\/04\/douanes.jpg","width":800,"height":533},{"@type":"BreadcrumbList","@id":"https:\/\/www.emballagedigest.fr\/droits-de-douane-sur-les-plastiques-polyvia-et-les-transformateurs-francais-affichent-leur-opposition\/#breadcrumb","itemListElement":[{"@type":"ListItem","position":1,"name":"Accueil","item":"https:\/\/www.emballagedigest.fr\/"},{"@type":"ListItem","position":2,"name":"Droits de douane sur les plastiques : Polyvia et les transformateurs fran\u00e7ais affichent leur opposition"}]},{"@type":"WebSite","@id":"https:\/\/www.emballagedigest.fr\/#website","url":"https:\/\/www.emballagedigest.fr\/","name":"Emballage Digest","description":"Revue professionnelle sur les emballages","publisher":{"@id":"https:\/\/www.emballagedigest.fr\/#organization"},"potentialAction":[{"@type":"SearchAction","target":{"@type":"EntryPoint","urlTemplate":"https:\/\/www.emballagedigest.fr\/?s={search_term_string}"},"query-input":{"@type":"PropertyValueSpecification","valueRequired":true,"valueName":"search_term_string"}}],"inLanguage":"en-GB"},{"@type":"Organization","@id":"https:\/\/www.emballagedigest.fr\/#organization","name":"Emballage Digest","url":"https:\/\/www.emballagedigest.fr\/","logo":{"@type":"ImageObject","inLanguage":"en-GB","@id":"https:\/\/www.emballagedigest.fr\/#\/schema\/logo\/image\/","url":"https:\/\/www.emballagedigest.fr\/wp-content\/uploads\/2022\/07\/logo-ed.png","contentUrl":"https:\/\/www.emballagedigest.fr\/wp-content\/uploads\/2022\/07\/logo-ed.png","width":379,"height":75,"caption":"Emballage Digest"},"image":{"@id":"https:\/\/www.emballagedigest.fr\/#\/schema\/logo\/image\/"}},{"@type":"Person","@id":"https:\/\/www.emballagedigest.fr\/#\/schema\/person\/76abe9f2b2ee4d3d520594c7a35da59f","name":"Karine Duval","image":{"@type":"ImageObject","inLanguage":"en-GB","@id":"https:\/\/www.emballagedigest.fr\/#\/schema\/person\/image\/","url":"https:\/\/secure.gravatar.com\/avatar\/f552799261cdd2e076e6677d780ef07bdb13aa4c196ab75b39abcbcdcae2d4e5?s=96&d=mm&r=g","contentUrl":"https:\/\/secure.gravatar.com\/avatar\/f552799261cdd2e076e6677d780ef07bdb13aa4c196ab75b39abcbcdcae2d4e5?s=96&d=mm&r=g","caption":"Karine Duval"},"url":"https:\/\/www.emballagedigest.fr\/en\/author\/admin_karduv\/"}]}},"_links":{"self":[{"href":"https:\/\/www.emballagedigest.fr\/en\/wp-json\/wp\/v2\/posts\/44046","targetHints":{"allow":["GET"]}}],"collection":[{"href":"https:\/\/www.emballagedigest.fr\/en\/wp-json\/wp\/v2\/posts"}],"about":[{"href":"https:\/\/www.emballagedigest.fr\/en\/wp-json\/wp\/v2\/types\/post"}],"author":[{"embeddable":true,"href":"https:\/\/www.emballagedigest.fr\/en\/wp-json\/wp\/v2\/users\/2"}],"replies":[{"embeddable":true,"href":"https:\/\/www.emballagedigest.fr\/en\/wp-json\/wp\/v2\/comments?post=44046"}],"version-history":[{"count":2,"href":"https:\/\/www.emballagedigest.fr\/en\/wp-json\/wp\/v2\/posts\/44046\/revisions"}],"predecessor-version":[{"id":44051,"href":"https:\/\/www.emballagedigest.fr\/en\/wp-json\/wp\/v2\/posts\/44046\/revisions\/44051"}],"wp:featuredmedia":[{"embeddable":true,"href":"https:\/\/www.emballagedigest.fr\/en\/wp-json\/wp\/v2\/media\/44048"}],"wp:attachment":[{"href":"https:\/\/www.emballagedigest.fr\/en\/wp-json\/wp\/v2\/media?parent=44046"}],"wp:term":[{"taxonomy":"category","embeddable":true,"href":"https:\/\/www.emballagedigest.fr\/en\/wp-json\/wp\/v2\/categories?post=44046"},{"taxonomy":"post_tag","embeddable":true,"href":"https:\/\/www.emballagedigest.fr\/en\/wp-json\/wp\/v2\/tags?post=44046"}],"curies":[{"name":"wp","href":"https:\/\/api.w.org\/{rel}","templated":true}]}}