{"id":44097,"date":"2025-03-28T12:10:48","date_gmt":"2025-03-28T11:10:48","guid":{"rendered":"https:\/\/www.emballagedigest.fr\/?p=44097"},"modified":"2025-04-01T12:13:39","modified_gmt":"2025-04-01T10:13:39","slug":"valorisation-de-la-glassine-une-opportunite-ecoresponsable-pour-lindustrie","status":"publish","type":"post","link":"https:\/\/www.emballagedigest.fr\/en\/valorisation-de-la-glassine-une-opportunite-ecoresponsable-pour-lindustrie\/","title":{"rendered":"Valorisation de la glassine : une opportunit\u00e9 \u00e9coresponsable pour l\u2019industrie"},"content":{"rendered":"<p><strong>Par Hannah Berni\u00e8res, Responsable export et communication marketing, Alterval.<\/strong><\/p>\n\n\n\n<p>Chaque jour, la production industrielle continue de cro\u00eetre, entra\u00eenant avec elle une augmentation des d\u00e9chets \u00e0 g\u00e9rer. Le tri, la logistique et le recyclage, notamment des cartons et plastiques, sont d\u00e9sormais bien int\u00e9gr\u00e9s dans un cycle vertueux. Les entreprises ont pleinement compris les enjeux \u00e9conomiques et \u00e9cologiques associ\u00e9s \u00e0 ces processus. Elles investissent dans l\u2019am\u00e9lioration continue de la cha\u00eene de tri, optimisent le stockage et recherchent constamment des solutions pour am\u00e9liorer la productivit\u00e9 et les conditions de travail li\u00e9es \u00e0 ces postes. Cependant, le co\u00fbt de gestion des d\u00e9chets reste \u00e9lev\u00e9 : une tonne de d\u00e9chets industriels banals (DIB) peut atteindre jusqu\u2019\u00e0 180 \u20ac en frais d\u2019incin\u00e9ration ou d\u2019enfouissement.<br>En d\u00e9pit des efforts r\u00e9alis\u00e9s, un d\u00e9chet valorisable demeure souvent n\u00e9glig\u00e9 : la glassine. Ce papier silicon\u00e9, principalement utilis\u00e9 comme support pour les \u00e9tiquettes adh\u00e9sives, est produit \u00e0 hauteur de 70 000 tonnes par an en France et environ 500 000 tonnes en Europe. Malgr\u00e9 ces volumes consid\u00e9rables, 95% de ces d\u00e9chets finissent encore en incin\u00e9ration ou en enfouissement.<\/p>\n\n\n\n<p><strong>Qu\u2019est-ce que la glassine et o\u00f9 la trouve-t-on ?<\/strong><br>La glassine, parfois appel\u00e9e \u00ab papier silicon\u00e9 \u00bb, est le support sur lequel sont appos\u00e9es de nombreuses \u00e9tiquettes. Elle est omnipr\u00e9sente dans des secteurs vari\u00e9s tels que l\u2019agroalimentaire, l\u2019hygi\u00e8ne, la cosm\u00e9tique et la logistique. Le recyclage et la revalorisation de cette mati\u00e8re constituent une r\u00e9ponse pertinente pour limiter l\u2019impact environnemental de ces industries.<\/p>\n\n\n\n<p><strong>Une mati\u00e8re aux multiples fins de vie<\/strong><br>La glassine offre plusieurs possibilit\u00e9s de revalorisation \u00e9coresponsable en France, contribuant ainsi \u00e0 r\u00e9duire son impact environnemental tout en optimisant les co\u00fbts de traitement des d\u00e9chets. Elle peut \u00eatre transform\u00e9e en papier, utilisable pour de nouveaux emballages. Certaines technologies permettent aussi d\u2019extraire et de produire du plastique, une revalorisation qui participe \u00e0 la limitation de l\u2019utilisation de mati\u00e8res vierges et encourage l\u2019\u00e9conomie circulaire.<\/p>\n\n\n\n<p><strong>La ouate de cellulose : un exutoire prometteur<\/strong><br>La ouate de cellulose, fabriqu\u00e9e \u00e0 partir de papiers recycl\u00e9s, est un isolant biosourc\u00e9 utilis\u00e9 dans l\u2019isolation des combles et des murs. Compos\u00e9e \u00e0 90 % de mat\u00e9riaux recycl\u00e9s, elle pr\u00e9sente des avantages \u00e9cologiques importants car elle est enti\u00e8rement recyclable et stocke le CO<sub>2<\/sub> capt\u00e9 par le bois durant sa dur\u00e9e de vie.<br>En int\u00e9grant la glassine dans la fabrication de la ouate de cellulose, il est possible de cr\u00e9er un produit \u00e0 la fois durable et performant. La ouate est en effet appr\u00e9ci\u00e9e pour ses qualit\u00e9s thermique et acoustique, sa capacit\u00e9 d\u2019\u00e9tanch\u00e9it\u00e9 \u00e0 l\u2019air, et sa grande durabilit\u00e9.<br>Cette solution offre une alternative int\u00e9ressante \u00e0 la gestion des d\u00e9chets industriels tout en r\u00e9duisant l\u2019empreinte carbone des secteurs concern\u00e9s.<\/p>\n\n\n\n<p><strong>Une obligation et une opportunit\u00e9<\/strong><br>Le tri des d\u00e9chets est d\u00e9sormais une obligation r\u00e9glementaire, mais il s\u2019agit aussi d\u2019une d\u00e9marche strat\u00e9gique pour les entreprises. Recycler et valoriser ses d\u00e9chets permet non seulement de r\u00e9duire son impact environnemental, mais aussi d\u2019\u00e9viter la mise en d\u00e9charge des d\u00e9chets industriels banals (DIB). Cette approche permet de r\u00e9pondre aux attentes soci\u00e9tales et gouvernementales.<br>Opter pour une valorisation en circuit court, au sein d\u2019une entreprise locale, permet de transformer un d\u00e9chet en ressource et de participer activement \u00e0 l\u2019\u00e9conomie circulaire.<br>Des solutions de tri efficaces sont disponibles, comme l\u2019utilisation de bo\u00eetes en carton propos\u00e9es par les recycleurs de glassine. D\u2019autres options, telles que les compacteurs rotatifs, peuvent se r\u00e9v\u00e9ler \u00e9conomiquement avantageuses pour les producteurs de d\u00e9chets de glassine quotidiens. Ces machines permettent de cr\u00e9er des balles de 450 kg, qui sont accept\u00e9es par les valorisateurs du produit. Ce m\u00e9canisme simplifie le travail des collaborateurs, r\u00e9duit le volume de stockage et diminue le nombre de transports n\u00e9cessaires vers les centres de recyclage.<\/p>\n\n\n\n<p><strong>Vers un avenir plus vert<\/strong><br>Le recyclage de la glassine est un levier strat\u00e9gique pour une gestion plus durable des d\u00e9chets industriels. En choisissant des solutions de valorisation locales et \u00e9coresponsables, les entreprises s\u2019inscrivent dans une d\u00e9marche d\u2019\u00e9conomie circulaire et r\u00e9pondent aux exigences environnementales et soci\u00e9tales actuelles. Pour les industriels, transformer un d\u00e9chet en ressource est un pari gagnant, tant sur le plan \u00e9cologique qu\u2019\u00e9conomique.<\/p>","protected":false},"excerpt":{"rendered":"<p>Par Hannah Berni\u00e8res, Responsable export et communication marketing, Alterval. Chaque jour, la production industrielle continue de cro\u00eetre, entra\u00eenant avec elle une augmentation des d\u00e9chets \u00e0 g\u00e9rer. Le tri, la logistique et le recyclage, notamment des cartons et plastiques, sont d\u00e9sormais bien int\u00e9gr\u00e9s dans un cycle vertueux. Les entreprises ont pleinement compris les enjeux \u00e9conomiques et [&hellip;]<\/p>","protected":false},"author":2,"featured_media":44098,"comment_status":"closed","ping_status":"closed","sticky":false,"template":"","format":"standard","meta":{"_acf_changed":false,"inline_featured_image":false,"iawp_total_views":13,"footnotes":""},"categories":[28,26,10,81,65],"tags":[],"class_list":["post-44097","post","type-post","status-publish","format-standard","has-post-thumbnail","hentry","category-article-entier","category-laterale","category-materiaux","category-packaging","category-vu-dans-le-mag"],"acf":[],"yoast_head":"<!-- This site is optimized with the Yoast SEO plugin v24.4 - https:\/\/yoast.com\/wordpress\/plugins\/seo\/ -->\n<title>Valorisation de la glassine : une opportunit\u00e9 \u00e9coresponsable pour l\u2019industrie - Emballage Digest<\/title>\n<meta name=\"robots\" content=\"index, follow, max-snippet:-1, max-image-preview:large, max-video-preview:-1\" \/>\n<link rel=\"canonical\" href=\"https:\/\/www.emballagedigest.fr\/en\/valorisation-de-la-glassine-une-opportunite-ecoresponsable-pour-lindustrie\/\" \/>\n<meta property=\"og:locale\" content=\"en_GB\" \/>\n<meta property=\"og:type\" content=\"article\" \/>\n<meta property=\"og:title\" content=\"Valorisation de la glassine : une opportunit\u00e9 \u00e9coresponsable pour l\u2019industrie - Emballage Digest\" \/>\n<meta property=\"og:description\" content=\"Par Hannah Berni\u00e8res, Responsable export et communication marketing, Alterval. Chaque jour, la production industrielle continue de cro\u00eetre, entra\u00eenant avec elle une augmentation des d\u00e9chets \u00e0 g\u00e9rer. Le tri, la logistique et le recyclage, notamment des cartons et plastiques, sont d\u00e9sormais bien int\u00e9gr\u00e9s dans un cycle vertueux. Les entreprises ont pleinement compris les enjeux \u00e9conomiques et [&hellip;]\" \/>\n<meta property=\"og:url\" content=\"https:\/\/www.emballagedigest.fr\/en\/valorisation-de-la-glassine-une-opportunite-ecoresponsable-pour-lindustrie\/\" \/>\n<meta property=\"og:site_name\" content=\"Emballage Digest\" \/>\n<meta property=\"article:published_time\" content=\"2025-03-28T11:10:48+00:00\" \/>\n<meta property=\"article:modified_time\" content=\"2025-04-01T10:13:39+00:00\" \/>\n<meta property=\"og:image\" content=\"https:\/\/www.emballagedigest.fr\/wp-content\/uploads\/2025\/04\/Hannah.jpg\" \/>\n\t<meta property=\"og:image:width\" content=\"800\" \/>\n\t<meta property=\"og:image:height\" content=\"565\" \/>\n\t<meta property=\"og:image:type\" content=\"image\/jpeg\" \/>\n<meta name=\"author\" content=\"Karine Duval\" \/>\n<meta name=\"twitter:card\" content=\"summary_large_image\" \/>\n<meta name=\"twitter:label1\" content=\"Written by\" \/>\n\t<meta name=\"twitter:data1\" content=\"Karine Duval\" \/>\n\t<meta name=\"twitter:label2\" content=\"Estimated reading time\" \/>\n\t<meta name=\"twitter:data2\" content=\"4 minutes\" \/>\n<script type=\"application\/ld+json\" class=\"yoast-schema-graph\">{\"@context\":\"https:\/\/schema.org\",\"@graph\":[{\"@type\":\"Article\",\"@id\":\"https:\/\/www.emballagedigest.fr\/valorisation-de-la-glassine-une-opportunite-ecoresponsable-pour-lindustrie\/#article\",\"isPartOf\":{\"@id\":\"https:\/\/www.emballagedigest.fr\/valorisation-de-la-glassine-une-opportunite-ecoresponsable-pour-lindustrie\/\"},\"author\":{\"name\":\"Karine Duval\",\"@id\":\"https:\/\/www.emballagedigest.fr\/#\/schema\/person\/76abe9f2b2ee4d3d520594c7a35da59f\"},\"headline\":\"Valorisation de la glassine : une opportunit\u00e9 \u00e9coresponsable pour l\u2019industrie\",\"datePublished\":\"2025-03-28T11:10:48+00:00\",\"dateModified\":\"2025-04-01T10:13:39+00:00\",\"mainEntityOfPage\":{\"@id\":\"https:\/\/www.emballagedigest.fr\/valorisation-de-la-glassine-une-opportunite-ecoresponsable-pour-lindustrie\/\"},\"wordCount\":760,\"publisher\":{\"@id\":\"https:\/\/www.emballagedigest.fr\/#organization\"},\"image\":{\"@id\":\"https:\/\/www.emballagedigest.fr\/valorisation-de-la-glassine-une-opportunite-ecoresponsable-pour-lindustrie\/#primaryimage\"},\"thumbnailUrl\":\"https:\/\/www.emballagedigest.fr\/wp-content\/uploads\/2025\/04\/Hannah.jpg\",\"articleSection\":[\"Article entier\",\"Barre lat\u00e9rale\",\"Mat\u00e9riaux\",\"Packaging\",\"Vu dans le mag\"],\"inLanguage\":\"en-GB\"},{\"@type\":\"WebPage\",\"@id\":\"https:\/\/www.emballagedigest.fr\/valorisation-de-la-glassine-une-opportunite-ecoresponsable-pour-lindustrie\/\",\"url\":\"https:\/\/www.emballagedigest.fr\/valorisation-de-la-glassine-une-opportunite-ecoresponsable-pour-lindustrie\/\",\"name\":\"Valorisation de la glassine : une opportunit\u00e9 \u00e9coresponsable pour l\u2019industrie - Emballage Digest\",\"isPartOf\":{\"@id\":\"https:\/\/www.emballagedigest.fr\/#website\"},\"primaryImageOfPage\":{\"@id\":\"https:\/\/www.emballagedigest.fr\/valorisation-de-la-glassine-une-opportunite-ecoresponsable-pour-lindustrie\/#primaryimage\"},\"image\":{\"@id\":\"https:\/\/www.emballagedigest.fr\/valorisation-de-la-glassine-une-opportunite-ecoresponsable-pour-lindustrie\/#primaryimage\"},\"thumbnailUrl\":\"https:\/\/www.emballagedigest.fr\/wp-content\/uploads\/2025\/04\/Hannah.jpg\",\"datePublished\":\"2025-03-28T11:10:48+00:00\",\"dateModified\":\"2025-04-01T10:13:39+00:00\",\"breadcrumb\":{\"@id\":\"https:\/\/www.emballagedigest.fr\/valorisation-de-la-glassine-une-opportunite-ecoresponsable-pour-lindustrie\/#breadcrumb\"},\"inLanguage\":\"en-GB\",\"potentialAction\":[{\"@type\":\"ReadAction\",\"target\":[\"https:\/\/www.emballagedigest.fr\/valorisation-de-la-glassine-une-opportunite-ecoresponsable-pour-lindustrie\/\"]}]},{\"@type\":\"ImageObject\",\"inLanguage\":\"en-GB\",\"@id\":\"https:\/\/www.emballagedigest.fr\/valorisation-de-la-glassine-une-opportunite-ecoresponsable-pour-lindustrie\/#primaryimage\",\"url\":\"https:\/\/www.emballagedigest.fr\/wp-content\/uploads\/2025\/04\/Hannah.jpg\",\"contentUrl\":\"https:\/\/www.emballagedigest.fr\/wp-content\/uploads\/2025\/04\/Hannah.jpg\",\"width\":800,\"height\":565},{\"@type\":\"BreadcrumbList\",\"@id\":\"https:\/\/www.emballagedigest.fr\/valorisation-de-la-glassine-une-opportunite-ecoresponsable-pour-lindustrie\/#breadcrumb\",\"itemListElement\":[{\"@type\":\"ListItem\",\"position\":1,\"name\":\"Accueil\",\"item\":\"https:\/\/www.emballagedigest.fr\/\"},{\"@type\":\"ListItem\",\"position\":2,\"name\":\"Valorisation de la glassine : une opportunit\u00e9 \u00e9coresponsable pour l\u2019industrie\"}]},{\"@type\":\"WebSite\",\"@id\":\"https:\/\/www.emballagedigest.fr\/#website\",\"url\":\"https:\/\/www.emballagedigest.fr\/\",\"name\":\"Emballage Digest\",\"description\":\"Revue professionnelle sur les emballages\",\"publisher\":{\"@id\":\"https:\/\/www.emballagedigest.fr\/#organization\"},\"potentialAction\":[{\"@type\":\"SearchAction\",\"target\":{\"@type\":\"EntryPoint\",\"urlTemplate\":\"https:\/\/www.emballagedigest.fr\/?s={search_term_string}\"},\"query-input\":{\"@type\":\"PropertyValueSpecification\",\"valueRequired\":true,\"valueName\":\"search_term_string\"}}],\"inLanguage\":\"en-GB\"},{\"@type\":\"Organization\",\"@id\":\"https:\/\/www.emballagedigest.fr\/#organization\",\"name\":\"Emballage Digest\",\"url\":\"https:\/\/www.emballagedigest.fr\/\",\"logo\":{\"@type\":\"ImageObject\",\"inLanguage\":\"en-GB\",\"@id\":\"https:\/\/www.emballagedigest.fr\/#\/schema\/logo\/image\/\",\"url\":\"https:\/\/www.emballagedigest.fr\/wp-content\/uploads\/2022\/07\/logo-ed.png\",\"contentUrl\":\"https:\/\/www.emballagedigest.fr\/wp-content\/uploads\/2022\/07\/logo-ed.png\",\"width\":379,\"height\":75,\"caption\":\"Emballage Digest\"},\"image\":{\"@id\":\"https:\/\/www.emballagedigest.fr\/#\/schema\/logo\/image\/\"}},{\"@type\":\"Person\",\"@id\":\"https:\/\/www.emballagedigest.fr\/#\/schema\/person\/76abe9f2b2ee4d3d520594c7a35da59f\",\"name\":\"Karine Duval\",\"image\":{\"@type\":\"ImageObject\",\"inLanguage\":\"en-GB\",\"@id\":\"https:\/\/www.emballagedigest.fr\/#\/schema\/person\/image\/\",\"url\":\"https:\/\/secure.gravatar.com\/avatar\/f552799261cdd2e076e6677d780ef07bdb13aa4c196ab75b39abcbcdcae2d4e5?s=96&d=mm&r=g\",\"contentUrl\":\"https:\/\/secure.gravatar.com\/avatar\/f552799261cdd2e076e6677d780ef07bdb13aa4c196ab75b39abcbcdcae2d4e5?s=96&d=mm&r=g\",\"caption\":\"Karine Duval\"},\"url\":\"https:\/\/www.emballagedigest.fr\/en\/author\/admin_karduv\/\"}]}<\/script>\n<!-- \/ Yoast SEO plugin. -->","yoast_head_json":{"title":"Valorisation de la glassine : une opportunit\u00e9 \u00e9coresponsable pour l\u2019industrie - Emballage Digest","robots":{"index":"index","follow":"follow","max-snippet":"max-snippet:-1","max-image-preview":"max-image-preview:large","max-video-preview":"max-video-preview:-1"},"canonical":"https:\/\/www.emballagedigest.fr\/en\/valorisation-de-la-glassine-une-opportunite-ecoresponsable-pour-lindustrie\/","og_locale":"en_GB","og_type":"article","og_title":"Valorisation de la glassine : une opportunit\u00e9 \u00e9coresponsable pour l\u2019industrie - Emballage Digest","og_description":"Par Hannah Berni\u00e8res, Responsable export et communication marketing, Alterval. Chaque jour, la production industrielle continue de cro\u00eetre, entra\u00eenant avec elle une augmentation des d\u00e9chets \u00e0 g\u00e9rer. Le tri, la logistique et le recyclage, notamment des cartons et plastiques, sont d\u00e9sormais bien int\u00e9gr\u00e9s dans un cycle vertueux. Les entreprises ont pleinement compris les enjeux \u00e9conomiques et [&hellip;]","og_url":"https:\/\/www.emballagedigest.fr\/en\/valorisation-de-la-glassine-une-opportunite-ecoresponsable-pour-lindustrie\/","og_site_name":"Emballage Digest","article_published_time":"2025-03-28T11:10:48+00:00","article_modified_time":"2025-04-01T10:13:39+00:00","og_image":[{"width":800,"height":565,"url":"https:\/\/www.emballagedigest.fr\/wp-content\/uploads\/2025\/04\/Hannah.jpg","type":"image\/jpeg"}],"author":"Karine Duval","twitter_card":"summary_large_image","twitter_misc":{"Written by":"Karine Duval","Estimated reading time":"4 minutes"},"schema":{"@context":"https:\/\/schema.org","@graph":[{"@type":"Article","@id":"https:\/\/www.emballagedigest.fr\/valorisation-de-la-glassine-une-opportunite-ecoresponsable-pour-lindustrie\/#article","isPartOf":{"@id":"https:\/\/www.emballagedigest.fr\/valorisation-de-la-glassine-une-opportunite-ecoresponsable-pour-lindustrie\/"},"author":{"name":"Karine Duval","@id":"https:\/\/www.emballagedigest.fr\/#\/schema\/person\/76abe9f2b2ee4d3d520594c7a35da59f"},"headline":"Valorisation de la glassine : une opportunit\u00e9 \u00e9coresponsable pour l\u2019industrie","datePublished":"2025-03-28T11:10:48+00:00","dateModified":"2025-04-01T10:13:39+00:00","mainEntityOfPage":{"@id":"https:\/\/www.emballagedigest.fr\/valorisation-de-la-glassine-une-opportunite-ecoresponsable-pour-lindustrie\/"},"wordCount":760,"publisher":{"@id":"https:\/\/www.emballagedigest.fr\/#organization"},"image":{"@id":"https:\/\/www.emballagedigest.fr\/valorisation-de-la-glassine-une-opportunite-ecoresponsable-pour-lindustrie\/#primaryimage"},"thumbnailUrl":"https:\/\/www.emballagedigest.fr\/wp-content\/uploads\/2025\/04\/Hannah.jpg","articleSection":["Article entier","Barre lat\u00e9rale","Mat\u00e9riaux","Packaging","Vu dans le mag"],"inLanguage":"en-GB"},{"@type":"WebPage","@id":"https:\/\/www.emballagedigest.fr\/valorisation-de-la-glassine-une-opportunite-ecoresponsable-pour-lindustrie\/","url":"https:\/\/www.emballagedigest.fr\/valorisation-de-la-glassine-une-opportunite-ecoresponsable-pour-lindustrie\/","name":"Valorisation de la glassine : une opportunit\u00e9 \u00e9coresponsable pour l\u2019industrie - Emballage Digest","isPartOf":{"@id":"https:\/\/www.emballagedigest.fr\/#website"},"primaryImageOfPage":{"@id":"https:\/\/www.emballagedigest.fr\/valorisation-de-la-glassine-une-opportunite-ecoresponsable-pour-lindustrie\/#primaryimage"},"image":{"@id":"https:\/\/www.emballagedigest.fr\/valorisation-de-la-glassine-une-opportunite-ecoresponsable-pour-lindustrie\/#primaryimage"},"thumbnailUrl":"https:\/\/www.emballagedigest.fr\/wp-content\/uploads\/2025\/04\/Hannah.jpg","datePublished":"2025-03-28T11:10:48+00:00","dateModified":"2025-04-01T10:13:39+00:00","breadcrumb":{"@id":"https:\/\/www.emballagedigest.fr\/valorisation-de-la-glassine-une-opportunite-ecoresponsable-pour-lindustrie\/#breadcrumb"},"inLanguage":"en-GB","potentialAction":[{"@type":"ReadAction","target":["https:\/\/www.emballagedigest.fr\/valorisation-de-la-glassine-une-opportunite-ecoresponsable-pour-lindustrie\/"]}]},{"@type":"ImageObject","inLanguage":"en-GB","@id":"https:\/\/www.emballagedigest.fr\/valorisation-de-la-glassine-une-opportunite-ecoresponsable-pour-lindustrie\/#primaryimage","url":"https:\/\/www.emballagedigest.fr\/wp-content\/uploads\/2025\/04\/Hannah.jpg","contentUrl":"https:\/\/www.emballagedigest.fr\/wp-content\/uploads\/2025\/04\/Hannah.jpg","width":800,"height":565},{"@type":"BreadcrumbList","@id":"https:\/\/www.emballagedigest.fr\/valorisation-de-la-glassine-une-opportunite-ecoresponsable-pour-lindustrie\/#breadcrumb","itemListElement":[{"@type":"ListItem","position":1,"name":"Accueil","item":"https:\/\/www.emballagedigest.fr\/"},{"@type":"ListItem","position":2,"name":"Valorisation de la glassine : une opportunit\u00e9 \u00e9coresponsable pour l\u2019industrie"}]},{"@type":"WebSite","@id":"https:\/\/www.emballagedigest.fr\/#website","url":"https:\/\/www.emballagedigest.fr\/","name":"Emballage Digest","description":"Revue professionnelle sur les emballages","publisher":{"@id":"https:\/\/www.emballagedigest.fr\/#organization"},"potentialAction":[{"@type":"SearchAction","target":{"@type":"EntryPoint","urlTemplate":"https:\/\/www.emballagedigest.fr\/?s={search_term_string}"},"query-input":{"@type":"PropertyValueSpecification","valueRequired":true,"valueName":"search_term_string"}}],"inLanguage":"en-GB"},{"@type":"Organization","@id":"https:\/\/www.emballagedigest.fr\/#organization","name":"Emballage Digest","url":"https:\/\/www.emballagedigest.fr\/","logo":{"@type":"ImageObject","inLanguage":"en-GB","@id":"https:\/\/www.emballagedigest.fr\/#\/schema\/logo\/image\/","url":"https:\/\/www.emballagedigest.fr\/wp-content\/uploads\/2022\/07\/logo-ed.png","contentUrl":"https:\/\/www.emballagedigest.fr\/wp-content\/uploads\/2022\/07\/logo-ed.png","width":379,"height":75,"caption":"Emballage Digest"},"image":{"@id":"https:\/\/www.emballagedigest.fr\/#\/schema\/logo\/image\/"}},{"@type":"Person","@id":"https:\/\/www.emballagedigest.fr\/#\/schema\/person\/76abe9f2b2ee4d3d520594c7a35da59f","name":"Karine Duval","image":{"@type":"ImageObject","inLanguage":"en-GB","@id":"https:\/\/www.emballagedigest.fr\/#\/schema\/person\/image\/","url":"https:\/\/secure.gravatar.com\/avatar\/f552799261cdd2e076e6677d780ef07bdb13aa4c196ab75b39abcbcdcae2d4e5?s=96&d=mm&r=g","contentUrl":"https:\/\/secure.gravatar.com\/avatar\/f552799261cdd2e076e6677d780ef07bdb13aa4c196ab75b39abcbcdcae2d4e5?s=96&d=mm&r=g","caption":"Karine Duval"},"url":"https:\/\/www.emballagedigest.fr\/en\/author\/admin_karduv\/"}]}},"_links":{"self":[{"href":"https:\/\/www.emballagedigest.fr\/en\/wp-json\/wp\/v2\/posts\/44097","targetHints":{"allow":["GET"]}}],"collection":[{"href":"https:\/\/www.emballagedigest.fr\/en\/wp-json\/wp\/v2\/posts"}],"about":[{"href":"https:\/\/www.emballagedigest.fr\/en\/wp-json\/wp\/v2\/types\/post"}],"author":[{"embeddable":true,"href":"https:\/\/www.emballagedigest.fr\/en\/wp-json\/wp\/v2\/users\/2"}],"replies":[{"embeddable":true,"href":"https:\/\/www.emballagedigest.fr\/en\/wp-json\/wp\/v2\/comments?post=44097"}],"version-history":[{"count":1,"href":"https:\/\/www.emballagedigest.fr\/en\/wp-json\/wp\/v2\/posts\/44097\/revisions"}],"predecessor-version":[{"id":44099,"href":"https:\/\/www.emballagedigest.fr\/en\/wp-json\/wp\/v2\/posts\/44097\/revisions\/44099"}],"wp:featuredmedia":[{"embeddable":true,"href":"https:\/\/www.emballagedigest.fr\/en\/wp-json\/wp\/v2\/media\/44098"}],"wp:attachment":[{"href":"https:\/\/www.emballagedigest.fr\/en\/wp-json\/wp\/v2\/media?parent=44097"}],"wp:term":[{"taxonomy":"category","embeddable":true,"href":"https:\/\/www.emballagedigest.fr\/en\/wp-json\/wp\/v2\/categories?post=44097"},{"taxonomy":"post_tag","embeddable":true,"href":"https:\/\/www.emballagedigest.fr\/en\/wp-json\/wp\/v2\/tags?post=44097"}],"curies":[{"name":"wp","href":"https:\/\/api.w.org\/{rel}","templated":true}]}}