{"id":44103,"date":"2025-03-28T14:42:42","date_gmt":"2025-03-28T13:42:42","guid":{"rendered":"https:\/\/www.emballagedigest.fr\/?p=44103"},"modified":"2025-04-01T14:44:40","modified_gmt":"2025-04-01T12:44:40","slug":"ilpra-etablit-une-nouvelle-filiale-commerciale-en-france","status":"publish","type":"post","link":"https:\/\/www.emballagedigest.fr\/en\/ilpra-etablit-une-nouvelle-filiale-commerciale-en-france\/","title":{"rendered":"Ilpra \u00e9tablit une nouvelle filiale commerciale en France"},"content":{"rendered":"<p><strong>D\u00e9j\u00e0 pr\u00e9sent dans huit autres pays (Royaume-Uni, Emirats arabes unis, Arabie Saoudite, Inde, Russie, Cor\u00e9e du Sud, Espagne, B\u00e9n\u00e9lux), le groupe italien Ilpra (450 employ\u00e9s, CA de 65 M\u20ac) \u2013 qui f\u00eatera en 2025 ses 70 ans \u2013 annonce la cr\u00e9ation de sa nouvelle filiale commerciale, Ilpra France. <\/strong><\/p>\n\n\n\n<p>Bas\u00e9e dans l\u2019H\u00e9rault (34) et forte des droits de distribution exclusifs pour tous les produits Ilpra en France et DROM-COM, l\u2019entit\u00e9 aura pour mission de renforcer le positionnement du constructeur sur l\u2019Hexagone, en offrant une pr\u00e9sence locale plus r\u00e9active et accessible. \u00abNotre bureau pourra s\u2019appuyer sur un r\u00e9seau de cinq de techniciens d\u00e9j\u00e0 en service, l\u2019\u00e9quipe avait \u00e9t\u00e9 maintenue en France malgr\u00e9 la fermeture de la premi\u00e8re filiale en 2010\u00bb, explique Thomas Delemarle, pr\u00e9sident d\u2019Ilpra France. Le dirigeant, qui a fait ses armes dans l\u2019industrie au sein des groupes Sealed Air et Bostik, se montre ambitieux mais r\u00e9aliste\u00a0: \u00abaujourd\u2019hui, personne ne nous attend. Avec mon coassoci\u00e9, nous connaissons parfaitement l\u2019industrie agro-alimentaire et les mat\u00e9riaux, une expertise compl\u00e9mentaire pr\u00e9cieuse pour accompagner nos clients dans le choix de machines adapt\u00e9es \u00e0 leurs besoins\u00bb, explique-t-il. Objectif\u00a0: atteindre la barre symbolique des 5 M\u20ac d\u2019ici 2030, l\u2019ensemble des filiales du constructeur r\u00e9alisant 65% du chiffre d\u2019affaires du constructeur. Avec un portefeuille construit autour d\u2019une offre d\u2019operculeuses, de machines de remplissage et de scellage, de solutions de thermoformage, Ilpra France compte s\u00e9duire de petites et moyennes entreprises de l\u2019IAA (90% du business local) \u00e0 la recherche d\u2019\u00e9quipements au prix march\u00e9 et fiables. \u00abNotre autre force est d\u2019avoir un stock de machines d\u00e9j\u00e0 pr\u00eat, en dehors du moule. Ce qui permet de livrer rapidement mais aussi de rationaliser les pi\u00e8ces d\u00e9tach\u00e9es\u00bb, ajoute Thomas Delemarle.<\/p>","protected":false},"excerpt":{"rendered":"<p>D\u00e9j\u00e0 pr\u00e9sent dans huit autres pays (Royaume-Uni, Emirats arabes unis, Arabie Saoudite, Inde, Russie, Cor\u00e9e du Sud, Espagne, B\u00e9n\u00e9lux), le groupe italien Ilpra (450 employ\u00e9s, CA de 65 M\u20ac) \u2013 qui f\u00eatera en 2025 ses 70 ans \u2013 annonce la cr\u00e9ation de sa nouvelle filiale commerciale, Ilpra France. Bas\u00e9e dans l\u2019H\u00e9rault (34) et forte des [&hellip;]<\/p>","protected":false},"author":2,"featured_media":44104,"comment_status":"closed","ping_status":"closed","sticky":false,"template":"","format":"standard","meta":{"_acf_changed":false,"inline_featured_image":false,"iawp_total_views":8,"footnotes":""},"categories":[28,26,9,65],"tags":[],"class_list":["post-44103","post","type-post","status-publish","format-standard","has-post-thumbnail","hentry","category-article-entier","category-laterale","category-materiel","category-vu-dans-le-mag"],"acf":[],"yoast_head":"<!-- This site is optimized with the Yoast SEO plugin v24.4 - https:\/\/yoast.com\/wordpress\/plugins\/seo\/ -->\n<title>Ilpra \u00e9tablit une nouvelle filiale commerciale en France - Emballage Digest<\/title>\n<meta name=\"robots\" content=\"index, follow, max-snippet:-1, max-image-preview:large, max-video-preview:-1\" \/>\n<link rel=\"canonical\" href=\"https:\/\/www.emballagedigest.fr\/en\/ilpra-etablit-une-nouvelle-filiale-commerciale-en-france\/\" \/>\n<meta property=\"og:locale\" content=\"en_GB\" \/>\n<meta property=\"og:type\" content=\"article\" \/>\n<meta property=\"og:title\" content=\"Ilpra \u00e9tablit une nouvelle filiale commerciale en France - Emballage Digest\" \/>\n<meta property=\"og:description\" content=\"D\u00e9j\u00e0 pr\u00e9sent dans huit autres pays (Royaume-Uni, Emirats arabes unis, Arabie Saoudite, Inde, Russie, Cor\u00e9e du Sud, Espagne, B\u00e9n\u00e9lux), le groupe italien Ilpra (450 employ\u00e9s, CA de 65 M\u20ac) \u2013 qui f\u00eatera en 2025 ses 70 ans \u2013 annonce la cr\u00e9ation de sa nouvelle filiale commerciale, Ilpra France. Bas\u00e9e dans l\u2019H\u00e9rault (34) et forte des [&hellip;]\" \/>\n<meta property=\"og:url\" content=\"https:\/\/www.emballagedigest.fr\/en\/ilpra-etablit-une-nouvelle-filiale-commerciale-en-france\/\" \/>\n<meta property=\"og:site_name\" content=\"Emballage Digest\" \/>\n<meta property=\"article:published_time\" content=\"2025-03-28T13:42:42+00:00\" \/>\n<meta property=\"article:modified_time\" content=\"2025-04-01T12:44:40+00:00\" \/>\n<meta property=\"og:image\" content=\"https:\/\/www.emballagedigest.fr\/wp-content\/uploads\/2025\/04\/Ilpra.jpg\" \/>\n\t<meta property=\"og:image:width\" content=\"800\" \/>\n\t<meta property=\"og:image:height\" content=\"600\" \/>\n\t<meta property=\"og:image:type\" content=\"image\/jpeg\" \/>\n<meta name=\"author\" content=\"Karine Duval\" \/>\n<meta name=\"twitter:card\" content=\"summary_large_image\" \/>\n<meta name=\"twitter:label1\" content=\"Written by\" \/>\n\t<meta name=\"twitter:data1\" content=\"Karine Duval\" \/>\n\t<meta name=\"twitter:label2\" content=\"Estimated reading time\" \/>\n\t<meta name=\"twitter:data2\" content=\"2 minutes\" \/>\n<script type=\"application\/ld+json\" class=\"yoast-schema-graph\">{\"@context\":\"https:\/\/schema.org\",\"@graph\":[{\"@type\":\"Article\",\"@id\":\"https:\/\/www.emballagedigest.fr\/ilpra-etablit-une-nouvelle-filiale-commerciale-en-france\/#article\",\"isPartOf\":{\"@id\":\"https:\/\/www.emballagedigest.fr\/ilpra-etablit-une-nouvelle-filiale-commerciale-en-france\/\"},\"author\":{\"name\":\"Karine Duval\",\"@id\":\"https:\/\/www.emballagedigest.fr\/#\/schema\/person\/76abe9f2b2ee4d3d520594c7a35da59f\"},\"headline\":\"Ilpra \u00e9tablit une nouvelle filiale commerciale en France\",\"datePublished\":\"2025-03-28T13:42:42+00:00\",\"dateModified\":\"2025-04-01T12:44:40+00:00\",\"mainEntityOfPage\":{\"@id\":\"https:\/\/www.emballagedigest.fr\/ilpra-etablit-une-nouvelle-filiale-commerciale-en-france\/\"},\"wordCount\":315,\"publisher\":{\"@id\":\"https:\/\/www.emballagedigest.fr\/#organization\"},\"image\":{\"@id\":\"https:\/\/www.emballagedigest.fr\/ilpra-etablit-une-nouvelle-filiale-commerciale-en-france\/#primaryimage\"},\"thumbnailUrl\":\"https:\/\/www.emballagedigest.fr\/wp-content\/uploads\/2025\/04\/Ilpra.jpg\",\"articleSection\":[\"Article entier\",\"Barre lat\u00e9rale\",\"Mat\u00e9riel\",\"Vu dans le mag\"],\"inLanguage\":\"en-GB\"},{\"@type\":\"WebPage\",\"@id\":\"https:\/\/www.emballagedigest.fr\/ilpra-etablit-une-nouvelle-filiale-commerciale-en-france\/\",\"url\":\"https:\/\/www.emballagedigest.fr\/ilpra-etablit-une-nouvelle-filiale-commerciale-en-france\/\",\"name\":\"Ilpra \u00e9tablit une nouvelle filiale commerciale en France - Emballage Digest\",\"isPartOf\":{\"@id\":\"https:\/\/www.emballagedigest.fr\/#website\"},\"primaryImageOfPage\":{\"@id\":\"https:\/\/www.emballagedigest.fr\/ilpra-etablit-une-nouvelle-filiale-commerciale-en-france\/#primaryimage\"},\"image\":{\"@id\":\"https:\/\/www.emballagedigest.fr\/ilpra-etablit-une-nouvelle-filiale-commerciale-en-france\/#primaryimage\"},\"thumbnailUrl\":\"https:\/\/www.emballagedigest.fr\/wp-content\/uploads\/2025\/04\/Ilpra.jpg\",\"datePublished\":\"2025-03-28T13:42:42+00:00\",\"dateModified\":\"2025-04-01T12:44:40+00:00\",\"breadcrumb\":{\"@id\":\"https:\/\/www.emballagedigest.fr\/ilpra-etablit-une-nouvelle-filiale-commerciale-en-france\/#breadcrumb\"},\"inLanguage\":\"en-GB\",\"potentialAction\":[{\"@type\":\"ReadAction\",\"target\":[\"https:\/\/www.emballagedigest.fr\/ilpra-etablit-une-nouvelle-filiale-commerciale-en-france\/\"]}]},{\"@type\":\"ImageObject\",\"inLanguage\":\"en-GB\",\"@id\":\"https:\/\/www.emballagedigest.fr\/ilpra-etablit-une-nouvelle-filiale-commerciale-en-france\/#primaryimage\",\"url\":\"https:\/\/www.emballagedigest.fr\/wp-content\/uploads\/2025\/04\/Ilpra.jpg\",\"contentUrl\":\"https:\/\/www.emballagedigest.fr\/wp-content\/uploads\/2025\/04\/Ilpra.jpg\",\"width\":800,\"height\":600},{\"@type\":\"BreadcrumbList\",\"@id\":\"https:\/\/www.emballagedigest.fr\/ilpra-etablit-une-nouvelle-filiale-commerciale-en-france\/#breadcrumb\",\"itemListElement\":[{\"@type\":\"ListItem\",\"position\":1,\"name\":\"Accueil\",\"item\":\"https:\/\/www.emballagedigest.fr\/\"},{\"@type\":\"ListItem\",\"position\":2,\"name\":\"Ilpra \u00e9tablit une nouvelle filiale commerciale en France\"}]},{\"@type\":\"WebSite\",\"@id\":\"https:\/\/www.emballagedigest.fr\/#website\",\"url\":\"https:\/\/www.emballagedigest.fr\/\",\"name\":\"Emballage Digest\",\"description\":\"Revue professionnelle sur les emballages\",\"publisher\":{\"@id\":\"https:\/\/www.emballagedigest.fr\/#organization\"},\"potentialAction\":[{\"@type\":\"SearchAction\",\"target\":{\"@type\":\"EntryPoint\",\"urlTemplate\":\"https:\/\/www.emballagedigest.fr\/?s={search_term_string}\"},\"query-input\":{\"@type\":\"PropertyValueSpecification\",\"valueRequired\":true,\"valueName\":\"search_term_string\"}}],\"inLanguage\":\"en-GB\"},{\"@type\":\"Organization\",\"@id\":\"https:\/\/www.emballagedigest.fr\/#organization\",\"name\":\"Emballage Digest\",\"url\":\"https:\/\/www.emballagedigest.fr\/\",\"logo\":{\"@type\":\"ImageObject\",\"inLanguage\":\"en-GB\",\"@id\":\"https:\/\/www.emballagedigest.fr\/#\/schema\/logo\/image\/\",\"url\":\"https:\/\/www.emballagedigest.fr\/wp-content\/uploads\/2022\/07\/logo-ed.png\",\"contentUrl\":\"https:\/\/www.emballagedigest.fr\/wp-content\/uploads\/2022\/07\/logo-ed.png\",\"width\":379,\"height\":75,\"caption\":\"Emballage Digest\"},\"image\":{\"@id\":\"https:\/\/www.emballagedigest.fr\/#\/schema\/logo\/image\/\"}},{\"@type\":\"Person\",\"@id\":\"https:\/\/www.emballagedigest.fr\/#\/schema\/person\/76abe9f2b2ee4d3d520594c7a35da59f\",\"name\":\"Karine Duval\",\"image\":{\"@type\":\"ImageObject\",\"inLanguage\":\"en-GB\",\"@id\":\"https:\/\/www.emballagedigest.fr\/#\/schema\/person\/image\/\",\"url\":\"https:\/\/secure.gravatar.com\/avatar\/f552799261cdd2e076e6677d780ef07bdb13aa4c196ab75b39abcbcdcae2d4e5?s=96&d=mm&r=g\",\"contentUrl\":\"https:\/\/secure.gravatar.com\/avatar\/f552799261cdd2e076e6677d780ef07bdb13aa4c196ab75b39abcbcdcae2d4e5?s=96&d=mm&r=g\",\"caption\":\"Karine Duval\"},\"url\":\"https:\/\/www.emballagedigest.fr\/en\/author\/admin_karduv\/\"}]}<\/script>\n<!-- \/ Yoast SEO plugin. -->","yoast_head_json":{"title":"Ilpra \u00e9tablit une nouvelle filiale commerciale en France - Emballage Digest","robots":{"index":"index","follow":"follow","max-snippet":"max-snippet:-1","max-image-preview":"max-image-preview:large","max-video-preview":"max-video-preview:-1"},"canonical":"https:\/\/www.emballagedigest.fr\/en\/ilpra-etablit-une-nouvelle-filiale-commerciale-en-france\/","og_locale":"en_GB","og_type":"article","og_title":"Ilpra \u00e9tablit une nouvelle filiale commerciale en France - Emballage Digest","og_description":"D\u00e9j\u00e0 pr\u00e9sent dans huit autres pays (Royaume-Uni, Emirats arabes unis, Arabie Saoudite, Inde, Russie, Cor\u00e9e du Sud, Espagne, B\u00e9n\u00e9lux), le groupe italien Ilpra (450 employ\u00e9s, CA de 65 M\u20ac) \u2013 qui f\u00eatera en 2025 ses 70 ans \u2013 annonce la cr\u00e9ation de sa nouvelle filiale commerciale, Ilpra France. Bas\u00e9e dans l\u2019H\u00e9rault (34) et forte des [&hellip;]","og_url":"https:\/\/www.emballagedigest.fr\/en\/ilpra-etablit-une-nouvelle-filiale-commerciale-en-france\/","og_site_name":"Emballage Digest","article_published_time":"2025-03-28T13:42:42+00:00","article_modified_time":"2025-04-01T12:44:40+00:00","og_image":[{"width":800,"height":600,"url":"https:\/\/www.emballagedigest.fr\/wp-content\/uploads\/2025\/04\/Ilpra.jpg","type":"image\/jpeg"}],"author":"Karine Duval","twitter_card":"summary_large_image","twitter_misc":{"Written by":"Karine Duval","Estimated reading time":"2 minutes"},"schema":{"@context":"https:\/\/schema.org","@graph":[{"@type":"Article","@id":"https:\/\/www.emballagedigest.fr\/ilpra-etablit-une-nouvelle-filiale-commerciale-en-france\/#article","isPartOf":{"@id":"https:\/\/www.emballagedigest.fr\/ilpra-etablit-une-nouvelle-filiale-commerciale-en-france\/"},"author":{"name":"Karine Duval","@id":"https:\/\/www.emballagedigest.fr\/#\/schema\/person\/76abe9f2b2ee4d3d520594c7a35da59f"},"headline":"Ilpra \u00e9tablit une nouvelle filiale commerciale en France","datePublished":"2025-03-28T13:42:42+00:00","dateModified":"2025-04-01T12:44:40+00:00","mainEntityOfPage":{"@id":"https:\/\/www.emballagedigest.fr\/ilpra-etablit-une-nouvelle-filiale-commerciale-en-france\/"},"wordCount":315,"publisher":{"@id":"https:\/\/www.emballagedigest.fr\/#organization"},"image":{"@id":"https:\/\/www.emballagedigest.fr\/ilpra-etablit-une-nouvelle-filiale-commerciale-en-france\/#primaryimage"},"thumbnailUrl":"https:\/\/www.emballagedigest.fr\/wp-content\/uploads\/2025\/04\/Ilpra.jpg","articleSection":["Article entier","Barre lat\u00e9rale","Mat\u00e9riel","Vu dans le mag"],"inLanguage":"en-GB"},{"@type":"WebPage","@id":"https:\/\/www.emballagedigest.fr\/ilpra-etablit-une-nouvelle-filiale-commerciale-en-france\/","url":"https:\/\/www.emballagedigest.fr\/ilpra-etablit-une-nouvelle-filiale-commerciale-en-france\/","name":"Ilpra \u00e9tablit une nouvelle filiale commerciale en France - Emballage Digest","isPartOf":{"@id":"https:\/\/www.emballagedigest.fr\/#website"},"primaryImageOfPage":{"@id":"https:\/\/www.emballagedigest.fr\/ilpra-etablit-une-nouvelle-filiale-commerciale-en-france\/#primaryimage"},"image":{"@id":"https:\/\/www.emballagedigest.fr\/ilpra-etablit-une-nouvelle-filiale-commerciale-en-france\/#primaryimage"},"thumbnailUrl":"https:\/\/www.emballagedigest.fr\/wp-content\/uploads\/2025\/04\/Ilpra.jpg","datePublished":"2025-03-28T13:42:42+00:00","dateModified":"2025-04-01T12:44:40+00:00","breadcrumb":{"@id":"https:\/\/www.emballagedigest.fr\/ilpra-etablit-une-nouvelle-filiale-commerciale-en-france\/#breadcrumb"},"inLanguage":"en-GB","potentialAction":[{"@type":"ReadAction","target":["https:\/\/www.emballagedigest.fr\/ilpra-etablit-une-nouvelle-filiale-commerciale-en-france\/"]}]},{"@type":"ImageObject","inLanguage":"en-GB","@id":"https:\/\/www.emballagedigest.fr\/ilpra-etablit-une-nouvelle-filiale-commerciale-en-france\/#primaryimage","url":"https:\/\/www.emballagedigest.fr\/wp-content\/uploads\/2025\/04\/Ilpra.jpg","contentUrl":"https:\/\/www.emballagedigest.fr\/wp-content\/uploads\/2025\/04\/Ilpra.jpg","width":800,"height":600},{"@type":"BreadcrumbList","@id":"https:\/\/www.emballagedigest.fr\/ilpra-etablit-une-nouvelle-filiale-commerciale-en-france\/#breadcrumb","itemListElement":[{"@type":"ListItem","position":1,"name":"Accueil","item":"https:\/\/www.emballagedigest.fr\/"},{"@type":"ListItem","position":2,"name":"Ilpra \u00e9tablit une nouvelle filiale commerciale en France"}]},{"@type":"WebSite","@id":"https:\/\/www.emballagedigest.fr\/#website","url":"https:\/\/www.emballagedigest.fr\/","name":"Emballage Digest","description":"Revue professionnelle sur les emballages","publisher":{"@id":"https:\/\/www.emballagedigest.fr\/#organization"},"potentialAction":[{"@type":"SearchAction","target":{"@type":"EntryPoint","urlTemplate":"https:\/\/www.emballagedigest.fr\/?s={search_term_string}"},"query-input":{"@type":"PropertyValueSpecification","valueRequired":true,"valueName":"search_term_string"}}],"inLanguage":"en-GB"},{"@type":"Organization","@id":"https:\/\/www.emballagedigest.fr\/#organization","name":"Emballage Digest","url":"https:\/\/www.emballagedigest.fr\/","logo":{"@type":"ImageObject","inLanguage":"en-GB","@id":"https:\/\/www.emballagedigest.fr\/#\/schema\/logo\/image\/","url":"https:\/\/www.emballagedigest.fr\/wp-content\/uploads\/2022\/07\/logo-ed.png","contentUrl":"https:\/\/www.emballagedigest.fr\/wp-content\/uploads\/2022\/07\/logo-ed.png","width":379,"height":75,"caption":"Emballage Digest"},"image":{"@id":"https:\/\/www.emballagedigest.fr\/#\/schema\/logo\/image\/"}},{"@type":"Person","@id":"https:\/\/www.emballagedigest.fr\/#\/schema\/person\/76abe9f2b2ee4d3d520594c7a35da59f","name":"Karine Duval","image":{"@type":"ImageObject","inLanguage":"en-GB","@id":"https:\/\/www.emballagedigest.fr\/#\/schema\/person\/image\/","url":"https:\/\/secure.gravatar.com\/avatar\/f552799261cdd2e076e6677d780ef07bdb13aa4c196ab75b39abcbcdcae2d4e5?s=96&d=mm&r=g","contentUrl":"https:\/\/secure.gravatar.com\/avatar\/f552799261cdd2e076e6677d780ef07bdb13aa4c196ab75b39abcbcdcae2d4e5?s=96&d=mm&r=g","caption":"Karine Duval"},"url":"https:\/\/www.emballagedigest.fr\/en\/author\/admin_karduv\/"}]}},"_links":{"self":[{"href":"https:\/\/www.emballagedigest.fr\/en\/wp-json\/wp\/v2\/posts\/44103","targetHints":{"allow":["GET"]}}],"collection":[{"href":"https:\/\/www.emballagedigest.fr\/en\/wp-json\/wp\/v2\/posts"}],"about":[{"href":"https:\/\/www.emballagedigest.fr\/en\/wp-json\/wp\/v2\/types\/post"}],"author":[{"embeddable":true,"href":"https:\/\/www.emballagedigest.fr\/en\/wp-json\/wp\/v2\/users\/2"}],"replies":[{"embeddable":true,"href":"https:\/\/www.emballagedigest.fr\/en\/wp-json\/wp\/v2\/comments?post=44103"}],"version-history":[{"count":1,"href":"https:\/\/www.emballagedigest.fr\/en\/wp-json\/wp\/v2\/posts\/44103\/revisions"}],"predecessor-version":[{"id":44105,"href":"https:\/\/www.emballagedigest.fr\/en\/wp-json\/wp\/v2\/posts\/44103\/revisions\/44105"}],"wp:featuredmedia":[{"embeddable":true,"href":"https:\/\/www.emballagedigest.fr\/en\/wp-json\/wp\/v2\/media\/44104"}],"wp:attachment":[{"href":"https:\/\/www.emballagedigest.fr\/en\/wp-json\/wp\/v2\/media?parent=44103"}],"wp:term":[{"taxonomy":"category","embeddable":true,"href":"https:\/\/www.emballagedigest.fr\/en\/wp-json\/wp\/v2\/categories?post=44103"},{"taxonomy":"post_tag","embeddable":true,"href":"https:\/\/www.emballagedigest.fr\/en\/wp-json\/wp\/v2\/tags?post=44103"}],"curies":[{"name":"wp","href":"https:\/\/api.w.org\/{rel}","templated":true}]}}