{"id":44114,"date":"2025-03-28T14:49:08","date_gmt":"2025-03-28T13:49:08","guid":{"rendered":"https:\/\/www.emballagedigest.fr\/?p=44114"},"modified":"2025-04-01T14:50:49","modified_gmt":"2025-04-01T12:50:49","slug":"novexx-et-logopak-se-renforcent-dans-le-marquage-industriel","status":"publish","type":"post","link":"https:\/\/www.emballagedigest.fr\/en\/novexx-et-logopak-se-renforcent-dans-le-marquage-industriel\/","title":{"rendered":"Novexx et Logopak se renforcent dans le marquage industriel"},"content":{"rendered":"<p><strong>Novexx Solutions France et Logopak pr\u00e9sentaient sur leurs stands respectifs au salon CFIA Rennes leur nouvelle gamme de produits de marquage industriel. <\/strong><\/p>\n\n\n\n<p>Par leur int\u00e9gration \u00e0 la business unit Possehl Identification Solutions (PID) France, les deux fabricants int\u00e8grent dans leur portefeuille produits les imprimantes jet d\u2019encre CIJ (Continuous Inkjet) de Leibinger. La technologie CIJ est r\u00e9put\u00e9e pour ses performances en termes de pr\u00e9cision, fiabilit\u00e9, et flexibilit\u00e9. Avec le co\u00fbt total de possession (TCO) le plus bas du march\u00e9, les imprimantes industrielles Leibinger offrent une solution durable et comp\u00e9titive aux entreprises industrielles de tous secteurs. Le syst\u00e8me brevet\u00e9 de t\u00eate d\u2019impression autonettoyante de Leibinger garantit une impression sans interruption et des marquages nets et durables. Les clients peuvent b\u00e9n\u00e9ficier d\u2019une solution optimis\u00e9e pour am\u00e9liorer leur productivit\u00e9 et r\u00e9duire les co\u00fbts li\u00e9s au marquage et au codage industriel.<\/p>","protected":false},"excerpt":{"rendered":"<p>Novexx Solutions France et Logopak pr\u00e9sentaient sur leurs stands respectifs au salon CFIA Rennes leur nouvelle gamme de produits de marquage industriel. Par leur int\u00e9gration \u00e0 la business unit Possehl Identification Solutions (PID) France, les deux fabricants int\u00e8grent dans leur portefeuille produits les imprimantes jet d\u2019encre CIJ (Continuous Inkjet) de Leibinger. La technologie CIJ est [&hellip;]<\/p>","protected":false},"author":2,"featured_media":44115,"comment_status":"closed","ping_status":"closed","sticky":false,"template":"","format":"standard","meta":{"_acf_changed":false,"inline_featured_image":false,"iawp_total_views":0,"footnotes":""},"categories":[28,26,9,65],"tags":[],"class_list":["post-44114","post","type-post","status-publish","format-standard","has-post-thumbnail","hentry","category-article-entier","category-laterale","category-materiel","category-vu-dans-le-mag"],"acf":[],"yoast_head":"<!-- This site is optimized with the Yoast SEO plugin v24.4 - https:\/\/yoast.com\/wordpress\/plugins\/seo\/ -->\n<title>Novexx et Logopak se renforcent dans le marquage industriel - Emballage Digest<\/title>\n<meta name=\"robots\" content=\"index, follow, max-snippet:-1, max-image-preview:large, max-video-preview:-1\" \/>\n<link rel=\"canonical\" href=\"https:\/\/www.emballagedigest.fr\/en\/novexx-et-logopak-se-renforcent-dans-le-marquage-industriel\/\" \/>\n<meta property=\"og:locale\" content=\"en_GB\" \/>\n<meta property=\"og:type\" content=\"article\" \/>\n<meta property=\"og:title\" content=\"Novexx et Logopak se renforcent dans le marquage industriel - Emballage Digest\" \/>\n<meta property=\"og:description\" content=\"Novexx Solutions France et Logopak pr\u00e9sentaient sur leurs stands respectifs au salon CFIA Rennes leur nouvelle gamme de produits de marquage industriel. Par leur int\u00e9gration \u00e0 la business unit Possehl Identification Solutions (PID) France, les deux fabricants int\u00e8grent dans leur portefeuille produits les imprimantes jet d\u2019encre CIJ (Continuous Inkjet) de Leibinger. La technologie CIJ est [&hellip;]\" \/>\n<meta property=\"og:url\" content=\"https:\/\/www.emballagedigest.fr\/en\/novexx-et-logopak-se-renforcent-dans-le-marquage-industriel\/\" \/>\n<meta property=\"og:site_name\" content=\"Emballage Digest\" \/>\n<meta property=\"article:published_time\" content=\"2025-03-28T13:49:08+00:00\" \/>\n<meta property=\"article:modified_time\" content=\"2025-04-01T12:50:49+00:00\" \/>\n<meta property=\"og:image\" content=\"https:\/\/www.emballagedigest.fr\/wp-content\/uploads\/2025\/04\/novexx.jpg\" \/>\n\t<meta property=\"og:image:width\" content=\"800\" \/>\n\t<meta property=\"og:image:height\" content=\"426\" \/>\n\t<meta property=\"og:image:type\" content=\"image\/jpeg\" \/>\n<meta name=\"author\" content=\"Karine Duval\" \/>\n<meta name=\"twitter:card\" content=\"summary_large_image\" \/>\n<meta name=\"twitter:label1\" content=\"Written by\" \/>\n\t<meta name=\"twitter:data1\" content=\"Karine Duval\" \/>\n\t<meta name=\"twitter:label2\" content=\"Estimated reading time\" \/>\n\t<meta name=\"twitter:data2\" content=\"1 minute\" \/>\n<script type=\"application\/ld+json\" class=\"yoast-schema-graph\">{\"@context\":\"https:\/\/schema.org\",\"@graph\":[{\"@type\":\"Article\",\"@id\":\"https:\/\/www.emballagedigest.fr\/novexx-et-logopak-se-renforcent-dans-le-marquage-industriel\/#article\",\"isPartOf\":{\"@id\":\"https:\/\/www.emballagedigest.fr\/novexx-et-logopak-se-renforcent-dans-le-marquage-industriel\/\"},\"author\":{\"name\":\"Karine Duval\",\"@id\":\"https:\/\/www.emballagedigest.fr\/#\/schema\/person\/76abe9f2b2ee4d3d520594c7a35da59f\"},\"headline\":\"Novexx et Logopak se renforcent dans le marquage industriel\",\"datePublished\":\"2025-03-28T13:49:08+00:00\",\"dateModified\":\"2025-04-01T12:50:49+00:00\",\"mainEntityOfPage\":{\"@id\":\"https:\/\/www.emballagedigest.fr\/novexx-et-logopak-se-renforcent-dans-le-marquage-industriel\/\"},\"wordCount\":164,\"publisher\":{\"@id\":\"https:\/\/www.emballagedigest.fr\/#organization\"},\"image\":{\"@id\":\"https:\/\/www.emballagedigest.fr\/novexx-et-logopak-se-renforcent-dans-le-marquage-industriel\/#primaryimage\"},\"thumbnailUrl\":\"https:\/\/www.emballagedigest.fr\/wp-content\/uploads\/2025\/04\/novexx.jpg\",\"articleSection\":[\"Article entier\",\"Barre lat\u00e9rale\",\"Mat\u00e9riel\",\"Vu dans le mag\"],\"inLanguage\":\"en-GB\"},{\"@type\":\"WebPage\",\"@id\":\"https:\/\/www.emballagedigest.fr\/novexx-et-logopak-se-renforcent-dans-le-marquage-industriel\/\",\"url\":\"https:\/\/www.emballagedigest.fr\/novexx-et-logopak-se-renforcent-dans-le-marquage-industriel\/\",\"name\":\"Novexx et Logopak se renforcent dans le marquage industriel - Emballage Digest\",\"isPartOf\":{\"@id\":\"https:\/\/www.emballagedigest.fr\/#website\"},\"primaryImageOfPage\":{\"@id\":\"https:\/\/www.emballagedigest.fr\/novexx-et-logopak-se-renforcent-dans-le-marquage-industriel\/#primaryimage\"},\"image\":{\"@id\":\"https:\/\/www.emballagedigest.fr\/novexx-et-logopak-se-renforcent-dans-le-marquage-industriel\/#primaryimage\"},\"thumbnailUrl\":\"https:\/\/www.emballagedigest.fr\/wp-content\/uploads\/2025\/04\/novexx.jpg\",\"datePublished\":\"2025-03-28T13:49:08+00:00\",\"dateModified\":\"2025-04-01T12:50:49+00:00\",\"breadcrumb\":{\"@id\":\"https:\/\/www.emballagedigest.fr\/novexx-et-logopak-se-renforcent-dans-le-marquage-industriel\/#breadcrumb\"},\"inLanguage\":\"en-GB\",\"potentialAction\":[{\"@type\":\"ReadAction\",\"target\":[\"https:\/\/www.emballagedigest.fr\/novexx-et-logopak-se-renforcent-dans-le-marquage-industriel\/\"]}]},{\"@type\":\"ImageObject\",\"inLanguage\":\"en-GB\",\"@id\":\"https:\/\/www.emballagedigest.fr\/novexx-et-logopak-se-renforcent-dans-le-marquage-industriel\/#primaryimage\",\"url\":\"https:\/\/www.emballagedigest.fr\/wp-content\/uploads\/2025\/04\/novexx.jpg\",\"contentUrl\":\"https:\/\/www.emballagedigest.fr\/wp-content\/uploads\/2025\/04\/novexx.jpg\",\"width\":800,\"height\":426},{\"@type\":\"BreadcrumbList\",\"@id\":\"https:\/\/www.emballagedigest.fr\/novexx-et-logopak-se-renforcent-dans-le-marquage-industriel\/#breadcrumb\",\"itemListElement\":[{\"@type\":\"ListItem\",\"position\":1,\"name\":\"Accueil\",\"item\":\"https:\/\/www.emballagedigest.fr\/\"},{\"@type\":\"ListItem\",\"position\":2,\"name\":\"Novexx et Logopak se renforcent dans le marquage industriel\"}]},{\"@type\":\"WebSite\",\"@id\":\"https:\/\/www.emballagedigest.fr\/#website\",\"url\":\"https:\/\/www.emballagedigest.fr\/\",\"name\":\"Emballage Digest\",\"description\":\"Revue professionnelle sur les emballages\",\"publisher\":{\"@id\":\"https:\/\/www.emballagedigest.fr\/#organization\"},\"potentialAction\":[{\"@type\":\"SearchAction\",\"target\":{\"@type\":\"EntryPoint\",\"urlTemplate\":\"https:\/\/www.emballagedigest.fr\/?s={search_term_string}\"},\"query-input\":{\"@type\":\"PropertyValueSpecification\",\"valueRequired\":true,\"valueName\":\"search_term_string\"}}],\"inLanguage\":\"en-GB\"},{\"@type\":\"Organization\",\"@id\":\"https:\/\/www.emballagedigest.fr\/#organization\",\"name\":\"Emballage Digest\",\"url\":\"https:\/\/www.emballagedigest.fr\/\",\"logo\":{\"@type\":\"ImageObject\",\"inLanguage\":\"en-GB\",\"@id\":\"https:\/\/www.emballagedigest.fr\/#\/schema\/logo\/image\/\",\"url\":\"https:\/\/www.emballagedigest.fr\/wp-content\/uploads\/2022\/07\/logo-ed.png\",\"contentUrl\":\"https:\/\/www.emballagedigest.fr\/wp-content\/uploads\/2022\/07\/logo-ed.png\",\"width\":379,\"height\":75,\"caption\":\"Emballage Digest\"},\"image\":{\"@id\":\"https:\/\/www.emballagedigest.fr\/#\/schema\/logo\/image\/\"}},{\"@type\":\"Person\",\"@id\":\"https:\/\/www.emballagedigest.fr\/#\/schema\/person\/76abe9f2b2ee4d3d520594c7a35da59f\",\"name\":\"Karine Duval\",\"image\":{\"@type\":\"ImageObject\",\"inLanguage\":\"en-GB\",\"@id\":\"https:\/\/www.emballagedigest.fr\/#\/schema\/person\/image\/\",\"url\":\"https:\/\/secure.gravatar.com\/avatar\/f552799261cdd2e076e6677d780ef07bdb13aa4c196ab75b39abcbcdcae2d4e5?s=96&d=mm&r=g\",\"contentUrl\":\"https:\/\/secure.gravatar.com\/avatar\/f552799261cdd2e076e6677d780ef07bdb13aa4c196ab75b39abcbcdcae2d4e5?s=96&d=mm&r=g\",\"caption\":\"Karine Duval\"},\"url\":\"https:\/\/www.emballagedigest.fr\/en\/author\/admin_karduv\/\"}]}<\/script>\n<!-- \/ Yoast SEO plugin. -->","yoast_head_json":{"title":"Novexx et Logopak se renforcent dans le marquage industriel - Emballage Digest","robots":{"index":"index","follow":"follow","max-snippet":"max-snippet:-1","max-image-preview":"max-image-preview:large","max-video-preview":"max-video-preview:-1"},"canonical":"https:\/\/www.emballagedigest.fr\/en\/novexx-et-logopak-se-renforcent-dans-le-marquage-industriel\/","og_locale":"en_GB","og_type":"article","og_title":"Novexx et Logopak se renforcent dans le marquage industriel - Emballage Digest","og_description":"Novexx Solutions France et Logopak pr\u00e9sentaient sur leurs stands respectifs au salon CFIA Rennes leur nouvelle gamme de produits de marquage industriel. Par leur int\u00e9gration \u00e0 la business unit Possehl Identification Solutions (PID) France, les deux fabricants int\u00e8grent dans leur portefeuille produits les imprimantes jet d\u2019encre CIJ (Continuous Inkjet) de Leibinger. La technologie CIJ est [&hellip;]","og_url":"https:\/\/www.emballagedigest.fr\/en\/novexx-et-logopak-se-renforcent-dans-le-marquage-industriel\/","og_site_name":"Emballage Digest","article_published_time":"2025-03-28T13:49:08+00:00","article_modified_time":"2025-04-01T12:50:49+00:00","og_image":[{"width":800,"height":426,"url":"https:\/\/www.emballagedigest.fr\/wp-content\/uploads\/2025\/04\/novexx.jpg","type":"image\/jpeg"}],"author":"Karine Duval","twitter_card":"summary_large_image","twitter_misc":{"Written by":"Karine Duval","Estimated reading time":"1 minute"},"schema":{"@context":"https:\/\/schema.org","@graph":[{"@type":"Article","@id":"https:\/\/www.emballagedigest.fr\/novexx-et-logopak-se-renforcent-dans-le-marquage-industriel\/#article","isPartOf":{"@id":"https:\/\/www.emballagedigest.fr\/novexx-et-logopak-se-renforcent-dans-le-marquage-industriel\/"},"author":{"name":"Karine Duval","@id":"https:\/\/www.emballagedigest.fr\/#\/schema\/person\/76abe9f2b2ee4d3d520594c7a35da59f"},"headline":"Novexx et Logopak se renforcent dans le marquage industriel","datePublished":"2025-03-28T13:49:08+00:00","dateModified":"2025-04-01T12:50:49+00:00","mainEntityOfPage":{"@id":"https:\/\/www.emballagedigest.fr\/novexx-et-logopak-se-renforcent-dans-le-marquage-industriel\/"},"wordCount":164,"publisher":{"@id":"https:\/\/www.emballagedigest.fr\/#organization"},"image":{"@id":"https:\/\/www.emballagedigest.fr\/novexx-et-logopak-se-renforcent-dans-le-marquage-industriel\/#primaryimage"},"thumbnailUrl":"https:\/\/www.emballagedigest.fr\/wp-content\/uploads\/2025\/04\/novexx.jpg","articleSection":["Article entier","Barre lat\u00e9rale","Mat\u00e9riel","Vu dans le mag"],"inLanguage":"en-GB"},{"@type":"WebPage","@id":"https:\/\/www.emballagedigest.fr\/novexx-et-logopak-se-renforcent-dans-le-marquage-industriel\/","url":"https:\/\/www.emballagedigest.fr\/novexx-et-logopak-se-renforcent-dans-le-marquage-industriel\/","name":"Novexx et Logopak se renforcent dans le marquage industriel - Emballage Digest","isPartOf":{"@id":"https:\/\/www.emballagedigest.fr\/#website"},"primaryImageOfPage":{"@id":"https:\/\/www.emballagedigest.fr\/novexx-et-logopak-se-renforcent-dans-le-marquage-industriel\/#primaryimage"},"image":{"@id":"https:\/\/www.emballagedigest.fr\/novexx-et-logopak-se-renforcent-dans-le-marquage-industriel\/#primaryimage"},"thumbnailUrl":"https:\/\/www.emballagedigest.fr\/wp-content\/uploads\/2025\/04\/novexx.jpg","datePublished":"2025-03-28T13:49:08+00:00","dateModified":"2025-04-01T12:50:49+00:00","breadcrumb":{"@id":"https:\/\/www.emballagedigest.fr\/novexx-et-logopak-se-renforcent-dans-le-marquage-industriel\/#breadcrumb"},"inLanguage":"en-GB","potentialAction":[{"@type":"ReadAction","target":["https:\/\/www.emballagedigest.fr\/novexx-et-logopak-se-renforcent-dans-le-marquage-industriel\/"]}]},{"@type":"ImageObject","inLanguage":"en-GB","@id":"https:\/\/www.emballagedigest.fr\/novexx-et-logopak-se-renforcent-dans-le-marquage-industriel\/#primaryimage","url":"https:\/\/www.emballagedigest.fr\/wp-content\/uploads\/2025\/04\/novexx.jpg","contentUrl":"https:\/\/www.emballagedigest.fr\/wp-content\/uploads\/2025\/04\/novexx.jpg","width":800,"height":426},{"@type":"BreadcrumbList","@id":"https:\/\/www.emballagedigest.fr\/novexx-et-logopak-se-renforcent-dans-le-marquage-industriel\/#breadcrumb","itemListElement":[{"@type":"ListItem","position":1,"name":"Accueil","item":"https:\/\/www.emballagedigest.fr\/"},{"@type":"ListItem","position":2,"name":"Novexx et Logopak se renforcent dans le marquage industriel"}]},{"@type":"WebSite","@id":"https:\/\/www.emballagedigest.fr\/#website","url":"https:\/\/www.emballagedigest.fr\/","name":"Emballage Digest","description":"Revue professionnelle sur les emballages","publisher":{"@id":"https:\/\/www.emballagedigest.fr\/#organization"},"potentialAction":[{"@type":"SearchAction","target":{"@type":"EntryPoint","urlTemplate":"https:\/\/www.emballagedigest.fr\/?s={search_term_string}"},"query-input":{"@type":"PropertyValueSpecification","valueRequired":true,"valueName":"search_term_string"}}],"inLanguage":"en-GB"},{"@type":"Organization","@id":"https:\/\/www.emballagedigest.fr\/#organization","name":"Emballage Digest","url":"https:\/\/www.emballagedigest.fr\/","logo":{"@type":"ImageObject","inLanguage":"en-GB","@id":"https:\/\/www.emballagedigest.fr\/#\/schema\/logo\/image\/","url":"https:\/\/www.emballagedigest.fr\/wp-content\/uploads\/2022\/07\/logo-ed.png","contentUrl":"https:\/\/www.emballagedigest.fr\/wp-content\/uploads\/2022\/07\/logo-ed.png","width":379,"height":75,"caption":"Emballage Digest"},"image":{"@id":"https:\/\/www.emballagedigest.fr\/#\/schema\/logo\/image\/"}},{"@type":"Person","@id":"https:\/\/www.emballagedigest.fr\/#\/schema\/person\/76abe9f2b2ee4d3d520594c7a35da59f","name":"Karine Duval","image":{"@type":"ImageObject","inLanguage":"en-GB","@id":"https:\/\/www.emballagedigest.fr\/#\/schema\/person\/image\/","url":"https:\/\/secure.gravatar.com\/avatar\/f552799261cdd2e076e6677d780ef07bdb13aa4c196ab75b39abcbcdcae2d4e5?s=96&d=mm&r=g","contentUrl":"https:\/\/secure.gravatar.com\/avatar\/f552799261cdd2e076e6677d780ef07bdb13aa4c196ab75b39abcbcdcae2d4e5?s=96&d=mm&r=g","caption":"Karine Duval"},"url":"https:\/\/www.emballagedigest.fr\/en\/author\/admin_karduv\/"}]}},"_links":{"self":[{"href":"https:\/\/www.emballagedigest.fr\/en\/wp-json\/wp\/v2\/posts\/44114","targetHints":{"allow":["GET"]}}],"collection":[{"href":"https:\/\/www.emballagedigest.fr\/en\/wp-json\/wp\/v2\/posts"}],"about":[{"href":"https:\/\/www.emballagedigest.fr\/en\/wp-json\/wp\/v2\/types\/post"}],"author":[{"embeddable":true,"href":"https:\/\/www.emballagedigest.fr\/en\/wp-json\/wp\/v2\/users\/2"}],"replies":[{"embeddable":true,"href":"https:\/\/www.emballagedigest.fr\/en\/wp-json\/wp\/v2\/comments?post=44114"}],"version-history":[{"count":1,"href":"https:\/\/www.emballagedigest.fr\/en\/wp-json\/wp\/v2\/posts\/44114\/revisions"}],"predecessor-version":[{"id":44116,"href":"https:\/\/www.emballagedigest.fr\/en\/wp-json\/wp\/v2\/posts\/44114\/revisions\/44116"}],"wp:featuredmedia":[{"embeddable":true,"href":"https:\/\/www.emballagedigest.fr\/en\/wp-json\/wp\/v2\/media\/44115"}],"wp:attachment":[{"href":"https:\/\/www.emballagedigest.fr\/en\/wp-json\/wp\/v2\/media?parent=44114"}],"wp:term":[{"taxonomy":"category","embeddable":true,"href":"https:\/\/www.emballagedigest.fr\/en\/wp-json\/wp\/v2\/categories?post=44114"},{"taxonomy":"post_tag","embeddable":true,"href":"https:\/\/www.emballagedigest.fr\/en\/wp-json\/wp\/v2\/tags?post=44114"}],"curies":[{"name":"wp","href":"https:\/\/api.w.org\/{rel}","templated":true}]}}