{"id":44138,"date":"2025-04-01T15:26:37","date_gmt":"2025-04-01T13:26:37","guid":{"rendered":"https:\/\/www.emballagedigest.fr\/?p=44138"},"modified":"2025-04-30T22:18:48","modified_gmt":"2025-04-30T20:18:48","slug":"cerelia-cama-le-partenariat-dune-vision-convergente-de-lexcellence-industrielle","status":"publish","type":"post","link":"https:\/\/www.emballagedigest.fr\/en\/cerelia-cama-le-partenariat-dune-vision-convergente-de-lexcellence-industrielle\/","title":{"rendered":"C\u00e9r\u00e9lia &amp; Cama : le partenariat d\u2019une vision convergente de l\u2019excellence industrielle"},"content":{"rendered":"<p><strong>C\u2019est un site des plus impressionnant qui se dresse dans la zone Actiparc de Saint-Laurent-Blangy pr\u00e8s d\u2019Arras. Une usine, \u00e0 la pointe de la technologie, inaugur\u00e9e en 2023 illustrant l\u2019ambition du groupe C\u00c9R\u00c9LIA (12 sites en Europe et en Am\u00e9rique du Nord), sp\u00e9cialiste des p\u00e2tes m\u00e9nag\u00e8res \u00e0 cuire, de poursuivre sa croissance en Europe.&nbsp;&nbsp;<\/strong><\/p>\n\n\n\n<p>Avec une superficie de 32 000 m\u00b2, cette installation, fruit d\u2019un investissement de 60 millions d\u2019euros, devrait devenir, avec 13 lignes de production, la plus grande d\u2019Europe pour ce type d\u2019activit\u00e9. Une \u00e9tape significative pour le groupe, n\u00e9 en 2012 de la fusion de L\u2019Alsacienne de P\u00e2tes M\u00e9nag\u00e8res et Eurodough et dont l\u2019ascension fulgurante repose sur une strat\u00e9gie d\u2019acquisitions cibl\u00e9es, une innovation constante, la qualit\u00e9 de ses produits et une am\u00e9lioration continue de son outil industriel.&nbsp;<\/p>\n\n\n\n<p><strong>Diversification et excellence op\u00e9rationnelle<\/strong><br>\u00abLa standardisation de nos proc\u00e9d\u00e9s et la mise en place de sch\u00e9mas directeurs (proc\u00e9d\u00e9s de fabrication, structures des usines et choix de solutions techniques) dans nos diff\u00e9rentes usines \u00e0 travers le monde nous permettent de gagner en agilit\u00e9 pour accompagner les \u00e9volutions du groupe&nbsp;et la diversification de notre portefeuille de produits au fil des rachats. En effet, nous produisons des p\u00e2tes classiques, bio, sans gluten de diff\u00e9rents formats et grammages mais aussi des cr\u00eapes, pancakes, cookies, viennoiseries\u2026\u00bb, indique Mohamed Mbitel, Directeur du d\u00e9veloppement industriel pour la France et l\u2019Italie, et acteur cl\u00e9 de l\u2019excellence op\u00e9rationnelle et de la transformation continue du groupe. \u00abNotre objectif est de capitaliser pour gagner en efficience globale\u00bb.&nbsp;<\/p>\n\n\n<div class=\"wp-block-image\">\n<figure class=\"aligncenter size-full is-resized\"><img loading=\"lazy\" decoding=\"async\" width=\"800\" height=\"566\" src=\"https:\/\/www.emballagedigest.fr\/wp-content\/uploads\/2025\/04\/Cama2.jpg\" alt=\"\" class=\"wp-image-44140\" style=\"width:840px;height:auto\" srcset=\"https:\/\/www.emballagedigest.fr\/wp-content\/uploads\/2025\/04\/Cama2.jpg 800w, https:\/\/www.emballagedigest.fr\/wp-content\/uploads\/2025\/04\/Cama2-300x212.jpg 300w, https:\/\/www.emballagedigest.fr\/wp-content\/uploads\/2025\/04\/Cama2-768x543.jpg 768w, https:\/\/www.emballagedigest.fr\/wp-content\/uploads\/2025\/04\/Cama2-18x12.jpg 18w\" sizes=\"auto, (max-width: 800px) 100vw, 800px\" \/><figcaption class=\"wp-element-caption\">A gauche, Mohamed Mbitel, directeur du d\u00e9veloppement industriel, groupe C\u00e9r\u00e9lia et, \u00e0 droite, Pierre Therville, directeur, Cama France.<\/figcaption><\/figure>\n<\/div>\n\n\n<p><strong>Une structure industrielle \u00e0 la mesure des ambitions du groupe&nbsp;<\/strong><br>\u00abCette nouvelle usine, nous a permis d\u2019automatiser nos processus, ce qui a eu un impact direct sur notre productivit\u00e9 et la r\u00e9duction des t\u00e2ches de manutention, impossible jusqu\u2019alors sur l\u2019ancien site de Li\u00e9vin.<br>Notre efficience et la pertinence de notre outil industriel sont par ailleurs \u00e9troitement li\u00e9es aux partenaires qui nous accompagnent sur chacune des phases de projet. Parmi ceux-l\u00e0, le constructeur italien CAMA, expert en ing\u00e9nierie et fabrication de syst\u00e8mes complets d\u2019emballage secondaire et tertiaire de haute technologie, dont la pertinence des solutions nous a permis de m\u00e9caniser la mise en \u00e9tui de kits \u00e0 pizzas, compos\u00e9s d\u2019un flowpack de p\u00e2te pr\u00eate \u00e0 cuire et d\u2019un pot de sauce tomate en verre.<br>Notre besoin portait sur une solution d\u2019\u00e9tuyage offrant une&nbsp;grande flexibilit\u00e9 dans les changements de formats pour des produits \u00e9troits et semi-rigides pouvant atteindre 370 mm de longueur avec une parfaite r\u00e9p\u00e9tabilit\u00e9 des r\u00e9glages.<br>Il \u00e9tait \u00e9vident que la qualit\u00e9 des produits devait \u00eatre irr\u00e9prochable m\u00eame si la mise ne \u00e9tui \u00e0 grande vitesse (90 \u00e0 120 cp\/min) d\u2019un bocal en verre, pour des raisons \u00e9videntes de s\u00e9curit\u00e9, se pr\u00e9sentait comme un challenge industriel de taille.<\/p>\n\n\n\n<figure class=\"wp-block-image size-full is-resized\"><img loading=\"lazy\" decoding=\"async\" width=\"800\" height=\"426\" src=\"https:\/\/www.emballagedigest.fr\/wp-content\/uploads\/2025\/04\/Cama3.jpg\" alt=\"\" class=\"wp-image-44141\" style=\"width:840px;height:auto\" srcset=\"https:\/\/www.emballagedigest.fr\/wp-content\/uploads\/2025\/04\/Cama3.jpg 800w, https:\/\/www.emballagedigest.fr\/wp-content\/uploads\/2025\/04\/Cama3-300x160.jpg 300w, https:\/\/www.emballagedigest.fr\/wp-content\/uploads\/2025\/04\/Cama3-768x409.jpg 768w, https:\/\/www.emballagedigest.fr\/wp-content\/uploads\/2025\/04\/Cama3-18x10.jpg 18w\" sizes=\"auto, (max-width: 800px) 100vw, 800px\" \/><\/figure>\n\n\n\n<p>D\u00e9fi relev\u00e9, une premi\u00e8re \u00e9tuyeuse CL169 a \u00e9t\u00e9 install\u00e9e en 2022. Elle permet aujourd\u2019hui de g\u00e9rer 3 types de produits avec des emballages sp\u00e9cifiques.&nbsp;<br>La pertinence de la CL169 (robustesse, hygi\u00e8ne, maintenabilit\u00e9, utilisation intuitive et simplifi\u00e9e, respect des normes\u2026) et l\u2019excellence de l\u2019accompagnement des \u00e9quipes CAMA ont \u00e9t\u00e9 des piliers fondamentaux dans la r\u00e9ussite de ce projet.<br>La collaboration \u00e9troite entre nos \u00e9quipes respectives d\u00e8s la phase d\u2019avant-projet a permis de garantir une parfaite ad\u00e9quation entre les sp\u00e9cifications initiales et la r\u00e9alisation finale, tout en assurant un transfert de comp\u00e9tences efficace et une am\u00e9lioration continue du dispositif.<br>Au quotidien, l\u2019interface homme-machine (IHM) avanc\u00e9e de la machine facilite l\u2019identification des dysfonctionnements de la ligne, les r\u00e9glages de changements de formats sont automatis\u00e9s et la maintenance \u00e0 distance simplifie son utilisation par nos op\u00e9rateurs. La conduite intuitive de la machine et la formation rapide \u00e0 sa prise en main ont \u00e9t\u00e9 particuli\u00e8rement appr\u00e9ci\u00e9es car nos op\u00e9rateurs ne sont pas des techniciens. &nbsp;<br>Cette premi\u00e8re machine a permis \u00e0 C\u00c9R\u00c9LIA d\u2019accroitre ses capacit\u00e9s de production et d\u2019int\u00e9grer de nouveaux produits avec un retour sur investissement des plus rapide\u00bb, explique Mohamed Mbitel.<\/p>\n\n\n\n<figure class=\"wp-block-image size-full\"><img loading=\"lazy\" decoding=\"async\" width=\"800\" height=\"128\" src=\"https:\/\/www.emballagedigest.fr\/wp-content\/uploads\/2025\/04\/Cama5-1.jpg\" alt=\"\" class=\"wp-image-44143\" srcset=\"https:\/\/www.emballagedigest.fr\/wp-content\/uploads\/2025\/04\/Cama5-1.jpg 800w, https:\/\/www.emballagedigest.fr\/wp-content\/uploads\/2025\/04\/Cama5-1-300x48.jpg 300w, https:\/\/www.emballagedigest.fr\/wp-content\/uploads\/2025\/04\/Cama5-1-768x123.jpg 768w, https:\/\/www.emballagedigest.fr\/wp-content\/uploads\/2025\/04\/Cama5-1-18x3.jpg 18w\" sizes=\"auto, (max-width: 800px) 100vw, 800px\" \/><\/figure>\n\n\n\n<p>Fort du succ\u00e8s de cette premi\u00e8re collaboration, une seconde machine, est en commande pour une livraison pr\u00e9vue d\u00e8s septembre.<br>\u00abLa relation de proximit\u00e9 que nous entretenons avec nos clients est extr\u00eamement importante pour CAMA. Elle nous permet de bien comprendre leurs enjeux, d\u2019alimenter nos r\u00e9flexions et d\u2019ajuster nos d\u00e9veloppements de solutions pour toujours plus de pertinence et de flexibilit\u00e9 tant en mati\u00e8re de gestion des flux que de solutions de chargement. Et, nous pouvons aller bien plus loin, avec le d\u00e9veloppement d\u2019emballages, des outils de maintenance et de pilotage 4.0, ainsi que des formations.<br>Gr\u00e2ce \u00e0 notre capacit\u00e9 \u00e0 porter des projets majeurs, nous sommes r\u00e9guli\u00e8rement sollicit\u00e9s pour produire des lignes cl\u00e9s en main int\u00e9grant divers fournisseurs et g\u00e9r\u00e9es efficacement par une \u00e9quipe d\u2019ing\u00e9nieurs projets d\u00e9di\u00e9s.<\/p>\n\n\n\n<p>Ce projet de seconde machine avec C\u00c9R\u00c9LIA France s\u2019inscrit dans une relation de confiance qui \u00e9l\u00e8ve naturellement nos performances respectives dans une dynamique de co-construction&nbsp;\u00bb souligne Pierre Therville, Directeur CAMA France.<\/p>\n\n\n\n<figure class=\"wp-block-image size-full is-resized\"><img loading=\"lazy\" decoding=\"async\" width=\"800\" height=\"450\" src=\"https:\/\/www.emballagedigest.fr\/wp-content\/uploads\/2025\/04\/Cama4.jpg\" alt=\"\" class=\"wp-image-44144\" style=\"width:840px;height:auto\" srcset=\"https:\/\/www.emballagedigest.fr\/wp-content\/uploads\/2025\/04\/Cama4.jpg 800w, https:\/\/www.emballagedigest.fr\/wp-content\/uploads\/2025\/04\/Cama4-300x169.jpg 300w, https:\/\/www.emballagedigest.fr\/wp-content\/uploads\/2025\/04\/Cama4-768x432.jpg 768w, https:\/\/www.emballagedigest.fr\/wp-content\/uploads\/2025\/04\/Cama4-18x10.jpg 18w\" sizes=\"auto, (max-width: 800px) 100vw, 800px\" \/><\/figure>\n\n\n\n<p><strong>Flexibilit\u00e9 et pr\u00e9cision pour un emballage sur mesure<\/strong><br>L\u2019\u00e9tuyeuse CL169 install\u00e9e sur le site C\u00c9R\u00c9LIA de Saint-Laurent-Blangy a \u00e9t\u00e9 con\u00e7ue sur la base d\u2019un standard du portefeuille CAMA combin\u00e9 \u00e0 deux solutions de chargement d\u00e9di\u00e9es \u00e0 l\u2019application sp\u00e9cifique de C\u00c9R\u00c9LIA.<br>Elle offre une capacit\u00e9 maximale de 200 \u00e9tuis\/mn sur des formats tr\u00e8s longs et \u00e9troits avec deux produits, l\u2019un fragile, l\u2019autre semi-rigide. Le challenge, bien qu\u2019\u00e9lev\u00e9, a parfaitement \u00e9t\u00e9 relev\u00e9 par CAMA gr\u00e2ce \u00e0 une collaboration \u00e9troite et constructive des \u00e9quipes C\u00c9R\u00c9LIA et CAMA, de la phase d\u2019avant-projet au plan de maintenance des performances des \u00e9quipements.<br>La versatilit\u00e9 des solutions d\u2019\u00e9tuyage CAMA repr\u00e9sente un atout majeur permettant de g\u00e9rer des \u00e9tuis de dimensions vari\u00e9es, et des produits et groupages \u00e9volutifs. Leur polyvalence, des plus appr\u00e9ciable, p\u00e9rennise ainsi l\u2019investissement. La pr\u00e9cision, la qualit\u00e9 du packaging et la fiabilit\u00e9 sont au c\u0153ur m\u00eame de la conception CAMA.<br>Quant \u00e0 la structure de ch\u00e2ssis unique, associant robustesse, ergonomie, hygi\u00e8ne (r\u00e9compens\u00e9e \u00e0 plusieurs reprises) et des composants de haute qualit\u00e9, elle garantit des performances \u00e9lev\u00e9es sur le long terme.<br>Les op\u00e9rateurs et techniciens appr\u00e9cient quant \u00e0 eux particuli\u00e8rement la conduite et la maintenance des solutions CAMA.<\/p>\n\n\n\n<p>\u00abEn synth\u00e8se, la CL169 install\u00e9e chez C\u00c9R\u00c9LIA, se distingue par sa capacit\u00e9 \u00e0 offrir un emballage sur mesure gr\u00e2ce \u00e0 sa flexibilit\u00e9, sa pr\u00e9cision et sa robustesse. Cette machine, fruit d\u2019une collaboration \u00e9troite entre nos deux entreprises, garantit une performance durable et une facilit\u00e9 d\u2019utilisation, tout en r\u00e9pondant aux d\u00e9fis sp\u00e9cifiques de l\u2019emballage de produits fragiles et semi-rigides \u00e0 haute cadence\u00bb, s\u2019enthousiasme Pierre Therville.<\/p>\n\n\n\n<p>CAMA Group ce sont aujourd\u2019hui plus de 4 200 machines install\u00e9es \u00e0 travers le monde, plus de<br>1 400 clients satisfaits et l\u2019ambition d\u2019embrasser chaque jour leurs enjeux pour les accompagner vers toujours plus d\u2019efficience.<\/p>\n\n\n\n<figure class=\"wp-block-image size-full is-resized\"><img loading=\"lazy\" decoding=\"async\" width=\"800\" height=\"53\" src=\"https:\/\/www.emballagedigest.fr\/wp-content\/uploads\/2025\/04\/Cama6.jpg\" alt=\"\" class=\"wp-image-44145\" style=\"width:840px;height:auto\" srcset=\"https:\/\/www.emballagedigest.fr\/wp-content\/uploads\/2025\/04\/Cama6.jpg 800w, https:\/\/www.emballagedigest.fr\/wp-content\/uploads\/2025\/04\/Cama6-300x20.jpg 300w, https:\/\/www.emballagedigest.fr\/wp-content\/uploads\/2025\/04\/Cama6-768x51.jpg 768w, https:\/\/www.emballagedigest.fr\/wp-content\/uploads\/2025\/04\/Cama6-18x1.jpg 18w\" sizes=\"auto, (max-width: 800px) 100vw, 800px\" \/><figcaption class=\"wp-element-caption\"><a href=\"http:\/\/www.camagroup.com\" target=\"_blank\" rel=\"noreferrer noopener\"><strong>www.camagroup.com<\/strong><\/a><\/figcaption><\/figure>\n\n\n\n<p><\/p>","protected":false},"excerpt":{"rendered":"<p>C\u2019est un site des plus impressionnant qui se dresse dans la zone Actiparc de Saint-Laurent-Blangy pr\u00e8s d\u2019Arras. Une usine, \u00e0 la pointe de la technologie, inaugur\u00e9e en 2023 illustrant l\u2019ambition du groupe C\u00c9R\u00c9LIA (12 sites en Europe et en Am\u00e9rique du Nord), sp\u00e9cialiste des p\u00e2tes m\u00e9nag\u00e8res \u00e0 cuire, de poursuivre sa croissance en Europe.&nbsp;&nbsp; Avec [&hellip;]<\/p>","protected":false},"author":2,"featured_media":44139,"comment_status":"closed","ping_status":"closed","sticky":false,"template":"","format":"standard","meta":{"_acf_changed":false,"inline_featured_image":false,"iawp_total_views":20,"footnotes":""},"categories":[5,28,9],"tags":[],"class_list":["post-44138","post","type-post","status-publish","format-standard","has-post-thumbnail","hentry","category-alimentaire","category-article-entier","category-materiel"],"acf":[],"yoast_head":"<!-- This site is optimized with the Yoast SEO plugin v24.4 - https:\/\/yoast.com\/wordpress\/plugins\/seo\/ -->\n<title>C\u00e9r\u00e9lia &amp; Cama : le partenariat d\u2019une vision convergente de l\u2019excellence industrielle - Emballage Digest<\/title>\n<meta name=\"robots\" content=\"index, follow, max-snippet:-1, max-image-preview:large, max-video-preview:-1\" \/>\n<link rel=\"canonical\" href=\"https:\/\/www.emballagedigest.fr\/en\/cerelia-cama-le-partenariat-dune-vision-convergente-de-lexcellence-industrielle\/\" \/>\n<meta property=\"og:locale\" content=\"en_GB\" \/>\n<meta property=\"og:type\" content=\"article\" \/>\n<meta property=\"og:title\" content=\"C\u00e9r\u00e9lia &amp; Cama : le partenariat d\u2019une vision convergente de l\u2019excellence industrielle - Emballage Digest\" \/>\n<meta property=\"og:description\" content=\"C\u2019est un site des plus impressionnant qui se dresse dans la zone Actiparc de Saint-Laurent-Blangy pr\u00e8s d\u2019Arras. Une usine, \u00e0 la pointe de la technologie, inaugur\u00e9e en 2023 illustrant l\u2019ambition du groupe C\u00c9R\u00c9LIA (12 sites en Europe et en Am\u00e9rique du Nord), sp\u00e9cialiste des p\u00e2tes m\u00e9nag\u00e8res \u00e0 cuire, de poursuivre sa croissance en Europe.&nbsp;&nbsp; Avec [&hellip;]\" \/>\n<meta property=\"og:url\" content=\"https:\/\/www.emballagedigest.fr\/en\/cerelia-cama-le-partenariat-dune-vision-convergente-de-lexcellence-industrielle\/\" \/>\n<meta property=\"og:site_name\" content=\"Emballage Digest\" \/>\n<meta property=\"article:published_time\" content=\"2025-04-01T13:26:37+00:00\" \/>\n<meta property=\"article:modified_time\" content=\"2025-04-30T20:18:48+00:00\" \/>\n<meta property=\"og:image\" content=\"https:\/\/www.emballagedigest.fr\/wp-content\/uploads\/2025\/04\/Cama1.jpg\" \/>\n\t<meta property=\"og:image:width\" content=\"800\" \/>\n\t<meta property=\"og:image:height\" content=\"554\" \/>\n\t<meta property=\"og:image:type\" content=\"image\/jpeg\" \/>\n<meta name=\"author\" content=\"Karine Duval\" \/>\n<meta name=\"twitter:card\" content=\"summary_large_image\" \/>\n<meta name=\"twitter:label1\" content=\"Written by\" \/>\n\t<meta name=\"twitter:data1\" content=\"Karine Duval\" \/>\n\t<meta name=\"twitter:label2\" content=\"Estimated reading time\" \/>\n\t<meta name=\"twitter:data2\" content=\"7 minutes\" \/>\n<script type=\"application\/ld+json\" class=\"yoast-schema-graph\">{\"@context\":\"https:\/\/schema.org\",\"@graph\":[{\"@type\":\"Article\",\"@id\":\"https:\/\/www.emballagedigest.fr\/cerelia-cama-le-partenariat-dune-vision-convergente-de-lexcellence-industrielle\/#article\",\"isPartOf\":{\"@id\":\"https:\/\/www.emballagedigest.fr\/cerelia-cama-le-partenariat-dune-vision-convergente-de-lexcellence-industrielle\/\"},\"author\":{\"name\":\"Karine Duval\",\"@id\":\"https:\/\/www.emballagedigest.fr\/#\/schema\/person\/76abe9f2b2ee4d3d520594c7a35da59f\"},\"headline\":\"C\u00e9r\u00e9lia &amp; Cama : le partenariat d\u2019une vision convergente de l\u2019excellence industrielle\",\"datePublished\":\"2025-04-01T13:26:37+00:00\",\"dateModified\":\"2025-04-30T20:18:48+00:00\",\"mainEntityOfPage\":{\"@id\":\"https:\/\/www.emballagedigest.fr\/cerelia-cama-le-partenariat-dune-vision-convergente-de-lexcellence-industrielle\/\"},\"wordCount\":1274,\"publisher\":{\"@id\":\"https:\/\/www.emballagedigest.fr\/#organization\"},\"image\":{\"@id\":\"https:\/\/www.emballagedigest.fr\/cerelia-cama-le-partenariat-dune-vision-convergente-de-lexcellence-industrielle\/#primaryimage\"},\"thumbnailUrl\":\"https:\/\/www.emballagedigest.fr\/wp-content\/uploads\/2025\/04\/Cama1.jpg\",\"articleSection\":[\"Alimentaire\",\"Article entier\",\"Mat\u00e9riel\"],\"inLanguage\":\"en-GB\"},{\"@type\":\"WebPage\",\"@id\":\"https:\/\/www.emballagedigest.fr\/cerelia-cama-le-partenariat-dune-vision-convergente-de-lexcellence-industrielle\/\",\"url\":\"https:\/\/www.emballagedigest.fr\/cerelia-cama-le-partenariat-dune-vision-convergente-de-lexcellence-industrielle\/\",\"name\":\"C\u00e9r\u00e9lia &amp; Cama : le partenariat d\u2019une vision convergente de l\u2019excellence industrielle - Emballage Digest\",\"isPartOf\":{\"@id\":\"https:\/\/www.emballagedigest.fr\/#website\"},\"primaryImageOfPage\":{\"@id\":\"https:\/\/www.emballagedigest.fr\/cerelia-cama-le-partenariat-dune-vision-convergente-de-lexcellence-industrielle\/#primaryimage\"},\"image\":{\"@id\":\"https:\/\/www.emballagedigest.fr\/cerelia-cama-le-partenariat-dune-vision-convergente-de-lexcellence-industrielle\/#primaryimage\"},\"thumbnailUrl\":\"https:\/\/www.emballagedigest.fr\/wp-content\/uploads\/2025\/04\/Cama1.jpg\",\"datePublished\":\"2025-04-01T13:26:37+00:00\",\"dateModified\":\"2025-04-30T20:18:48+00:00\",\"breadcrumb\":{\"@id\":\"https:\/\/www.emballagedigest.fr\/cerelia-cama-le-partenariat-dune-vision-convergente-de-lexcellence-industrielle\/#breadcrumb\"},\"inLanguage\":\"en-GB\",\"potentialAction\":[{\"@type\":\"ReadAction\",\"target\":[\"https:\/\/www.emballagedigest.fr\/cerelia-cama-le-partenariat-dune-vision-convergente-de-lexcellence-industrielle\/\"]}]},{\"@type\":\"ImageObject\",\"inLanguage\":\"en-GB\",\"@id\":\"https:\/\/www.emballagedigest.fr\/cerelia-cama-le-partenariat-dune-vision-convergente-de-lexcellence-industrielle\/#primaryimage\",\"url\":\"https:\/\/www.emballagedigest.fr\/wp-content\/uploads\/2025\/04\/Cama1.jpg\",\"contentUrl\":\"https:\/\/www.emballagedigest.fr\/wp-content\/uploads\/2025\/04\/Cama1.jpg\",\"width\":800,\"height\":554},{\"@type\":\"BreadcrumbList\",\"@id\":\"https:\/\/www.emballagedigest.fr\/cerelia-cama-le-partenariat-dune-vision-convergente-de-lexcellence-industrielle\/#breadcrumb\",\"itemListElement\":[{\"@type\":\"ListItem\",\"position\":1,\"name\":\"Accueil\",\"item\":\"https:\/\/www.emballagedigest.fr\/\"},{\"@type\":\"ListItem\",\"position\":2,\"name\":\"C\u00e9r\u00e9lia &amp; Cama : le partenariat d\u2019une vision convergente de l\u2019excellence industrielle\"}]},{\"@type\":\"WebSite\",\"@id\":\"https:\/\/www.emballagedigest.fr\/#website\",\"url\":\"https:\/\/www.emballagedigest.fr\/\",\"name\":\"Emballage Digest\",\"description\":\"Revue professionnelle sur les emballages\",\"publisher\":{\"@id\":\"https:\/\/www.emballagedigest.fr\/#organization\"},\"potentialAction\":[{\"@type\":\"SearchAction\",\"target\":{\"@type\":\"EntryPoint\",\"urlTemplate\":\"https:\/\/www.emballagedigest.fr\/?s={search_term_string}\"},\"query-input\":{\"@type\":\"PropertyValueSpecification\",\"valueRequired\":true,\"valueName\":\"search_term_string\"}}],\"inLanguage\":\"en-GB\"},{\"@type\":\"Organization\",\"@id\":\"https:\/\/www.emballagedigest.fr\/#organization\",\"name\":\"Emballage Digest\",\"url\":\"https:\/\/www.emballagedigest.fr\/\",\"logo\":{\"@type\":\"ImageObject\",\"inLanguage\":\"en-GB\",\"@id\":\"https:\/\/www.emballagedigest.fr\/#\/schema\/logo\/image\/\",\"url\":\"https:\/\/www.emballagedigest.fr\/wp-content\/uploads\/2022\/07\/logo-ed.png\",\"contentUrl\":\"https:\/\/www.emballagedigest.fr\/wp-content\/uploads\/2022\/07\/logo-ed.png\",\"width\":379,\"height\":75,\"caption\":\"Emballage Digest\"},\"image\":{\"@id\":\"https:\/\/www.emballagedigest.fr\/#\/schema\/logo\/image\/\"}},{\"@type\":\"Person\",\"@id\":\"https:\/\/www.emballagedigest.fr\/#\/schema\/person\/76abe9f2b2ee4d3d520594c7a35da59f\",\"name\":\"Karine Duval\",\"image\":{\"@type\":\"ImageObject\",\"inLanguage\":\"en-GB\",\"@id\":\"https:\/\/www.emballagedigest.fr\/#\/schema\/person\/image\/\",\"url\":\"https:\/\/secure.gravatar.com\/avatar\/f552799261cdd2e076e6677d780ef07bdb13aa4c196ab75b39abcbcdcae2d4e5?s=96&d=mm&r=g\",\"contentUrl\":\"https:\/\/secure.gravatar.com\/avatar\/f552799261cdd2e076e6677d780ef07bdb13aa4c196ab75b39abcbcdcae2d4e5?s=96&d=mm&r=g\",\"caption\":\"Karine Duval\"},\"url\":\"https:\/\/www.emballagedigest.fr\/en\/author\/admin_karduv\/\"}]}<\/script>\n<!-- \/ Yoast SEO plugin. -->","yoast_head_json":{"title":"C\u00e9r\u00e9lia &amp; Cama : le partenariat d\u2019une vision convergente de l\u2019excellence industrielle - Emballage Digest","robots":{"index":"index","follow":"follow","max-snippet":"max-snippet:-1","max-image-preview":"max-image-preview:large","max-video-preview":"max-video-preview:-1"},"canonical":"https:\/\/www.emballagedigest.fr\/en\/cerelia-cama-le-partenariat-dune-vision-convergente-de-lexcellence-industrielle\/","og_locale":"en_GB","og_type":"article","og_title":"C\u00e9r\u00e9lia &amp; Cama : le partenariat d\u2019une vision convergente de l\u2019excellence industrielle - Emballage Digest","og_description":"C\u2019est un site des plus impressionnant qui se dresse dans la zone Actiparc de Saint-Laurent-Blangy pr\u00e8s d\u2019Arras. Une usine, \u00e0 la pointe de la technologie, inaugur\u00e9e en 2023 illustrant l\u2019ambition du groupe C\u00c9R\u00c9LIA (12 sites en Europe et en Am\u00e9rique du Nord), sp\u00e9cialiste des p\u00e2tes m\u00e9nag\u00e8res \u00e0 cuire, de poursuivre sa croissance en Europe.&nbsp;&nbsp; Avec [&hellip;]","og_url":"https:\/\/www.emballagedigest.fr\/en\/cerelia-cama-le-partenariat-dune-vision-convergente-de-lexcellence-industrielle\/","og_site_name":"Emballage Digest","article_published_time":"2025-04-01T13:26:37+00:00","article_modified_time":"2025-04-30T20:18:48+00:00","og_image":[{"width":800,"height":554,"url":"https:\/\/www.emballagedigest.fr\/wp-content\/uploads\/2025\/04\/Cama1.jpg","type":"image\/jpeg"}],"author":"Karine Duval","twitter_card":"summary_large_image","twitter_misc":{"Written by":"Karine Duval","Estimated reading time":"7 minutes"},"schema":{"@context":"https:\/\/schema.org","@graph":[{"@type":"Article","@id":"https:\/\/www.emballagedigest.fr\/cerelia-cama-le-partenariat-dune-vision-convergente-de-lexcellence-industrielle\/#article","isPartOf":{"@id":"https:\/\/www.emballagedigest.fr\/cerelia-cama-le-partenariat-dune-vision-convergente-de-lexcellence-industrielle\/"},"author":{"name":"Karine Duval","@id":"https:\/\/www.emballagedigest.fr\/#\/schema\/person\/76abe9f2b2ee4d3d520594c7a35da59f"},"headline":"C\u00e9r\u00e9lia &amp; Cama : le partenariat d\u2019une vision convergente de l\u2019excellence industrielle","datePublished":"2025-04-01T13:26:37+00:00","dateModified":"2025-04-30T20:18:48+00:00","mainEntityOfPage":{"@id":"https:\/\/www.emballagedigest.fr\/cerelia-cama-le-partenariat-dune-vision-convergente-de-lexcellence-industrielle\/"},"wordCount":1274,"publisher":{"@id":"https:\/\/www.emballagedigest.fr\/#organization"},"image":{"@id":"https:\/\/www.emballagedigest.fr\/cerelia-cama-le-partenariat-dune-vision-convergente-de-lexcellence-industrielle\/#primaryimage"},"thumbnailUrl":"https:\/\/www.emballagedigest.fr\/wp-content\/uploads\/2025\/04\/Cama1.jpg","articleSection":["Alimentaire","Article entier","Mat\u00e9riel"],"inLanguage":"en-GB"},{"@type":"WebPage","@id":"https:\/\/www.emballagedigest.fr\/cerelia-cama-le-partenariat-dune-vision-convergente-de-lexcellence-industrielle\/","url":"https:\/\/www.emballagedigest.fr\/cerelia-cama-le-partenariat-dune-vision-convergente-de-lexcellence-industrielle\/","name":"C\u00e9r\u00e9lia &amp; Cama : le partenariat d\u2019une vision convergente de l\u2019excellence industrielle - Emballage Digest","isPartOf":{"@id":"https:\/\/www.emballagedigest.fr\/#website"},"primaryImageOfPage":{"@id":"https:\/\/www.emballagedigest.fr\/cerelia-cama-le-partenariat-dune-vision-convergente-de-lexcellence-industrielle\/#primaryimage"},"image":{"@id":"https:\/\/www.emballagedigest.fr\/cerelia-cama-le-partenariat-dune-vision-convergente-de-lexcellence-industrielle\/#primaryimage"},"thumbnailUrl":"https:\/\/www.emballagedigest.fr\/wp-content\/uploads\/2025\/04\/Cama1.jpg","datePublished":"2025-04-01T13:26:37+00:00","dateModified":"2025-04-30T20:18:48+00:00","breadcrumb":{"@id":"https:\/\/www.emballagedigest.fr\/cerelia-cama-le-partenariat-dune-vision-convergente-de-lexcellence-industrielle\/#breadcrumb"},"inLanguage":"en-GB","potentialAction":[{"@type":"ReadAction","target":["https:\/\/www.emballagedigest.fr\/cerelia-cama-le-partenariat-dune-vision-convergente-de-lexcellence-industrielle\/"]}]},{"@type":"ImageObject","inLanguage":"en-GB","@id":"https:\/\/www.emballagedigest.fr\/cerelia-cama-le-partenariat-dune-vision-convergente-de-lexcellence-industrielle\/#primaryimage","url":"https:\/\/www.emballagedigest.fr\/wp-content\/uploads\/2025\/04\/Cama1.jpg","contentUrl":"https:\/\/www.emballagedigest.fr\/wp-content\/uploads\/2025\/04\/Cama1.jpg","width":800,"height":554},{"@type":"BreadcrumbList","@id":"https:\/\/www.emballagedigest.fr\/cerelia-cama-le-partenariat-dune-vision-convergente-de-lexcellence-industrielle\/#breadcrumb","itemListElement":[{"@type":"ListItem","position":1,"name":"Accueil","item":"https:\/\/www.emballagedigest.fr\/"},{"@type":"ListItem","position":2,"name":"C\u00e9r\u00e9lia &amp; Cama : le partenariat d\u2019une vision convergente de l\u2019excellence industrielle"}]},{"@type":"WebSite","@id":"https:\/\/www.emballagedigest.fr\/#website","url":"https:\/\/www.emballagedigest.fr\/","name":"Emballage Digest","description":"Revue professionnelle sur les emballages","publisher":{"@id":"https:\/\/www.emballagedigest.fr\/#organization"},"potentialAction":[{"@type":"SearchAction","target":{"@type":"EntryPoint","urlTemplate":"https:\/\/www.emballagedigest.fr\/?s={search_term_string}"},"query-input":{"@type":"PropertyValueSpecification","valueRequired":true,"valueName":"search_term_string"}}],"inLanguage":"en-GB"},{"@type":"Organization","@id":"https:\/\/www.emballagedigest.fr\/#organization","name":"Emballage Digest","url":"https:\/\/www.emballagedigest.fr\/","logo":{"@type":"ImageObject","inLanguage":"en-GB","@id":"https:\/\/www.emballagedigest.fr\/#\/schema\/logo\/image\/","url":"https:\/\/www.emballagedigest.fr\/wp-content\/uploads\/2022\/07\/logo-ed.png","contentUrl":"https:\/\/www.emballagedigest.fr\/wp-content\/uploads\/2022\/07\/logo-ed.png","width":379,"height":75,"caption":"Emballage Digest"},"image":{"@id":"https:\/\/www.emballagedigest.fr\/#\/schema\/logo\/image\/"}},{"@type":"Person","@id":"https:\/\/www.emballagedigest.fr\/#\/schema\/person\/76abe9f2b2ee4d3d520594c7a35da59f","name":"Karine Duval","image":{"@type":"ImageObject","inLanguage":"en-GB","@id":"https:\/\/www.emballagedigest.fr\/#\/schema\/person\/image\/","url":"https:\/\/secure.gravatar.com\/avatar\/f552799261cdd2e076e6677d780ef07bdb13aa4c196ab75b39abcbcdcae2d4e5?s=96&d=mm&r=g","contentUrl":"https:\/\/secure.gravatar.com\/avatar\/f552799261cdd2e076e6677d780ef07bdb13aa4c196ab75b39abcbcdcae2d4e5?s=96&d=mm&r=g","caption":"Karine Duval"},"url":"https:\/\/www.emballagedigest.fr\/en\/author\/admin_karduv\/"}]}},"_links":{"self":[{"href":"https:\/\/www.emballagedigest.fr\/en\/wp-json\/wp\/v2\/posts\/44138","targetHints":{"allow":["GET"]}}],"collection":[{"href":"https:\/\/www.emballagedigest.fr\/en\/wp-json\/wp\/v2\/posts"}],"about":[{"href":"https:\/\/www.emballagedigest.fr\/en\/wp-json\/wp\/v2\/types\/post"}],"author":[{"embeddable":true,"href":"https:\/\/www.emballagedigest.fr\/en\/wp-json\/wp\/v2\/users\/2"}],"replies":[{"embeddable":true,"href":"https:\/\/www.emballagedigest.fr\/en\/wp-json\/wp\/v2\/comments?post=44138"}],"version-history":[{"count":4,"href":"https:\/\/www.emballagedigest.fr\/en\/wp-json\/wp\/v2\/posts\/44138\/revisions"}],"predecessor-version":[{"id":44156,"href":"https:\/\/www.emballagedigest.fr\/en\/wp-json\/wp\/v2\/posts\/44138\/revisions\/44156"}],"wp:featuredmedia":[{"embeddable":true,"href":"https:\/\/www.emballagedigest.fr\/en\/wp-json\/wp\/v2\/media\/44139"}],"wp:attachment":[{"href":"https:\/\/www.emballagedigest.fr\/en\/wp-json\/wp\/v2\/media?parent=44138"}],"wp:term":[{"taxonomy":"category","embeddable":true,"href":"https:\/\/www.emballagedigest.fr\/en\/wp-json\/wp\/v2\/categories?post=44138"},{"taxonomy":"post_tag","embeddable":true,"href":"https:\/\/www.emballagedigest.fr\/en\/wp-json\/wp\/v2\/tags?post=44138"}],"curies":[{"name":"wp","href":"https:\/\/api.w.org\/{rel}","templated":true}]}}