{"id":44178,"date":"2025-04-04T08:57:36","date_gmt":"2025-04-04T06:57:36","guid":{"rendered":"https:\/\/www.emballagedigest.fr\/?p=44178"},"modified":"2025-04-04T08:57:37","modified_gmt":"2025-04-04T06:57:37","slug":"durst-group-annonce-lacquisition-de-callas-software","status":"publish","type":"post","link":"https:\/\/www.emballagedigest.fr\/en\/durst-group-annonce-lacquisition-de-callas-software\/","title":{"rendered":"Durst Group annonce l\u2019acquisition de callas software"},"content":{"rendered":"<p><strong>Le groupe Durst, fournisseur de technologies d\u2019impression et de production num\u00e9riques, annonce l\u2019acquisition de callas software. Cette derni\u00e8re est l\u2019un des principaux fournisseurs de solutions d\u2019automatisation pr\u00e9presse et de technologies PDF, jouant un r\u00f4le cl\u00e9 dans de nombreux flux de production \u2013 soit directement, soit en tant que composant OEM dans les principales solutions de pr\u00e9presse.<\/strong><\/p>\n\n\n\n<p>Avec cette acquisition, le groupe Durst renforce sa strat\u00e9gie logicielle en misant sur l\u2019ouverture et la connectivit\u00e9 dans le secteur de l\u2019impression. L\u2019objectif : une automatisation intelligente et fluide entre les machines, les logiciels et les processus d\u2019impression. callas software conservera son autonomie en mati\u00e8re de direction et de d\u00e9veloppement produit.<\/p>\n\n\n\n<p>Pour les clients et partenaires OEM de callas, cette acquisition garantit stabilit\u00e9 et nouvelles perspectives technologiques. Gr\u00e2ce aux ressources du Groupe Durst, callas pourra faire \u00e9voluer sa technologie tout en restant ind\u00e9pendante. A noter, les contrats OEM restent inchang\u00e9s. Avantages : des int\u00e9grations possibles gr\u00e2ce \u00e0 l\u2019acc\u00e8s aux technologies logicielles du groupe Durst.<\/p>\n\n\n\n<p>\u00ab L\u2019ind\u00e9pendance de callas \u00e9tait une condition indispensable pour rejoindre le Groupe Durst. Nos clients doivent pouvoir continuer \u00e0 compter sur callas comme partenaire de confiance \u2013 avec d\u00e9sormais une base solide pour innover durablement \u00bb, d\u00e9clare Dietrich von Seggern, pdg de callas software.<\/p>\n\n\n\n<p>Gr\u00e2ce \u00e0 cette acquisition, le groupe Durst intensifie sa strat\u00e9gie visant \u00e0 cr\u00e9er une plateforme logicielle ouverte et connect\u00e9e pour l\u2019industrie graphique. callas jouera un r\u00f4le central pour interconnecter des solutions isol\u00e9es et offrir aux prestataires de services d\u2019impression plus d\u2019efficacit\u00e9, d\u2019\u00e9volutivit\u00e9 et de flexibilit\u00e9.<\/p>\n\n\n\n<p>Dans les mois \u00e0 venir, la collaboration entre callas software et le Groupe Durst sera renforc\u00e9e. Objectif : exploiter au mieux les synergies et acc\u00e9l\u00e9rer le d\u00e9veloppement d\u2019une plateforme logicielle ouverte et ind\u00e9pendante des fournisseurs. \u00ab Avec callas \u00e0 nos c\u00f4t\u00e9s, nous rendons les logiciels d\u2019impression plus intelligents, plus connect\u00e9s et plus puissants. Les meilleures solutions naissent de la collaboration entre des partenaires solides partageant une vision commune \u00bb, affirme Christoph Gamper, pdg et copropri\u00e9taire du groupe Durst.<\/p>","protected":false},"excerpt":{"rendered":"<p>Le groupe Durst, fournisseur de technologies d\u2019impression et de production num\u00e9riques, annonce l\u2019acquisition de callas software. Cette derni\u00e8re est l\u2019un des principaux fournisseurs de solutions d\u2019automatisation pr\u00e9presse et de technologies PDF, jouant un r\u00f4le cl\u00e9 dans de nombreux flux de production \u2013 soit directement, soit en tant que composant OEM dans les principales solutions de [&hellip;]<\/p>","protected":false},"author":2,"featured_media":44179,"comment_status":"closed","ping_status":"closed","sticky":false,"template":"","format":"standard","meta":{"_acf_changed":false,"inline_featured_image":false,"iawp_total_views":1,"footnotes":""},"categories":[28,9],"tags":[],"class_list":["post-44178","post","type-post","status-publish","format-standard","has-post-thumbnail","hentry","category-article-entier","category-materiel"],"acf":[],"yoast_head":"<!-- This site is optimized with the Yoast SEO plugin v24.4 - https:\/\/yoast.com\/wordpress\/plugins\/seo\/ -->\n<title>Durst Group annonce l\u2019acquisition de callas software - Emballage Digest<\/title>\n<meta name=\"robots\" content=\"index, follow, max-snippet:-1, max-image-preview:large, max-video-preview:-1\" \/>\n<link rel=\"canonical\" href=\"https:\/\/www.emballagedigest.fr\/en\/durst-group-annonce-lacquisition-de-callas-software\/\" \/>\n<meta property=\"og:locale\" content=\"en_GB\" \/>\n<meta property=\"og:type\" content=\"article\" \/>\n<meta property=\"og:title\" content=\"Durst Group annonce l\u2019acquisition de callas software - Emballage Digest\" \/>\n<meta property=\"og:description\" content=\"Le groupe Durst, fournisseur de technologies d\u2019impression et de production num\u00e9riques, annonce l\u2019acquisition de callas software. Cette derni\u00e8re est l\u2019un des principaux fournisseurs de solutions d\u2019automatisation pr\u00e9presse et de technologies PDF, jouant un r\u00f4le cl\u00e9 dans de nombreux flux de production \u2013 soit directement, soit en tant que composant OEM dans les principales solutions de [&hellip;]\" \/>\n<meta property=\"og:url\" content=\"https:\/\/www.emballagedigest.fr\/en\/durst-group-annonce-lacquisition-de-callas-software\/\" \/>\n<meta property=\"og:site_name\" content=\"Emballage Digest\" \/>\n<meta property=\"article:published_time\" content=\"2025-04-04T06:57:36+00:00\" \/>\n<meta property=\"article:modified_time\" content=\"2025-04-04T06:57:37+00:00\" \/>\n<meta property=\"og:image\" content=\"https:\/\/www.emballagedigest.fr\/wp-content\/uploads\/2025\/04\/DURST.jpg\" \/>\n\t<meta property=\"og:image:width\" content=\"800\" \/>\n\t<meta property=\"og:image:height\" content=\"599\" \/>\n\t<meta property=\"og:image:type\" content=\"image\/jpeg\" \/>\n<meta name=\"author\" content=\"Karine Duval\" \/>\n<meta name=\"twitter:card\" content=\"summary_large_image\" \/>\n<meta name=\"twitter:label1\" content=\"Written by\" \/>\n\t<meta name=\"twitter:data1\" content=\"Karine Duval\" \/>\n\t<meta name=\"twitter:label2\" content=\"Estimated reading time\" \/>\n\t<meta name=\"twitter:data2\" content=\"2 minutes\" \/>\n<script type=\"application\/ld+json\" class=\"yoast-schema-graph\">{\"@context\":\"https:\/\/schema.org\",\"@graph\":[{\"@type\":\"Article\",\"@id\":\"https:\/\/www.emballagedigest.fr\/durst-group-annonce-lacquisition-de-callas-software\/#article\",\"isPartOf\":{\"@id\":\"https:\/\/www.emballagedigest.fr\/durst-group-annonce-lacquisition-de-callas-software\/\"},\"author\":{\"name\":\"Karine Duval\",\"@id\":\"https:\/\/www.emballagedigest.fr\/#\/schema\/person\/76abe9f2b2ee4d3d520594c7a35da59f\"},\"headline\":\"Durst Group annonce l\u2019acquisition de callas software\",\"datePublished\":\"2025-04-04T06:57:36+00:00\",\"dateModified\":\"2025-04-04T06:57:37+00:00\",\"mainEntityOfPage\":{\"@id\":\"https:\/\/www.emballagedigest.fr\/durst-group-annonce-lacquisition-de-callas-software\/\"},\"wordCount\":368,\"publisher\":{\"@id\":\"https:\/\/www.emballagedigest.fr\/#organization\"},\"image\":{\"@id\":\"https:\/\/www.emballagedigest.fr\/durst-group-annonce-lacquisition-de-callas-software\/#primaryimage\"},\"thumbnailUrl\":\"https:\/\/www.emballagedigest.fr\/wp-content\/uploads\/2025\/04\/DURST.jpg\",\"articleSection\":[\"Article entier\",\"Mat\u00e9riel\"],\"inLanguage\":\"en-GB\"},{\"@type\":\"WebPage\",\"@id\":\"https:\/\/www.emballagedigest.fr\/durst-group-annonce-lacquisition-de-callas-software\/\",\"url\":\"https:\/\/www.emballagedigest.fr\/durst-group-annonce-lacquisition-de-callas-software\/\",\"name\":\"Durst Group annonce l\u2019acquisition de callas software - Emballage Digest\",\"isPartOf\":{\"@id\":\"https:\/\/www.emballagedigest.fr\/#website\"},\"primaryImageOfPage\":{\"@id\":\"https:\/\/www.emballagedigest.fr\/durst-group-annonce-lacquisition-de-callas-software\/#primaryimage\"},\"image\":{\"@id\":\"https:\/\/www.emballagedigest.fr\/durst-group-annonce-lacquisition-de-callas-software\/#primaryimage\"},\"thumbnailUrl\":\"https:\/\/www.emballagedigest.fr\/wp-content\/uploads\/2025\/04\/DURST.jpg\",\"datePublished\":\"2025-04-04T06:57:36+00:00\",\"dateModified\":\"2025-04-04T06:57:37+00:00\",\"breadcrumb\":{\"@id\":\"https:\/\/www.emballagedigest.fr\/durst-group-annonce-lacquisition-de-callas-software\/#breadcrumb\"},\"inLanguage\":\"en-GB\",\"potentialAction\":[{\"@type\":\"ReadAction\",\"target\":[\"https:\/\/www.emballagedigest.fr\/durst-group-annonce-lacquisition-de-callas-software\/\"]}]},{\"@type\":\"ImageObject\",\"inLanguage\":\"en-GB\",\"@id\":\"https:\/\/www.emballagedigest.fr\/durst-group-annonce-lacquisition-de-callas-software\/#primaryimage\",\"url\":\"https:\/\/www.emballagedigest.fr\/wp-content\/uploads\/2025\/04\/DURST.jpg\",\"contentUrl\":\"https:\/\/www.emballagedigest.fr\/wp-content\/uploads\/2025\/04\/DURST.jpg\",\"width\":800,\"height\":599},{\"@type\":\"BreadcrumbList\",\"@id\":\"https:\/\/www.emballagedigest.fr\/durst-group-annonce-lacquisition-de-callas-software\/#breadcrumb\",\"itemListElement\":[{\"@type\":\"ListItem\",\"position\":1,\"name\":\"Accueil\",\"item\":\"https:\/\/www.emballagedigest.fr\/\"},{\"@type\":\"ListItem\",\"position\":2,\"name\":\"Durst Group annonce l\u2019acquisition de callas software\"}]},{\"@type\":\"WebSite\",\"@id\":\"https:\/\/www.emballagedigest.fr\/#website\",\"url\":\"https:\/\/www.emballagedigest.fr\/\",\"name\":\"Emballage Digest\",\"description\":\"Revue professionnelle sur les emballages\",\"publisher\":{\"@id\":\"https:\/\/www.emballagedigest.fr\/#organization\"},\"potentialAction\":[{\"@type\":\"SearchAction\",\"target\":{\"@type\":\"EntryPoint\",\"urlTemplate\":\"https:\/\/www.emballagedigest.fr\/?s={search_term_string}\"},\"query-input\":{\"@type\":\"PropertyValueSpecification\",\"valueRequired\":true,\"valueName\":\"search_term_string\"}}],\"inLanguage\":\"en-GB\"},{\"@type\":\"Organization\",\"@id\":\"https:\/\/www.emballagedigest.fr\/#organization\",\"name\":\"Emballage Digest\",\"url\":\"https:\/\/www.emballagedigest.fr\/\",\"logo\":{\"@type\":\"ImageObject\",\"inLanguage\":\"en-GB\",\"@id\":\"https:\/\/www.emballagedigest.fr\/#\/schema\/logo\/image\/\",\"url\":\"https:\/\/www.emballagedigest.fr\/wp-content\/uploads\/2022\/07\/logo-ed.png\",\"contentUrl\":\"https:\/\/www.emballagedigest.fr\/wp-content\/uploads\/2022\/07\/logo-ed.png\",\"width\":379,\"height\":75,\"caption\":\"Emballage Digest\"},\"image\":{\"@id\":\"https:\/\/www.emballagedigest.fr\/#\/schema\/logo\/image\/\"}},{\"@type\":\"Person\",\"@id\":\"https:\/\/www.emballagedigest.fr\/#\/schema\/person\/76abe9f2b2ee4d3d520594c7a35da59f\",\"name\":\"Karine Duval\",\"image\":{\"@type\":\"ImageObject\",\"inLanguage\":\"en-GB\",\"@id\":\"https:\/\/www.emballagedigest.fr\/#\/schema\/person\/image\/\",\"url\":\"https:\/\/secure.gravatar.com\/avatar\/f552799261cdd2e076e6677d780ef07bdb13aa4c196ab75b39abcbcdcae2d4e5?s=96&d=mm&r=g\",\"contentUrl\":\"https:\/\/secure.gravatar.com\/avatar\/f552799261cdd2e076e6677d780ef07bdb13aa4c196ab75b39abcbcdcae2d4e5?s=96&d=mm&r=g\",\"caption\":\"Karine Duval\"},\"url\":\"https:\/\/www.emballagedigest.fr\/en\/author\/admin_karduv\/\"}]}<\/script>\n<!-- \/ Yoast SEO plugin. -->","yoast_head_json":{"title":"Durst Group annonce l\u2019acquisition de callas software - Emballage Digest","robots":{"index":"index","follow":"follow","max-snippet":"max-snippet:-1","max-image-preview":"max-image-preview:large","max-video-preview":"max-video-preview:-1"},"canonical":"https:\/\/www.emballagedigest.fr\/en\/durst-group-annonce-lacquisition-de-callas-software\/","og_locale":"en_GB","og_type":"article","og_title":"Durst Group annonce l\u2019acquisition de callas software - Emballage Digest","og_description":"Le groupe Durst, fournisseur de technologies d\u2019impression et de production num\u00e9riques, annonce l\u2019acquisition de callas software. Cette derni\u00e8re est l\u2019un des principaux fournisseurs de solutions d\u2019automatisation pr\u00e9presse et de technologies PDF, jouant un r\u00f4le cl\u00e9 dans de nombreux flux de production \u2013 soit directement, soit en tant que composant OEM dans les principales solutions de [&hellip;]","og_url":"https:\/\/www.emballagedigest.fr\/en\/durst-group-annonce-lacquisition-de-callas-software\/","og_site_name":"Emballage Digest","article_published_time":"2025-04-04T06:57:36+00:00","article_modified_time":"2025-04-04T06:57:37+00:00","og_image":[{"width":800,"height":599,"url":"https:\/\/www.emballagedigest.fr\/wp-content\/uploads\/2025\/04\/DURST.jpg","type":"image\/jpeg"}],"author":"Karine Duval","twitter_card":"summary_large_image","twitter_misc":{"Written by":"Karine Duval","Estimated reading time":"2 minutes"},"schema":{"@context":"https:\/\/schema.org","@graph":[{"@type":"Article","@id":"https:\/\/www.emballagedigest.fr\/durst-group-annonce-lacquisition-de-callas-software\/#article","isPartOf":{"@id":"https:\/\/www.emballagedigest.fr\/durst-group-annonce-lacquisition-de-callas-software\/"},"author":{"name":"Karine Duval","@id":"https:\/\/www.emballagedigest.fr\/#\/schema\/person\/76abe9f2b2ee4d3d520594c7a35da59f"},"headline":"Durst Group annonce l\u2019acquisition de callas software","datePublished":"2025-04-04T06:57:36+00:00","dateModified":"2025-04-04T06:57:37+00:00","mainEntityOfPage":{"@id":"https:\/\/www.emballagedigest.fr\/durst-group-annonce-lacquisition-de-callas-software\/"},"wordCount":368,"publisher":{"@id":"https:\/\/www.emballagedigest.fr\/#organization"},"image":{"@id":"https:\/\/www.emballagedigest.fr\/durst-group-annonce-lacquisition-de-callas-software\/#primaryimage"},"thumbnailUrl":"https:\/\/www.emballagedigest.fr\/wp-content\/uploads\/2025\/04\/DURST.jpg","articleSection":["Article entier","Mat\u00e9riel"],"inLanguage":"en-GB"},{"@type":"WebPage","@id":"https:\/\/www.emballagedigest.fr\/durst-group-annonce-lacquisition-de-callas-software\/","url":"https:\/\/www.emballagedigest.fr\/durst-group-annonce-lacquisition-de-callas-software\/","name":"Durst Group annonce l\u2019acquisition de callas software - Emballage Digest","isPartOf":{"@id":"https:\/\/www.emballagedigest.fr\/#website"},"primaryImageOfPage":{"@id":"https:\/\/www.emballagedigest.fr\/durst-group-annonce-lacquisition-de-callas-software\/#primaryimage"},"image":{"@id":"https:\/\/www.emballagedigest.fr\/durst-group-annonce-lacquisition-de-callas-software\/#primaryimage"},"thumbnailUrl":"https:\/\/www.emballagedigest.fr\/wp-content\/uploads\/2025\/04\/DURST.jpg","datePublished":"2025-04-04T06:57:36+00:00","dateModified":"2025-04-04T06:57:37+00:00","breadcrumb":{"@id":"https:\/\/www.emballagedigest.fr\/durst-group-annonce-lacquisition-de-callas-software\/#breadcrumb"},"inLanguage":"en-GB","potentialAction":[{"@type":"ReadAction","target":["https:\/\/www.emballagedigest.fr\/durst-group-annonce-lacquisition-de-callas-software\/"]}]},{"@type":"ImageObject","inLanguage":"en-GB","@id":"https:\/\/www.emballagedigest.fr\/durst-group-annonce-lacquisition-de-callas-software\/#primaryimage","url":"https:\/\/www.emballagedigest.fr\/wp-content\/uploads\/2025\/04\/DURST.jpg","contentUrl":"https:\/\/www.emballagedigest.fr\/wp-content\/uploads\/2025\/04\/DURST.jpg","width":800,"height":599},{"@type":"BreadcrumbList","@id":"https:\/\/www.emballagedigest.fr\/durst-group-annonce-lacquisition-de-callas-software\/#breadcrumb","itemListElement":[{"@type":"ListItem","position":1,"name":"Accueil","item":"https:\/\/www.emballagedigest.fr\/"},{"@type":"ListItem","position":2,"name":"Durst Group annonce l\u2019acquisition de callas software"}]},{"@type":"WebSite","@id":"https:\/\/www.emballagedigest.fr\/#website","url":"https:\/\/www.emballagedigest.fr\/","name":"Emballage Digest","description":"Revue professionnelle sur les emballages","publisher":{"@id":"https:\/\/www.emballagedigest.fr\/#organization"},"potentialAction":[{"@type":"SearchAction","target":{"@type":"EntryPoint","urlTemplate":"https:\/\/www.emballagedigest.fr\/?s={search_term_string}"},"query-input":{"@type":"PropertyValueSpecification","valueRequired":true,"valueName":"search_term_string"}}],"inLanguage":"en-GB"},{"@type":"Organization","@id":"https:\/\/www.emballagedigest.fr\/#organization","name":"Emballage Digest","url":"https:\/\/www.emballagedigest.fr\/","logo":{"@type":"ImageObject","inLanguage":"en-GB","@id":"https:\/\/www.emballagedigest.fr\/#\/schema\/logo\/image\/","url":"https:\/\/www.emballagedigest.fr\/wp-content\/uploads\/2022\/07\/logo-ed.png","contentUrl":"https:\/\/www.emballagedigest.fr\/wp-content\/uploads\/2022\/07\/logo-ed.png","width":379,"height":75,"caption":"Emballage Digest"},"image":{"@id":"https:\/\/www.emballagedigest.fr\/#\/schema\/logo\/image\/"}},{"@type":"Person","@id":"https:\/\/www.emballagedigest.fr\/#\/schema\/person\/76abe9f2b2ee4d3d520594c7a35da59f","name":"Karine Duval","image":{"@type":"ImageObject","inLanguage":"en-GB","@id":"https:\/\/www.emballagedigest.fr\/#\/schema\/person\/image\/","url":"https:\/\/secure.gravatar.com\/avatar\/f552799261cdd2e076e6677d780ef07bdb13aa4c196ab75b39abcbcdcae2d4e5?s=96&d=mm&r=g","contentUrl":"https:\/\/secure.gravatar.com\/avatar\/f552799261cdd2e076e6677d780ef07bdb13aa4c196ab75b39abcbcdcae2d4e5?s=96&d=mm&r=g","caption":"Karine Duval"},"url":"https:\/\/www.emballagedigest.fr\/en\/author\/admin_karduv\/"}]}},"_links":{"self":[{"href":"https:\/\/www.emballagedigest.fr\/en\/wp-json\/wp\/v2\/posts\/44178","targetHints":{"allow":["GET"]}}],"collection":[{"href":"https:\/\/www.emballagedigest.fr\/en\/wp-json\/wp\/v2\/posts"}],"about":[{"href":"https:\/\/www.emballagedigest.fr\/en\/wp-json\/wp\/v2\/types\/post"}],"author":[{"embeddable":true,"href":"https:\/\/www.emballagedigest.fr\/en\/wp-json\/wp\/v2\/users\/2"}],"replies":[{"embeddable":true,"href":"https:\/\/www.emballagedigest.fr\/en\/wp-json\/wp\/v2\/comments?post=44178"}],"version-history":[{"count":2,"href":"https:\/\/www.emballagedigest.fr\/en\/wp-json\/wp\/v2\/posts\/44178\/revisions"}],"predecessor-version":[{"id":44181,"href":"https:\/\/www.emballagedigest.fr\/en\/wp-json\/wp\/v2\/posts\/44178\/revisions\/44181"}],"wp:featuredmedia":[{"embeddable":true,"href":"https:\/\/www.emballagedigest.fr\/en\/wp-json\/wp\/v2\/media\/44179"}],"wp:attachment":[{"href":"https:\/\/www.emballagedigest.fr\/en\/wp-json\/wp\/v2\/media?parent=44178"}],"wp:term":[{"taxonomy":"category","embeddable":true,"href":"https:\/\/www.emballagedigest.fr\/en\/wp-json\/wp\/v2\/categories?post=44178"},{"taxonomy":"post_tag","embeddable":true,"href":"https:\/\/www.emballagedigest.fr\/en\/wp-json\/wp\/v2\/tags?post=44178"}],"curies":[{"name":"wp","href":"https:\/\/api.w.org\/{rel}","templated":true}]}}