{"id":44195,"date":"2025-04-08T00:16:25","date_gmt":"2025-04-07T22:16:25","guid":{"rendered":"https:\/\/www.emballagedigest.fr\/?p=44195"},"modified":"2025-04-09T11:08:52","modified_gmt":"2025-04-09T09:08:52","slug":"surtri-des-emballages-plastiques-sepur-remporte-lami-de-citeo","status":"publish","type":"post","link":"https:\/\/www.emballagedigest.fr\/en\/surtri-des-emballages-plastiques-sepur-remporte-lami-de-citeo\/","title":{"rendered":"Surtri des emballages plastiques : Sepur remporte l\u2019AMI de Citeo"},"content":{"rendered":"<p><strong>L\u2019\u00e9co-organisme Citeo a choisi de confier son 4<sup>e<\/sup> centre de surtri des emballages plastiques \u00e0 la soci\u00e9t\u00e9 Sepur. Ce nouveau site sera situ\u00e9 \u00e0 Thiverval-Grignon (78), proche de la r\u00e9gion parisienne, et pourra traiter 30 000 tonnes d\u2019emballages m\u00e9nagers en plastique d\u00e8s la fin 2026.<\/strong><\/p>\n\n\n\n<p>Lanc\u00e9 en mars 2024, cet Appel \u00e0 Manifestation d\u2019Int\u00e9r\u00eat (AMI) pour la cr\u00e9ation d\u2019un quatri\u00e8me centre de surtri des emballages plastique imposait une localisation dans le quart Nord-Ouest de la France, pour tenir compte de la situation g\u00e9ographique des trois premiers centres. Ce nouveau centre de surtri derni\u00e8re g\u00e9n\u00e9ration va permettre d\u2019atteindre au total une capacit\u00e9 de 100 000 tonnes d\u2019emballages trait\u00e9s par an, issus du flux d\u00e9veloppement rigide et du flux de plastiques en m\u00e9lange.<\/p>\n\n\n\n<p>Avec un investissement total de 70 millions d\u2019euros, Citeo a d\u00e9j\u00e0 franchi des \u00e9tapes importantes dans la mise en place de centres de surtri. En 2021, un premier AMI avait \u00e9t\u00e9 \u00e9mis pour lancer la construction de trois centres de surtri \u00e0 Beaune (Bourgogne Recyclage), Epinal (Suez), et Mende (Environnement Massif Central). Gr\u00e2ce \u00e0 cette initiative, deux centres de tri ont d\u00e9j\u00e0 \u00e9t\u00e9 inaugur\u00e9s avec Bourgogne Recyclage et Suez en 2024. Le troisi\u00e8me site \u00e0 Mende est en phase de lancement, et sera inaugur\u00e9 avant la fin d\u2019ann\u00e9e.<\/p>\n\n\n\n<figure class=\"wp-block-image size-full is-resized\"><img loading=\"lazy\" decoding=\"async\" width=\"800\" height=\"450\" src=\"https:\/\/www.emballagedigest.fr\/wp-content\/uploads\/2025\/04\/sepure2.jpg\" alt=\"\" class=\"wp-image-44197\" style=\"width:840px;height:auto\" srcset=\"https:\/\/www.emballagedigest.fr\/wp-content\/uploads\/2025\/04\/sepure2.jpg 800w, https:\/\/www.emballagedigest.fr\/wp-content\/uploads\/2025\/04\/sepure2-300x169.jpg 300w, https:\/\/www.emballagedigest.fr\/wp-content\/uploads\/2025\/04\/sepure2-768x432.jpg 768w, https:\/\/www.emballagedigest.fr\/wp-content\/uploads\/2025\/04\/sepure2-18x10.jpg 18w\" sizes=\"auto, (max-width: 800px) 100vw, 800px\" \/><\/figure>\n\n\n\n<p>Ces centres de surtri marquent une avanc\u00e9e majeure pour le recyclage des emballages m\u00e9nagers en plastique en France, et permettent de r\u00e9pondre \u00e0 l\u2019augmentation attendue du tonnage de flux d\u00e9veloppement rigide g\u00e9n\u00e9r\u00e9 par la simplification du geste de tri (on trie tous les emballages) et la modernisation du parc de centres de tri des collectivit\u00e9s locales.<\/p>\n\n\n\n<p>Pour rappel : apr\u00e8s un tri initial dans les centres de tri classiques, les emballages m\u00e9nagers du flux d\u00e9veloppement sont envoy\u00e9s dans ces centres de surtri o\u00f9 des machines de tri optique s\u00e9parent les plastiques selon leur mati\u00e8re et leur forme. Ce processus permet d&rsquo;atteindre un niveau de puret\u00e9 du tri de 95 \u00e0 98%, am\u00e9liorant ainsi l&rsquo;efficacit\u00e9 du recyclage et facilitant la transformation des plastiques en nouveaux produits. En cr\u00e9ant ainsi le maillon qui manquait jusqu\u2019\u00e0 maintenant dans la cha\u00eene de recyclage, Citeo ouvre la voie \u00e0 la possibilit\u00e9 d\u2019augmenter le volume d\u2019emballages recycl\u00e9s, notamment via des nouvelles technologies de recyclage pour refaire des emballages \u00e0 partir de ces mati\u00e8res d\u2019emballages recycl\u00e9es.<\/p>\n\n\n\n<p>Le centre de surtri de Thiverval-Grignon cohabitera avec plusieurs activit\u00e9s de l\u2019entreprise Sepur, notamment le si\u00e8ge social de l\u2019entreprise, un centre de co-compostage, un centre de tri de D\u00e9chets des Activit\u00e9s Economiques et enfin le centre de tri de collecte s\u00e9lective du Sidompe, que Sepur exploite pour le compte de la collectivit\u00e9. Ce centre pourra trier les emballages m\u00e9nagers en plastique en sept flux diff\u00e9rents \u00e9volutifs : les bouteilles en PET color\u00e9 et opaque non blanc, les bouteilles en PET opaque blanc, les barquettes en PET clair monocouches, les barquettes en PET clair multicouches, les pots de yaourt et barquettes en PS, ainsi que les bouteilles en PET clair et emballages en PEPP rigide que l\u2019on peut aussi trouver dans le flux d\u00e9veloppement, gr\u00e2ce \u00e0 15 machines de tri optique.<\/p>\n\n\n\n<p>Le d\u00e9but des travaux est pr\u00e9vu \u00e0 l\u2019automne 2025, pour un d\u00e9marrage des activit\u00e9s \u00e0 la fin de l\u2019ann\u00e9e 2026.<\/p>","protected":false},"excerpt":{"rendered":"<p>L\u2019\u00e9co-organisme Citeo a choisi de confier son 4e centre de surtri des emballages plastiques \u00e0 la soci\u00e9t\u00e9 Sepur. Ce nouveau site sera situ\u00e9 \u00e0 Thiverval-Grignon (78), proche de la r\u00e9gion parisienne, et pourra traiter 30 000 tonnes d\u2019emballages m\u00e9nagers en plastique d\u00e8s la fin 2026. Lanc\u00e9 en mars 2024, cet Appel \u00e0 Manifestation d\u2019Int\u00e9r\u00eat (AMI) [&hellip;]<\/p>","protected":false},"author":2,"featured_media":44196,"comment_status":"closed","ping_status":"closed","sticky":false,"template":"","format":"standard","meta":{"_acf_changed":false,"inline_featured_image":false,"iawp_total_views":5,"footnotes":""},"categories":[28,10,81],"tags":[],"class_list":["post-44195","post","type-post","status-publish","format-standard","has-post-thumbnail","hentry","category-article-entier","category-materiaux","category-packaging"],"acf":[],"yoast_head":"<!-- This site is optimized with the Yoast SEO plugin v24.4 - https:\/\/yoast.com\/wordpress\/plugins\/seo\/ -->\n<title>Surtri des emballages plastiques : Sepur remporte l\u2019AMI de Citeo - Emballage Digest<\/title>\n<meta name=\"robots\" content=\"index, follow, max-snippet:-1, max-image-preview:large, max-video-preview:-1\" \/>\n<link rel=\"canonical\" href=\"https:\/\/www.emballagedigest.fr\/en\/surtri-des-emballages-plastiques-sepur-remporte-lami-de-citeo\/\" \/>\n<meta property=\"og:locale\" content=\"en_GB\" \/>\n<meta property=\"og:type\" content=\"article\" \/>\n<meta property=\"og:title\" content=\"Surtri des emballages plastiques : Sepur remporte l\u2019AMI de Citeo - Emballage Digest\" \/>\n<meta property=\"og:description\" content=\"L\u2019\u00e9co-organisme Citeo a choisi de confier son 4e centre de surtri des emballages plastiques \u00e0 la soci\u00e9t\u00e9 Sepur. Ce nouveau site sera situ\u00e9 \u00e0 Thiverval-Grignon (78), proche de la r\u00e9gion parisienne, et pourra traiter 30 000 tonnes d\u2019emballages m\u00e9nagers en plastique d\u00e8s la fin 2026. Lanc\u00e9 en mars 2024, cet Appel \u00e0 Manifestation d\u2019Int\u00e9r\u00eat (AMI) [&hellip;]\" \/>\n<meta property=\"og:url\" content=\"https:\/\/www.emballagedigest.fr\/en\/surtri-des-emballages-plastiques-sepur-remporte-lami-de-citeo\/\" \/>\n<meta property=\"og:site_name\" content=\"Emballage Digest\" \/>\n<meta property=\"article:published_time\" content=\"2025-04-07T22:16:25+00:00\" \/>\n<meta property=\"article:modified_time\" content=\"2025-04-09T09:08:52+00:00\" \/>\n<meta property=\"og:image\" content=\"https:\/\/www.emballagedigest.fr\/wp-content\/uploads\/2025\/04\/sepure1.jpg\" \/>\n\t<meta property=\"og:image:width\" content=\"800\" \/>\n\t<meta property=\"og:image:height\" content=\"474\" \/>\n\t<meta property=\"og:image:type\" content=\"image\/jpeg\" \/>\n<meta name=\"author\" content=\"Karine Duval\" \/>\n<meta name=\"twitter:card\" content=\"summary_large_image\" \/>\n<meta name=\"twitter:label1\" content=\"Written by\" \/>\n\t<meta name=\"twitter:data1\" content=\"Karine Duval\" \/>\n\t<meta name=\"twitter:label2\" content=\"Estimated reading time\" \/>\n\t<meta name=\"twitter:data2\" content=\"4 minutes\" \/>\n<script type=\"application\/ld+json\" class=\"yoast-schema-graph\">{\"@context\":\"https:\/\/schema.org\",\"@graph\":[{\"@type\":\"Article\",\"@id\":\"https:\/\/www.emballagedigest.fr\/surtri-des-emballages-plastiques-sepur-remporte-lami-de-citeo\/#article\",\"isPartOf\":{\"@id\":\"https:\/\/www.emballagedigest.fr\/surtri-des-emballages-plastiques-sepur-remporte-lami-de-citeo\/\"},\"author\":{\"name\":\"Karine Duval\",\"@id\":\"https:\/\/www.emballagedigest.fr\/#\/schema\/person\/76abe9f2b2ee4d3d520594c7a35da59f\"},\"headline\":\"Surtri des emballages plastiques : Sepur remporte l\u2019AMI de Citeo\",\"datePublished\":\"2025-04-07T22:16:25+00:00\",\"dateModified\":\"2025-04-09T09:08:52+00:00\",\"mainEntityOfPage\":{\"@id\":\"https:\/\/www.emballagedigest.fr\/surtri-des-emballages-plastiques-sepur-remporte-lami-de-citeo\/\"},\"wordCount\":581,\"publisher\":{\"@id\":\"https:\/\/www.emballagedigest.fr\/#organization\"},\"image\":{\"@id\":\"https:\/\/www.emballagedigest.fr\/surtri-des-emballages-plastiques-sepur-remporte-lami-de-citeo\/#primaryimage\"},\"thumbnailUrl\":\"https:\/\/www.emballagedigest.fr\/wp-content\/uploads\/2025\/04\/sepure1.jpg\",\"articleSection\":[\"Article entier\",\"Mat\u00e9riaux\",\"Packaging\"],\"inLanguage\":\"en-GB\"},{\"@type\":\"WebPage\",\"@id\":\"https:\/\/www.emballagedigest.fr\/surtri-des-emballages-plastiques-sepur-remporte-lami-de-citeo\/\",\"url\":\"https:\/\/www.emballagedigest.fr\/surtri-des-emballages-plastiques-sepur-remporte-lami-de-citeo\/\",\"name\":\"Surtri des emballages plastiques : Sepur remporte l\u2019AMI de Citeo - Emballage Digest\",\"isPartOf\":{\"@id\":\"https:\/\/www.emballagedigest.fr\/#website\"},\"primaryImageOfPage\":{\"@id\":\"https:\/\/www.emballagedigest.fr\/surtri-des-emballages-plastiques-sepur-remporte-lami-de-citeo\/#primaryimage\"},\"image\":{\"@id\":\"https:\/\/www.emballagedigest.fr\/surtri-des-emballages-plastiques-sepur-remporte-lami-de-citeo\/#primaryimage\"},\"thumbnailUrl\":\"https:\/\/www.emballagedigest.fr\/wp-content\/uploads\/2025\/04\/sepure1.jpg\",\"datePublished\":\"2025-04-07T22:16:25+00:00\",\"dateModified\":\"2025-04-09T09:08:52+00:00\",\"breadcrumb\":{\"@id\":\"https:\/\/www.emballagedigest.fr\/surtri-des-emballages-plastiques-sepur-remporte-lami-de-citeo\/#breadcrumb\"},\"inLanguage\":\"en-GB\",\"potentialAction\":[{\"@type\":\"ReadAction\",\"target\":[\"https:\/\/www.emballagedigest.fr\/surtri-des-emballages-plastiques-sepur-remporte-lami-de-citeo\/\"]}]},{\"@type\":\"ImageObject\",\"inLanguage\":\"en-GB\",\"@id\":\"https:\/\/www.emballagedigest.fr\/surtri-des-emballages-plastiques-sepur-remporte-lami-de-citeo\/#primaryimage\",\"url\":\"https:\/\/www.emballagedigest.fr\/wp-content\/uploads\/2025\/04\/sepure1.jpg\",\"contentUrl\":\"https:\/\/www.emballagedigest.fr\/wp-content\/uploads\/2025\/04\/sepure1.jpg\",\"width\":800,\"height\":474},{\"@type\":\"BreadcrumbList\",\"@id\":\"https:\/\/www.emballagedigest.fr\/surtri-des-emballages-plastiques-sepur-remporte-lami-de-citeo\/#breadcrumb\",\"itemListElement\":[{\"@type\":\"ListItem\",\"position\":1,\"name\":\"Accueil\",\"item\":\"https:\/\/www.emballagedigest.fr\/\"},{\"@type\":\"ListItem\",\"position\":2,\"name\":\"Surtri des emballages plastiques : Sepur remporte l\u2019AMI de Citeo\"}]},{\"@type\":\"WebSite\",\"@id\":\"https:\/\/www.emballagedigest.fr\/#website\",\"url\":\"https:\/\/www.emballagedigest.fr\/\",\"name\":\"Emballage Digest\",\"description\":\"Revue professionnelle sur les emballages\",\"publisher\":{\"@id\":\"https:\/\/www.emballagedigest.fr\/#organization\"},\"potentialAction\":[{\"@type\":\"SearchAction\",\"target\":{\"@type\":\"EntryPoint\",\"urlTemplate\":\"https:\/\/www.emballagedigest.fr\/?s={search_term_string}\"},\"query-input\":{\"@type\":\"PropertyValueSpecification\",\"valueRequired\":true,\"valueName\":\"search_term_string\"}}],\"inLanguage\":\"en-GB\"},{\"@type\":\"Organization\",\"@id\":\"https:\/\/www.emballagedigest.fr\/#organization\",\"name\":\"Emballage Digest\",\"url\":\"https:\/\/www.emballagedigest.fr\/\",\"logo\":{\"@type\":\"ImageObject\",\"inLanguage\":\"en-GB\",\"@id\":\"https:\/\/www.emballagedigest.fr\/#\/schema\/logo\/image\/\",\"url\":\"https:\/\/www.emballagedigest.fr\/wp-content\/uploads\/2022\/07\/logo-ed.png\",\"contentUrl\":\"https:\/\/www.emballagedigest.fr\/wp-content\/uploads\/2022\/07\/logo-ed.png\",\"width\":379,\"height\":75,\"caption\":\"Emballage Digest\"},\"image\":{\"@id\":\"https:\/\/www.emballagedigest.fr\/#\/schema\/logo\/image\/\"}},{\"@type\":\"Person\",\"@id\":\"https:\/\/www.emballagedigest.fr\/#\/schema\/person\/76abe9f2b2ee4d3d520594c7a35da59f\",\"name\":\"Karine Duval\",\"image\":{\"@type\":\"ImageObject\",\"inLanguage\":\"en-GB\",\"@id\":\"https:\/\/www.emballagedigest.fr\/#\/schema\/person\/image\/\",\"url\":\"https:\/\/secure.gravatar.com\/avatar\/f552799261cdd2e076e6677d780ef07bdb13aa4c196ab75b39abcbcdcae2d4e5?s=96&d=mm&r=g\",\"contentUrl\":\"https:\/\/secure.gravatar.com\/avatar\/f552799261cdd2e076e6677d780ef07bdb13aa4c196ab75b39abcbcdcae2d4e5?s=96&d=mm&r=g\",\"caption\":\"Karine Duval\"},\"url\":\"https:\/\/www.emballagedigest.fr\/en\/author\/admin_karduv\/\"}]}<\/script>\n<!-- \/ Yoast SEO plugin. -->","yoast_head_json":{"title":"Surtri des emballages plastiques : Sepur remporte l\u2019AMI de Citeo - Emballage Digest","robots":{"index":"index","follow":"follow","max-snippet":"max-snippet:-1","max-image-preview":"max-image-preview:large","max-video-preview":"max-video-preview:-1"},"canonical":"https:\/\/www.emballagedigest.fr\/en\/surtri-des-emballages-plastiques-sepur-remporte-lami-de-citeo\/","og_locale":"en_GB","og_type":"article","og_title":"Surtri des emballages plastiques : Sepur remporte l\u2019AMI de Citeo - Emballage Digest","og_description":"L\u2019\u00e9co-organisme Citeo a choisi de confier son 4e centre de surtri des emballages plastiques \u00e0 la soci\u00e9t\u00e9 Sepur. Ce nouveau site sera situ\u00e9 \u00e0 Thiverval-Grignon (78), proche de la r\u00e9gion parisienne, et pourra traiter 30 000 tonnes d\u2019emballages m\u00e9nagers en plastique d\u00e8s la fin 2026. Lanc\u00e9 en mars 2024, cet Appel \u00e0 Manifestation d\u2019Int\u00e9r\u00eat (AMI) [&hellip;]","og_url":"https:\/\/www.emballagedigest.fr\/en\/surtri-des-emballages-plastiques-sepur-remporte-lami-de-citeo\/","og_site_name":"Emballage Digest","article_published_time":"2025-04-07T22:16:25+00:00","article_modified_time":"2025-04-09T09:08:52+00:00","og_image":[{"width":800,"height":474,"url":"https:\/\/www.emballagedigest.fr\/wp-content\/uploads\/2025\/04\/sepure1.jpg","type":"image\/jpeg"}],"author":"Karine Duval","twitter_card":"summary_large_image","twitter_misc":{"Written by":"Karine Duval","Estimated reading time":"4 minutes"},"schema":{"@context":"https:\/\/schema.org","@graph":[{"@type":"Article","@id":"https:\/\/www.emballagedigest.fr\/surtri-des-emballages-plastiques-sepur-remporte-lami-de-citeo\/#article","isPartOf":{"@id":"https:\/\/www.emballagedigest.fr\/surtri-des-emballages-plastiques-sepur-remporte-lami-de-citeo\/"},"author":{"name":"Karine Duval","@id":"https:\/\/www.emballagedigest.fr\/#\/schema\/person\/76abe9f2b2ee4d3d520594c7a35da59f"},"headline":"Surtri des emballages plastiques : Sepur remporte l\u2019AMI de Citeo","datePublished":"2025-04-07T22:16:25+00:00","dateModified":"2025-04-09T09:08:52+00:00","mainEntityOfPage":{"@id":"https:\/\/www.emballagedigest.fr\/surtri-des-emballages-plastiques-sepur-remporte-lami-de-citeo\/"},"wordCount":581,"publisher":{"@id":"https:\/\/www.emballagedigest.fr\/#organization"},"image":{"@id":"https:\/\/www.emballagedigest.fr\/surtri-des-emballages-plastiques-sepur-remporte-lami-de-citeo\/#primaryimage"},"thumbnailUrl":"https:\/\/www.emballagedigest.fr\/wp-content\/uploads\/2025\/04\/sepure1.jpg","articleSection":["Article entier","Mat\u00e9riaux","Packaging"],"inLanguage":"en-GB"},{"@type":"WebPage","@id":"https:\/\/www.emballagedigest.fr\/surtri-des-emballages-plastiques-sepur-remporte-lami-de-citeo\/","url":"https:\/\/www.emballagedigest.fr\/surtri-des-emballages-plastiques-sepur-remporte-lami-de-citeo\/","name":"Surtri des emballages plastiques : Sepur remporte l\u2019AMI de Citeo - Emballage Digest","isPartOf":{"@id":"https:\/\/www.emballagedigest.fr\/#website"},"primaryImageOfPage":{"@id":"https:\/\/www.emballagedigest.fr\/surtri-des-emballages-plastiques-sepur-remporte-lami-de-citeo\/#primaryimage"},"image":{"@id":"https:\/\/www.emballagedigest.fr\/surtri-des-emballages-plastiques-sepur-remporte-lami-de-citeo\/#primaryimage"},"thumbnailUrl":"https:\/\/www.emballagedigest.fr\/wp-content\/uploads\/2025\/04\/sepure1.jpg","datePublished":"2025-04-07T22:16:25+00:00","dateModified":"2025-04-09T09:08:52+00:00","breadcrumb":{"@id":"https:\/\/www.emballagedigest.fr\/surtri-des-emballages-plastiques-sepur-remporte-lami-de-citeo\/#breadcrumb"},"inLanguage":"en-GB","potentialAction":[{"@type":"ReadAction","target":["https:\/\/www.emballagedigest.fr\/surtri-des-emballages-plastiques-sepur-remporte-lami-de-citeo\/"]}]},{"@type":"ImageObject","inLanguage":"en-GB","@id":"https:\/\/www.emballagedigest.fr\/surtri-des-emballages-plastiques-sepur-remporte-lami-de-citeo\/#primaryimage","url":"https:\/\/www.emballagedigest.fr\/wp-content\/uploads\/2025\/04\/sepure1.jpg","contentUrl":"https:\/\/www.emballagedigest.fr\/wp-content\/uploads\/2025\/04\/sepure1.jpg","width":800,"height":474},{"@type":"BreadcrumbList","@id":"https:\/\/www.emballagedigest.fr\/surtri-des-emballages-plastiques-sepur-remporte-lami-de-citeo\/#breadcrumb","itemListElement":[{"@type":"ListItem","position":1,"name":"Accueil","item":"https:\/\/www.emballagedigest.fr\/"},{"@type":"ListItem","position":2,"name":"Surtri des emballages plastiques : Sepur remporte l\u2019AMI de Citeo"}]},{"@type":"WebSite","@id":"https:\/\/www.emballagedigest.fr\/#website","url":"https:\/\/www.emballagedigest.fr\/","name":"Emballage Digest","description":"Revue professionnelle sur les emballages","publisher":{"@id":"https:\/\/www.emballagedigest.fr\/#organization"},"potentialAction":[{"@type":"SearchAction","target":{"@type":"EntryPoint","urlTemplate":"https:\/\/www.emballagedigest.fr\/?s={search_term_string}"},"query-input":{"@type":"PropertyValueSpecification","valueRequired":true,"valueName":"search_term_string"}}],"inLanguage":"en-GB"},{"@type":"Organization","@id":"https:\/\/www.emballagedigest.fr\/#organization","name":"Emballage Digest","url":"https:\/\/www.emballagedigest.fr\/","logo":{"@type":"ImageObject","inLanguage":"en-GB","@id":"https:\/\/www.emballagedigest.fr\/#\/schema\/logo\/image\/","url":"https:\/\/www.emballagedigest.fr\/wp-content\/uploads\/2022\/07\/logo-ed.png","contentUrl":"https:\/\/www.emballagedigest.fr\/wp-content\/uploads\/2022\/07\/logo-ed.png","width":379,"height":75,"caption":"Emballage Digest"},"image":{"@id":"https:\/\/www.emballagedigest.fr\/#\/schema\/logo\/image\/"}},{"@type":"Person","@id":"https:\/\/www.emballagedigest.fr\/#\/schema\/person\/76abe9f2b2ee4d3d520594c7a35da59f","name":"Karine Duval","image":{"@type":"ImageObject","inLanguage":"en-GB","@id":"https:\/\/www.emballagedigest.fr\/#\/schema\/person\/image\/","url":"https:\/\/secure.gravatar.com\/avatar\/f552799261cdd2e076e6677d780ef07bdb13aa4c196ab75b39abcbcdcae2d4e5?s=96&d=mm&r=g","contentUrl":"https:\/\/secure.gravatar.com\/avatar\/f552799261cdd2e076e6677d780ef07bdb13aa4c196ab75b39abcbcdcae2d4e5?s=96&d=mm&r=g","caption":"Karine Duval"},"url":"https:\/\/www.emballagedigest.fr\/en\/author\/admin_karduv\/"}]}},"_links":{"self":[{"href":"https:\/\/www.emballagedigest.fr\/en\/wp-json\/wp\/v2\/posts\/44195","targetHints":{"allow":["GET"]}}],"collection":[{"href":"https:\/\/www.emballagedigest.fr\/en\/wp-json\/wp\/v2\/posts"}],"about":[{"href":"https:\/\/www.emballagedigest.fr\/en\/wp-json\/wp\/v2\/types\/post"}],"author":[{"embeddable":true,"href":"https:\/\/www.emballagedigest.fr\/en\/wp-json\/wp\/v2\/users\/2"}],"replies":[{"embeddable":true,"href":"https:\/\/www.emballagedigest.fr\/en\/wp-json\/wp\/v2\/comments?post=44195"}],"version-history":[{"count":1,"href":"https:\/\/www.emballagedigest.fr\/en\/wp-json\/wp\/v2\/posts\/44195\/revisions"}],"predecessor-version":[{"id":44198,"href":"https:\/\/www.emballagedigest.fr\/en\/wp-json\/wp\/v2\/posts\/44195\/revisions\/44198"}],"wp:featuredmedia":[{"embeddable":true,"href":"https:\/\/www.emballagedigest.fr\/en\/wp-json\/wp\/v2\/media\/44196"}],"wp:attachment":[{"href":"https:\/\/www.emballagedigest.fr\/en\/wp-json\/wp\/v2\/media?parent=44195"}],"wp:term":[{"taxonomy":"category","embeddable":true,"href":"https:\/\/www.emballagedigest.fr\/en\/wp-json\/wp\/v2\/categories?post=44195"},{"taxonomy":"post_tag","embeddable":true,"href":"https:\/\/www.emballagedigest.fr\/en\/wp-json\/wp\/v2\/tags?post=44195"}],"curies":[{"name":"wp","href":"https:\/\/api.w.org\/{rel}","templated":true}]}}