{"id":44209,"date":"2025-04-10T00:28:46","date_gmt":"2025-04-09T22:28:46","guid":{"rendered":"https:\/\/www.emballagedigest.fr\/?p=44209"},"modified":"2025-04-11T08:13:03","modified_gmt":"2025-04-11T06:13:03","slug":"united-caps-renforce-son-comite-de-direction-executif","status":"publish","type":"post","link":"https:\/\/www.emballagedigest.fr\/en\/united-caps-renforce-son-comite-de-direction-executif\/","title":{"rendered":"United Caps renforce son comit\u00e9 de direction ex\u00e9cutif"},"content":{"rendered":"<p><strong>United Caps, fabricant de solutions de bouchage et de fermeture, renforce son comit\u00e9 de direction ex\u00e9cutif avec deux nominations strat\u00e9giques. A savoir,<\/strong> <strong>Alan Qu\u00e9m\u00e9neur au poste de Chief Growth Officer et Agn\u00e8s Parmentier \u00e0 celui de Chief Human Resources Officer.<\/strong><\/p>\n\n\n\n<p>Ces nouveaux talents aideront le groupe \u00e0 stimuler sa croissance et \u00e0 garantir un environnement de travail mettant en avant l\u2019innovation et le service client. Objectif&nbsp;: renforcer sa position sur le march\u00e9 et \u00e9tendre sa pr\u00e9sence mondiale. Alan Qu\u00e9m\u00e9neur sera ainsi en charge de piloter la transformation de l\u2019entreprise, l\u2019engagement client et la croissance du chiffre d\u2019affaires, tout en maintenant un accent fort sur l\u2019introduction de solutions durables sur le march\u00e9. Quant \u00e0 Agn\u00e8s Parmentier, elle est nomm\u00e9e Chief Human Resources Officer (CHRO) et concentrera ses efforts sur le renforcement des talents et de la culture de l\u2019entreprise pour accompagner l\u2019expansion.<\/p>\n\n\n\n<p>Alan Qu\u00e9m\u00e9neur apporte une vaste exp\u00e9rience en croissance strat\u00e9gique, expansion de march\u00e9 et innovation centr\u00e9e sur le client. A son poste, il se concentrera sur le d\u00e9veloppement et la mise en \u0153uvre de strat\u00e9gies de croissance, l\u2019identification de nouvelles opportunit\u00e9s de march\u00e9, la promotion de l\u2019innovation produit et le renforcement de l&rsquo;engagement client. Avant de rejoindre United Caps, Alan Qu\u00e9m\u00e9neur a occup\u00e9 des postes de direction chez Berry Global et Alb\u00e9a Group. Il est titulaire d\u2019un master en ing\u00e9nierie des plastiques de l\u2019ISPA Alen\u00e7on (France) et a suivi le programme de gestion strat\u00e9gique \u00e0 l\u2019Ashton Business School.<\/p>\n\n\n\n<p>Agn\u00e8s Parmentier rejoint le groupe avec plus de 14 ans d\u2019exp\u00e9rience en leadership RH, planification globale de la main-d&rsquo;\u0153uvre et d\u00e9veloppement des talents. Son expertise en optimisation des structures RH, promotion d\u2019une culture inclusive et renforcement de l\u2019engagement des employ\u00e9s, jouera un r\u00f4le cl\u00e9 dans l\u2019am\u00e9lioration de la marque employeur de United Caps et la pr\u00e9paration d\u2019une main-d&rsquo;\u0153uvre pr\u00eate pour l\u2019avenir. En mettant l\u2019accent sur le bien-\u00eatre des employ\u00e9s, la diversit\u00e9 et le d\u00e9veloppement professionnel, Agn\u00e8s aidera le groupe \u00e0 attirer et fid\u00e9liser les meilleurs talents du secteur, renfor\u00e7ant encore la position de l\u2019entreprise en tant que leader mondial.<\/p>\n\n\n\n<p>\u00ab Ces deux recrutements hautement qualifi\u00e9s repr\u00e9sentent un investissement strat\u00e9gique dans l\u2019avenir de l\u2019entreprise et notre capacit\u00e9 \u00e0 continuer d\u2019offrir des services exceptionnels \u00e0 nos clients tout en stimulant la croissance et en maintenant un environnement de travail de classe mondiale \u00bb, a d\u00e9clar\u00e9 Benoit Henckes, pdg de United Caps.<\/p>","protected":false},"excerpt":{"rendered":"<p>United Caps, fabricant de solutions de bouchage et de fermeture, renforce son comit\u00e9 de direction ex\u00e9cutif avec deux nominations strat\u00e9giques. A savoir, Alan Qu\u00e9m\u00e9neur au poste de Chief Growth Officer et Agn\u00e8s Parmentier \u00e0 celui de Chief Human Resources Officer. Ces nouveaux talents aideront le groupe \u00e0 stimuler sa croissance et \u00e0 garantir un environnement [&hellip;]<\/p>","protected":false},"author":2,"featured_media":44210,"comment_status":"closed","ping_status":"closed","sticky":false,"template":"","format":"standard","meta":{"_acf_changed":false,"inline_featured_image":false,"iawp_total_views":9,"footnotes":""},"categories":[5,28,76,81],"tags":[],"class_list":["post-44209","post","type-post","status-publish","format-standard","has-post-thumbnail","hentry","category-alimentaire","category-article-entier","category-nomination","category-packaging"],"acf":[],"yoast_head":"<!-- This site is optimized with the Yoast SEO plugin v24.4 - https:\/\/yoast.com\/wordpress\/plugins\/seo\/ -->\n<title>United Caps renforce son comit\u00e9 de direction ex\u00e9cutif - Emballage Digest<\/title>\n<meta name=\"robots\" content=\"index, follow, max-snippet:-1, max-image-preview:large, max-video-preview:-1\" \/>\n<link rel=\"canonical\" href=\"https:\/\/www.emballagedigest.fr\/en\/united-caps-renforce-son-comite-de-direction-executif\/\" \/>\n<meta property=\"og:locale\" content=\"en_GB\" \/>\n<meta property=\"og:type\" content=\"article\" \/>\n<meta property=\"og:title\" content=\"United Caps renforce son comit\u00e9 de direction ex\u00e9cutif - Emballage Digest\" \/>\n<meta property=\"og:description\" content=\"United Caps, fabricant de solutions de bouchage et de fermeture, renforce son comit\u00e9 de direction ex\u00e9cutif avec deux nominations strat\u00e9giques. A savoir, Alan Qu\u00e9m\u00e9neur au poste de Chief Growth Officer et Agn\u00e8s Parmentier \u00e0 celui de Chief Human Resources Officer. Ces nouveaux talents aideront le groupe \u00e0 stimuler sa croissance et \u00e0 garantir un environnement [&hellip;]\" \/>\n<meta property=\"og:url\" content=\"https:\/\/www.emballagedigest.fr\/en\/united-caps-renforce-son-comite-de-direction-executif\/\" \/>\n<meta property=\"og:site_name\" content=\"Emballage Digest\" \/>\n<meta property=\"article:published_time\" content=\"2025-04-09T22:28:46+00:00\" \/>\n<meta property=\"article:modified_time\" content=\"2025-04-11T06:13:03+00:00\" \/>\n<meta property=\"og:image\" content=\"https:\/\/www.emballagedigest.fr\/wp-content\/uploads\/2025\/04\/UnitedCaps.jpg\" \/>\n\t<meta property=\"og:image:width\" content=\"800\" \/>\n\t<meta property=\"og:image:height\" content=\"486\" \/>\n\t<meta property=\"og:image:type\" content=\"image\/jpeg\" \/>\n<meta name=\"author\" content=\"Karine Duval\" \/>\n<meta name=\"twitter:card\" content=\"summary_large_image\" \/>\n<meta name=\"twitter:label1\" content=\"Written by\" \/>\n\t<meta name=\"twitter:data1\" content=\"Karine Duval\" \/>\n\t<meta name=\"twitter:label2\" content=\"Estimated reading time\" \/>\n\t<meta name=\"twitter:data2\" content=\"3 minutes\" \/>\n<script type=\"application\/ld+json\" class=\"yoast-schema-graph\">{\"@context\":\"https:\/\/schema.org\",\"@graph\":[{\"@type\":\"Article\",\"@id\":\"https:\/\/www.emballagedigest.fr\/united-caps-renforce-son-comite-de-direction-executif\/#article\",\"isPartOf\":{\"@id\":\"https:\/\/www.emballagedigest.fr\/united-caps-renforce-son-comite-de-direction-executif\/\"},\"author\":{\"name\":\"Karine Duval\",\"@id\":\"https:\/\/www.emballagedigest.fr\/#\/schema\/person\/76abe9f2b2ee4d3d520594c7a35da59f\"},\"headline\":\"United Caps renforce son comit\u00e9 de direction ex\u00e9cutif\",\"datePublished\":\"2025-04-09T22:28:46+00:00\",\"dateModified\":\"2025-04-11T06:13:03+00:00\",\"mainEntityOfPage\":{\"@id\":\"https:\/\/www.emballagedigest.fr\/united-caps-renforce-son-comite-de-direction-executif\/\"},\"wordCount\":454,\"publisher\":{\"@id\":\"https:\/\/www.emballagedigest.fr\/#organization\"},\"image\":{\"@id\":\"https:\/\/www.emballagedigest.fr\/united-caps-renforce-son-comite-de-direction-executif\/#primaryimage\"},\"thumbnailUrl\":\"https:\/\/www.emballagedigest.fr\/wp-content\/uploads\/2025\/04\/UnitedCaps.jpg\",\"articleSection\":[\"Alimentaire\",\"Article entier\",\"Nomination\",\"Packaging\"],\"inLanguage\":\"en-GB\"},{\"@type\":\"WebPage\",\"@id\":\"https:\/\/www.emballagedigest.fr\/united-caps-renforce-son-comite-de-direction-executif\/\",\"url\":\"https:\/\/www.emballagedigest.fr\/united-caps-renforce-son-comite-de-direction-executif\/\",\"name\":\"United Caps renforce son comit\u00e9 de direction ex\u00e9cutif - Emballage Digest\",\"isPartOf\":{\"@id\":\"https:\/\/www.emballagedigest.fr\/#website\"},\"primaryImageOfPage\":{\"@id\":\"https:\/\/www.emballagedigest.fr\/united-caps-renforce-son-comite-de-direction-executif\/#primaryimage\"},\"image\":{\"@id\":\"https:\/\/www.emballagedigest.fr\/united-caps-renforce-son-comite-de-direction-executif\/#primaryimage\"},\"thumbnailUrl\":\"https:\/\/www.emballagedigest.fr\/wp-content\/uploads\/2025\/04\/UnitedCaps.jpg\",\"datePublished\":\"2025-04-09T22:28:46+00:00\",\"dateModified\":\"2025-04-11T06:13:03+00:00\",\"breadcrumb\":{\"@id\":\"https:\/\/www.emballagedigest.fr\/united-caps-renforce-son-comite-de-direction-executif\/#breadcrumb\"},\"inLanguage\":\"en-GB\",\"potentialAction\":[{\"@type\":\"ReadAction\",\"target\":[\"https:\/\/www.emballagedigest.fr\/united-caps-renforce-son-comite-de-direction-executif\/\"]}]},{\"@type\":\"ImageObject\",\"inLanguage\":\"en-GB\",\"@id\":\"https:\/\/www.emballagedigest.fr\/united-caps-renforce-son-comite-de-direction-executif\/#primaryimage\",\"url\":\"https:\/\/www.emballagedigest.fr\/wp-content\/uploads\/2025\/04\/UnitedCaps.jpg\",\"contentUrl\":\"https:\/\/www.emballagedigest.fr\/wp-content\/uploads\/2025\/04\/UnitedCaps.jpg\",\"width\":800,\"height\":486},{\"@type\":\"BreadcrumbList\",\"@id\":\"https:\/\/www.emballagedigest.fr\/united-caps-renforce-son-comite-de-direction-executif\/#breadcrumb\",\"itemListElement\":[{\"@type\":\"ListItem\",\"position\":1,\"name\":\"Accueil\",\"item\":\"https:\/\/www.emballagedigest.fr\/\"},{\"@type\":\"ListItem\",\"position\":2,\"name\":\"United Caps renforce son comit\u00e9 de direction ex\u00e9cutif\"}]},{\"@type\":\"WebSite\",\"@id\":\"https:\/\/www.emballagedigest.fr\/#website\",\"url\":\"https:\/\/www.emballagedigest.fr\/\",\"name\":\"Emballage Digest\",\"description\":\"Revue professionnelle sur les emballages\",\"publisher\":{\"@id\":\"https:\/\/www.emballagedigest.fr\/#organization\"},\"potentialAction\":[{\"@type\":\"SearchAction\",\"target\":{\"@type\":\"EntryPoint\",\"urlTemplate\":\"https:\/\/www.emballagedigest.fr\/?s={search_term_string}\"},\"query-input\":{\"@type\":\"PropertyValueSpecification\",\"valueRequired\":true,\"valueName\":\"search_term_string\"}}],\"inLanguage\":\"en-GB\"},{\"@type\":\"Organization\",\"@id\":\"https:\/\/www.emballagedigest.fr\/#organization\",\"name\":\"Emballage Digest\",\"url\":\"https:\/\/www.emballagedigest.fr\/\",\"logo\":{\"@type\":\"ImageObject\",\"inLanguage\":\"en-GB\",\"@id\":\"https:\/\/www.emballagedigest.fr\/#\/schema\/logo\/image\/\",\"url\":\"https:\/\/www.emballagedigest.fr\/wp-content\/uploads\/2022\/07\/logo-ed.png\",\"contentUrl\":\"https:\/\/www.emballagedigest.fr\/wp-content\/uploads\/2022\/07\/logo-ed.png\",\"width\":379,\"height\":75,\"caption\":\"Emballage Digest\"},\"image\":{\"@id\":\"https:\/\/www.emballagedigest.fr\/#\/schema\/logo\/image\/\"}},{\"@type\":\"Person\",\"@id\":\"https:\/\/www.emballagedigest.fr\/#\/schema\/person\/76abe9f2b2ee4d3d520594c7a35da59f\",\"name\":\"Karine Duval\",\"image\":{\"@type\":\"ImageObject\",\"inLanguage\":\"en-GB\",\"@id\":\"https:\/\/www.emballagedigest.fr\/#\/schema\/person\/image\/\",\"url\":\"https:\/\/secure.gravatar.com\/avatar\/f552799261cdd2e076e6677d780ef07bdb13aa4c196ab75b39abcbcdcae2d4e5?s=96&d=mm&r=g\",\"contentUrl\":\"https:\/\/secure.gravatar.com\/avatar\/f552799261cdd2e076e6677d780ef07bdb13aa4c196ab75b39abcbcdcae2d4e5?s=96&d=mm&r=g\",\"caption\":\"Karine Duval\"},\"url\":\"https:\/\/www.emballagedigest.fr\/en\/author\/admin_karduv\/\"}]}<\/script>\n<!-- \/ Yoast SEO plugin. -->","yoast_head_json":{"title":"United Caps renforce son comit\u00e9 de direction ex\u00e9cutif - Emballage Digest","robots":{"index":"index","follow":"follow","max-snippet":"max-snippet:-1","max-image-preview":"max-image-preview:large","max-video-preview":"max-video-preview:-1"},"canonical":"https:\/\/www.emballagedigest.fr\/en\/united-caps-renforce-son-comite-de-direction-executif\/","og_locale":"en_GB","og_type":"article","og_title":"United Caps renforce son comit\u00e9 de direction ex\u00e9cutif - Emballage Digest","og_description":"United Caps, fabricant de solutions de bouchage et de fermeture, renforce son comit\u00e9 de direction ex\u00e9cutif avec deux nominations strat\u00e9giques. A savoir, Alan Qu\u00e9m\u00e9neur au poste de Chief Growth Officer et Agn\u00e8s Parmentier \u00e0 celui de Chief Human Resources Officer. Ces nouveaux talents aideront le groupe \u00e0 stimuler sa croissance et \u00e0 garantir un environnement [&hellip;]","og_url":"https:\/\/www.emballagedigest.fr\/en\/united-caps-renforce-son-comite-de-direction-executif\/","og_site_name":"Emballage Digest","article_published_time":"2025-04-09T22:28:46+00:00","article_modified_time":"2025-04-11T06:13:03+00:00","og_image":[{"width":800,"height":486,"url":"https:\/\/www.emballagedigest.fr\/wp-content\/uploads\/2025\/04\/UnitedCaps.jpg","type":"image\/jpeg"}],"author":"Karine Duval","twitter_card":"summary_large_image","twitter_misc":{"Written by":"Karine Duval","Estimated reading time":"3 minutes"},"schema":{"@context":"https:\/\/schema.org","@graph":[{"@type":"Article","@id":"https:\/\/www.emballagedigest.fr\/united-caps-renforce-son-comite-de-direction-executif\/#article","isPartOf":{"@id":"https:\/\/www.emballagedigest.fr\/united-caps-renforce-son-comite-de-direction-executif\/"},"author":{"name":"Karine Duval","@id":"https:\/\/www.emballagedigest.fr\/#\/schema\/person\/76abe9f2b2ee4d3d520594c7a35da59f"},"headline":"United Caps renforce son comit\u00e9 de direction ex\u00e9cutif","datePublished":"2025-04-09T22:28:46+00:00","dateModified":"2025-04-11T06:13:03+00:00","mainEntityOfPage":{"@id":"https:\/\/www.emballagedigest.fr\/united-caps-renforce-son-comite-de-direction-executif\/"},"wordCount":454,"publisher":{"@id":"https:\/\/www.emballagedigest.fr\/#organization"},"image":{"@id":"https:\/\/www.emballagedigest.fr\/united-caps-renforce-son-comite-de-direction-executif\/#primaryimage"},"thumbnailUrl":"https:\/\/www.emballagedigest.fr\/wp-content\/uploads\/2025\/04\/UnitedCaps.jpg","articleSection":["Alimentaire","Article entier","Nomination","Packaging"],"inLanguage":"en-GB"},{"@type":"WebPage","@id":"https:\/\/www.emballagedigest.fr\/united-caps-renforce-son-comite-de-direction-executif\/","url":"https:\/\/www.emballagedigest.fr\/united-caps-renforce-son-comite-de-direction-executif\/","name":"United Caps renforce son comit\u00e9 de direction ex\u00e9cutif - Emballage Digest","isPartOf":{"@id":"https:\/\/www.emballagedigest.fr\/#website"},"primaryImageOfPage":{"@id":"https:\/\/www.emballagedigest.fr\/united-caps-renforce-son-comite-de-direction-executif\/#primaryimage"},"image":{"@id":"https:\/\/www.emballagedigest.fr\/united-caps-renforce-son-comite-de-direction-executif\/#primaryimage"},"thumbnailUrl":"https:\/\/www.emballagedigest.fr\/wp-content\/uploads\/2025\/04\/UnitedCaps.jpg","datePublished":"2025-04-09T22:28:46+00:00","dateModified":"2025-04-11T06:13:03+00:00","breadcrumb":{"@id":"https:\/\/www.emballagedigest.fr\/united-caps-renforce-son-comite-de-direction-executif\/#breadcrumb"},"inLanguage":"en-GB","potentialAction":[{"@type":"ReadAction","target":["https:\/\/www.emballagedigest.fr\/united-caps-renforce-son-comite-de-direction-executif\/"]}]},{"@type":"ImageObject","inLanguage":"en-GB","@id":"https:\/\/www.emballagedigest.fr\/united-caps-renforce-son-comite-de-direction-executif\/#primaryimage","url":"https:\/\/www.emballagedigest.fr\/wp-content\/uploads\/2025\/04\/UnitedCaps.jpg","contentUrl":"https:\/\/www.emballagedigest.fr\/wp-content\/uploads\/2025\/04\/UnitedCaps.jpg","width":800,"height":486},{"@type":"BreadcrumbList","@id":"https:\/\/www.emballagedigest.fr\/united-caps-renforce-son-comite-de-direction-executif\/#breadcrumb","itemListElement":[{"@type":"ListItem","position":1,"name":"Accueil","item":"https:\/\/www.emballagedigest.fr\/"},{"@type":"ListItem","position":2,"name":"United Caps renforce son comit\u00e9 de direction ex\u00e9cutif"}]},{"@type":"WebSite","@id":"https:\/\/www.emballagedigest.fr\/#website","url":"https:\/\/www.emballagedigest.fr\/","name":"Emballage Digest","description":"Revue professionnelle sur les emballages","publisher":{"@id":"https:\/\/www.emballagedigest.fr\/#organization"},"potentialAction":[{"@type":"SearchAction","target":{"@type":"EntryPoint","urlTemplate":"https:\/\/www.emballagedigest.fr\/?s={search_term_string}"},"query-input":{"@type":"PropertyValueSpecification","valueRequired":true,"valueName":"search_term_string"}}],"inLanguage":"en-GB"},{"@type":"Organization","@id":"https:\/\/www.emballagedigest.fr\/#organization","name":"Emballage Digest","url":"https:\/\/www.emballagedigest.fr\/","logo":{"@type":"ImageObject","inLanguage":"en-GB","@id":"https:\/\/www.emballagedigest.fr\/#\/schema\/logo\/image\/","url":"https:\/\/www.emballagedigest.fr\/wp-content\/uploads\/2022\/07\/logo-ed.png","contentUrl":"https:\/\/www.emballagedigest.fr\/wp-content\/uploads\/2022\/07\/logo-ed.png","width":379,"height":75,"caption":"Emballage Digest"},"image":{"@id":"https:\/\/www.emballagedigest.fr\/#\/schema\/logo\/image\/"}},{"@type":"Person","@id":"https:\/\/www.emballagedigest.fr\/#\/schema\/person\/76abe9f2b2ee4d3d520594c7a35da59f","name":"Karine Duval","image":{"@type":"ImageObject","inLanguage":"en-GB","@id":"https:\/\/www.emballagedigest.fr\/#\/schema\/person\/image\/","url":"https:\/\/secure.gravatar.com\/avatar\/f552799261cdd2e076e6677d780ef07bdb13aa4c196ab75b39abcbcdcae2d4e5?s=96&d=mm&r=g","contentUrl":"https:\/\/secure.gravatar.com\/avatar\/f552799261cdd2e076e6677d780ef07bdb13aa4c196ab75b39abcbcdcae2d4e5?s=96&d=mm&r=g","caption":"Karine Duval"},"url":"https:\/\/www.emballagedigest.fr\/en\/author\/admin_karduv\/"}]}},"_links":{"self":[{"href":"https:\/\/www.emballagedigest.fr\/en\/wp-json\/wp\/v2\/posts\/44209","targetHints":{"allow":["GET"]}}],"collection":[{"href":"https:\/\/www.emballagedigest.fr\/en\/wp-json\/wp\/v2\/posts"}],"about":[{"href":"https:\/\/www.emballagedigest.fr\/en\/wp-json\/wp\/v2\/types\/post"}],"author":[{"embeddable":true,"href":"https:\/\/www.emballagedigest.fr\/en\/wp-json\/wp\/v2\/users\/2"}],"replies":[{"embeddable":true,"href":"https:\/\/www.emballagedigest.fr\/en\/wp-json\/wp\/v2\/comments?post=44209"}],"version-history":[{"count":2,"href":"https:\/\/www.emballagedigest.fr\/en\/wp-json\/wp\/v2\/posts\/44209\/revisions"}],"predecessor-version":[{"id":44212,"href":"https:\/\/www.emballagedigest.fr\/en\/wp-json\/wp\/v2\/posts\/44209\/revisions\/44212"}],"wp:featuredmedia":[{"embeddable":true,"href":"https:\/\/www.emballagedigest.fr\/en\/wp-json\/wp\/v2\/media\/44210"}],"wp:attachment":[{"href":"https:\/\/www.emballagedigest.fr\/en\/wp-json\/wp\/v2\/media?parent=44209"}],"wp:term":[{"taxonomy":"category","embeddable":true,"href":"https:\/\/www.emballagedigest.fr\/en\/wp-json\/wp\/v2\/categories?post=44209"},{"taxonomy":"post_tag","embeddable":true,"href":"https:\/\/www.emballagedigest.fr\/en\/wp-json\/wp\/v2\/tags?post=44209"}],"curies":[{"name":"wp","href":"https:\/\/api.w.org\/{rel}","templated":true}]}}