{"id":44328,"date":"2025-04-29T00:08:22","date_gmt":"2025-04-28T22:08:22","guid":{"rendered":"https:\/\/www.emballagedigest.fr\/?p=44328"},"modified":"2025-04-30T10:20:47","modified_gmt":"2025-04-30T08:20:47","slug":"groupe-guillin-finalise-lacquisition-de-trois-societes","status":"publish","type":"post","link":"https:\/\/www.emballagedigest.fr\/en\/groupe-guillin-finalise-lacquisition-de-trois-societes\/","title":{"rendered":"Groupe Guillin finalise l\u2019acquisition de trois soci\u00e9t\u00e9s"},"content":{"rendered":"<p><strong>Le fabricant d\u2019emballages alimentaires, Groupe Guillin, annonce avoir finalis\u00e9 le 25 avril 2025, post cl\u00f4ture de bourse, l\u2019acquisition concomitante des fonds de commerce de Cartonnerie Moderne, Alpes Emballages et D\u00e9fi Imprimerie via sa soci\u00e9t\u00e9 Wefold Diffusion.<\/strong><\/p>\n\n\n\n<p>Fabricants d\u2019emballages alimentaires en carton, les trois sites b\u00e9n\u00e9ficient d\u2019un savoir-faire reconnu dans le bo\u00eetage carton personnalis\u00e9 venant ainsi renforcer l\u2019expertise des soci\u00e9t\u00e9s Wefold Blois et Wefold Tours.<\/p>\n\n\n\n<p>Cette acquisition permet au Groupe Guillin de proposer \u00e0 ses clients un \u00e9cosyst\u00e8me unique encore plus performant, capable de r\u00e9pondre instantan\u00e9ment \u00e0 l\u2019ensemble de leurs besoins quel que soit le mat\u00e9riau, les usages et fonctionnalit\u00e9s demand\u00e9s, jouant ainsi pleinement son r\u00f4le de leader fran\u00e7ais de la bo\u00eete p\u00e2tissi\u00e8re et du snacking.<\/p>\n\n\n\n<p>Ces activit\u00e9s ont g\u00e9n\u00e9r\u00e9 un chiffre d\u2019affaires cumul\u00e9 de l\u2019ordre de 13 M\u20ac en 2024 et emploient une trentaine de personnes r\u00e9parties sur leurs trois sites de production fran\u00e7ais.<\/p>\n\n\n\n<p>Fort de 3 000 collaborateurs et d\u2019un portefeuille de plus de 25&nbsp;000 r\u00e9f\u00e9rences produits en stock, le groupe Guillin, cot\u00e9 sur Euronext Growth a r\u00e9alis\u00e9 un chiffre d\u2019affaires net consolid\u00e9 de 869,7 M\u20ac en 2024.<\/p>","protected":false},"excerpt":{"rendered":"<p>Le fabricant d\u2019emballages alimentaires, Groupe Guillin, annonce avoir finalis\u00e9 le 25 avril 2025, post cl\u00f4ture de bourse, l\u2019acquisition concomitante des fonds de commerce de Cartonnerie Moderne, Alpes Emballages et D\u00e9fi Imprimerie via sa soci\u00e9t\u00e9 Wefold Diffusion. Fabricants d\u2019emballages alimentaires en carton, les trois sites b\u00e9n\u00e9ficient d\u2019un savoir-faire reconnu dans le bo\u00eetage carton personnalis\u00e9 venant ainsi [&hellip;]<\/p>","protected":false},"author":2,"featured_media":44329,"comment_status":"closed","ping_status":"closed","sticky":false,"template":"","format":"standard","meta":{"_acf_changed":false,"inline_featured_image":false,"iawp_total_views":10,"footnotes":""},"categories":[5,28,81],"tags":[],"class_list":["post-44328","post","type-post","status-publish","format-standard","has-post-thumbnail","hentry","category-alimentaire","category-article-entier","category-packaging"],"acf":[],"yoast_head":"<!-- This site is optimized with the Yoast SEO plugin v24.4 - https:\/\/yoast.com\/wordpress\/plugins\/seo\/ -->\n<title>Groupe Guillin finalise l\u2019acquisition de trois soci\u00e9t\u00e9s - Emballage Digest<\/title>\n<meta name=\"robots\" content=\"index, follow, max-snippet:-1, max-image-preview:large, max-video-preview:-1\" \/>\n<link rel=\"canonical\" href=\"https:\/\/www.emballagedigest.fr\/en\/groupe-guillin-finalise-lacquisition-de-trois-societes\/\" \/>\n<meta property=\"og:locale\" content=\"en_GB\" \/>\n<meta property=\"og:type\" content=\"article\" \/>\n<meta property=\"og:title\" content=\"Groupe Guillin finalise l\u2019acquisition de trois soci\u00e9t\u00e9s - Emballage Digest\" \/>\n<meta property=\"og:description\" content=\"Le fabricant d\u2019emballages alimentaires, Groupe Guillin, annonce avoir finalis\u00e9 le 25 avril 2025, post cl\u00f4ture de bourse, l\u2019acquisition concomitante des fonds de commerce de Cartonnerie Moderne, Alpes Emballages et D\u00e9fi Imprimerie via sa soci\u00e9t\u00e9 Wefold Diffusion. Fabricants d\u2019emballages alimentaires en carton, les trois sites b\u00e9n\u00e9ficient d\u2019un savoir-faire reconnu dans le bo\u00eetage carton personnalis\u00e9 venant ainsi [&hellip;]\" \/>\n<meta property=\"og:url\" content=\"https:\/\/www.emballagedigest.fr\/en\/groupe-guillin-finalise-lacquisition-de-trois-societes\/\" \/>\n<meta property=\"og:site_name\" content=\"Emballage Digest\" \/>\n<meta property=\"article:published_time\" content=\"2025-04-28T22:08:22+00:00\" \/>\n<meta property=\"article:modified_time\" content=\"2025-04-30T08:20:47+00:00\" \/>\n<meta property=\"og:image\" content=\"https:\/\/www.emballagedigest.fr\/wp-content\/uploads\/2025\/04\/GUILLIN.jpg\" \/>\n\t<meta property=\"og:image:width\" content=\"800\" \/>\n\t<meta property=\"og:image:height\" content=\"526\" \/>\n\t<meta property=\"og:image:type\" content=\"image\/jpeg\" \/>\n<meta name=\"author\" content=\"Karine Duval\" \/>\n<meta name=\"twitter:card\" content=\"summary_large_image\" \/>\n<meta name=\"twitter:label1\" content=\"Written by\" \/>\n\t<meta name=\"twitter:data1\" content=\"Karine Duval\" \/>\n\t<meta name=\"twitter:label2\" content=\"Estimated reading time\" \/>\n\t<meta name=\"twitter:data2\" content=\"2 minutes\" \/>\n<script type=\"application\/ld+json\" class=\"yoast-schema-graph\">{\"@context\":\"https:\/\/schema.org\",\"@graph\":[{\"@type\":\"Article\",\"@id\":\"https:\/\/www.emballagedigest.fr\/groupe-guillin-finalise-lacquisition-de-trois-societes\/#article\",\"isPartOf\":{\"@id\":\"https:\/\/www.emballagedigest.fr\/groupe-guillin-finalise-lacquisition-de-trois-societes\/\"},\"author\":{\"name\":\"Karine Duval\",\"@id\":\"https:\/\/www.emballagedigest.fr\/#\/schema\/person\/76abe9f2b2ee4d3d520594c7a35da59f\"},\"headline\":\"Groupe Guillin finalise l\u2019acquisition de trois soci\u00e9t\u00e9s\",\"datePublished\":\"2025-04-28T22:08:22+00:00\",\"dateModified\":\"2025-04-30T08:20:47+00:00\",\"mainEntityOfPage\":{\"@id\":\"https:\/\/www.emballagedigest.fr\/groupe-guillin-finalise-lacquisition-de-trois-societes\/\"},\"wordCount\":216,\"publisher\":{\"@id\":\"https:\/\/www.emballagedigest.fr\/#organization\"},\"image\":{\"@id\":\"https:\/\/www.emballagedigest.fr\/groupe-guillin-finalise-lacquisition-de-trois-societes\/#primaryimage\"},\"thumbnailUrl\":\"https:\/\/www.emballagedigest.fr\/wp-content\/uploads\/2025\/04\/GUILLIN.jpg\",\"articleSection\":[\"Alimentaire\",\"Article entier\",\"Packaging\"],\"inLanguage\":\"en-GB\"},{\"@type\":\"WebPage\",\"@id\":\"https:\/\/www.emballagedigest.fr\/groupe-guillin-finalise-lacquisition-de-trois-societes\/\",\"url\":\"https:\/\/www.emballagedigest.fr\/groupe-guillin-finalise-lacquisition-de-trois-societes\/\",\"name\":\"Groupe Guillin finalise l\u2019acquisition de trois soci\u00e9t\u00e9s - Emballage Digest\",\"isPartOf\":{\"@id\":\"https:\/\/www.emballagedigest.fr\/#website\"},\"primaryImageOfPage\":{\"@id\":\"https:\/\/www.emballagedigest.fr\/groupe-guillin-finalise-lacquisition-de-trois-societes\/#primaryimage\"},\"image\":{\"@id\":\"https:\/\/www.emballagedigest.fr\/groupe-guillin-finalise-lacquisition-de-trois-societes\/#primaryimage\"},\"thumbnailUrl\":\"https:\/\/www.emballagedigest.fr\/wp-content\/uploads\/2025\/04\/GUILLIN.jpg\",\"datePublished\":\"2025-04-28T22:08:22+00:00\",\"dateModified\":\"2025-04-30T08:20:47+00:00\",\"breadcrumb\":{\"@id\":\"https:\/\/www.emballagedigest.fr\/groupe-guillin-finalise-lacquisition-de-trois-societes\/#breadcrumb\"},\"inLanguage\":\"en-GB\",\"potentialAction\":[{\"@type\":\"ReadAction\",\"target\":[\"https:\/\/www.emballagedigest.fr\/groupe-guillin-finalise-lacquisition-de-trois-societes\/\"]}]},{\"@type\":\"ImageObject\",\"inLanguage\":\"en-GB\",\"@id\":\"https:\/\/www.emballagedigest.fr\/groupe-guillin-finalise-lacquisition-de-trois-societes\/#primaryimage\",\"url\":\"https:\/\/www.emballagedigest.fr\/wp-content\/uploads\/2025\/04\/GUILLIN.jpg\",\"contentUrl\":\"https:\/\/www.emballagedigest.fr\/wp-content\/uploads\/2025\/04\/GUILLIN.jpg\",\"width\":800,\"height\":526},{\"@type\":\"BreadcrumbList\",\"@id\":\"https:\/\/www.emballagedigest.fr\/groupe-guillin-finalise-lacquisition-de-trois-societes\/#breadcrumb\",\"itemListElement\":[{\"@type\":\"ListItem\",\"position\":1,\"name\":\"Accueil\",\"item\":\"https:\/\/www.emballagedigest.fr\/\"},{\"@type\":\"ListItem\",\"position\":2,\"name\":\"Groupe Guillin finalise l\u2019acquisition de trois soci\u00e9t\u00e9s\"}]},{\"@type\":\"WebSite\",\"@id\":\"https:\/\/www.emballagedigest.fr\/#website\",\"url\":\"https:\/\/www.emballagedigest.fr\/\",\"name\":\"Emballage Digest\",\"description\":\"Revue professionnelle sur les emballages\",\"publisher\":{\"@id\":\"https:\/\/www.emballagedigest.fr\/#organization\"},\"potentialAction\":[{\"@type\":\"SearchAction\",\"target\":{\"@type\":\"EntryPoint\",\"urlTemplate\":\"https:\/\/www.emballagedigest.fr\/?s={search_term_string}\"},\"query-input\":{\"@type\":\"PropertyValueSpecification\",\"valueRequired\":true,\"valueName\":\"search_term_string\"}}],\"inLanguage\":\"en-GB\"},{\"@type\":\"Organization\",\"@id\":\"https:\/\/www.emballagedigest.fr\/#organization\",\"name\":\"Emballage Digest\",\"url\":\"https:\/\/www.emballagedigest.fr\/\",\"logo\":{\"@type\":\"ImageObject\",\"inLanguage\":\"en-GB\",\"@id\":\"https:\/\/www.emballagedigest.fr\/#\/schema\/logo\/image\/\",\"url\":\"https:\/\/www.emballagedigest.fr\/wp-content\/uploads\/2022\/07\/logo-ed.png\",\"contentUrl\":\"https:\/\/www.emballagedigest.fr\/wp-content\/uploads\/2022\/07\/logo-ed.png\",\"width\":379,\"height\":75,\"caption\":\"Emballage Digest\"},\"image\":{\"@id\":\"https:\/\/www.emballagedigest.fr\/#\/schema\/logo\/image\/\"}},{\"@type\":\"Person\",\"@id\":\"https:\/\/www.emballagedigest.fr\/#\/schema\/person\/76abe9f2b2ee4d3d520594c7a35da59f\",\"name\":\"Karine Duval\",\"image\":{\"@type\":\"ImageObject\",\"inLanguage\":\"en-GB\",\"@id\":\"https:\/\/www.emballagedigest.fr\/#\/schema\/person\/image\/\",\"url\":\"https:\/\/secure.gravatar.com\/avatar\/f552799261cdd2e076e6677d780ef07bdb13aa4c196ab75b39abcbcdcae2d4e5?s=96&d=mm&r=g\",\"contentUrl\":\"https:\/\/secure.gravatar.com\/avatar\/f552799261cdd2e076e6677d780ef07bdb13aa4c196ab75b39abcbcdcae2d4e5?s=96&d=mm&r=g\",\"caption\":\"Karine Duval\"},\"url\":\"https:\/\/www.emballagedigest.fr\/en\/author\/admin_karduv\/\"}]}<\/script>\n<!-- \/ Yoast SEO plugin. -->","yoast_head_json":{"title":"Groupe Guillin finalise l\u2019acquisition de trois soci\u00e9t\u00e9s - Emballage Digest","robots":{"index":"index","follow":"follow","max-snippet":"max-snippet:-1","max-image-preview":"max-image-preview:large","max-video-preview":"max-video-preview:-1"},"canonical":"https:\/\/www.emballagedigest.fr\/en\/groupe-guillin-finalise-lacquisition-de-trois-societes\/","og_locale":"en_GB","og_type":"article","og_title":"Groupe Guillin finalise l\u2019acquisition de trois soci\u00e9t\u00e9s - Emballage Digest","og_description":"Le fabricant d\u2019emballages alimentaires, Groupe Guillin, annonce avoir finalis\u00e9 le 25 avril 2025, post cl\u00f4ture de bourse, l\u2019acquisition concomitante des fonds de commerce de Cartonnerie Moderne, Alpes Emballages et D\u00e9fi Imprimerie via sa soci\u00e9t\u00e9 Wefold Diffusion. Fabricants d\u2019emballages alimentaires en carton, les trois sites b\u00e9n\u00e9ficient d\u2019un savoir-faire reconnu dans le bo\u00eetage carton personnalis\u00e9 venant ainsi [&hellip;]","og_url":"https:\/\/www.emballagedigest.fr\/en\/groupe-guillin-finalise-lacquisition-de-trois-societes\/","og_site_name":"Emballage Digest","article_published_time":"2025-04-28T22:08:22+00:00","article_modified_time":"2025-04-30T08:20:47+00:00","og_image":[{"width":800,"height":526,"url":"https:\/\/www.emballagedigest.fr\/wp-content\/uploads\/2025\/04\/GUILLIN.jpg","type":"image\/jpeg"}],"author":"Karine Duval","twitter_card":"summary_large_image","twitter_misc":{"Written by":"Karine Duval","Estimated reading time":"2 minutes"},"schema":{"@context":"https:\/\/schema.org","@graph":[{"@type":"Article","@id":"https:\/\/www.emballagedigest.fr\/groupe-guillin-finalise-lacquisition-de-trois-societes\/#article","isPartOf":{"@id":"https:\/\/www.emballagedigest.fr\/groupe-guillin-finalise-lacquisition-de-trois-societes\/"},"author":{"name":"Karine Duval","@id":"https:\/\/www.emballagedigest.fr\/#\/schema\/person\/76abe9f2b2ee4d3d520594c7a35da59f"},"headline":"Groupe Guillin finalise l\u2019acquisition de trois soci\u00e9t\u00e9s","datePublished":"2025-04-28T22:08:22+00:00","dateModified":"2025-04-30T08:20:47+00:00","mainEntityOfPage":{"@id":"https:\/\/www.emballagedigest.fr\/groupe-guillin-finalise-lacquisition-de-trois-societes\/"},"wordCount":216,"publisher":{"@id":"https:\/\/www.emballagedigest.fr\/#organization"},"image":{"@id":"https:\/\/www.emballagedigest.fr\/groupe-guillin-finalise-lacquisition-de-trois-societes\/#primaryimage"},"thumbnailUrl":"https:\/\/www.emballagedigest.fr\/wp-content\/uploads\/2025\/04\/GUILLIN.jpg","articleSection":["Alimentaire","Article entier","Packaging"],"inLanguage":"en-GB"},{"@type":"WebPage","@id":"https:\/\/www.emballagedigest.fr\/groupe-guillin-finalise-lacquisition-de-trois-societes\/","url":"https:\/\/www.emballagedigest.fr\/groupe-guillin-finalise-lacquisition-de-trois-societes\/","name":"Groupe Guillin finalise l\u2019acquisition de trois soci\u00e9t\u00e9s - Emballage Digest","isPartOf":{"@id":"https:\/\/www.emballagedigest.fr\/#website"},"primaryImageOfPage":{"@id":"https:\/\/www.emballagedigest.fr\/groupe-guillin-finalise-lacquisition-de-trois-societes\/#primaryimage"},"image":{"@id":"https:\/\/www.emballagedigest.fr\/groupe-guillin-finalise-lacquisition-de-trois-societes\/#primaryimage"},"thumbnailUrl":"https:\/\/www.emballagedigest.fr\/wp-content\/uploads\/2025\/04\/GUILLIN.jpg","datePublished":"2025-04-28T22:08:22+00:00","dateModified":"2025-04-30T08:20:47+00:00","breadcrumb":{"@id":"https:\/\/www.emballagedigest.fr\/groupe-guillin-finalise-lacquisition-de-trois-societes\/#breadcrumb"},"inLanguage":"en-GB","potentialAction":[{"@type":"ReadAction","target":["https:\/\/www.emballagedigest.fr\/groupe-guillin-finalise-lacquisition-de-trois-societes\/"]}]},{"@type":"ImageObject","inLanguage":"en-GB","@id":"https:\/\/www.emballagedigest.fr\/groupe-guillin-finalise-lacquisition-de-trois-societes\/#primaryimage","url":"https:\/\/www.emballagedigest.fr\/wp-content\/uploads\/2025\/04\/GUILLIN.jpg","contentUrl":"https:\/\/www.emballagedigest.fr\/wp-content\/uploads\/2025\/04\/GUILLIN.jpg","width":800,"height":526},{"@type":"BreadcrumbList","@id":"https:\/\/www.emballagedigest.fr\/groupe-guillin-finalise-lacquisition-de-trois-societes\/#breadcrumb","itemListElement":[{"@type":"ListItem","position":1,"name":"Accueil","item":"https:\/\/www.emballagedigest.fr\/"},{"@type":"ListItem","position":2,"name":"Groupe Guillin finalise l\u2019acquisition de trois soci\u00e9t\u00e9s"}]},{"@type":"WebSite","@id":"https:\/\/www.emballagedigest.fr\/#website","url":"https:\/\/www.emballagedigest.fr\/","name":"Emballage Digest","description":"Revue professionnelle sur les emballages","publisher":{"@id":"https:\/\/www.emballagedigest.fr\/#organization"},"potentialAction":[{"@type":"SearchAction","target":{"@type":"EntryPoint","urlTemplate":"https:\/\/www.emballagedigest.fr\/?s={search_term_string}"},"query-input":{"@type":"PropertyValueSpecification","valueRequired":true,"valueName":"search_term_string"}}],"inLanguage":"en-GB"},{"@type":"Organization","@id":"https:\/\/www.emballagedigest.fr\/#organization","name":"Emballage Digest","url":"https:\/\/www.emballagedigest.fr\/","logo":{"@type":"ImageObject","inLanguage":"en-GB","@id":"https:\/\/www.emballagedigest.fr\/#\/schema\/logo\/image\/","url":"https:\/\/www.emballagedigest.fr\/wp-content\/uploads\/2022\/07\/logo-ed.png","contentUrl":"https:\/\/www.emballagedigest.fr\/wp-content\/uploads\/2022\/07\/logo-ed.png","width":379,"height":75,"caption":"Emballage Digest"},"image":{"@id":"https:\/\/www.emballagedigest.fr\/#\/schema\/logo\/image\/"}},{"@type":"Person","@id":"https:\/\/www.emballagedigest.fr\/#\/schema\/person\/76abe9f2b2ee4d3d520594c7a35da59f","name":"Karine Duval","image":{"@type":"ImageObject","inLanguage":"en-GB","@id":"https:\/\/www.emballagedigest.fr\/#\/schema\/person\/image\/","url":"https:\/\/secure.gravatar.com\/avatar\/f552799261cdd2e076e6677d780ef07bdb13aa4c196ab75b39abcbcdcae2d4e5?s=96&d=mm&r=g","contentUrl":"https:\/\/secure.gravatar.com\/avatar\/f552799261cdd2e076e6677d780ef07bdb13aa4c196ab75b39abcbcdcae2d4e5?s=96&d=mm&r=g","caption":"Karine Duval"},"url":"https:\/\/www.emballagedigest.fr\/en\/author\/admin_karduv\/"}]}},"_links":{"self":[{"href":"https:\/\/www.emballagedigest.fr\/en\/wp-json\/wp\/v2\/posts\/44328","targetHints":{"allow":["GET"]}}],"collection":[{"href":"https:\/\/www.emballagedigest.fr\/en\/wp-json\/wp\/v2\/posts"}],"about":[{"href":"https:\/\/www.emballagedigest.fr\/en\/wp-json\/wp\/v2\/types\/post"}],"author":[{"embeddable":true,"href":"https:\/\/www.emballagedigest.fr\/en\/wp-json\/wp\/v2\/users\/2"}],"replies":[{"embeddable":true,"href":"https:\/\/www.emballagedigest.fr\/en\/wp-json\/wp\/v2\/comments?post=44328"}],"version-history":[{"count":1,"href":"https:\/\/www.emballagedigest.fr\/en\/wp-json\/wp\/v2\/posts\/44328\/revisions"}],"predecessor-version":[{"id":44330,"href":"https:\/\/www.emballagedigest.fr\/en\/wp-json\/wp\/v2\/posts\/44328\/revisions\/44330"}],"wp:featuredmedia":[{"embeddable":true,"href":"https:\/\/www.emballagedigest.fr\/en\/wp-json\/wp\/v2\/media\/44329"}],"wp:attachment":[{"href":"https:\/\/www.emballagedigest.fr\/en\/wp-json\/wp\/v2\/media?parent=44328"}],"wp:term":[{"taxonomy":"category","embeddable":true,"href":"https:\/\/www.emballagedigest.fr\/en\/wp-json\/wp\/v2\/categories?post=44328"},{"taxonomy":"post_tag","embeddable":true,"href":"https:\/\/www.emballagedigest.fr\/en\/wp-json\/wp\/v2\/tags?post=44328"}],"curies":[{"name":"wp","href":"https:\/\/api.w.org\/{rel}","templated":true}]}}