{"id":44373,"date":"2025-04-30T23:03:16","date_gmt":"2025-04-30T21:03:16","guid":{"rendered":"https:\/\/www.emballagedigest.fr\/?p=44373"},"modified":"2025-07-03T12:09:16","modified_gmt":"2025-07-03T10:09:16","slug":"le-groupe-marchesini-pilier-dun-eco-systeme-de-solutions-demballages-durables","status":"publish","type":"post","link":"https:\/\/www.emballagedigest.fr\/en\/le-groupe-marchesini-pilier-dun-eco-systeme-de-solutions-demballages-durables\/","title":{"rendered":"Le groupe Marchesini, pilier d\u2019un \u00e9co-syst\u00e8me de solutions d\u2019emballages durables"},"content":{"rendered":"<p><strong>C\u2019est une conscience de la premi\u00e8re heure et un fort engagement environnemental qui conduit, depuis plusieurs ann\u00e9es, le groupe Marchesini sur l\u2019ensemble du cycle de vie des emballages et fixe notamment des objectifs de recyclabilit\u00e9 et de contenu recycl\u00e9.<\/strong><\/p>\n\n\n\n<p><strong>Une dynamique d\u2019innovation 100% durable<\/strong><br>Papier, plastiques mono-mat\u00e9riaux recyclables et recycl\u00e9s, aluminium \u2026 les machines et lignes Marchesini sont d\u00e9velopp\u00e9es pour \u00eatre compatibles avec une large vari\u00e9t\u00e9 de mat\u00e9riaux. L\u2019une des derni\u00e8res innovations du groupe est une machine con\u00e7ue pour encartonner des flacons dans des barquettes en papier. Pr\u00e9sent\u00e9e conjointement avec une nouvelle formule de barquette, elle permet de r\u00e9aliser pr\u00e8s de 50% d\u2019\u00e9conomies sur le papier et la colle.<br>Cette nouvelle barquette, plus fine, offre par ailleurs un gain de place de 30% \u00e0 l\u2019int\u00e9rieur de l\u2019\u00e9tui, un r\u00e9el avantage en termes de volumes d\u2019exp\u00e9dition et d\u2019\u00e9missions de CO<sub>2<\/sub>.<br>Ce prototype est le fruit d\u2019un savoir-faire de dix ans dans le d\u00e9veloppement de barquettes en papier comme alternative au plastique thermoform\u00e9 afin de rendre l\u2019utilisation des mat\u00e9riaux d\u2019emballage encore plus responsable, tout en diminuant toujours plus les co\u00fbts de production et le gaspillage.<\/p>\n\n\n\n<figure class=\"wp-block-image size-full is-resized\"><img loading=\"lazy\" decoding=\"async\" width=\"800\" height=\"417\" src=\"https:\/\/www.emballagedigest.fr\/wp-content\/uploads\/2025\/04\/marchesini2.jpg\" alt=\"\" class=\"wp-image-44375\" style=\"width:840px;height:auto\" srcset=\"https:\/\/www.emballagedigest.fr\/wp-content\/uploads\/2025\/04\/marchesini2.jpg 800w, https:\/\/www.emballagedigest.fr\/wp-content\/uploads\/2025\/04\/marchesini2-300x156.jpg 300w, https:\/\/www.emballagedigest.fr\/wp-content\/uploads\/2025\/04\/marchesini2-768x400.jpg 768w, https:\/\/www.emballagedigest.fr\/wp-content\/uploads\/2025\/04\/marchesini2-18x9.jpg 18w\" sizes=\"auto, (max-width: 800px) 100vw, 800px\" \/><\/figure>\n\n\n\n<p>Le groupe innove \u00e9galement dans le thermoformage des blisters et plateaux en misant sur les technologies pour remplacer progressivement le PVC par des emballages mono-mat\u00e9riaux recyclables. Apr\u00e8s plus de deux ans de tests et de collaboration avec des fabricants d\u2019emballages, les techniciens de Marchesini ont d\u00e9velopp\u00e9 des solutions facilement recyclables dans les circuits classiques. Le R-PET, un PET contenant jusqu\u2019\u00e0 100% de mati\u00e8res recycl\u00e9es, permet en effet de cr\u00e9er des emballages mono-mat\u00e9riaux optimis\u00e9s. Cot\u00e9 emballage primaire, des solutions mono-mat\u00e9riaux recyclables en PP et HDPE sont \u00e9galement disponibles. Quant aux produits n\u00e9cessitant une protection renforc\u00e9e, une nouvelle g\u00e9n\u00e9ration d\u2019aluminium est propos\u00e9e, sans PVC et contenant plus de 70% d\u2019aluminium.<\/p>\n\n\n\n<figure class=\"wp-block-image size-full\"><img loading=\"lazy\" decoding=\"async\" width=\"800\" height=\"276\" src=\"https:\/\/www.emballagedigest.fr\/wp-content\/uploads\/2025\/04\/marchesini3.jpg\" alt=\"\" class=\"wp-image-44376\" srcset=\"https:\/\/www.emballagedigest.fr\/wp-content\/uploads\/2025\/04\/marchesini3.jpg 800w, https:\/\/www.emballagedigest.fr\/wp-content\/uploads\/2025\/04\/marchesini3-300x104.jpg 300w, https:\/\/www.emballagedigest.fr\/wp-content\/uploads\/2025\/04\/marchesini3-768x265.jpg 768w, https:\/\/www.emballagedigest.fr\/wp-content\/uploads\/2025\/04\/marchesini3-18x6.jpg 18w\" sizes=\"auto, (max-width: 800px) 100vw, 800px\" \/><\/figure>\n\n\n\n<p>Les nouvelles solutions incluent en outre une ligne compl\u00e8te, compos\u00e9e d\u2019une machine de conditionnement en sticks Schmucker \u00e0 12 pistes, un syst\u00e8me d\u2019inspection et des syst\u00e8mes d\u2019impression avanc\u00e9s. Cette ligne est con\u00e7ue pour traiter des emballages \u00e0 base de PP (avec ou sans PE), comme les plastiques mono-mat\u00e9riaux 100% recyclables tels que l\u2019OPP ou le BOPP avec une couche m\u00e9tallis\u00e9e. Adapt\u00e9 au contact alimentaire, ce mat\u00e9riau \u00e0 base de polyol\u00e9fine remplace avantageusement le PET\/ALU traditionnel pour les emballages souples \u00e0 haute barri\u00e8re.<\/p>\n\n\n\n<p>Au-del\u00e0 de la durabilit\u00e9 des mat\u00e9riaux, le Groupe Marchesini investit dans de nombreux autres domaines de l\u2019\u00e9conomie circulaire. Avec Rinova par exemple, une entreprise d\u00e9di\u00e9e \u00e0 la seconde vie des machines Marchesini. La remise \u00e0 neuf de ses \u00e9quipements permet au groupe de proposer des solutions \u00e9conomiquement et \u00e9cologiquement avantageuses, tout en garantissant un niveau de qualit\u00e9 et de fiabilit\u00e9 proche du neuf.<\/p>\n\n\n\n<p><strong><em>Une belle illustration d\u2019exemplarit\u00e9 industrielle et soci\u00e9tale.<\/em><\/strong><\/p>\n\n\n\n<figure class=\"wp-block-image size-full\"><img loading=\"lazy\" decoding=\"async\" width=\"800\" height=\"100\" src=\"https:\/\/www.emballagedigest.fr\/wp-content\/uploads\/2025\/04\/marchesini4.jpg\" alt=\"\" class=\"wp-image-44377\" srcset=\"https:\/\/www.emballagedigest.fr\/wp-content\/uploads\/2025\/04\/marchesini4.jpg 800w, https:\/\/www.emballagedigest.fr\/wp-content\/uploads\/2025\/04\/marchesini4-300x38.jpg 300w, https:\/\/www.emballagedigest.fr\/wp-content\/uploads\/2025\/04\/marchesini4-768x96.jpg 768w, https:\/\/www.emballagedigest.fr\/wp-content\/uploads\/2025\/04\/marchesini4-18x2.jpg 18w\" sizes=\"auto, (max-width: 800px) 100vw, 800px\" \/><figcaption class=\"wp-element-caption\"><strong><a href=\"http:\/\/www.marchesini.com\">www.marchesini.com<\/a><\/strong><\/figcaption><\/figure>","protected":false},"excerpt":{"rendered":"<p>C\u2019est une conscience de la premi\u00e8re heure et un fort engagement environnemental qui conduit, depuis plusieurs ann\u00e9es, le groupe Marchesini sur l\u2019ensemble du cycle de vie des emballages et fixe notamment des objectifs de recyclabilit\u00e9 et de contenu recycl\u00e9. Une dynamique d\u2019innovation 100% durablePapier, plastiques mono-mat\u00e9riaux recyclables et recycl\u00e9s, aluminium \u2026 les machines et lignes [&hellip;]<\/p>","protected":false},"author":2,"featured_media":44374,"comment_status":"closed","ping_status":"closed","sticky":false,"template":"","format":"standard","meta":{"_acf_changed":false,"inline_featured_image":false,"iawp_total_views":1,"footnotes":""},"categories":[28,35,7],"tags":[],"class_list":["post-44373","post","type-post","status-publish","format-standard","has-post-thumbnail","hentry","category-article-entier","category-machines-fr","category-pharmacie"],"acf":[],"yoast_head":"<!-- This site is optimized with the Yoast SEO plugin v24.4 - https:\/\/yoast.com\/wordpress\/plugins\/seo\/ -->\n<title>Le groupe Marchesini, pilier d\u2019un \u00e9co-syst\u00e8me de solutions d\u2019emballages durables - Emballage Digest<\/title>\n<meta name=\"robots\" content=\"index, follow, max-snippet:-1, max-image-preview:large, max-video-preview:-1\" \/>\n<link rel=\"canonical\" href=\"https:\/\/www.emballagedigest.fr\/en\/le-groupe-marchesini-pilier-dun-eco-systeme-de-solutions-demballages-durables\/\" \/>\n<meta property=\"og:locale\" content=\"en_GB\" \/>\n<meta property=\"og:type\" content=\"article\" \/>\n<meta property=\"og:title\" content=\"Le groupe Marchesini, pilier d\u2019un \u00e9co-syst\u00e8me de solutions d\u2019emballages durables - Emballage Digest\" \/>\n<meta property=\"og:description\" content=\"C\u2019est une conscience de la premi\u00e8re heure et un fort engagement environnemental qui conduit, depuis plusieurs ann\u00e9es, le groupe Marchesini sur l\u2019ensemble du cycle de vie des emballages et fixe notamment des objectifs de recyclabilit\u00e9 et de contenu recycl\u00e9. Une dynamique d\u2019innovation 100% durablePapier, plastiques mono-mat\u00e9riaux recyclables et recycl\u00e9s, aluminium \u2026 les machines et lignes [&hellip;]\" \/>\n<meta property=\"og:url\" content=\"https:\/\/www.emballagedigest.fr\/en\/le-groupe-marchesini-pilier-dun-eco-systeme-de-solutions-demballages-durables\/\" \/>\n<meta property=\"og:site_name\" content=\"Emballage Digest\" \/>\n<meta property=\"article:published_time\" content=\"2025-04-30T21:03:16+00:00\" \/>\n<meta property=\"article:modified_time\" content=\"2025-07-03T10:09:16+00:00\" \/>\n<meta property=\"og:image\" content=\"https:\/\/www.emballagedigest.fr\/wp-content\/uploads\/2025\/04\/marchesini1.jpg\" \/>\n\t<meta property=\"og:image:width\" content=\"800\" \/>\n\t<meta property=\"og:image:height\" content=\"521\" \/>\n\t<meta property=\"og:image:type\" content=\"image\/jpeg\" \/>\n<meta name=\"author\" content=\"Karine Duval\" \/>\n<meta name=\"twitter:card\" content=\"summary_large_image\" \/>\n<meta name=\"twitter:label1\" content=\"Written by\" \/>\n\t<meta name=\"twitter:data1\" content=\"Karine Duval\" \/>\n\t<meta name=\"twitter:label2\" content=\"Estimated reading time\" \/>\n\t<meta name=\"twitter:data2\" content=\"4 minutes\" \/>\n<script type=\"application\/ld+json\" class=\"yoast-schema-graph\">{\"@context\":\"https:\/\/schema.org\",\"@graph\":[{\"@type\":\"Article\",\"@id\":\"https:\/\/www.emballagedigest.fr\/le-groupe-marchesini-pilier-dun-eco-systeme-de-solutions-demballages-durables\/#article\",\"isPartOf\":{\"@id\":\"https:\/\/www.emballagedigest.fr\/le-groupe-marchesini-pilier-dun-eco-systeme-de-solutions-demballages-durables\/\"},\"author\":{\"name\":\"Karine Duval\",\"@id\":\"https:\/\/www.emballagedigest.fr\/#\/schema\/person\/76abe9f2b2ee4d3d520594c7a35da59f\"},\"headline\":\"Le groupe Marchesini, pilier d\u2019un \u00e9co-syst\u00e8me de solutions d\u2019emballages durables\",\"datePublished\":\"2025-04-30T21:03:16+00:00\",\"dateModified\":\"2025-07-03T10:09:16+00:00\",\"mainEntityOfPage\":{\"@id\":\"https:\/\/www.emballagedigest.fr\/le-groupe-marchesini-pilier-dun-eco-systeme-de-solutions-demballages-durables\/\"},\"wordCount\":516,\"publisher\":{\"@id\":\"https:\/\/www.emballagedigest.fr\/#organization\"},\"image\":{\"@id\":\"https:\/\/www.emballagedigest.fr\/le-groupe-marchesini-pilier-dun-eco-systeme-de-solutions-demballages-durables\/#primaryimage\"},\"thumbnailUrl\":\"https:\/\/www.emballagedigest.fr\/wp-content\/uploads\/2025\/04\/marchesini1.jpg\",\"articleSection\":[\"Article entier\",\"Machines\",\"Pharmacie\"],\"inLanguage\":\"en-GB\"},{\"@type\":\"WebPage\",\"@id\":\"https:\/\/www.emballagedigest.fr\/le-groupe-marchesini-pilier-dun-eco-systeme-de-solutions-demballages-durables\/\",\"url\":\"https:\/\/www.emballagedigest.fr\/le-groupe-marchesini-pilier-dun-eco-systeme-de-solutions-demballages-durables\/\",\"name\":\"Le groupe Marchesini, pilier d\u2019un \u00e9co-syst\u00e8me de solutions d\u2019emballages durables - Emballage Digest\",\"isPartOf\":{\"@id\":\"https:\/\/www.emballagedigest.fr\/#website\"},\"primaryImageOfPage\":{\"@id\":\"https:\/\/www.emballagedigest.fr\/le-groupe-marchesini-pilier-dun-eco-systeme-de-solutions-demballages-durables\/#primaryimage\"},\"image\":{\"@id\":\"https:\/\/www.emballagedigest.fr\/le-groupe-marchesini-pilier-dun-eco-systeme-de-solutions-demballages-durables\/#primaryimage\"},\"thumbnailUrl\":\"https:\/\/www.emballagedigest.fr\/wp-content\/uploads\/2025\/04\/marchesini1.jpg\",\"datePublished\":\"2025-04-30T21:03:16+00:00\",\"dateModified\":\"2025-07-03T10:09:16+00:00\",\"breadcrumb\":{\"@id\":\"https:\/\/www.emballagedigest.fr\/le-groupe-marchesini-pilier-dun-eco-systeme-de-solutions-demballages-durables\/#breadcrumb\"},\"inLanguage\":\"en-GB\",\"potentialAction\":[{\"@type\":\"ReadAction\",\"target\":[\"https:\/\/www.emballagedigest.fr\/le-groupe-marchesini-pilier-dun-eco-systeme-de-solutions-demballages-durables\/\"]}]},{\"@type\":\"ImageObject\",\"inLanguage\":\"en-GB\",\"@id\":\"https:\/\/www.emballagedigest.fr\/le-groupe-marchesini-pilier-dun-eco-systeme-de-solutions-demballages-durables\/#primaryimage\",\"url\":\"https:\/\/www.emballagedigest.fr\/wp-content\/uploads\/2025\/04\/marchesini1.jpg\",\"contentUrl\":\"https:\/\/www.emballagedigest.fr\/wp-content\/uploads\/2025\/04\/marchesini1.jpg\",\"width\":800,\"height\":521},{\"@type\":\"BreadcrumbList\",\"@id\":\"https:\/\/www.emballagedigest.fr\/le-groupe-marchesini-pilier-dun-eco-systeme-de-solutions-demballages-durables\/#breadcrumb\",\"itemListElement\":[{\"@type\":\"ListItem\",\"position\":1,\"name\":\"Accueil\",\"item\":\"https:\/\/www.emballagedigest.fr\/\"},{\"@type\":\"ListItem\",\"position\":2,\"name\":\"Le groupe Marchesini, pilier d\u2019un \u00e9co-syst\u00e8me de solutions d\u2019emballages durables\"}]},{\"@type\":\"WebSite\",\"@id\":\"https:\/\/www.emballagedigest.fr\/#website\",\"url\":\"https:\/\/www.emballagedigest.fr\/\",\"name\":\"Emballage Digest\",\"description\":\"Revue professionnelle sur les emballages\",\"publisher\":{\"@id\":\"https:\/\/www.emballagedigest.fr\/#organization\"},\"potentialAction\":[{\"@type\":\"SearchAction\",\"target\":{\"@type\":\"EntryPoint\",\"urlTemplate\":\"https:\/\/www.emballagedigest.fr\/?s={search_term_string}\"},\"query-input\":{\"@type\":\"PropertyValueSpecification\",\"valueRequired\":true,\"valueName\":\"search_term_string\"}}],\"inLanguage\":\"en-GB\"},{\"@type\":\"Organization\",\"@id\":\"https:\/\/www.emballagedigest.fr\/#organization\",\"name\":\"Emballage Digest\",\"url\":\"https:\/\/www.emballagedigest.fr\/\",\"logo\":{\"@type\":\"ImageObject\",\"inLanguage\":\"en-GB\",\"@id\":\"https:\/\/www.emballagedigest.fr\/#\/schema\/logo\/image\/\",\"url\":\"https:\/\/www.emballagedigest.fr\/wp-content\/uploads\/2022\/07\/logo-ed.png\",\"contentUrl\":\"https:\/\/www.emballagedigest.fr\/wp-content\/uploads\/2022\/07\/logo-ed.png\",\"width\":379,\"height\":75,\"caption\":\"Emballage Digest\"},\"image\":{\"@id\":\"https:\/\/www.emballagedigest.fr\/#\/schema\/logo\/image\/\"}},{\"@type\":\"Person\",\"@id\":\"https:\/\/www.emballagedigest.fr\/#\/schema\/person\/76abe9f2b2ee4d3d520594c7a35da59f\",\"name\":\"Karine Duval\",\"image\":{\"@type\":\"ImageObject\",\"inLanguage\":\"en-GB\",\"@id\":\"https:\/\/www.emballagedigest.fr\/#\/schema\/person\/image\/\",\"url\":\"https:\/\/secure.gravatar.com\/avatar\/f552799261cdd2e076e6677d780ef07bdb13aa4c196ab75b39abcbcdcae2d4e5?s=96&d=mm&r=g\",\"contentUrl\":\"https:\/\/secure.gravatar.com\/avatar\/f552799261cdd2e076e6677d780ef07bdb13aa4c196ab75b39abcbcdcae2d4e5?s=96&d=mm&r=g\",\"caption\":\"Karine Duval\"},\"url\":\"https:\/\/www.emballagedigest.fr\/en\/author\/admin_karduv\/\"}]}<\/script>\n<!-- \/ Yoast SEO plugin. -->","yoast_head_json":{"title":"Le groupe Marchesini, pilier d\u2019un \u00e9co-syst\u00e8me de solutions d\u2019emballages durables - Emballage Digest","robots":{"index":"index","follow":"follow","max-snippet":"max-snippet:-1","max-image-preview":"max-image-preview:large","max-video-preview":"max-video-preview:-1"},"canonical":"https:\/\/www.emballagedigest.fr\/en\/le-groupe-marchesini-pilier-dun-eco-systeme-de-solutions-demballages-durables\/","og_locale":"en_GB","og_type":"article","og_title":"Le groupe Marchesini, pilier d\u2019un \u00e9co-syst\u00e8me de solutions d\u2019emballages durables - Emballage Digest","og_description":"C\u2019est une conscience de la premi\u00e8re heure et un fort engagement environnemental qui conduit, depuis plusieurs ann\u00e9es, le groupe Marchesini sur l\u2019ensemble du cycle de vie des emballages et fixe notamment des objectifs de recyclabilit\u00e9 et de contenu recycl\u00e9. Une dynamique d\u2019innovation 100% durablePapier, plastiques mono-mat\u00e9riaux recyclables et recycl\u00e9s, aluminium \u2026 les machines et lignes [&hellip;]","og_url":"https:\/\/www.emballagedigest.fr\/en\/le-groupe-marchesini-pilier-dun-eco-systeme-de-solutions-demballages-durables\/","og_site_name":"Emballage Digest","article_published_time":"2025-04-30T21:03:16+00:00","article_modified_time":"2025-07-03T10:09:16+00:00","og_image":[{"width":800,"height":521,"url":"https:\/\/www.emballagedigest.fr\/wp-content\/uploads\/2025\/04\/marchesini1.jpg","type":"image\/jpeg"}],"author":"Karine Duval","twitter_card":"summary_large_image","twitter_misc":{"Written by":"Karine Duval","Estimated reading time":"4 minutes"},"schema":{"@context":"https:\/\/schema.org","@graph":[{"@type":"Article","@id":"https:\/\/www.emballagedigest.fr\/le-groupe-marchesini-pilier-dun-eco-systeme-de-solutions-demballages-durables\/#article","isPartOf":{"@id":"https:\/\/www.emballagedigest.fr\/le-groupe-marchesini-pilier-dun-eco-systeme-de-solutions-demballages-durables\/"},"author":{"name":"Karine Duval","@id":"https:\/\/www.emballagedigest.fr\/#\/schema\/person\/76abe9f2b2ee4d3d520594c7a35da59f"},"headline":"Le groupe Marchesini, pilier d\u2019un \u00e9co-syst\u00e8me de solutions d\u2019emballages durables","datePublished":"2025-04-30T21:03:16+00:00","dateModified":"2025-07-03T10:09:16+00:00","mainEntityOfPage":{"@id":"https:\/\/www.emballagedigest.fr\/le-groupe-marchesini-pilier-dun-eco-systeme-de-solutions-demballages-durables\/"},"wordCount":516,"publisher":{"@id":"https:\/\/www.emballagedigest.fr\/#organization"},"image":{"@id":"https:\/\/www.emballagedigest.fr\/le-groupe-marchesini-pilier-dun-eco-systeme-de-solutions-demballages-durables\/#primaryimage"},"thumbnailUrl":"https:\/\/www.emballagedigest.fr\/wp-content\/uploads\/2025\/04\/marchesini1.jpg","articleSection":["Article entier","Machines","Pharmacie"],"inLanguage":"en-GB"},{"@type":"WebPage","@id":"https:\/\/www.emballagedigest.fr\/le-groupe-marchesini-pilier-dun-eco-systeme-de-solutions-demballages-durables\/","url":"https:\/\/www.emballagedigest.fr\/le-groupe-marchesini-pilier-dun-eco-systeme-de-solutions-demballages-durables\/","name":"Le groupe Marchesini, pilier d\u2019un \u00e9co-syst\u00e8me de solutions d\u2019emballages durables - Emballage Digest","isPartOf":{"@id":"https:\/\/www.emballagedigest.fr\/#website"},"primaryImageOfPage":{"@id":"https:\/\/www.emballagedigest.fr\/le-groupe-marchesini-pilier-dun-eco-systeme-de-solutions-demballages-durables\/#primaryimage"},"image":{"@id":"https:\/\/www.emballagedigest.fr\/le-groupe-marchesini-pilier-dun-eco-systeme-de-solutions-demballages-durables\/#primaryimage"},"thumbnailUrl":"https:\/\/www.emballagedigest.fr\/wp-content\/uploads\/2025\/04\/marchesini1.jpg","datePublished":"2025-04-30T21:03:16+00:00","dateModified":"2025-07-03T10:09:16+00:00","breadcrumb":{"@id":"https:\/\/www.emballagedigest.fr\/le-groupe-marchesini-pilier-dun-eco-systeme-de-solutions-demballages-durables\/#breadcrumb"},"inLanguage":"en-GB","potentialAction":[{"@type":"ReadAction","target":["https:\/\/www.emballagedigest.fr\/le-groupe-marchesini-pilier-dun-eco-systeme-de-solutions-demballages-durables\/"]}]},{"@type":"ImageObject","inLanguage":"en-GB","@id":"https:\/\/www.emballagedigest.fr\/le-groupe-marchesini-pilier-dun-eco-systeme-de-solutions-demballages-durables\/#primaryimage","url":"https:\/\/www.emballagedigest.fr\/wp-content\/uploads\/2025\/04\/marchesini1.jpg","contentUrl":"https:\/\/www.emballagedigest.fr\/wp-content\/uploads\/2025\/04\/marchesini1.jpg","width":800,"height":521},{"@type":"BreadcrumbList","@id":"https:\/\/www.emballagedigest.fr\/le-groupe-marchesini-pilier-dun-eco-systeme-de-solutions-demballages-durables\/#breadcrumb","itemListElement":[{"@type":"ListItem","position":1,"name":"Accueil","item":"https:\/\/www.emballagedigest.fr\/"},{"@type":"ListItem","position":2,"name":"Le groupe Marchesini, pilier d\u2019un \u00e9co-syst\u00e8me de solutions d\u2019emballages durables"}]},{"@type":"WebSite","@id":"https:\/\/www.emballagedigest.fr\/#website","url":"https:\/\/www.emballagedigest.fr\/","name":"Emballage Digest","description":"Revue professionnelle sur les emballages","publisher":{"@id":"https:\/\/www.emballagedigest.fr\/#organization"},"potentialAction":[{"@type":"SearchAction","target":{"@type":"EntryPoint","urlTemplate":"https:\/\/www.emballagedigest.fr\/?s={search_term_string}"},"query-input":{"@type":"PropertyValueSpecification","valueRequired":true,"valueName":"search_term_string"}}],"inLanguage":"en-GB"},{"@type":"Organization","@id":"https:\/\/www.emballagedigest.fr\/#organization","name":"Emballage Digest","url":"https:\/\/www.emballagedigest.fr\/","logo":{"@type":"ImageObject","inLanguage":"en-GB","@id":"https:\/\/www.emballagedigest.fr\/#\/schema\/logo\/image\/","url":"https:\/\/www.emballagedigest.fr\/wp-content\/uploads\/2022\/07\/logo-ed.png","contentUrl":"https:\/\/www.emballagedigest.fr\/wp-content\/uploads\/2022\/07\/logo-ed.png","width":379,"height":75,"caption":"Emballage Digest"},"image":{"@id":"https:\/\/www.emballagedigest.fr\/#\/schema\/logo\/image\/"}},{"@type":"Person","@id":"https:\/\/www.emballagedigest.fr\/#\/schema\/person\/76abe9f2b2ee4d3d520594c7a35da59f","name":"Karine Duval","image":{"@type":"ImageObject","inLanguage":"en-GB","@id":"https:\/\/www.emballagedigest.fr\/#\/schema\/person\/image\/","url":"https:\/\/secure.gravatar.com\/avatar\/f552799261cdd2e076e6677d780ef07bdb13aa4c196ab75b39abcbcdcae2d4e5?s=96&d=mm&r=g","contentUrl":"https:\/\/secure.gravatar.com\/avatar\/f552799261cdd2e076e6677d780ef07bdb13aa4c196ab75b39abcbcdcae2d4e5?s=96&d=mm&r=g","caption":"Karine Duval"},"url":"https:\/\/www.emballagedigest.fr\/en\/author\/admin_karduv\/"}]}},"_links":{"self":[{"href":"https:\/\/www.emballagedigest.fr\/en\/wp-json\/wp\/v2\/posts\/44373","targetHints":{"allow":["GET"]}}],"collection":[{"href":"https:\/\/www.emballagedigest.fr\/en\/wp-json\/wp\/v2\/posts"}],"about":[{"href":"https:\/\/www.emballagedigest.fr\/en\/wp-json\/wp\/v2\/types\/post"}],"author":[{"embeddable":true,"href":"https:\/\/www.emballagedigest.fr\/en\/wp-json\/wp\/v2\/users\/2"}],"replies":[{"embeddable":true,"href":"https:\/\/www.emballagedigest.fr\/en\/wp-json\/wp\/v2\/comments?post=44373"}],"version-history":[{"count":1,"href":"https:\/\/www.emballagedigest.fr\/en\/wp-json\/wp\/v2\/posts\/44373\/revisions"}],"predecessor-version":[{"id":44378,"href":"https:\/\/www.emballagedigest.fr\/en\/wp-json\/wp\/v2\/posts\/44373\/revisions\/44378"}],"wp:featuredmedia":[{"embeddable":true,"href":"https:\/\/www.emballagedigest.fr\/en\/wp-json\/wp\/v2\/media\/44374"}],"wp:attachment":[{"href":"https:\/\/www.emballagedigest.fr\/en\/wp-json\/wp\/v2\/media?parent=44373"}],"wp:term":[{"taxonomy":"category","embeddable":true,"href":"https:\/\/www.emballagedigest.fr\/en\/wp-json\/wp\/v2\/categories?post=44373"},{"taxonomy":"post_tag","embeddable":true,"href":"https:\/\/www.emballagedigest.fr\/en\/wp-json\/wp\/v2\/tags?post=44373"}],"curies":[{"name":"wp","href":"https:\/\/api.w.org\/{rel}","templated":true}]}}