{"id":44379,"date":"2025-05-02T00:49:06","date_gmt":"2025-05-01T22:49:06","guid":{"rendered":"https:\/\/www.emballagedigest.fr\/?p=44379"},"modified":"2025-05-05T00:14:10","modified_gmt":"2025-05-04T22:14:10","slug":"recyclage-chimique-le-projet-eastman-attaque-en-justice","status":"publish","type":"post","link":"https:\/\/www.emballagedigest.fr\/en\/recyclage-chimique-le-projet-eastman-attaque-en-justice\/","title":{"rendered":"Recyclage chimique : le projet Eastman attaqu\u00e9 en justice"},"content":{"rendered":"<p><strong>Zero Waste France, Le Havre Z\u00e9ro D\u00e9chet et Zero Waste Rouen ont d\u00e9pos\u00e9, samedi 26 avril, un recours aupr\u00e8s du Tribunal administratif de Rouen pour demander l\u2019annulation de l\u2019arr\u00eat\u00e9 pr\u00e9fectoral autorisant le projet de recyclage chimique port\u00e9 par la soci\u00e9t\u00e9 am\u00e9ricaine Eastman. Selon les associations, cette usine qui doit voir le jour \u00e0 Port-J\u00e9r\u00f4me en Normandie, ne contribuera pas aux objectifs de recyclage de la France, alors m\u00eame qu\u2019elle b\u00e9n\u00e9ficiera de pr\u00e8s de 100 millions d\u2019euros d\u2019aides publiques, pour un projet qui se chiffre d\u00e9sormais \u00e0 2 milliards d\u2019euros.<\/strong><\/p>\n\n\n\n<p>Qualifi\u00e9 de \u00ab projet d\u2019int\u00e9r\u00eat national majeur \u00bb le 5 juillet dernier \u00e0 travers un d\u00e9cret publi\u00e9 en pleine enqu\u00eate publique, le projet Eastman promet de produire 200 000 tonnes de PET recycl\u00e9 \u00e0 partir de 286 000 tonnes de d\u00e9chets plastiques peu ou non recyclables. S\u2019il se concr\u00e9tise, il s\u2019agira de la plus grande usine de recyclage chimique par solvolyse au monde. Cette technologie est cens\u00e9e contribuer aux objectifs de recyclage et d\u2019incorporation de mati\u00e8re recycl\u00e9e de la France. Mais alors que ces objectifs de recyclage concernent exclusivement les d\u00e9chets post-consommation, l\u2019arr\u00eat\u00e9 pr\u00e9fectoral portant autorisation environnementale autorise la soci\u00e9t\u00e9 Eastman \u00e0 traiter des plastiques vari\u00e9s, sans fixer aucun seuil en fonction de la nature des d\u00e9chets, d\u00e9plorent les trois ONG.<\/p>\n\n\n\n<p>\u00ab Cette d\u00e9cision est particuli\u00e8rement probl\u00e9matique dans la mesure o\u00f9 l\u2019installation sera autoris\u00e9e \u00e0 traiter des d\u00e9chets provenant directement d\u2019\u00e9tapes du processus de production, notamment de l\u2019industrie textile \u00bb, explique B\u00e9n\u00e9dicte Kjaer Kahlat, responsable des affaires juridiques de Zero Waste France. \u00ab Autrement dit, pour essayer de rentabiliser son usine, Eastman sera autoris\u00e9e \u00e0 traiter des d\u00e9chets qui pourraient facilement \u00eatre limit\u00e9s par les industriels en amont, contrevenant \u00e0 la hi\u00e9rarchie des modes de traitement. Pour l\u2019environnement et les riverains, c\u2019est la double peine ! \u00bb.<\/p>\n\n\n\n<p>Autre point qui attise la col\u00e8re des associations : alors que l\u2019entreprise assure vouloir traiter en priorit\u00e9 les d\u00e9chets plastiques produits sur le territoire de la France m\u00e9tropolitaine, dans les faits, l\u2019arr\u00eat\u00e9 attaqu\u00e9 par les associations l\u2019autorise \u00e0 importer des d\u00e9chets en provenance d\u2019autres \u00c9tats europ\u00e9ens. \u00ab Eastman assure avoir d\u00e9j\u00e0 conclu plusieurs contrats avec des entreprises italiennes, espagnoles, allemandes, et d\u2019autres pays d\u2019Europe de l\u2019Est \u00bb, r\u00e9v\u00e8le B\u00e9n\u00e9dicte Kjaer Kahlat. \u00ab Il y a d\u2019un c\u00f4t\u00e9 une pression r\u00e9glementaire et citoyenne pour sortir des plastiques \u00e0 usage unique, et de l\u2019autre une forte pression \u00e9conomique li\u00e9e aux co\u00fbts du recyclage et de la mati\u00e8re recycl\u00e9e. Dans ce contexte, ce type de projet surdimensionn\u00e9 ne peut survivre que gr\u00e2ce \u00e0 l\u2019importation de d\u00e9chets, alimentant de fait un syst\u00e8me de surproduction qui d\u00e9multiplie les pollutions \u00bb.<\/p>\n\n\n\n<p>Un investissement qui interroge dans un contexte o\u00f9 les capacit\u00e9s existantes de recyclage des plastiques ne sont exploit\u00e9es qu\u2019\u00e0 65 %, rappelle Zero Waste France. \u00ab Investir massivement dans de nouvelles technologies particuli\u00e8rement co\u00fbteuses et dont l&rsquo;impact global est encore mal connu est un pari hasardeux, \u00e0 la fois pour notre sant\u00e9, notre \u00e9conomie et l\u2019environnement \u00bb, affirme B\u00e9n\u00e9dicte Kjaer Kahlat. \u00ab L\u2019argent des contribuables fran\u00e7ais serait bien mieux employ\u00e9 pour soutenir le retour des emballages en verre consign\u00e9s, ou encore la vente en vrac \u00bb.<\/p>","protected":false},"excerpt":{"rendered":"<p>Zero Waste France, Le Havre Z\u00e9ro D\u00e9chet et Zero Waste Rouen ont d\u00e9pos\u00e9, samedi 26 avril, un recours aupr\u00e8s du Tribunal administratif de Rouen pour demander l\u2019annulation de l\u2019arr\u00eat\u00e9 pr\u00e9fectoral autorisant le projet de recyclage chimique port\u00e9 par la soci\u00e9t\u00e9 am\u00e9ricaine Eastman. Selon les associations, cette usine qui doit voir le jour \u00e0 Port-J\u00e9r\u00f4me en [&hellip;]<\/p>","protected":false},"author":2,"featured_media":44380,"comment_status":"closed","ping_status":"closed","sticky":false,"template":"","format":"standard","meta":{"_acf_changed":false,"inline_featured_image":false,"iawp_total_views":4,"footnotes":""},"categories":[28,10],"tags":[],"class_list":["post-44379","post","type-post","status-publish","format-standard","has-post-thumbnail","hentry","category-article-entier","category-materiaux"],"acf":[],"yoast_head":"<!-- This site is optimized with the Yoast SEO plugin v24.4 - https:\/\/yoast.com\/wordpress\/plugins\/seo\/ -->\n<title>Recyclage chimique : le projet Eastman attaqu\u00e9 en justice - Emballage Digest<\/title>\n<meta name=\"robots\" content=\"index, follow, max-snippet:-1, max-image-preview:large, max-video-preview:-1\" \/>\n<link rel=\"canonical\" href=\"https:\/\/www.emballagedigest.fr\/en\/recyclage-chimique-le-projet-eastman-attaque-en-justice\/\" \/>\n<meta property=\"og:locale\" content=\"en_GB\" \/>\n<meta property=\"og:type\" content=\"article\" \/>\n<meta property=\"og:title\" content=\"Recyclage chimique : le projet Eastman attaqu\u00e9 en justice - Emballage Digest\" \/>\n<meta property=\"og:description\" content=\"Zero Waste France, Le Havre Z\u00e9ro D\u00e9chet et Zero Waste Rouen ont d\u00e9pos\u00e9, samedi 26 avril, un recours aupr\u00e8s du Tribunal administratif de Rouen pour demander l\u2019annulation de l\u2019arr\u00eat\u00e9 pr\u00e9fectoral autorisant le projet de recyclage chimique port\u00e9 par la soci\u00e9t\u00e9 am\u00e9ricaine Eastman. Selon les associations, cette usine qui doit voir le jour \u00e0 Port-J\u00e9r\u00f4me en [&hellip;]\" \/>\n<meta property=\"og:url\" content=\"https:\/\/www.emballagedigest.fr\/en\/recyclage-chimique-le-projet-eastman-attaque-en-justice\/\" \/>\n<meta property=\"og:site_name\" content=\"Emballage Digest\" \/>\n<meta property=\"article:published_time\" content=\"2025-05-01T22:49:06+00:00\" \/>\n<meta property=\"article:modified_time\" content=\"2025-05-04T22:14:10+00:00\" \/>\n<meta property=\"og:image\" content=\"https:\/\/www.emballagedigest.fr\/wp-content\/uploads\/2025\/05\/EASTMAN.jpg\" \/>\n\t<meta property=\"og:image:width\" content=\"800\" \/>\n\t<meta property=\"og:image:height\" content=\"533\" \/>\n\t<meta property=\"og:image:type\" content=\"image\/jpeg\" \/>\n<meta name=\"author\" content=\"Karine Duval\" \/>\n<meta name=\"twitter:card\" content=\"summary_large_image\" \/>\n<meta name=\"twitter:label1\" content=\"Written by\" \/>\n\t<meta name=\"twitter:data1\" content=\"Karine Duval\" \/>\n\t<meta name=\"twitter:label2\" content=\"Estimated reading time\" \/>\n\t<meta name=\"twitter:data2\" content=\"3 minutes\" \/>\n<script type=\"application\/ld+json\" class=\"yoast-schema-graph\">{\"@context\":\"https:\/\/schema.org\",\"@graph\":[{\"@type\":\"Article\",\"@id\":\"https:\/\/www.emballagedigest.fr\/recyclage-chimique-le-projet-eastman-attaque-en-justice\/#article\",\"isPartOf\":{\"@id\":\"https:\/\/www.emballagedigest.fr\/recyclage-chimique-le-projet-eastman-attaque-en-justice\/\"},\"author\":{\"name\":\"Karine Duval\",\"@id\":\"https:\/\/www.emballagedigest.fr\/#\/schema\/person\/76abe9f2b2ee4d3d520594c7a35da59f\"},\"headline\":\"Recyclage chimique : le projet Eastman attaqu\u00e9 en justice\",\"datePublished\":\"2025-05-01T22:49:06+00:00\",\"dateModified\":\"2025-05-04T22:14:10+00:00\",\"mainEntityOfPage\":{\"@id\":\"https:\/\/www.emballagedigest.fr\/recyclage-chimique-le-projet-eastman-attaque-en-justice\/\"},\"wordCount\":587,\"publisher\":{\"@id\":\"https:\/\/www.emballagedigest.fr\/#organization\"},\"image\":{\"@id\":\"https:\/\/www.emballagedigest.fr\/recyclage-chimique-le-projet-eastman-attaque-en-justice\/#primaryimage\"},\"thumbnailUrl\":\"https:\/\/www.emballagedigest.fr\/wp-content\/uploads\/2025\/05\/EASTMAN.jpg\",\"articleSection\":[\"Article entier\",\"Mat\u00e9riaux\"],\"inLanguage\":\"en-GB\"},{\"@type\":\"WebPage\",\"@id\":\"https:\/\/www.emballagedigest.fr\/recyclage-chimique-le-projet-eastman-attaque-en-justice\/\",\"url\":\"https:\/\/www.emballagedigest.fr\/recyclage-chimique-le-projet-eastman-attaque-en-justice\/\",\"name\":\"Recyclage chimique : le projet Eastman attaqu\u00e9 en justice - Emballage Digest\",\"isPartOf\":{\"@id\":\"https:\/\/www.emballagedigest.fr\/#website\"},\"primaryImageOfPage\":{\"@id\":\"https:\/\/www.emballagedigest.fr\/recyclage-chimique-le-projet-eastman-attaque-en-justice\/#primaryimage\"},\"image\":{\"@id\":\"https:\/\/www.emballagedigest.fr\/recyclage-chimique-le-projet-eastman-attaque-en-justice\/#primaryimage\"},\"thumbnailUrl\":\"https:\/\/www.emballagedigest.fr\/wp-content\/uploads\/2025\/05\/EASTMAN.jpg\",\"datePublished\":\"2025-05-01T22:49:06+00:00\",\"dateModified\":\"2025-05-04T22:14:10+00:00\",\"breadcrumb\":{\"@id\":\"https:\/\/www.emballagedigest.fr\/recyclage-chimique-le-projet-eastman-attaque-en-justice\/#breadcrumb\"},\"inLanguage\":\"en-GB\",\"potentialAction\":[{\"@type\":\"ReadAction\",\"target\":[\"https:\/\/www.emballagedigest.fr\/recyclage-chimique-le-projet-eastman-attaque-en-justice\/\"]}]},{\"@type\":\"ImageObject\",\"inLanguage\":\"en-GB\",\"@id\":\"https:\/\/www.emballagedigest.fr\/recyclage-chimique-le-projet-eastman-attaque-en-justice\/#primaryimage\",\"url\":\"https:\/\/www.emballagedigest.fr\/wp-content\/uploads\/2025\/05\/EASTMAN.jpg\",\"contentUrl\":\"https:\/\/www.emballagedigest.fr\/wp-content\/uploads\/2025\/05\/EASTMAN.jpg\",\"width\":800,\"height\":533},{\"@type\":\"BreadcrumbList\",\"@id\":\"https:\/\/www.emballagedigest.fr\/recyclage-chimique-le-projet-eastman-attaque-en-justice\/#breadcrumb\",\"itemListElement\":[{\"@type\":\"ListItem\",\"position\":1,\"name\":\"Accueil\",\"item\":\"https:\/\/www.emballagedigest.fr\/\"},{\"@type\":\"ListItem\",\"position\":2,\"name\":\"Recyclage chimique : le projet Eastman attaqu\u00e9 en justice\"}]},{\"@type\":\"WebSite\",\"@id\":\"https:\/\/www.emballagedigest.fr\/#website\",\"url\":\"https:\/\/www.emballagedigest.fr\/\",\"name\":\"Emballage Digest\",\"description\":\"Revue professionnelle sur les emballages\",\"publisher\":{\"@id\":\"https:\/\/www.emballagedigest.fr\/#organization\"},\"potentialAction\":[{\"@type\":\"SearchAction\",\"target\":{\"@type\":\"EntryPoint\",\"urlTemplate\":\"https:\/\/www.emballagedigest.fr\/?s={search_term_string}\"},\"query-input\":{\"@type\":\"PropertyValueSpecification\",\"valueRequired\":true,\"valueName\":\"search_term_string\"}}],\"inLanguage\":\"en-GB\"},{\"@type\":\"Organization\",\"@id\":\"https:\/\/www.emballagedigest.fr\/#organization\",\"name\":\"Emballage Digest\",\"url\":\"https:\/\/www.emballagedigest.fr\/\",\"logo\":{\"@type\":\"ImageObject\",\"inLanguage\":\"en-GB\",\"@id\":\"https:\/\/www.emballagedigest.fr\/#\/schema\/logo\/image\/\",\"url\":\"https:\/\/www.emballagedigest.fr\/wp-content\/uploads\/2022\/07\/logo-ed.png\",\"contentUrl\":\"https:\/\/www.emballagedigest.fr\/wp-content\/uploads\/2022\/07\/logo-ed.png\",\"width\":379,\"height\":75,\"caption\":\"Emballage Digest\"},\"image\":{\"@id\":\"https:\/\/www.emballagedigest.fr\/#\/schema\/logo\/image\/\"}},{\"@type\":\"Person\",\"@id\":\"https:\/\/www.emballagedigest.fr\/#\/schema\/person\/76abe9f2b2ee4d3d520594c7a35da59f\",\"name\":\"Karine Duval\",\"image\":{\"@type\":\"ImageObject\",\"inLanguage\":\"en-GB\",\"@id\":\"https:\/\/www.emballagedigest.fr\/#\/schema\/person\/image\/\",\"url\":\"https:\/\/secure.gravatar.com\/avatar\/f552799261cdd2e076e6677d780ef07bdb13aa4c196ab75b39abcbcdcae2d4e5?s=96&d=mm&r=g\",\"contentUrl\":\"https:\/\/secure.gravatar.com\/avatar\/f552799261cdd2e076e6677d780ef07bdb13aa4c196ab75b39abcbcdcae2d4e5?s=96&d=mm&r=g\",\"caption\":\"Karine Duval\"},\"url\":\"https:\/\/www.emballagedigest.fr\/en\/author\/admin_karduv\/\"}]}<\/script>\n<!-- \/ Yoast SEO plugin. -->","yoast_head_json":{"title":"Recyclage chimique : le projet Eastman attaqu\u00e9 en justice - Emballage Digest","robots":{"index":"index","follow":"follow","max-snippet":"max-snippet:-1","max-image-preview":"max-image-preview:large","max-video-preview":"max-video-preview:-1"},"canonical":"https:\/\/www.emballagedigest.fr\/en\/recyclage-chimique-le-projet-eastman-attaque-en-justice\/","og_locale":"en_GB","og_type":"article","og_title":"Recyclage chimique : le projet Eastman attaqu\u00e9 en justice - Emballage Digest","og_description":"Zero Waste France, Le Havre Z\u00e9ro D\u00e9chet et Zero Waste Rouen ont d\u00e9pos\u00e9, samedi 26 avril, un recours aupr\u00e8s du Tribunal administratif de Rouen pour demander l\u2019annulation de l\u2019arr\u00eat\u00e9 pr\u00e9fectoral autorisant le projet de recyclage chimique port\u00e9 par la soci\u00e9t\u00e9 am\u00e9ricaine Eastman. Selon les associations, cette usine qui doit voir le jour \u00e0 Port-J\u00e9r\u00f4me en [&hellip;]","og_url":"https:\/\/www.emballagedigest.fr\/en\/recyclage-chimique-le-projet-eastman-attaque-en-justice\/","og_site_name":"Emballage Digest","article_published_time":"2025-05-01T22:49:06+00:00","article_modified_time":"2025-05-04T22:14:10+00:00","og_image":[{"width":800,"height":533,"url":"https:\/\/www.emballagedigest.fr\/wp-content\/uploads\/2025\/05\/EASTMAN.jpg","type":"image\/jpeg"}],"author":"Karine Duval","twitter_card":"summary_large_image","twitter_misc":{"Written by":"Karine Duval","Estimated reading time":"3 minutes"},"schema":{"@context":"https:\/\/schema.org","@graph":[{"@type":"Article","@id":"https:\/\/www.emballagedigest.fr\/recyclage-chimique-le-projet-eastman-attaque-en-justice\/#article","isPartOf":{"@id":"https:\/\/www.emballagedigest.fr\/recyclage-chimique-le-projet-eastman-attaque-en-justice\/"},"author":{"name":"Karine Duval","@id":"https:\/\/www.emballagedigest.fr\/#\/schema\/person\/76abe9f2b2ee4d3d520594c7a35da59f"},"headline":"Recyclage chimique : le projet Eastman attaqu\u00e9 en justice","datePublished":"2025-05-01T22:49:06+00:00","dateModified":"2025-05-04T22:14:10+00:00","mainEntityOfPage":{"@id":"https:\/\/www.emballagedigest.fr\/recyclage-chimique-le-projet-eastman-attaque-en-justice\/"},"wordCount":587,"publisher":{"@id":"https:\/\/www.emballagedigest.fr\/#organization"},"image":{"@id":"https:\/\/www.emballagedigest.fr\/recyclage-chimique-le-projet-eastman-attaque-en-justice\/#primaryimage"},"thumbnailUrl":"https:\/\/www.emballagedigest.fr\/wp-content\/uploads\/2025\/05\/EASTMAN.jpg","articleSection":["Article entier","Mat\u00e9riaux"],"inLanguage":"en-GB"},{"@type":"WebPage","@id":"https:\/\/www.emballagedigest.fr\/recyclage-chimique-le-projet-eastman-attaque-en-justice\/","url":"https:\/\/www.emballagedigest.fr\/recyclage-chimique-le-projet-eastman-attaque-en-justice\/","name":"Recyclage chimique : le projet Eastman attaqu\u00e9 en justice - Emballage Digest","isPartOf":{"@id":"https:\/\/www.emballagedigest.fr\/#website"},"primaryImageOfPage":{"@id":"https:\/\/www.emballagedigest.fr\/recyclage-chimique-le-projet-eastman-attaque-en-justice\/#primaryimage"},"image":{"@id":"https:\/\/www.emballagedigest.fr\/recyclage-chimique-le-projet-eastman-attaque-en-justice\/#primaryimage"},"thumbnailUrl":"https:\/\/www.emballagedigest.fr\/wp-content\/uploads\/2025\/05\/EASTMAN.jpg","datePublished":"2025-05-01T22:49:06+00:00","dateModified":"2025-05-04T22:14:10+00:00","breadcrumb":{"@id":"https:\/\/www.emballagedigest.fr\/recyclage-chimique-le-projet-eastman-attaque-en-justice\/#breadcrumb"},"inLanguage":"en-GB","potentialAction":[{"@type":"ReadAction","target":["https:\/\/www.emballagedigest.fr\/recyclage-chimique-le-projet-eastman-attaque-en-justice\/"]}]},{"@type":"ImageObject","inLanguage":"en-GB","@id":"https:\/\/www.emballagedigest.fr\/recyclage-chimique-le-projet-eastman-attaque-en-justice\/#primaryimage","url":"https:\/\/www.emballagedigest.fr\/wp-content\/uploads\/2025\/05\/EASTMAN.jpg","contentUrl":"https:\/\/www.emballagedigest.fr\/wp-content\/uploads\/2025\/05\/EASTMAN.jpg","width":800,"height":533},{"@type":"BreadcrumbList","@id":"https:\/\/www.emballagedigest.fr\/recyclage-chimique-le-projet-eastman-attaque-en-justice\/#breadcrumb","itemListElement":[{"@type":"ListItem","position":1,"name":"Accueil","item":"https:\/\/www.emballagedigest.fr\/"},{"@type":"ListItem","position":2,"name":"Recyclage chimique : le projet Eastman attaqu\u00e9 en justice"}]},{"@type":"WebSite","@id":"https:\/\/www.emballagedigest.fr\/#website","url":"https:\/\/www.emballagedigest.fr\/","name":"Emballage Digest","description":"Revue professionnelle sur les emballages","publisher":{"@id":"https:\/\/www.emballagedigest.fr\/#organization"},"potentialAction":[{"@type":"SearchAction","target":{"@type":"EntryPoint","urlTemplate":"https:\/\/www.emballagedigest.fr\/?s={search_term_string}"},"query-input":{"@type":"PropertyValueSpecification","valueRequired":true,"valueName":"search_term_string"}}],"inLanguage":"en-GB"},{"@type":"Organization","@id":"https:\/\/www.emballagedigest.fr\/#organization","name":"Emballage Digest","url":"https:\/\/www.emballagedigest.fr\/","logo":{"@type":"ImageObject","inLanguage":"en-GB","@id":"https:\/\/www.emballagedigest.fr\/#\/schema\/logo\/image\/","url":"https:\/\/www.emballagedigest.fr\/wp-content\/uploads\/2022\/07\/logo-ed.png","contentUrl":"https:\/\/www.emballagedigest.fr\/wp-content\/uploads\/2022\/07\/logo-ed.png","width":379,"height":75,"caption":"Emballage Digest"},"image":{"@id":"https:\/\/www.emballagedigest.fr\/#\/schema\/logo\/image\/"}},{"@type":"Person","@id":"https:\/\/www.emballagedigest.fr\/#\/schema\/person\/76abe9f2b2ee4d3d520594c7a35da59f","name":"Karine Duval","image":{"@type":"ImageObject","inLanguage":"en-GB","@id":"https:\/\/www.emballagedigest.fr\/#\/schema\/person\/image\/","url":"https:\/\/secure.gravatar.com\/avatar\/f552799261cdd2e076e6677d780ef07bdb13aa4c196ab75b39abcbcdcae2d4e5?s=96&d=mm&r=g","contentUrl":"https:\/\/secure.gravatar.com\/avatar\/f552799261cdd2e076e6677d780ef07bdb13aa4c196ab75b39abcbcdcae2d4e5?s=96&d=mm&r=g","caption":"Karine Duval"},"url":"https:\/\/www.emballagedigest.fr\/en\/author\/admin_karduv\/"}]}},"_links":{"self":[{"href":"https:\/\/www.emballagedigest.fr\/en\/wp-json\/wp\/v2\/posts\/44379","targetHints":{"allow":["GET"]}}],"collection":[{"href":"https:\/\/www.emballagedigest.fr\/en\/wp-json\/wp\/v2\/posts"}],"about":[{"href":"https:\/\/www.emballagedigest.fr\/en\/wp-json\/wp\/v2\/types\/post"}],"author":[{"embeddable":true,"href":"https:\/\/www.emballagedigest.fr\/en\/wp-json\/wp\/v2\/users\/2"}],"replies":[{"embeddable":true,"href":"https:\/\/www.emballagedigest.fr\/en\/wp-json\/wp\/v2\/comments?post=44379"}],"version-history":[{"count":1,"href":"https:\/\/www.emballagedigest.fr\/en\/wp-json\/wp\/v2\/posts\/44379\/revisions"}],"predecessor-version":[{"id":44381,"href":"https:\/\/www.emballagedigest.fr\/en\/wp-json\/wp\/v2\/posts\/44379\/revisions\/44381"}],"wp:featuredmedia":[{"embeddable":true,"href":"https:\/\/www.emballagedigest.fr\/en\/wp-json\/wp\/v2\/media\/44380"}],"wp:attachment":[{"href":"https:\/\/www.emballagedigest.fr\/en\/wp-json\/wp\/v2\/media?parent=44379"}],"wp:term":[{"taxonomy":"category","embeddable":true,"href":"https:\/\/www.emballagedigest.fr\/en\/wp-json\/wp\/v2\/categories?post=44379"},{"taxonomy":"post_tag","embeddable":true,"href":"https:\/\/www.emballagedigest.fr\/en\/wp-json\/wp\/v2\/tags?post=44379"}],"curies":[{"name":"wp","href":"https:\/\/api.w.org\/{rel}","templated":true}]}}