{"id":44382,"date":"2025-05-02T00:51:00","date_gmt":"2025-05-01T22:51:00","guid":{"rendered":"https:\/\/www.emballagedigest.fr\/?p=44382"},"modified":"2025-05-02T00:51:20","modified_gmt":"2025-05-01T22:51:20","slug":"mondi-augmente-sa-capacite-en-carton-recycle-en-italie","status":"publish","type":"post","link":"https:\/\/www.emballagedigest.fr\/en\/mondi-augmente-sa-capacite-en-carton-recycle-en-italie\/","title":{"rendered":"Mondi augmente sa capacit\u00e9 en carton recycl\u00e9 en Italie"},"content":{"rendered":"<p><strong>Mondi annonce la mise en route d\u2019une nouvelle machine de fabrication de carton recycl\u00e9 dans son usine de Duino, en Italie. Objectif&nbsp;: proposer des emballages recycl\u00e9s fabriqu\u00e9s \u00e0 partir de d\u00e9chets locaux pour une boucle de valorisation de proximit\u00e9.<\/strong><\/p>\n\n\n\n<p>Tout au long de la phase de mont\u00e9e en puissance, Mondi s&rsquo;attache \u00e0 maintenir une production constante de carton ondul\u00e9 recycl\u00e9 de haute qualit\u00e9, fabriqu\u00e9 \u00e0 partir de fibres 100% r\u00e9cup\u00e9r\u00e9es. Id\u00e9ales pour les solutions de carton ondul\u00e9 l\u00e9ger, ces qualit\u00e9s de papier cartonn\u00e9 permettent des solutions d&#8217;emballage \u00e9conomiques et enti\u00e8rement recyclables pour des applications telles que le e-commerce et les emballages de biens de consommation.<\/p>\n\n\n\n<p>\u00ab Le d\u00e9marrage de cette machine dans les d\u00e9lais est une r\u00e9ussite exceptionnelle et t\u00e9moigne du d\u00e9vouement et de l&rsquo;expertise de notre \u00e9quipe \u00bb, d\u00e9clare Markus G\u00e4rtner, pdg de Mondi Corrugated Packaging. \u00ab Mondi Duino faisant d\u00e9sormais partie de notre cha\u00eene de valeur int\u00e9gr\u00e9e, nous sommes ravis de proposer \u00e0 nos clients des solutions d&#8217;emballage durables issues de notre r\u00e9seau \u00e9tendu de six usines de carton ondul\u00e9 dans le monde \u00bb.<\/p>\n\n\n\n<p>Dans la mesure du possible, l&rsquo;usine s&rsquo;approvisionnera en mat\u00e9riaux locaux pour alimenter la nouvelle ligne de carton ondul\u00e9, contribuant ainsi \u00e0 l&rsquo;\u00e9conomie locale et r\u00e9duisant les \u00e9missions de gaz \u00e0 effet de serre gr\u00e2ce \u00e0 des distances de transport plus courtes.<\/p>","protected":false},"excerpt":{"rendered":"<p>Mondi annonce la mise en route d\u2019une nouvelle machine de fabrication de carton recycl\u00e9 dans son usine de Duino, en Italie. Objectif&nbsp;: proposer des emballages recycl\u00e9s fabriqu\u00e9s \u00e0 partir de d\u00e9chets locaux pour une boucle de valorisation de proximit\u00e9. Tout au long de la phase de mont\u00e9e en puissance, Mondi s&rsquo;attache \u00e0 maintenir une production [&hellip;]<\/p>","protected":false},"author":2,"featured_media":44383,"comment_status":"closed","ping_status":"closed","sticky":false,"template":"","format":"standard","meta":{"_acf_changed":false,"inline_featured_image":false,"iawp_total_views":20,"footnotes":""},"categories":[28,10],"tags":[],"class_list":["post-44382","post","type-post","status-publish","format-standard","has-post-thumbnail","hentry","category-article-entier","category-materiaux"],"acf":[],"yoast_head":"<!-- This site is optimized with the Yoast SEO plugin v24.4 - https:\/\/yoast.com\/wordpress\/plugins\/seo\/ -->\n<title>Mondi augmente sa capacit\u00e9 en carton recycl\u00e9 en Italie - Emballage Digest<\/title>\n<meta name=\"robots\" content=\"index, follow, max-snippet:-1, max-image-preview:large, max-video-preview:-1\" \/>\n<link rel=\"canonical\" href=\"https:\/\/www.emballagedigest.fr\/en\/mondi-augmente-sa-capacite-en-carton-recycle-en-italie\/\" \/>\n<meta property=\"og:locale\" content=\"en_GB\" \/>\n<meta property=\"og:type\" content=\"article\" \/>\n<meta property=\"og:title\" content=\"Mondi augmente sa capacit\u00e9 en carton recycl\u00e9 en Italie - Emballage Digest\" \/>\n<meta property=\"og:description\" content=\"Mondi annonce la mise en route d\u2019une nouvelle machine de fabrication de carton recycl\u00e9 dans son usine de Duino, en Italie. Objectif&nbsp;: proposer des emballages recycl\u00e9s fabriqu\u00e9s \u00e0 partir de d\u00e9chets locaux pour une boucle de valorisation de proximit\u00e9. Tout au long de la phase de mont\u00e9e en puissance, Mondi s&rsquo;attache \u00e0 maintenir une production [&hellip;]\" \/>\n<meta property=\"og:url\" content=\"https:\/\/www.emballagedigest.fr\/en\/mondi-augmente-sa-capacite-en-carton-recycle-en-italie\/\" \/>\n<meta property=\"og:site_name\" content=\"Emballage Digest\" \/>\n<meta property=\"article:published_time\" content=\"2025-05-01T22:51:00+00:00\" \/>\n<meta property=\"article:modified_time\" content=\"2025-05-01T22:51:20+00:00\" \/>\n<meta property=\"og:image\" content=\"https:\/\/www.emballagedigest.fr\/wp-content\/uploads\/2025\/05\/Mondi.jpg\" \/>\n\t<meta property=\"og:image:width\" content=\"800\" \/>\n\t<meta property=\"og:image:height\" content=\"452\" \/>\n\t<meta property=\"og:image:type\" content=\"image\/jpeg\" \/>\n<meta name=\"author\" content=\"Karine Duval\" \/>\n<meta name=\"twitter:card\" content=\"summary_large_image\" \/>\n<meta name=\"twitter:label1\" content=\"Written by\" \/>\n\t<meta name=\"twitter:data1\" content=\"Karine Duval\" \/>\n\t<meta name=\"twitter:label2\" content=\"Estimated reading time\" \/>\n\t<meta name=\"twitter:data2\" content=\"2 minutes\" \/>\n<script type=\"application\/ld+json\" class=\"yoast-schema-graph\">{\"@context\":\"https:\/\/schema.org\",\"@graph\":[{\"@type\":\"Article\",\"@id\":\"https:\/\/www.emballagedigest.fr\/mondi-augmente-sa-capacite-en-carton-recycle-en-italie\/#article\",\"isPartOf\":{\"@id\":\"https:\/\/www.emballagedigest.fr\/mondi-augmente-sa-capacite-en-carton-recycle-en-italie\/\"},\"author\":{\"name\":\"Karine Duval\",\"@id\":\"https:\/\/www.emballagedigest.fr\/#\/schema\/person\/76abe9f2b2ee4d3d520594c7a35da59f\"},\"headline\":\"Mondi augmente sa capacit\u00e9 en carton recycl\u00e9 en Italie\",\"datePublished\":\"2025-05-01T22:51:00+00:00\",\"dateModified\":\"2025-05-01T22:51:20+00:00\",\"mainEntityOfPage\":{\"@id\":\"https:\/\/www.emballagedigest.fr\/mondi-augmente-sa-capacite-en-carton-recycle-en-italie\/\"},\"wordCount\":249,\"publisher\":{\"@id\":\"https:\/\/www.emballagedigest.fr\/#organization\"},\"image\":{\"@id\":\"https:\/\/www.emballagedigest.fr\/mondi-augmente-sa-capacite-en-carton-recycle-en-italie\/#primaryimage\"},\"thumbnailUrl\":\"https:\/\/www.emballagedigest.fr\/wp-content\/uploads\/2025\/05\/Mondi.jpg\",\"articleSection\":[\"Article entier\",\"Mat\u00e9riaux\"],\"inLanguage\":\"en-GB\"},{\"@type\":\"WebPage\",\"@id\":\"https:\/\/www.emballagedigest.fr\/mondi-augmente-sa-capacite-en-carton-recycle-en-italie\/\",\"url\":\"https:\/\/www.emballagedigest.fr\/mondi-augmente-sa-capacite-en-carton-recycle-en-italie\/\",\"name\":\"Mondi augmente sa capacit\u00e9 en carton recycl\u00e9 en Italie - Emballage Digest\",\"isPartOf\":{\"@id\":\"https:\/\/www.emballagedigest.fr\/#website\"},\"primaryImageOfPage\":{\"@id\":\"https:\/\/www.emballagedigest.fr\/mondi-augmente-sa-capacite-en-carton-recycle-en-italie\/#primaryimage\"},\"image\":{\"@id\":\"https:\/\/www.emballagedigest.fr\/mondi-augmente-sa-capacite-en-carton-recycle-en-italie\/#primaryimage\"},\"thumbnailUrl\":\"https:\/\/www.emballagedigest.fr\/wp-content\/uploads\/2025\/05\/Mondi.jpg\",\"datePublished\":\"2025-05-01T22:51:00+00:00\",\"dateModified\":\"2025-05-01T22:51:20+00:00\",\"breadcrumb\":{\"@id\":\"https:\/\/www.emballagedigest.fr\/mondi-augmente-sa-capacite-en-carton-recycle-en-italie\/#breadcrumb\"},\"inLanguage\":\"en-GB\",\"potentialAction\":[{\"@type\":\"ReadAction\",\"target\":[\"https:\/\/www.emballagedigest.fr\/mondi-augmente-sa-capacite-en-carton-recycle-en-italie\/\"]}]},{\"@type\":\"ImageObject\",\"inLanguage\":\"en-GB\",\"@id\":\"https:\/\/www.emballagedigest.fr\/mondi-augmente-sa-capacite-en-carton-recycle-en-italie\/#primaryimage\",\"url\":\"https:\/\/www.emballagedigest.fr\/wp-content\/uploads\/2025\/05\/Mondi.jpg\",\"contentUrl\":\"https:\/\/www.emballagedigest.fr\/wp-content\/uploads\/2025\/05\/Mondi.jpg\",\"width\":800,\"height\":452},{\"@type\":\"BreadcrumbList\",\"@id\":\"https:\/\/www.emballagedigest.fr\/mondi-augmente-sa-capacite-en-carton-recycle-en-italie\/#breadcrumb\",\"itemListElement\":[{\"@type\":\"ListItem\",\"position\":1,\"name\":\"Accueil\",\"item\":\"https:\/\/www.emballagedigest.fr\/\"},{\"@type\":\"ListItem\",\"position\":2,\"name\":\"Mondi augmente sa capacit\u00e9 en carton recycl\u00e9 en Italie\"}]},{\"@type\":\"WebSite\",\"@id\":\"https:\/\/www.emballagedigest.fr\/#website\",\"url\":\"https:\/\/www.emballagedigest.fr\/\",\"name\":\"Emballage Digest\",\"description\":\"Revue professionnelle sur les emballages\",\"publisher\":{\"@id\":\"https:\/\/www.emballagedigest.fr\/#organization\"},\"potentialAction\":[{\"@type\":\"SearchAction\",\"target\":{\"@type\":\"EntryPoint\",\"urlTemplate\":\"https:\/\/www.emballagedigest.fr\/?s={search_term_string}\"},\"query-input\":{\"@type\":\"PropertyValueSpecification\",\"valueRequired\":true,\"valueName\":\"search_term_string\"}}],\"inLanguage\":\"en-GB\"},{\"@type\":\"Organization\",\"@id\":\"https:\/\/www.emballagedigest.fr\/#organization\",\"name\":\"Emballage Digest\",\"url\":\"https:\/\/www.emballagedigest.fr\/\",\"logo\":{\"@type\":\"ImageObject\",\"inLanguage\":\"en-GB\",\"@id\":\"https:\/\/www.emballagedigest.fr\/#\/schema\/logo\/image\/\",\"url\":\"https:\/\/www.emballagedigest.fr\/wp-content\/uploads\/2022\/07\/logo-ed.png\",\"contentUrl\":\"https:\/\/www.emballagedigest.fr\/wp-content\/uploads\/2022\/07\/logo-ed.png\",\"width\":379,\"height\":75,\"caption\":\"Emballage Digest\"},\"image\":{\"@id\":\"https:\/\/www.emballagedigest.fr\/#\/schema\/logo\/image\/\"}},{\"@type\":\"Person\",\"@id\":\"https:\/\/www.emballagedigest.fr\/#\/schema\/person\/76abe9f2b2ee4d3d520594c7a35da59f\",\"name\":\"Karine Duval\",\"image\":{\"@type\":\"ImageObject\",\"inLanguage\":\"en-GB\",\"@id\":\"https:\/\/www.emballagedigest.fr\/#\/schema\/person\/image\/\",\"url\":\"https:\/\/secure.gravatar.com\/avatar\/f552799261cdd2e076e6677d780ef07bdb13aa4c196ab75b39abcbcdcae2d4e5?s=96&d=mm&r=g\",\"contentUrl\":\"https:\/\/secure.gravatar.com\/avatar\/f552799261cdd2e076e6677d780ef07bdb13aa4c196ab75b39abcbcdcae2d4e5?s=96&d=mm&r=g\",\"caption\":\"Karine Duval\"},\"url\":\"https:\/\/www.emballagedigest.fr\/en\/author\/admin_karduv\/\"}]}<\/script>\n<!-- \/ Yoast SEO plugin. -->","yoast_head_json":{"title":"Mondi augmente sa capacit\u00e9 en carton recycl\u00e9 en Italie - Emballage Digest","robots":{"index":"index","follow":"follow","max-snippet":"max-snippet:-1","max-image-preview":"max-image-preview:large","max-video-preview":"max-video-preview:-1"},"canonical":"https:\/\/www.emballagedigest.fr\/en\/mondi-augmente-sa-capacite-en-carton-recycle-en-italie\/","og_locale":"en_GB","og_type":"article","og_title":"Mondi augmente sa capacit\u00e9 en carton recycl\u00e9 en Italie - Emballage Digest","og_description":"Mondi annonce la mise en route d\u2019une nouvelle machine de fabrication de carton recycl\u00e9 dans son usine de Duino, en Italie. Objectif&nbsp;: proposer des emballages recycl\u00e9s fabriqu\u00e9s \u00e0 partir de d\u00e9chets locaux pour une boucle de valorisation de proximit\u00e9. Tout au long de la phase de mont\u00e9e en puissance, Mondi s&rsquo;attache \u00e0 maintenir une production [&hellip;]","og_url":"https:\/\/www.emballagedigest.fr\/en\/mondi-augmente-sa-capacite-en-carton-recycle-en-italie\/","og_site_name":"Emballage Digest","article_published_time":"2025-05-01T22:51:00+00:00","article_modified_time":"2025-05-01T22:51:20+00:00","og_image":[{"width":800,"height":452,"url":"https:\/\/www.emballagedigest.fr\/wp-content\/uploads\/2025\/05\/Mondi.jpg","type":"image\/jpeg"}],"author":"Karine Duval","twitter_card":"summary_large_image","twitter_misc":{"Written by":"Karine Duval","Estimated reading time":"2 minutes"},"schema":{"@context":"https:\/\/schema.org","@graph":[{"@type":"Article","@id":"https:\/\/www.emballagedigest.fr\/mondi-augmente-sa-capacite-en-carton-recycle-en-italie\/#article","isPartOf":{"@id":"https:\/\/www.emballagedigest.fr\/mondi-augmente-sa-capacite-en-carton-recycle-en-italie\/"},"author":{"name":"Karine Duval","@id":"https:\/\/www.emballagedigest.fr\/#\/schema\/person\/76abe9f2b2ee4d3d520594c7a35da59f"},"headline":"Mondi augmente sa capacit\u00e9 en carton recycl\u00e9 en Italie","datePublished":"2025-05-01T22:51:00+00:00","dateModified":"2025-05-01T22:51:20+00:00","mainEntityOfPage":{"@id":"https:\/\/www.emballagedigest.fr\/mondi-augmente-sa-capacite-en-carton-recycle-en-italie\/"},"wordCount":249,"publisher":{"@id":"https:\/\/www.emballagedigest.fr\/#organization"},"image":{"@id":"https:\/\/www.emballagedigest.fr\/mondi-augmente-sa-capacite-en-carton-recycle-en-italie\/#primaryimage"},"thumbnailUrl":"https:\/\/www.emballagedigest.fr\/wp-content\/uploads\/2025\/05\/Mondi.jpg","articleSection":["Article entier","Mat\u00e9riaux"],"inLanguage":"en-GB"},{"@type":"WebPage","@id":"https:\/\/www.emballagedigest.fr\/mondi-augmente-sa-capacite-en-carton-recycle-en-italie\/","url":"https:\/\/www.emballagedigest.fr\/mondi-augmente-sa-capacite-en-carton-recycle-en-italie\/","name":"Mondi augmente sa capacit\u00e9 en carton recycl\u00e9 en Italie - Emballage Digest","isPartOf":{"@id":"https:\/\/www.emballagedigest.fr\/#website"},"primaryImageOfPage":{"@id":"https:\/\/www.emballagedigest.fr\/mondi-augmente-sa-capacite-en-carton-recycle-en-italie\/#primaryimage"},"image":{"@id":"https:\/\/www.emballagedigest.fr\/mondi-augmente-sa-capacite-en-carton-recycle-en-italie\/#primaryimage"},"thumbnailUrl":"https:\/\/www.emballagedigest.fr\/wp-content\/uploads\/2025\/05\/Mondi.jpg","datePublished":"2025-05-01T22:51:00+00:00","dateModified":"2025-05-01T22:51:20+00:00","breadcrumb":{"@id":"https:\/\/www.emballagedigest.fr\/mondi-augmente-sa-capacite-en-carton-recycle-en-italie\/#breadcrumb"},"inLanguage":"en-GB","potentialAction":[{"@type":"ReadAction","target":["https:\/\/www.emballagedigest.fr\/mondi-augmente-sa-capacite-en-carton-recycle-en-italie\/"]}]},{"@type":"ImageObject","inLanguage":"en-GB","@id":"https:\/\/www.emballagedigest.fr\/mondi-augmente-sa-capacite-en-carton-recycle-en-italie\/#primaryimage","url":"https:\/\/www.emballagedigest.fr\/wp-content\/uploads\/2025\/05\/Mondi.jpg","contentUrl":"https:\/\/www.emballagedigest.fr\/wp-content\/uploads\/2025\/05\/Mondi.jpg","width":800,"height":452},{"@type":"BreadcrumbList","@id":"https:\/\/www.emballagedigest.fr\/mondi-augmente-sa-capacite-en-carton-recycle-en-italie\/#breadcrumb","itemListElement":[{"@type":"ListItem","position":1,"name":"Accueil","item":"https:\/\/www.emballagedigest.fr\/"},{"@type":"ListItem","position":2,"name":"Mondi augmente sa capacit\u00e9 en carton recycl\u00e9 en Italie"}]},{"@type":"WebSite","@id":"https:\/\/www.emballagedigest.fr\/#website","url":"https:\/\/www.emballagedigest.fr\/","name":"Emballage Digest","description":"Revue professionnelle sur les emballages","publisher":{"@id":"https:\/\/www.emballagedigest.fr\/#organization"},"potentialAction":[{"@type":"SearchAction","target":{"@type":"EntryPoint","urlTemplate":"https:\/\/www.emballagedigest.fr\/?s={search_term_string}"},"query-input":{"@type":"PropertyValueSpecification","valueRequired":true,"valueName":"search_term_string"}}],"inLanguage":"en-GB"},{"@type":"Organization","@id":"https:\/\/www.emballagedigest.fr\/#organization","name":"Emballage Digest","url":"https:\/\/www.emballagedigest.fr\/","logo":{"@type":"ImageObject","inLanguage":"en-GB","@id":"https:\/\/www.emballagedigest.fr\/#\/schema\/logo\/image\/","url":"https:\/\/www.emballagedigest.fr\/wp-content\/uploads\/2022\/07\/logo-ed.png","contentUrl":"https:\/\/www.emballagedigest.fr\/wp-content\/uploads\/2022\/07\/logo-ed.png","width":379,"height":75,"caption":"Emballage Digest"},"image":{"@id":"https:\/\/www.emballagedigest.fr\/#\/schema\/logo\/image\/"}},{"@type":"Person","@id":"https:\/\/www.emballagedigest.fr\/#\/schema\/person\/76abe9f2b2ee4d3d520594c7a35da59f","name":"Karine Duval","image":{"@type":"ImageObject","inLanguage":"en-GB","@id":"https:\/\/www.emballagedigest.fr\/#\/schema\/person\/image\/","url":"https:\/\/secure.gravatar.com\/avatar\/f552799261cdd2e076e6677d780ef07bdb13aa4c196ab75b39abcbcdcae2d4e5?s=96&d=mm&r=g","contentUrl":"https:\/\/secure.gravatar.com\/avatar\/f552799261cdd2e076e6677d780ef07bdb13aa4c196ab75b39abcbcdcae2d4e5?s=96&d=mm&r=g","caption":"Karine Duval"},"url":"https:\/\/www.emballagedigest.fr\/en\/author\/admin_karduv\/"}]}},"_links":{"self":[{"href":"https:\/\/www.emballagedigest.fr\/en\/wp-json\/wp\/v2\/posts\/44382","targetHints":{"allow":["GET"]}}],"collection":[{"href":"https:\/\/www.emballagedigest.fr\/en\/wp-json\/wp\/v2\/posts"}],"about":[{"href":"https:\/\/www.emballagedigest.fr\/en\/wp-json\/wp\/v2\/types\/post"}],"author":[{"embeddable":true,"href":"https:\/\/www.emballagedigest.fr\/en\/wp-json\/wp\/v2\/users\/2"}],"replies":[{"embeddable":true,"href":"https:\/\/www.emballagedigest.fr\/en\/wp-json\/wp\/v2\/comments?post=44382"}],"version-history":[{"count":1,"href":"https:\/\/www.emballagedigest.fr\/en\/wp-json\/wp\/v2\/posts\/44382\/revisions"}],"predecessor-version":[{"id":44384,"href":"https:\/\/www.emballagedigest.fr\/en\/wp-json\/wp\/v2\/posts\/44382\/revisions\/44384"}],"wp:featuredmedia":[{"embeddable":true,"href":"https:\/\/www.emballagedigest.fr\/en\/wp-json\/wp\/v2\/media\/44383"}],"wp:attachment":[{"href":"https:\/\/www.emballagedigest.fr\/en\/wp-json\/wp\/v2\/media?parent=44382"}],"wp:term":[{"taxonomy":"category","embeddable":true,"href":"https:\/\/www.emballagedigest.fr\/en\/wp-json\/wp\/v2\/categories?post=44382"},{"taxonomy":"post_tag","embeddable":true,"href":"https:\/\/www.emballagedigest.fr\/en\/wp-json\/wp\/v2\/tags?post=44382"}],"curies":[{"name":"wp","href":"https:\/\/api.w.org\/{rel}","templated":true}]}}