{"id":44385,"date":"2025-04-30T14:37:00","date_gmt":"2025-04-30T12:37:00","guid":{"rendered":"https:\/\/www.emballagedigest.fr\/?p=44385"},"modified":"2025-05-02T14:40:08","modified_gmt":"2025-05-02T12:40:08","slug":"des-legumes-et-legumineuses-bio-en-format-brique","status":"publish","type":"post","link":"https:\/\/www.emballagedigest.fr\/en\/des-legumes-et-legumineuses-bio-en-format-brique\/","title":{"rendered":"Des l\u00e9gumes et l\u00e9gumineuses bio en format brique"},"content":{"rendered":"<p><strong>Depuis sa cr\u00e9ation en 2018 par l\u2019ANEB (Association Nationale des \u00c9piciers Bio), \u00c9libio se d\u00e9marque par une gamme de produits bio accessibles, distribu\u00e9s exclusivement en magasins bio ind\u00e9pendants. <\/strong><\/p>\n\n\n\n<p>Le groupement a r\u00e9cemment repens\u00e9 ses emballages pour concilier praticit\u00e9, \u00e9cologie et petits prix. La marque d\u00e9laisse la traditionnelle et historique conserve m\u00e9tallique \u2013 critiqu\u00e9e pour le go\u00fbt m\u00e9tallique ressenti \u00e0 la d\u00e9gustation, le co\u00fbt de production \u00e9lev\u00e9, et son association \u00e0 une certaine rigidit\u00e9 des habitudes de consommation \u2013 pour adopter le conditionnement en brique Tetra Pak. D\u00e9sormais, les l\u00e9gumineuses (lentilles, pois chiches et haricots blancs) et la pulpe de tomate \u00c9libio sont conditionn\u00e9s dans une brique multicouche con\u00e7ue pour prot\u00e9ger les produits liquides et solides tout en assurant une conservation longue dur\u00e9e. Avantages\u00a0: un format plus compact qui facilite la distribution et l\u2019agencement en rayon et offre moins de casse\u00a0; une meilleure ergonomie pour le consommateur : l\u00e9ger, facile \u00e0 manipuler et \u00e0 ranger\u00a0; un mat\u00e9riau avec un meilleur taux de recyclage et un prix comp\u00e9titif, inf\u00e9rieur \u00e0 celui des conserves m\u00e9talliques.<br><strong><em>Fournisseur\u00a0: Tetra Pak<\/em><\/strong><\/p>","protected":false},"excerpt":{"rendered":"<p>Depuis sa cr\u00e9ation en 2018 par l\u2019ANEB (Association Nationale des \u00c9piciers Bio), \u00c9libio se d\u00e9marque par une gamme de produits bio accessibles, distribu\u00e9s exclusivement en magasins bio ind\u00e9pendants. Le groupement a r\u00e9cemment repens\u00e9 ses emballages pour concilier praticit\u00e9, \u00e9cologie et petits prix. La marque d\u00e9laisse la traditionnelle et historique conserve m\u00e9tallique \u2013 critiqu\u00e9e pour le [&hellip;]<\/p>","protected":false},"author":2,"featured_media":44386,"comment_status":"closed","ping_status":"closed","sticky":false,"template":"","format":"standard","meta":{"_acf_changed":false,"inline_featured_image":false,"iawp_total_views":1,"footnotes":""},"categories":[28,26,4,65],"tags":[],"class_list":["post-44385","post","type-post","status-publish","format-standard","has-post-thumbnail","hentry","category-article-entier","category-laterale","category-lineaires","category-vu-dans-le-mag"],"acf":[],"yoast_head":"<!-- This site is optimized with the Yoast SEO plugin v24.4 - https:\/\/yoast.com\/wordpress\/plugins\/seo\/ -->\n<title>Des l\u00e9gumes et l\u00e9gumineuses bio en format brique - Emballage Digest<\/title>\n<meta name=\"robots\" content=\"index, follow, max-snippet:-1, max-image-preview:large, max-video-preview:-1\" \/>\n<link rel=\"canonical\" href=\"https:\/\/www.emballagedigest.fr\/en\/des-legumes-et-legumineuses-bio-en-format-brique\/\" \/>\n<meta property=\"og:locale\" content=\"en_GB\" \/>\n<meta property=\"og:type\" content=\"article\" \/>\n<meta property=\"og:title\" content=\"Des l\u00e9gumes et l\u00e9gumineuses bio en format brique - Emballage Digest\" \/>\n<meta property=\"og:description\" content=\"Depuis sa cr\u00e9ation en 2018 par l\u2019ANEB (Association Nationale des \u00c9piciers Bio), \u00c9libio se d\u00e9marque par une gamme de produits bio accessibles, distribu\u00e9s exclusivement en magasins bio ind\u00e9pendants. Le groupement a r\u00e9cemment repens\u00e9 ses emballages pour concilier praticit\u00e9, \u00e9cologie et petits prix. La marque d\u00e9laisse la traditionnelle et historique conserve m\u00e9tallique \u2013 critiqu\u00e9e pour le [&hellip;]\" \/>\n<meta property=\"og:url\" content=\"https:\/\/www.emballagedigest.fr\/en\/des-legumes-et-legumineuses-bio-en-format-brique\/\" \/>\n<meta property=\"og:site_name\" content=\"Emballage Digest\" \/>\n<meta property=\"article:published_time\" content=\"2025-04-30T12:37:00+00:00\" \/>\n<meta property=\"article:modified_time\" content=\"2025-05-02T12:40:08+00:00\" \/>\n<meta property=\"og:image\" content=\"https:\/\/www.emballagedigest.fr\/wp-content\/uploads\/2025\/05\/ELIBIO-TETRA-PAK.jpg\" \/>\n\t<meta property=\"og:image:width\" content=\"800\" \/>\n\t<meta property=\"og:image:height\" content=\"600\" \/>\n\t<meta property=\"og:image:type\" content=\"image\/jpeg\" \/>\n<meta name=\"author\" content=\"Karine Duval\" \/>\n<meta name=\"twitter:card\" content=\"summary_large_image\" \/>\n<meta name=\"twitter:label1\" content=\"Written by\" \/>\n\t<meta name=\"twitter:data1\" content=\"Karine Duval\" \/>\n\t<meta name=\"twitter:label2\" content=\"Estimated reading time\" \/>\n\t<meta name=\"twitter:data2\" content=\"2 minutes\" \/>\n<script type=\"application\/ld+json\" class=\"yoast-schema-graph\">{\"@context\":\"https:\/\/schema.org\",\"@graph\":[{\"@type\":\"Article\",\"@id\":\"https:\/\/www.emballagedigest.fr\/des-legumes-et-legumineuses-bio-en-format-brique\/#article\",\"isPartOf\":{\"@id\":\"https:\/\/www.emballagedigest.fr\/des-legumes-et-legumineuses-bio-en-format-brique\/\"},\"author\":{\"name\":\"Karine Duval\",\"@id\":\"https:\/\/www.emballagedigest.fr\/#\/schema\/person\/76abe9f2b2ee4d3d520594c7a35da59f\"},\"headline\":\"Des l\u00e9gumes et l\u00e9gumineuses bio en format brique\",\"datePublished\":\"2025-04-30T12:37:00+00:00\",\"dateModified\":\"2025-05-02T12:40:08+00:00\",\"mainEntityOfPage\":{\"@id\":\"https:\/\/www.emballagedigest.fr\/des-legumes-et-legumineuses-bio-en-format-brique\/\"},\"wordCount\":201,\"publisher\":{\"@id\":\"https:\/\/www.emballagedigest.fr\/#organization\"},\"image\":{\"@id\":\"https:\/\/www.emballagedigest.fr\/des-legumes-et-legumineuses-bio-en-format-brique\/#primaryimage\"},\"thumbnailUrl\":\"https:\/\/www.emballagedigest.fr\/wp-content\/uploads\/2025\/05\/ELIBIO-TETRA-PAK.jpg\",\"articleSection\":[\"Article entier\",\"Barre lat\u00e9rale\",\"Lin\u00e9aires\",\"Vu dans le mag\"],\"inLanguage\":\"en-GB\"},{\"@type\":\"WebPage\",\"@id\":\"https:\/\/www.emballagedigest.fr\/des-legumes-et-legumineuses-bio-en-format-brique\/\",\"url\":\"https:\/\/www.emballagedigest.fr\/des-legumes-et-legumineuses-bio-en-format-brique\/\",\"name\":\"Des l\u00e9gumes et l\u00e9gumineuses bio en format brique - Emballage Digest\",\"isPartOf\":{\"@id\":\"https:\/\/www.emballagedigest.fr\/#website\"},\"primaryImageOfPage\":{\"@id\":\"https:\/\/www.emballagedigest.fr\/des-legumes-et-legumineuses-bio-en-format-brique\/#primaryimage\"},\"image\":{\"@id\":\"https:\/\/www.emballagedigest.fr\/des-legumes-et-legumineuses-bio-en-format-brique\/#primaryimage\"},\"thumbnailUrl\":\"https:\/\/www.emballagedigest.fr\/wp-content\/uploads\/2025\/05\/ELIBIO-TETRA-PAK.jpg\",\"datePublished\":\"2025-04-30T12:37:00+00:00\",\"dateModified\":\"2025-05-02T12:40:08+00:00\",\"breadcrumb\":{\"@id\":\"https:\/\/www.emballagedigest.fr\/des-legumes-et-legumineuses-bio-en-format-brique\/#breadcrumb\"},\"inLanguage\":\"en-GB\",\"potentialAction\":[{\"@type\":\"ReadAction\",\"target\":[\"https:\/\/www.emballagedigest.fr\/des-legumes-et-legumineuses-bio-en-format-brique\/\"]}]},{\"@type\":\"ImageObject\",\"inLanguage\":\"en-GB\",\"@id\":\"https:\/\/www.emballagedigest.fr\/des-legumes-et-legumineuses-bio-en-format-brique\/#primaryimage\",\"url\":\"https:\/\/www.emballagedigest.fr\/wp-content\/uploads\/2025\/05\/ELIBIO-TETRA-PAK.jpg\",\"contentUrl\":\"https:\/\/www.emballagedigest.fr\/wp-content\/uploads\/2025\/05\/ELIBIO-TETRA-PAK.jpg\",\"width\":800,\"height\":600},{\"@type\":\"BreadcrumbList\",\"@id\":\"https:\/\/www.emballagedigest.fr\/des-legumes-et-legumineuses-bio-en-format-brique\/#breadcrumb\",\"itemListElement\":[{\"@type\":\"ListItem\",\"position\":1,\"name\":\"Accueil\",\"item\":\"https:\/\/www.emballagedigest.fr\/\"},{\"@type\":\"ListItem\",\"position\":2,\"name\":\"Des l\u00e9gumes et l\u00e9gumineuses bio en format brique\"}]},{\"@type\":\"WebSite\",\"@id\":\"https:\/\/www.emballagedigest.fr\/#website\",\"url\":\"https:\/\/www.emballagedigest.fr\/\",\"name\":\"Emballage Digest\",\"description\":\"Revue professionnelle sur les emballages\",\"publisher\":{\"@id\":\"https:\/\/www.emballagedigest.fr\/#organization\"},\"potentialAction\":[{\"@type\":\"SearchAction\",\"target\":{\"@type\":\"EntryPoint\",\"urlTemplate\":\"https:\/\/www.emballagedigest.fr\/?s={search_term_string}\"},\"query-input\":{\"@type\":\"PropertyValueSpecification\",\"valueRequired\":true,\"valueName\":\"search_term_string\"}}],\"inLanguage\":\"en-GB\"},{\"@type\":\"Organization\",\"@id\":\"https:\/\/www.emballagedigest.fr\/#organization\",\"name\":\"Emballage Digest\",\"url\":\"https:\/\/www.emballagedigest.fr\/\",\"logo\":{\"@type\":\"ImageObject\",\"inLanguage\":\"en-GB\",\"@id\":\"https:\/\/www.emballagedigest.fr\/#\/schema\/logo\/image\/\",\"url\":\"https:\/\/www.emballagedigest.fr\/wp-content\/uploads\/2022\/07\/logo-ed.png\",\"contentUrl\":\"https:\/\/www.emballagedigest.fr\/wp-content\/uploads\/2022\/07\/logo-ed.png\",\"width\":379,\"height\":75,\"caption\":\"Emballage Digest\"},\"image\":{\"@id\":\"https:\/\/www.emballagedigest.fr\/#\/schema\/logo\/image\/\"}},{\"@type\":\"Person\",\"@id\":\"https:\/\/www.emballagedigest.fr\/#\/schema\/person\/76abe9f2b2ee4d3d520594c7a35da59f\",\"name\":\"Karine Duval\",\"image\":{\"@type\":\"ImageObject\",\"inLanguage\":\"en-GB\",\"@id\":\"https:\/\/www.emballagedigest.fr\/#\/schema\/person\/image\/\",\"url\":\"https:\/\/secure.gravatar.com\/avatar\/f552799261cdd2e076e6677d780ef07bdb13aa4c196ab75b39abcbcdcae2d4e5?s=96&d=mm&r=g\",\"contentUrl\":\"https:\/\/secure.gravatar.com\/avatar\/f552799261cdd2e076e6677d780ef07bdb13aa4c196ab75b39abcbcdcae2d4e5?s=96&d=mm&r=g\",\"caption\":\"Karine Duval\"},\"url\":\"https:\/\/www.emballagedigest.fr\/en\/author\/admin_karduv\/\"}]}<\/script>\n<!-- \/ Yoast SEO plugin. -->","yoast_head_json":{"title":"Des l\u00e9gumes et l\u00e9gumineuses bio en format brique - Emballage Digest","robots":{"index":"index","follow":"follow","max-snippet":"max-snippet:-1","max-image-preview":"max-image-preview:large","max-video-preview":"max-video-preview:-1"},"canonical":"https:\/\/www.emballagedigest.fr\/en\/des-legumes-et-legumineuses-bio-en-format-brique\/","og_locale":"en_GB","og_type":"article","og_title":"Des l\u00e9gumes et l\u00e9gumineuses bio en format brique - Emballage Digest","og_description":"Depuis sa cr\u00e9ation en 2018 par l\u2019ANEB (Association Nationale des \u00c9piciers Bio), \u00c9libio se d\u00e9marque par une gamme de produits bio accessibles, distribu\u00e9s exclusivement en magasins bio ind\u00e9pendants. Le groupement a r\u00e9cemment repens\u00e9 ses emballages pour concilier praticit\u00e9, \u00e9cologie et petits prix. La marque d\u00e9laisse la traditionnelle et historique conserve m\u00e9tallique \u2013 critiqu\u00e9e pour le [&hellip;]","og_url":"https:\/\/www.emballagedigest.fr\/en\/des-legumes-et-legumineuses-bio-en-format-brique\/","og_site_name":"Emballage Digest","article_published_time":"2025-04-30T12:37:00+00:00","article_modified_time":"2025-05-02T12:40:08+00:00","og_image":[{"width":800,"height":600,"url":"https:\/\/www.emballagedigest.fr\/wp-content\/uploads\/2025\/05\/ELIBIO-TETRA-PAK.jpg","type":"image\/jpeg"}],"author":"Karine Duval","twitter_card":"summary_large_image","twitter_misc":{"Written by":"Karine Duval","Estimated reading time":"2 minutes"},"schema":{"@context":"https:\/\/schema.org","@graph":[{"@type":"Article","@id":"https:\/\/www.emballagedigest.fr\/des-legumes-et-legumineuses-bio-en-format-brique\/#article","isPartOf":{"@id":"https:\/\/www.emballagedigest.fr\/des-legumes-et-legumineuses-bio-en-format-brique\/"},"author":{"name":"Karine Duval","@id":"https:\/\/www.emballagedigest.fr\/#\/schema\/person\/76abe9f2b2ee4d3d520594c7a35da59f"},"headline":"Des l\u00e9gumes et l\u00e9gumineuses bio en format brique","datePublished":"2025-04-30T12:37:00+00:00","dateModified":"2025-05-02T12:40:08+00:00","mainEntityOfPage":{"@id":"https:\/\/www.emballagedigest.fr\/des-legumes-et-legumineuses-bio-en-format-brique\/"},"wordCount":201,"publisher":{"@id":"https:\/\/www.emballagedigest.fr\/#organization"},"image":{"@id":"https:\/\/www.emballagedigest.fr\/des-legumes-et-legumineuses-bio-en-format-brique\/#primaryimage"},"thumbnailUrl":"https:\/\/www.emballagedigest.fr\/wp-content\/uploads\/2025\/05\/ELIBIO-TETRA-PAK.jpg","articleSection":["Article entier","Barre lat\u00e9rale","Lin\u00e9aires","Vu dans le mag"],"inLanguage":"en-GB"},{"@type":"WebPage","@id":"https:\/\/www.emballagedigest.fr\/des-legumes-et-legumineuses-bio-en-format-brique\/","url":"https:\/\/www.emballagedigest.fr\/des-legumes-et-legumineuses-bio-en-format-brique\/","name":"Des l\u00e9gumes et l\u00e9gumineuses bio en format brique - Emballage Digest","isPartOf":{"@id":"https:\/\/www.emballagedigest.fr\/#website"},"primaryImageOfPage":{"@id":"https:\/\/www.emballagedigest.fr\/des-legumes-et-legumineuses-bio-en-format-brique\/#primaryimage"},"image":{"@id":"https:\/\/www.emballagedigest.fr\/des-legumes-et-legumineuses-bio-en-format-brique\/#primaryimage"},"thumbnailUrl":"https:\/\/www.emballagedigest.fr\/wp-content\/uploads\/2025\/05\/ELIBIO-TETRA-PAK.jpg","datePublished":"2025-04-30T12:37:00+00:00","dateModified":"2025-05-02T12:40:08+00:00","breadcrumb":{"@id":"https:\/\/www.emballagedigest.fr\/des-legumes-et-legumineuses-bio-en-format-brique\/#breadcrumb"},"inLanguage":"en-GB","potentialAction":[{"@type":"ReadAction","target":["https:\/\/www.emballagedigest.fr\/des-legumes-et-legumineuses-bio-en-format-brique\/"]}]},{"@type":"ImageObject","inLanguage":"en-GB","@id":"https:\/\/www.emballagedigest.fr\/des-legumes-et-legumineuses-bio-en-format-brique\/#primaryimage","url":"https:\/\/www.emballagedigest.fr\/wp-content\/uploads\/2025\/05\/ELIBIO-TETRA-PAK.jpg","contentUrl":"https:\/\/www.emballagedigest.fr\/wp-content\/uploads\/2025\/05\/ELIBIO-TETRA-PAK.jpg","width":800,"height":600},{"@type":"BreadcrumbList","@id":"https:\/\/www.emballagedigest.fr\/des-legumes-et-legumineuses-bio-en-format-brique\/#breadcrumb","itemListElement":[{"@type":"ListItem","position":1,"name":"Accueil","item":"https:\/\/www.emballagedigest.fr\/"},{"@type":"ListItem","position":2,"name":"Des l\u00e9gumes et l\u00e9gumineuses bio en format brique"}]},{"@type":"WebSite","@id":"https:\/\/www.emballagedigest.fr\/#website","url":"https:\/\/www.emballagedigest.fr\/","name":"Emballage Digest","description":"Revue professionnelle sur les emballages","publisher":{"@id":"https:\/\/www.emballagedigest.fr\/#organization"},"potentialAction":[{"@type":"SearchAction","target":{"@type":"EntryPoint","urlTemplate":"https:\/\/www.emballagedigest.fr\/?s={search_term_string}"},"query-input":{"@type":"PropertyValueSpecification","valueRequired":true,"valueName":"search_term_string"}}],"inLanguage":"en-GB"},{"@type":"Organization","@id":"https:\/\/www.emballagedigest.fr\/#organization","name":"Emballage Digest","url":"https:\/\/www.emballagedigest.fr\/","logo":{"@type":"ImageObject","inLanguage":"en-GB","@id":"https:\/\/www.emballagedigest.fr\/#\/schema\/logo\/image\/","url":"https:\/\/www.emballagedigest.fr\/wp-content\/uploads\/2022\/07\/logo-ed.png","contentUrl":"https:\/\/www.emballagedigest.fr\/wp-content\/uploads\/2022\/07\/logo-ed.png","width":379,"height":75,"caption":"Emballage Digest"},"image":{"@id":"https:\/\/www.emballagedigest.fr\/#\/schema\/logo\/image\/"}},{"@type":"Person","@id":"https:\/\/www.emballagedigest.fr\/#\/schema\/person\/76abe9f2b2ee4d3d520594c7a35da59f","name":"Karine Duval","image":{"@type":"ImageObject","inLanguage":"en-GB","@id":"https:\/\/www.emballagedigest.fr\/#\/schema\/person\/image\/","url":"https:\/\/secure.gravatar.com\/avatar\/f552799261cdd2e076e6677d780ef07bdb13aa4c196ab75b39abcbcdcae2d4e5?s=96&d=mm&r=g","contentUrl":"https:\/\/secure.gravatar.com\/avatar\/f552799261cdd2e076e6677d780ef07bdb13aa4c196ab75b39abcbcdcae2d4e5?s=96&d=mm&r=g","caption":"Karine Duval"},"url":"https:\/\/www.emballagedigest.fr\/en\/author\/admin_karduv\/"}]}},"_links":{"self":[{"href":"https:\/\/www.emballagedigest.fr\/en\/wp-json\/wp\/v2\/posts\/44385","targetHints":{"allow":["GET"]}}],"collection":[{"href":"https:\/\/www.emballagedigest.fr\/en\/wp-json\/wp\/v2\/posts"}],"about":[{"href":"https:\/\/www.emballagedigest.fr\/en\/wp-json\/wp\/v2\/types\/post"}],"author":[{"embeddable":true,"href":"https:\/\/www.emballagedigest.fr\/en\/wp-json\/wp\/v2\/users\/2"}],"replies":[{"embeddable":true,"href":"https:\/\/www.emballagedigest.fr\/en\/wp-json\/wp\/v2\/comments?post=44385"}],"version-history":[{"count":1,"href":"https:\/\/www.emballagedigest.fr\/en\/wp-json\/wp\/v2\/posts\/44385\/revisions"}],"predecessor-version":[{"id":44387,"href":"https:\/\/www.emballagedigest.fr\/en\/wp-json\/wp\/v2\/posts\/44385\/revisions\/44387"}],"wp:featuredmedia":[{"embeddable":true,"href":"https:\/\/www.emballagedigest.fr\/en\/wp-json\/wp\/v2\/media\/44386"}],"wp:attachment":[{"href":"https:\/\/www.emballagedigest.fr\/en\/wp-json\/wp\/v2\/media?parent=44385"}],"wp:term":[{"taxonomy":"category","embeddable":true,"href":"https:\/\/www.emballagedigest.fr\/en\/wp-json\/wp\/v2\/categories?post=44385"},{"taxonomy":"post_tag","embeddable":true,"href":"https:\/\/www.emballagedigest.fr\/en\/wp-json\/wp\/v2\/tags?post=44385"}],"curies":[{"name":"wp","href":"https:\/\/api.w.org\/{rel}","templated":true}]}}