{"id":44388,"date":"2025-04-30T14:42:00","date_gmt":"2025-04-30T12:42:00","guid":{"rendered":"https:\/\/www.emballagedigest.fr\/?p=44388"},"modified":"2025-05-02T14:44:48","modified_gmt":"2025-05-02T12:44:48","slug":"un-flacon-de-parfum-au-decor-profond-et-puissant","status":"publish","type":"post","link":"https:\/\/www.emballagedigest.fr\/en\/un-flacon-de-parfum-au-decor-profond-et-puissant\/","title":{"rendered":"Un flacon de parfum au d\u00e9cor profond et puissant"},"content":{"rendered":"<p><strong>Pour sa nouvelle fragrance masculine Acqua di Gi\u00f2 Elixir compos\u00e9 par le nez Alberto Morillas, Armani a confi\u00e9 \u00e0 Bormioli Luigi la mission de r\u00e9aliser ce nouveau flacon de 50 ml dont le d\u00e9cor profond \u00e9voque l\u2019homme moderne et la sophistication extr\u00eame.<\/strong><\/p>\n\n\n\n<p>Dans sa d\u00e9marche cr\u00e9ative, la marque a souhait\u00e9 un flacon puissant et sophistiqu\u00e9 \u00e9voquant le paroxysme de la profondeur. Bormioli Luigi a r\u00e9alis\u00e9 les formes sobres d\u2019une silhouette dont la base carr\u00e9e \u00e9pouse un l\u00e9ger arrondi capable d\u2019attirer le regard vers les profondeurs de la mati\u00e8re. Le logo argent s\u2019y ins\u00e8re \u00e0 la perfection, tout en discr\u00e9tion. Pour produire une telle forme, Bormioli a d\u00fb trouver le dosage exact de la mati\u00e8re afin d\u2019obtenir un juste \u00e9quilibre et une g\u00e9om\u00e9trie parfaite entre l\u2019\u00e9paisseur du fond et la l\u00e9g\u00e8ret\u00e9 de la pi\u00e8ce. La teinte d\u2019un noir intense est obtenue par un laquage int\u00e9rieur Inside, le d\u00e9cor-signature de Bormioli. Il est un rappel d\u2019une pierre rare appel\u00e9e obsidienne qui \u00e9voque le luxe cach\u00e9 et repousse les \u00e9nergies n\u00e9gatives. Le choix de la technique Inside et celui du noir, ont \u00e9t\u00e9 conditionn\u00e9s par d\u2019infimes tests de compatibilit\u00e9 entre la laque et le jus particuli\u00e8rement concentr\u00e9. Les d\u00e9cors en s\u00e9rigraphie noire et argent s\u2019y renvoient la lumi\u00e8re.<br><strong><em>Fournisseur\u00a0: Bormioli Luigi<\/em><\/strong><\/p>","protected":false},"excerpt":{"rendered":"<p>Pour sa nouvelle fragrance masculine Acqua di Gi\u00f2 Elixir compos\u00e9 par le nez Alberto Morillas, Armani a confi\u00e9 \u00e0 Bormioli Luigi la mission de r\u00e9aliser ce nouveau flacon de 50 ml dont le d\u00e9cor profond \u00e9voque l\u2019homme moderne et la sophistication extr\u00eame. Dans sa d\u00e9marche cr\u00e9ative, la marque a souhait\u00e9 un flacon puissant et sophistiqu\u00e9 [&hellip;]<\/p>","protected":false},"author":2,"featured_media":44389,"comment_status":"closed","ping_status":"closed","sticky":false,"template":"","format":"standard","meta":{"_acf_changed":false,"inline_featured_image":false,"iawp_total_views":2,"footnotes":""},"categories":[28,26,4,65],"tags":[],"class_list":["post-44388","post","type-post","status-publish","format-standard","has-post-thumbnail","hentry","category-article-entier","category-laterale","category-lineaires","category-vu-dans-le-mag"],"acf":[],"yoast_head":"<!-- This site is optimized with the Yoast SEO plugin v24.4 - https:\/\/yoast.com\/wordpress\/plugins\/seo\/ -->\n<title>Un flacon de parfum au d\u00e9cor profond et puissant - Emballage Digest<\/title>\n<meta name=\"robots\" content=\"index, follow, max-snippet:-1, max-image-preview:large, max-video-preview:-1\" \/>\n<link rel=\"canonical\" href=\"https:\/\/www.emballagedigest.fr\/en\/un-flacon-de-parfum-au-decor-profond-et-puissant\/\" \/>\n<meta property=\"og:locale\" content=\"en_GB\" \/>\n<meta property=\"og:type\" content=\"article\" \/>\n<meta property=\"og:title\" content=\"Un flacon de parfum au d\u00e9cor profond et puissant - Emballage Digest\" \/>\n<meta property=\"og:description\" content=\"Pour sa nouvelle fragrance masculine Acqua di Gi\u00f2 Elixir compos\u00e9 par le nez Alberto Morillas, Armani a confi\u00e9 \u00e0 Bormioli Luigi la mission de r\u00e9aliser ce nouveau flacon de 50 ml dont le d\u00e9cor profond \u00e9voque l\u2019homme moderne et la sophistication extr\u00eame. Dans sa d\u00e9marche cr\u00e9ative, la marque a souhait\u00e9 un flacon puissant et sophistiqu\u00e9 [&hellip;]\" \/>\n<meta property=\"og:url\" content=\"https:\/\/www.emballagedigest.fr\/en\/un-flacon-de-parfum-au-decor-profond-et-puissant\/\" \/>\n<meta property=\"og:site_name\" content=\"Emballage Digest\" \/>\n<meta property=\"article:published_time\" content=\"2025-04-30T12:42:00+00:00\" \/>\n<meta property=\"article:modified_time\" content=\"2025-05-02T12:44:48+00:00\" \/>\n<meta property=\"og:image\" content=\"https:\/\/www.emballagedigest.fr\/wp-content\/uploads\/2025\/05\/Armani.jpg\" \/>\n\t<meta property=\"og:image:width\" content=\"782\" \/>\n\t<meta property=\"og:image:height\" content=\"600\" \/>\n\t<meta property=\"og:image:type\" content=\"image\/jpeg\" \/>\n<meta name=\"author\" content=\"Karine Duval\" \/>\n<meta name=\"twitter:card\" content=\"summary_large_image\" \/>\n<meta name=\"twitter:label1\" content=\"Written by\" \/>\n\t<meta name=\"twitter:data1\" content=\"Karine Duval\" \/>\n\t<meta name=\"twitter:label2\" content=\"Estimated reading time\" \/>\n\t<meta name=\"twitter:data2\" content=\"2 minutes\" \/>\n<script type=\"application\/ld+json\" class=\"yoast-schema-graph\">{\"@context\":\"https:\/\/schema.org\",\"@graph\":[{\"@type\":\"Article\",\"@id\":\"https:\/\/www.emballagedigest.fr\/un-flacon-de-parfum-au-decor-profond-et-puissant\/#article\",\"isPartOf\":{\"@id\":\"https:\/\/www.emballagedigest.fr\/un-flacon-de-parfum-au-decor-profond-et-puissant\/\"},\"author\":{\"name\":\"Karine Duval\",\"@id\":\"https:\/\/www.emballagedigest.fr\/#\/schema\/person\/76abe9f2b2ee4d3d520594c7a35da59f\"},\"headline\":\"Un flacon de parfum au d\u00e9cor profond et puissant\",\"datePublished\":\"2025-04-30T12:42:00+00:00\",\"dateModified\":\"2025-05-02T12:44:48+00:00\",\"mainEntityOfPage\":{\"@id\":\"https:\/\/www.emballagedigest.fr\/un-flacon-de-parfum-au-decor-profond-et-puissant\/\"},\"wordCount\":251,\"publisher\":{\"@id\":\"https:\/\/www.emballagedigest.fr\/#organization\"},\"image\":{\"@id\":\"https:\/\/www.emballagedigest.fr\/un-flacon-de-parfum-au-decor-profond-et-puissant\/#primaryimage\"},\"thumbnailUrl\":\"https:\/\/www.emballagedigest.fr\/wp-content\/uploads\/2025\/05\/Armani.jpg\",\"articleSection\":[\"Article entier\",\"Barre lat\u00e9rale\",\"Lin\u00e9aires\",\"Vu dans le mag\"],\"inLanguage\":\"en-GB\"},{\"@type\":\"WebPage\",\"@id\":\"https:\/\/www.emballagedigest.fr\/un-flacon-de-parfum-au-decor-profond-et-puissant\/\",\"url\":\"https:\/\/www.emballagedigest.fr\/un-flacon-de-parfum-au-decor-profond-et-puissant\/\",\"name\":\"Un flacon de parfum au d\u00e9cor profond et puissant - Emballage Digest\",\"isPartOf\":{\"@id\":\"https:\/\/www.emballagedigest.fr\/#website\"},\"primaryImageOfPage\":{\"@id\":\"https:\/\/www.emballagedigest.fr\/un-flacon-de-parfum-au-decor-profond-et-puissant\/#primaryimage\"},\"image\":{\"@id\":\"https:\/\/www.emballagedigest.fr\/un-flacon-de-parfum-au-decor-profond-et-puissant\/#primaryimage\"},\"thumbnailUrl\":\"https:\/\/www.emballagedigest.fr\/wp-content\/uploads\/2025\/05\/Armani.jpg\",\"datePublished\":\"2025-04-30T12:42:00+00:00\",\"dateModified\":\"2025-05-02T12:44:48+00:00\",\"breadcrumb\":{\"@id\":\"https:\/\/www.emballagedigest.fr\/un-flacon-de-parfum-au-decor-profond-et-puissant\/#breadcrumb\"},\"inLanguage\":\"en-GB\",\"potentialAction\":[{\"@type\":\"ReadAction\",\"target\":[\"https:\/\/www.emballagedigest.fr\/un-flacon-de-parfum-au-decor-profond-et-puissant\/\"]}]},{\"@type\":\"ImageObject\",\"inLanguage\":\"en-GB\",\"@id\":\"https:\/\/www.emballagedigest.fr\/un-flacon-de-parfum-au-decor-profond-et-puissant\/#primaryimage\",\"url\":\"https:\/\/www.emballagedigest.fr\/wp-content\/uploads\/2025\/05\/Armani.jpg\",\"contentUrl\":\"https:\/\/www.emballagedigest.fr\/wp-content\/uploads\/2025\/05\/Armani.jpg\",\"width\":782,\"height\":600},{\"@type\":\"BreadcrumbList\",\"@id\":\"https:\/\/www.emballagedigest.fr\/un-flacon-de-parfum-au-decor-profond-et-puissant\/#breadcrumb\",\"itemListElement\":[{\"@type\":\"ListItem\",\"position\":1,\"name\":\"Accueil\",\"item\":\"https:\/\/www.emballagedigest.fr\/\"},{\"@type\":\"ListItem\",\"position\":2,\"name\":\"Un flacon de parfum au d\u00e9cor profond et puissant\"}]},{\"@type\":\"WebSite\",\"@id\":\"https:\/\/www.emballagedigest.fr\/#website\",\"url\":\"https:\/\/www.emballagedigest.fr\/\",\"name\":\"Emballage Digest\",\"description\":\"Revue professionnelle sur les emballages\",\"publisher\":{\"@id\":\"https:\/\/www.emballagedigest.fr\/#organization\"},\"potentialAction\":[{\"@type\":\"SearchAction\",\"target\":{\"@type\":\"EntryPoint\",\"urlTemplate\":\"https:\/\/www.emballagedigest.fr\/?s={search_term_string}\"},\"query-input\":{\"@type\":\"PropertyValueSpecification\",\"valueRequired\":true,\"valueName\":\"search_term_string\"}}],\"inLanguage\":\"en-GB\"},{\"@type\":\"Organization\",\"@id\":\"https:\/\/www.emballagedigest.fr\/#organization\",\"name\":\"Emballage Digest\",\"url\":\"https:\/\/www.emballagedigest.fr\/\",\"logo\":{\"@type\":\"ImageObject\",\"inLanguage\":\"en-GB\",\"@id\":\"https:\/\/www.emballagedigest.fr\/#\/schema\/logo\/image\/\",\"url\":\"https:\/\/www.emballagedigest.fr\/wp-content\/uploads\/2022\/07\/logo-ed.png\",\"contentUrl\":\"https:\/\/www.emballagedigest.fr\/wp-content\/uploads\/2022\/07\/logo-ed.png\",\"width\":379,\"height\":75,\"caption\":\"Emballage Digest\"},\"image\":{\"@id\":\"https:\/\/www.emballagedigest.fr\/#\/schema\/logo\/image\/\"}},{\"@type\":\"Person\",\"@id\":\"https:\/\/www.emballagedigest.fr\/#\/schema\/person\/76abe9f2b2ee4d3d520594c7a35da59f\",\"name\":\"Karine Duval\",\"image\":{\"@type\":\"ImageObject\",\"inLanguage\":\"en-GB\",\"@id\":\"https:\/\/www.emballagedigest.fr\/#\/schema\/person\/image\/\",\"url\":\"https:\/\/secure.gravatar.com\/avatar\/f552799261cdd2e076e6677d780ef07bdb13aa4c196ab75b39abcbcdcae2d4e5?s=96&d=mm&r=g\",\"contentUrl\":\"https:\/\/secure.gravatar.com\/avatar\/f552799261cdd2e076e6677d780ef07bdb13aa4c196ab75b39abcbcdcae2d4e5?s=96&d=mm&r=g\",\"caption\":\"Karine Duval\"},\"url\":\"https:\/\/www.emballagedigest.fr\/en\/author\/admin_karduv\/\"}]}<\/script>\n<!-- \/ Yoast SEO plugin. -->","yoast_head_json":{"title":"Un flacon de parfum au d\u00e9cor profond et puissant - Emballage Digest","robots":{"index":"index","follow":"follow","max-snippet":"max-snippet:-1","max-image-preview":"max-image-preview:large","max-video-preview":"max-video-preview:-1"},"canonical":"https:\/\/www.emballagedigest.fr\/en\/un-flacon-de-parfum-au-decor-profond-et-puissant\/","og_locale":"en_GB","og_type":"article","og_title":"Un flacon de parfum au d\u00e9cor profond et puissant - Emballage Digest","og_description":"Pour sa nouvelle fragrance masculine Acqua di Gi\u00f2 Elixir compos\u00e9 par le nez Alberto Morillas, Armani a confi\u00e9 \u00e0 Bormioli Luigi la mission de r\u00e9aliser ce nouveau flacon de 50 ml dont le d\u00e9cor profond \u00e9voque l\u2019homme moderne et la sophistication extr\u00eame. Dans sa d\u00e9marche cr\u00e9ative, la marque a souhait\u00e9 un flacon puissant et sophistiqu\u00e9 [&hellip;]","og_url":"https:\/\/www.emballagedigest.fr\/en\/un-flacon-de-parfum-au-decor-profond-et-puissant\/","og_site_name":"Emballage Digest","article_published_time":"2025-04-30T12:42:00+00:00","article_modified_time":"2025-05-02T12:44:48+00:00","og_image":[{"width":782,"height":600,"url":"https:\/\/www.emballagedigest.fr\/wp-content\/uploads\/2025\/05\/Armani.jpg","type":"image\/jpeg"}],"author":"Karine Duval","twitter_card":"summary_large_image","twitter_misc":{"Written by":"Karine Duval","Estimated reading time":"2 minutes"},"schema":{"@context":"https:\/\/schema.org","@graph":[{"@type":"Article","@id":"https:\/\/www.emballagedigest.fr\/un-flacon-de-parfum-au-decor-profond-et-puissant\/#article","isPartOf":{"@id":"https:\/\/www.emballagedigest.fr\/un-flacon-de-parfum-au-decor-profond-et-puissant\/"},"author":{"name":"Karine Duval","@id":"https:\/\/www.emballagedigest.fr\/#\/schema\/person\/76abe9f2b2ee4d3d520594c7a35da59f"},"headline":"Un flacon de parfum au d\u00e9cor profond et puissant","datePublished":"2025-04-30T12:42:00+00:00","dateModified":"2025-05-02T12:44:48+00:00","mainEntityOfPage":{"@id":"https:\/\/www.emballagedigest.fr\/un-flacon-de-parfum-au-decor-profond-et-puissant\/"},"wordCount":251,"publisher":{"@id":"https:\/\/www.emballagedigest.fr\/#organization"},"image":{"@id":"https:\/\/www.emballagedigest.fr\/un-flacon-de-parfum-au-decor-profond-et-puissant\/#primaryimage"},"thumbnailUrl":"https:\/\/www.emballagedigest.fr\/wp-content\/uploads\/2025\/05\/Armani.jpg","articleSection":["Article entier","Barre lat\u00e9rale","Lin\u00e9aires","Vu dans le mag"],"inLanguage":"en-GB"},{"@type":"WebPage","@id":"https:\/\/www.emballagedigest.fr\/un-flacon-de-parfum-au-decor-profond-et-puissant\/","url":"https:\/\/www.emballagedigest.fr\/un-flacon-de-parfum-au-decor-profond-et-puissant\/","name":"Un flacon de parfum au d\u00e9cor profond et puissant - Emballage Digest","isPartOf":{"@id":"https:\/\/www.emballagedigest.fr\/#website"},"primaryImageOfPage":{"@id":"https:\/\/www.emballagedigest.fr\/un-flacon-de-parfum-au-decor-profond-et-puissant\/#primaryimage"},"image":{"@id":"https:\/\/www.emballagedigest.fr\/un-flacon-de-parfum-au-decor-profond-et-puissant\/#primaryimage"},"thumbnailUrl":"https:\/\/www.emballagedigest.fr\/wp-content\/uploads\/2025\/05\/Armani.jpg","datePublished":"2025-04-30T12:42:00+00:00","dateModified":"2025-05-02T12:44:48+00:00","breadcrumb":{"@id":"https:\/\/www.emballagedigest.fr\/un-flacon-de-parfum-au-decor-profond-et-puissant\/#breadcrumb"},"inLanguage":"en-GB","potentialAction":[{"@type":"ReadAction","target":["https:\/\/www.emballagedigest.fr\/un-flacon-de-parfum-au-decor-profond-et-puissant\/"]}]},{"@type":"ImageObject","inLanguage":"en-GB","@id":"https:\/\/www.emballagedigest.fr\/un-flacon-de-parfum-au-decor-profond-et-puissant\/#primaryimage","url":"https:\/\/www.emballagedigest.fr\/wp-content\/uploads\/2025\/05\/Armani.jpg","contentUrl":"https:\/\/www.emballagedigest.fr\/wp-content\/uploads\/2025\/05\/Armani.jpg","width":782,"height":600},{"@type":"BreadcrumbList","@id":"https:\/\/www.emballagedigest.fr\/un-flacon-de-parfum-au-decor-profond-et-puissant\/#breadcrumb","itemListElement":[{"@type":"ListItem","position":1,"name":"Accueil","item":"https:\/\/www.emballagedigest.fr\/"},{"@type":"ListItem","position":2,"name":"Un flacon de parfum au d\u00e9cor profond et puissant"}]},{"@type":"WebSite","@id":"https:\/\/www.emballagedigest.fr\/#website","url":"https:\/\/www.emballagedigest.fr\/","name":"Emballage Digest","description":"Revue professionnelle sur les emballages","publisher":{"@id":"https:\/\/www.emballagedigest.fr\/#organization"},"potentialAction":[{"@type":"SearchAction","target":{"@type":"EntryPoint","urlTemplate":"https:\/\/www.emballagedigest.fr\/?s={search_term_string}"},"query-input":{"@type":"PropertyValueSpecification","valueRequired":true,"valueName":"search_term_string"}}],"inLanguage":"en-GB"},{"@type":"Organization","@id":"https:\/\/www.emballagedigest.fr\/#organization","name":"Emballage Digest","url":"https:\/\/www.emballagedigest.fr\/","logo":{"@type":"ImageObject","inLanguage":"en-GB","@id":"https:\/\/www.emballagedigest.fr\/#\/schema\/logo\/image\/","url":"https:\/\/www.emballagedigest.fr\/wp-content\/uploads\/2022\/07\/logo-ed.png","contentUrl":"https:\/\/www.emballagedigest.fr\/wp-content\/uploads\/2022\/07\/logo-ed.png","width":379,"height":75,"caption":"Emballage Digest"},"image":{"@id":"https:\/\/www.emballagedigest.fr\/#\/schema\/logo\/image\/"}},{"@type":"Person","@id":"https:\/\/www.emballagedigest.fr\/#\/schema\/person\/76abe9f2b2ee4d3d520594c7a35da59f","name":"Karine Duval","image":{"@type":"ImageObject","inLanguage":"en-GB","@id":"https:\/\/www.emballagedigest.fr\/#\/schema\/person\/image\/","url":"https:\/\/secure.gravatar.com\/avatar\/f552799261cdd2e076e6677d780ef07bdb13aa4c196ab75b39abcbcdcae2d4e5?s=96&d=mm&r=g","contentUrl":"https:\/\/secure.gravatar.com\/avatar\/f552799261cdd2e076e6677d780ef07bdb13aa4c196ab75b39abcbcdcae2d4e5?s=96&d=mm&r=g","caption":"Karine Duval"},"url":"https:\/\/www.emballagedigest.fr\/en\/author\/admin_karduv\/"}]}},"_links":{"self":[{"href":"https:\/\/www.emballagedigest.fr\/en\/wp-json\/wp\/v2\/posts\/44388","targetHints":{"allow":["GET"]}}],"collection":[{"href":"https:\/\/www.emballagedigest.fr\/en\/wp-json\/wp\/v2\/posts"}],"about":[{"href":"https:\/\/www.emballagedigest.fr\/en\/wp-json\/wp\/v2\/types\/post"}],"author":[{"embeddable":true,"href":"https:\/\/www.emballagedigest.fr\/en\/wp-json\/wp\/v2\/users\/2"}],"replies":[{"embeddable":true,"href":"https:\/\/www.emballagedigest.fr\/en\/wp-json\/wp\/v2\/comments?post=44388"}],"version-history":[{"count":1,"href":"https:\/\/www.emballagedigest.fr\/en\/wp-json\/wp\/v2\/posts\/44388\/revisions"}],"predecessor-version":[{"id":44390,"href":"https:\/\/www.emballagedigest.fr\/en\/wp-json\/wp\/v2\/posts\/44388\/revisions\/44390"}],"wp:featuredmedia":[{"embeddable":true,"href":"https:\/\/www.emballagedigest.fr\/en\/wp-json\/wp\/v2\/media\/44389"}],"wp:attachment":[{"href":"https:\/\/www.emballagedigest.fr\/en\/wp-json\/wp\/v2\/media?parent=44388"}],"wp:term":[{"taxonomy":"category","embeddable":true,"href":"https:\/\/www.emballagedigest.fr\/en\/wp-json\/wp\/v2\/categories?post=44388"},{"taxonomy":"post_tag","embeddable":true,"href":"https:\/\/www.emballagedigest.fr\/en\/wp-json\/wp\/v2\/tags?post=44388"}],"curies":[{"name":"wp","href":"https:\/\/api.w.org\/{rel}","templated":true}]}}