{"id":44391,"date":"2025-04-30T14:50:00","date_gmt":"2025-04-30T12:50:00","guid":{"rendered":"https:\/\/www.emballagedigest.fr\/?p=44391"},"modified":"2025-05-02T14:52:43","modified_gmt":"2025-05-02T12:52:43","slug":"paredes-lance-le-paredes-clean-index","status":"publish","type":"post","link":"https:\/\/www.emballagedigest.fr\/en\/paredes-lance-le-paredes-clean-index\/","title":{"rendered":"Paredes lance le Paredes Clean Index"},"content":{"rendered":"<p><strong>Le Paredes Clean Index est un dispositif in\u00e9dit d\u2019affichage de l\u2019empreinte environnementale des produits d\u2019hygi\u00e8ne industrielle, d\u00e9velopp\u00e9 par Paredes en partenariat avec Glimpact et bas\u00e9 sur la m\u00e9thode PEF de l\u2019Union europ\u00e9enne. <\/strong><\/p>\n\n\n\n<p>Il vise \u00e0 promouvoir les achats responsables et \u00e0 inciter les fournisseurs \u00e0 l\u2019\u00e9co-conception, dans le cadre du r\u00e8glement ESPR en vigueur depuis le 18 juillet 2024. D\u00e9j\u00e0 appliqu\u00e9 \u00e0 1 000 produits en ligne, il propose un classement de A \u00e0 E (code couleur), une indication de l\u2019empreinte carbone (kg CO2e) et une calculatrice d\u2019impact global. Avec la participation de 170 fournisseurs, ce dispositif marque un tournant vers une fili\u00e8re plus durable et une harmonisation europ\u00e9enne des m\u00e9thodes d\u2019\u00e9valuation environnementale.<\/p>","protected":false},"excerpt":{"rendered":"<p>Le Paredes Clean Index est un dispositif in\u00e9dit d\u2019affichage de l\u2019empreinte environnementale des produits d\u2019hygi\u00e8ne industrielle, d\u00e9velopp\u00e9 par Paredes en partenariat avec Glimpact et bas\u00e9 sur la m\u00e9thode PEF de l\u2019Union europ\u00e9enne. Il vise \u00e0 promouvoir les achats responsables et \u00e0 inciter les fournisseurs \u00e0 l\u2019\u00e9co-conception, dans le cadre du r\u00e8glement ESPR en vigueur depuis [&hellip;]<\/p>","protected":false},"author":2,"featured_media":44392,"comment_status":"closed","ping_status":"closed","sticky":false,"template":"","format":"standard","meta":{"_acf_changed":false,"inline_featured_image":false,"iawp_total_views":1,"footnotes":""},"categories":[28,26,81,7,65],"tags":[],"class_list":["post-44391","post","type-post","status-publish","format-standard","has-post-thumbnail","hentry","category-article-entier","category-laterale","category-packaging","category-pharmacie","category-vu-dans-le-mag"],"acf":[],"yoast_head":"<!-- This site is optimized with the Yoast SEO plugin v24.4 - https:\/\/yoast.com\/wordpress\/plugins\/seo\/ -->\n<title>Paredes lance le Paredes Clean Index - Emballage Digest<\/title>\n<meta name=\"robots\" content=\"index, follow, max-snippet:-1, max-image-preview:large, max-video-preview:-1\" \/>\n<link rel=\"canonical\" href=\"https:\/\/www.emballagedigest.fr\/en\/paredes-lance-le-paredes-clean-index\/\" \/>\n<meta property=\"og:locale\" content=\"en_GB\" \/>\n<meta property=\"og:type\" content=\"article\" \/>\n<meta property=\"og:title\" content=\"Paredes lance le Paredes Clean Index - Emballage Digest\" \/>\n<meta property=\"og:description\" content=\"Le Paredes Clean Index est un dispositif in\u00e9dit d\u2019affichage de l\u2019empreinte environnementale des produits d\u2019hygi\u00e8ne industrielle, d\u00e9velopp\u00e9 par Paredes en partenariat avec Glimpact et bas\u00e9 sur la m\u00e9thode PEF de l\u2019Union europ\u00e9enne. Il vise \u00e0 promouvoir les achats responsables et \u00e0 inciter les fournisseurs \u00e0 l\u2019\u00e9co-conception, dans le cadre du r\u00e8glement ESPR en vigueur depuis [&hellip;]\" \/>\n<meta property=\"og:url\" content=\"https:\/\/www.emballagedigest.fr\/en\/paredes-lance-le-paredes-clean-index\/\" \/>\n<meta property=\"og:site_name\" content=\"Emballage Digest\" \/>\n<meta property=\"article:published_time\" content=\"2025-04-30T12:50:00+00:00\" \/>\n<meta property=\"article:modified_time\" content=\"2025-05-02T12:52:43+00:00\" \/>\n<meta property=\"og:image\" content=\"https:\/\/www.emballagedigest.fr\/wp-content\/uploads\/2025\/05\/Paredes-.jpg\" \/>\n\t<meta property=\"og:image:width\" content=\"800\" \/>\n\t<meta property=\"og:image:height\" content=\"529\" \/>\n\t<meta property=\"og:image:type\" content=\"image\/jpeg\" \/>\n<meta name=\"author\" content=\"Karine Duval\" \/>\n<meta name=\"twitter:card\" content=\"summary_large_image\" \/>\n<meta name=\"twitter:label1\" content=\"Written by\" \/>\n\t<meta name=\"twitter:data1\" content=\"Karine Duval\" \/>\n\t<meta name=\"twitter:label2\" content=\"Estimated reading time\" \/>\n\t<meta name=\"twitter:data2\" content=\"1 minute\" \/>\n<script type=\"application\/ld+json\" class=\"yoast-schema-graph\">{\"@context\":\"https:\/\/schema.org\",\"@graph\":[{\"@type\":\"Article\",\"@id\":\"https:\/\/www.emballagedigest.fr\/paredes-lance-le-paredes-clean-index\/#article\",\"isPartOf\":{\"@id\":\"https:\/\/www.emballagedigest.fr\/paredes-lance-le-paredes-clean-index\/\"},\"author\":{\"name\":\"Karine Duval\",\"@id\":\"https:\/\/www.emballagedigest.fr\/#\/schema\/person\/76abe9f2b2ee4d3d520594c7a35da59f\"},\"headline\":\"Paredes lance le Paredes Clean Index\",\"datePublished\":\"2025-04-30T12:50:00+00:00\",\"dateModified\":\"2025-05-02T12:52:43+00:00\",\"mainEntityOfPage\":{\"@id\":\"https:\/\/www.emballagedigest.fr\/paredes-lance-le-paredes-clean-index\/\"},\"wordCount\":128,\"publisher\":{\"@id\":\"https:\/\/www.emballagedigest.fr\/#organization\"},\"image\":{\"@id\":\"https:\/\/www.emballagedigest.fr\/paredes-lance-le-paredes-clean-index\/#primaryimage\"},\"thumbnailUrl\":\"https:\/\/www.emballagedigest.fr\/wp-content\/uploads\/2025\/05\/Paredes-.jpg\",\"articleSection\":[\"Article entier\",\"Barre lat\u00e9rale\",\"Packaging\",\"Pharmacie\",\"Vu dans le mag\"],\"inLanguage\":\"en-GB\"},{\"@type\":\"WebPage\",\"@id\":\"https:\/\/www.emballagedigest.fr\/paredes-lance-le-paredes-clean-index\/\",\"url\":\"https:\/\/www.emballagedigest.fr\/paredes-lance-le-paredes-clean-index\/\",\"name\":\"Paredes lance le Paredes Clean Index - Emballage Digest\",\"isPartOf\":{\"@id\":\"https:\/\/www.emballagedigest.fr\/#website\"},\"primaryImageOfPage\":{\"@id\":\"https:\/\/www.emballagedigest.fr\/paredes-lance-le-paredes-clean-index\/#primaryimage\"},\"image\":{\"@id\":\"https:\/\/www.emballagedigest.fr\/paredes-lance-le-paredes-clean-index\/#primaryimage\"},\"thumbnailUrl\":\"https:\/\/www.emballagedigest.fr\/wp-content\/uploads\/2025\/05\/Paredes-.jpg\",\"datePublished\":\"2025-04-30T12:50:00+00:00\",\"dateModified\":\"2025-05-02T12:52:43+00:00\",\"breadcrumb\":{\"@id\":\"https:\/\/www.emballagedigest.fr\/paredes-lance-le-paredes-clean-index\/#breadcrumb\"},\"inLanguage\":\"en-GB\",\"potentialAction\":[{\"@type\":\"ReadAction\",\"target\":[\"https:\/\/www.emballagedigest.fr\/paredes-lance-le-paredes-clean-index\/\"]}]},{\"@type\":\"ImageObject\",\"inLanguage\":\"en-GB\",\"@id\":\"https:\/\/www.emballagedigest.fr\/paredes-lance-le-paredes-clean-index\/#primaryimage\",\"url\":\"https:\/\/www.emballagedigest.fr\/wp-content\/uploads\/2025\/05\/Paredes-.jpg\",\"contentUrl\":\"https:\/\/www.emballagedigest.fr\/wp-content\/uploads\/2025\/05\/Paredes-.jpg\",\"width\":800,\"height\":529},{\"@type\":\"BreadcrumbList\",\"@id\":\"https:\/\/www.emballagedigest.fr\/paredes-lance-le-paredes-clean-index\/#breadcrumb\",\"itemListElement\":[{\"@type\":\"ListItem\",\"position\":1,\"name\":\"Accueil\",\"item\":\"https:\/\/www.emballagedigest.fr\/\"},{\"@type\":\"ListItem\",\"position\":2,\"name\":\"Paredes lance le Paredes Clean Index\"}]},{\"@type\":\"WebSite\",\"@id\":\"https:\/\/www.emballagedigest.fr\/#website\",\"url\":\"https:\/\/www.emballagedigest.fr\/\",\"name\":\"Emballage Digest\",\"description\":\"Revue professionnelle sur les emballages\",\"publisher\":{\"@id\":\"https:\/\/www.emballagedigest.fr\/#organization\"},\"potentialAction\":[{\"@type\":\"SearchAction\",\"target\":{\"@type\":\"EntryPoint\",\"urlTemplate\":\"https:\/\/www.emballagedigest.fr\/?s={search_term_string}\"},\"query-input\":{\"@type\":\"PropertyValueSpecification\",\"valueRequired\":true,\"valueName\":\"search_term_string\"}}],\"inLanguage\":\"en-GB\"},{\"@type\":\"Organization\",\"@id\":\"https:\/\/www.emballagedigest.fr\/#organization\",\"name\":\"Emballage Digest\",\"url\":\"https:\/\/www.emballagedigest.fr\/\",\"logo\":{\"@type\":\"ImageObject\",\"inLanguage\":\"en-GB\",\"@id\":\"https:\/\/www.emballagedigest.fr\/#\/schema\/logo\/image\/\",\"url\":\"https:\/\/www.emballagedigest.fr\/wp-content\/uploads\/2022\/07\/logo-ed.png\",\"contentUrl\":\"https:\/\/www.emballagedigest.fr\/wp-content\/uploads\/2022\/07\/logo-ed.png\",\"width\":379,\"height\":75,\"caption\":\"Emballage Digest\"},\"image\":{\"@id\":\"https:\/\/www.emballagedigest.fr\/#\/schema\/logo\/image\/\"}},{\"@type\":\"Person\",\"@id\":\"https:\/\/www.emballagedigest.fr\/#\/schema\/person\/76abe9f2b2ee4d3d520594c7a35da59f\",\"name\":\"Karine Duval\",\"image\":{\"@type\":\"ImageObject\",\"inLanguage\":\"en-GB\",\"@id\":\"https:\/\/www.emballagedigest.fr\/#\/schema\/person\/image\/\",\"url\":\"https:\/\/secure.gravatar.com\/avatar\/f552799261cdd2e076e6677d780ef07bdb13aa4c196ab75b39abcbcdcae2d4e5?s=96&d=mm&r=g\",\"contentUrl\":\"https:\/\/secure.gravatar.com\/avatar\/f552799261cdd2e076e6677d780ef07bdb13aa4c196ab75b39abcbcdcae2d4e5?s=96&d=mm&r=g\",\"caption\":\"Karine Duval\"},\"url\":\"https:\/\/www.emballagedigest.fr\/en\/author\/admin_karduv\/\"}]}<\/script>\n<!-- \/ Yoast SEO plugin. -->","yoast_head_json":{"title":"Paredes lance le Paredes Clean Index - Emballage Digest","robots":{"index":"index","follow":"follow","max-snippet":"max-snippet:-1","max-image-preview":"max-image-preview:large","max-video-preview":"max-video-preview:-1"},"canonical":"https:\/\/www.emballagedigest.fr\/en\/paredes-lance-le-paredes-clean-index\/","og_locale":"en_GB","og_type":"article","og_title":"Paredes lance le Paredes Clean Index - Emballage Digest","og_description":"Le Paredes Clean Index est un dispositif in\u00e9dit d\u2019affichage de l\u2019empreinte environnementale des produits d\u2019hygi\u00e8ne industrielle, d\u00e9velopp\u00e9 par Paredes en partenariat avec Glimpact et bas\u00e9 sur la m\u00e9thode PEF de l\u2019Union europ\u00e9enne. Il vise \u00e0 promouvoir les achats responsables et \u00e0 inciter les fournisseurs \u00e0 l\u2019\u00e9co-conception, dans le cadre du r\u00e8glement ESPR en vigueur depuis [&hellip;]","og_url":"https:\/\/www.emballagedigest.fr\/en\/paredes-lance-le-paredes-clean-index\/","og_site_name":"Emballage Digest","article_published_time":"2025-04-30T12:50:00+00:00","article_modified_time":"2025-05-02T12:52:43+00:00","og_image":[{"width":800,"height":529,"url":"https:\/\/www.emballagedigest.fr\/wp-content\/uploads\/2025\/05\/Paredes-.jpg","type":"image\/jpeg"}],"author":"Karine Duval","twitter_card":"summary_large_image","twitter_misc":{"Written by":"Karine Duval","Estimated reading time":"1 minute"},"schema":{"@context":"https:\/\/schema.org","@graph":[{"@type":"Article","@id":"https:\/\/www.emballagedigest.fr\/paredes-lance-le-paredes-clean-index\/#article","isPartOf":{"@id":"https:\/\/www.emballagedigest.fr\/paredes-lance-le-paredes-clean-index\/"},"author":{"name":"Karine Duval","@id":"https:\/\/www.emballagedigest.fr\/#\/schema\/person\/76abe9f2b2ee4d3d520594c7a35da59f"},"headline":"Paredes lance le Paredes Clean Index","datePublished":"2025-04-30T12:50:00+00:00","dateModified":"2025-05-02T12:52:43+00:00","mainEntityOfPage":{"@id":"https:\/\/www.emballagedigest.fr\/paredes-lance-le-paredes-clean-index\/"},"wordCount":128,"publisher":{"@id":"https:\/\/www.emballagedigest.fr\/#organization"},"image":{"@id":"https:\/\/www.emballagedigest.fr\/paredes-lance-le-paredes-clean-index\/#primaryimage"},"thumbnailUrl":"https:\/\/www.emballagedigest.fr\/wp-content\/uploads\/2025\/05\/Paredes-.jpg","articleSection":["Article entier","Barre lat\u00e9rale","Packaging","Pharmacie","Vu dans le mag"],"inLanguage":"en-GB"},{"@type":"WebPage","@id":"https:\/\/www.emballagedigest.fr\/paredes-lance-le-paredes-clean-index\/","url":"https:\/\/www.emballagedigest.fr\/paredes-lance-le-paredes-clean-index\/","name":"Paredes lance le Paredes Clean Index - Emballage Digest","isPartOf":{"@id":"https:\/\/www.emballagedigest.fr\/#website"},"primaryImageOfPage":{"@id":"https:\/\/www.emballagedigest.fr\/paredes-lance-le-paredes-clean-index\/#primaryimage"},"image":{"@id":"https:\/\/www.emballagedigest.fr\/paredes-lance-le-paredes-clean-index\/#primaryimage"},"thumbnailUrl":"https:\/\/www.emballagedigest.fr\/wp-content\/uploads\/2025\/05\/Paredes-.jpg","datePublished":"2025-04-30T12:50:00+00:00","dateModified":"2025-05-02T12:52:43+00:00","breadcrumb":{"@id":"https:\/\/www.emballagedigest.fr\/paredes-lance-le-paredes-clean-index\/#breadcrumb"},"inLanguage":"en-GB","potentialAction":[{"@type":"ReadAction","target":["https:\/\/www.emballagedigest.fr\/paredes-lance-le-paredes-clean-index\/"]}]},{"@type":"ImageObject","inLanguage":"en-GB","@id":"https:\/\/www.emballagedigest.fr\/paredes-lance-le-paredes-clean-index\/#primaryimage","url":"https:\/\/www.emballagedigest.fr\/wp-content\/uploads\/2025\/05\/Paredes-.jpg","contentUrl":"https:\/\/www.emballagedigest.fr\/wp-content\/uploads\/2025\/05\/Paredes-.jpg","width":800,"height":529},{"@type":"BreadcrumbList","@id":"https:\/\/www.emballagedigest.fr\/paredes-lance-le-paredes-clean-index\/#breadcrumb","itemListElement":[{"@type":"ListItem","position":1,"name":"Accueil","item":"https:\/\/www.emballagedigest.fr\/"},{"@type":"ListItem","position":2,"name":"Paredes lance le Paredes Clean Index"}]},{"@type":"WebSite","@id":"https:\/\/www.emballagedigest.fr\/#website","url":"https:\/\/www.emballagedigest.fr\/","name":"Emballage Digest","description":"Revue professionnelle sur les emballages","publisher":{"@id":"https:\/\/www.emballagedigest.fr\/#organization"},"potentialAction":[{"@type":"SearchAction","target":{"@type":"EntryPoint","urlTemplate":"https:\/\/www.emballagedigest.fr\/?s={search_term_string}"},"query-input":{"@type":"PropertyValueSpecification","valueRequired":true,"valueName":"search_term_string"}}],"inLanguage":"en-GB"},{"@type":"Organization","@id":"https:\/\/www.emballagedigest.fr\/#organization","name":"Emballage Digest","url":"https:\/\/www.emballagedigest.fr\/","logo":{"@type":"ImageObject","inLanguage":"en-GB","@id":"https:\/\/www.emballagedigest.fr\/#\/schema\/logo\/image\/","url":"https:\/\/www.emballagedigest.fr\/wp-content\/uploads\/2022\/07\/logo-ed.png","contentUrl":"https:\/\/www.emballagedigest.fr\/wp-content\/uploads\/2022\/07\/logo-ed.png","width":379,"height":75,"caption":"Emballage Digest"},"image":{"@id":"https:\/\/www.emballagedigest.fr\/#\/schema\/logo\/image\/"}},{"@type":"Person","@id":"https:\/\/www.emballagedigest.fr\/#\/schema\/person\/76abe9f2b2ee4d3d520594c7a35da59f","name":"Karine Duval","image":{"@type":"ImageObject","inLanguage":"en-GB","@id":"https:\/\/www.emballagedigest.fr\/#\/schema\/person\/image\/","url":"https:\/\/secure.gravatar.com\/avatar\/f552799261cdd2e076e6677d780ef07bdb13aa4c196ab75b39abcbcdcae2d4e5?s=96&d=mm&r=g","contentUrl":"https:\/\/secure.gravatar.com\/avatar\/f552799261cdd2e076e6677d780ef07bdb13aa4c196ab75b39abcbcdcae2d4e5?s=96&d=mm&r=g","caption":"Karine Duval"},"url":"https:\/\/www.emballagedigest.fr\/en\/author\/admin_karduv\/"}]}},"_links":{"self":[{"href":"https:\/\/www.emballagedigest.fr\/en\/wp-json\/wp\/v2\/posts\/44391","targetHints":{"allow":["GET"]}}],"collection":[{"href":"https:\/\/www.emballagedigest.fr\/en\/wp-json\/wp\/v2\/posts"}],"about":[{"href":"https:\/\/www.emballagedigest.fr\/en\/wp-json\/wp\/v2\/types\/post"}],"author":[{"embeddable":true,"href":"https:\/\/www.emballagedigest.fr\/en\/wp-json\/wp\/v2\/users\/2"}],"replies":[{"embeddable":true,"href":"https:\/\/www.emballagedigest.fr\/en\/wp-json\/wp\/v2\/comments?post=44391"}],"version-history":[{"count":1,"href":"https:\/\/www.emballagedigest.fr\/en\/wp-json\/wp\/v2\/posts\/44391\/revisions"}],"predecessor-version":[{"id":44393,"href":"https:\/\/www.emballagedigest.fr\/en\/wp-json\/wp\/v2\/posts\/44391\/revisions\/44393"}],"wp:featuredmedia":[{"embeddable":true,"href":"https:\/\/www.emballagedigest.fr\/en\/wp-json\/wp\/v2\/media\/44392"}],"wp:attachment":[{"href":"https:\/\/www.emballagedigest.fr\/en\/wp-json\/wp\/v2\/media?parent=44391"}],"wp:term":[{"taxonomy":"category","embeddable":true,"href":"https:\/\/www.emballagedigest.fr\/en\/wp-json\/wp\/v2\/categories?post=44391"},{"taxonomy":"post_tag","embeddable":true,"href":"https:\/\/www.emballagedigest.fr\/en\/wp-json\/wp\/v2\/tags?post=44391"}],"curies":[{"name":"wp","href":"https:\/\/api.w.org\/{rel}","templated":true}]}}