{"id":44396,"date":"2025-04-30T14:55:00","date_gmt":"2025-04-30T12:55:00","guid":{"rendered":"https:\/\/www.emballagedigest.fr\/?p=44396"},"modified":"2025-05-02T14:57:08","modified_gmt":"2025-05-02T12:57:08","slug":"les-emballages-preassembles-sadaptent-aux-lancements-de-medicaments","status":"publish","type":"post","link":"https:\/\/www.emballagedigest.fr\/en\/les-emballages-preassembles-sadaptent-aux-lancements-de-medicaments\/","title":{"rendered":"Les emballages pr\u00e9assembl\u00e9s s\u2019adaptent aux lancements de m\u00e9dicaments"},"content":{"rendered":"<p><strong>Le service PrePackaging de Faller Packaging repose sur le d\u00e9veloppement d\u2019emballages en carton pr\u00e9assembl\u00e9s, pr\u00eats \u00e0 l\u2019emploi, recyclables, parfaitement adapt\u00e9s aux produits (flacons, seringues, dispositifs m\u00e9dicaux), et r\u00e9pondant aux exigences sp\u00e9cifiques pharmaceutiques, pour g\u00e9rer les d\u00e9fis li\u00e9s \u00e0 l\u2019introduction de nouveaux m\u00e9dicaments. <\/strong><\/p>\n\n\n\n<p>L\u2019objectif\u00a0est de r\u00e9duire le temps entre l\u2019approbation et le lancement, en minimisant \u00e9galement les risques d\u2019investissement dans les capacit\u00e9s d\u2019emballage. Faller Packaging peut fabriquer \u00e0 la main des petites quantit\u00e9s ou des conceptions complexes. En collaboration avec Schubert Pharma, le service Seamless Packaging comprenant le PrePackaging, permet ensuite une transition fluide de l\u2019emballage manuel, \u00e0 semi-automatique et enti\u00e8rement automatis\u00e9, garantissant une mise en production rapide et \u00e0 grande \u00e9chelle.<\/p>","protected":false},"excerpt":{"rendered":"<p>Le service PrePackaging de Faller Packaging repose sur le d\u00e9veloppement d\u2019emballages en carton pr\u00e9assembl\u00e9s, pr\u00eats \u00e0 l\u2019emploi, recyclables, parfaitement adapt\u00e9s aux produits (flacons, seringues, dispositifs m\u00e9dicaux), et r\u00e9pondant aux exigences sp\u00e9cifiques pharmaceutiques, pour g\u00e9rer les d\u00e9fis li\u00e9s \u00e0 l\u2019introduction de nouveaux m\u00e9dicaments. L\u2019objectif\u00a0est de r\u00e9duire le temps entre l\u2019approbation et le lancement, en minimisant \u00e9galement [&hellip;]<\/p>","protected":false},"author":2,"featured_media":44397,"comment_status":"closed","ping_status":"closed","sticky":false,"template":"","format":"standard","meta":{"_acf_changed":false,"inline_featured_image":false,"iawp_total_views":0,"footnotes":""},"categories":[28,26,81,7,65],"tags":[],"class_list":["post-44396","post","type-post","status-publish","format-standard","has-post-thumbnail","hentry","category-article-entier","category-laterale","category-packaging","category-pharmacie","category-vu-dans-le-mag"],"acf":[],"yoast_head":"<!-- This site is optimized with the Yoast SEO plugin v24.4 - https:\/\/yoast.com\/wordpress\/plugins\/seo\/ -->\n<title>Les emballages pr\u00e9assembl\u00e9s s\u2019adaptent aux lancements de m\u00e9dicaments - Emballage Digest<\/title>\n<meta name=\"robots\" content=\"index, follow, max-snippet:-1, max-image-preview:large, max-video-preview:-1\" \/>\n<link rel=\"canonical\" href=\"https:\/\/www.emballagedigest.fr\/en\/les-emballages-preassembles-sadaptent-aux-lancements-de-medicaments\/\" \/>\n<meta property=\"og:locale\" content=\"en_GB\" \/>\n<meta property=\"og:type\" content=\"article\" \/>\n<meta property=\"og:title\" content=\"Les emballages pr\u00e9assembl\u00e9s s\u2019adaptent aux lancements de m\u00e9dicaments - Emballage Digest\" \/>\n<meta property=\"og:description\" content=\"Le service PrePackaging de Faller Packaging repose sur le d\u00e9veloppement d\u2019emballages en carton pr\u00e9assembl\u00e9s, pr\u00eats \u00e0 l\u2019emploi, recyclables, parfaitement adapt\u00e9s aux produits (flacons, seringues, dispositifs m\u00e9dicaux), et r\u00e9pondant aux exigences sp\u00e9cifiques pharmaceutiques, pour g\u00e9rer les d\u00e9fis li\u00e9s \u00e0 l\u2019introduction de nouveaux m\u00e9dicaments. L\u2019objectif\u00a0est de r\u00e9duire le temps entre l\u2019approbation et le lancement, en minimisant \u00e9galement [&hellip;]\" \/>\n<meta property=\"og:url\" content=\"https:\/\/www.emballagedigest.fr\/en\/les-emballages-preassembles-sadaptent-aux-lancements-de-medicaments\/\" \/>\n<meta property=\"og:site_name\" content=\"Emballage Digest\" \/>\n<meta property=\"article:published_time\" content=\"2025-04-30T12:55:00+00:00\" \/>\n<meta property=\"article:modified_time\" content=\"2025-05-02T12:57:08+00:00\" \/>\n<meta property=\"og:image\" content=\"https:\/\/www.emballagedigest.fr\/wp-content\/uploads\/2025\/05\/FALLER-PACKAGING.jpg\" \/>\n\t<meta property=\"og:image:width\" content=\"800\" \/>\n\t<meta property=\"og:image:height\" content=\"534\" \/>\n\t<meta property=\"og:image:type\" content=\"image\/jpeg\" \/>\n<meta name=\"author\" content=\"Karine Duval\" \/>\n<meta name=\"twitter:card\" content=\"summary_large_image\" \/>\n<meta name=\"twitter:label1\" content=\"Written by\" \/>\n\t<meta name=\"twitter:data1\" content=\"Karine Duval\" \/>\n\t<meta name=\"twitter:label2\" content=\"Estimated reading time\" \/>\n\t<meta name=\"twitter:data2\" content=\"1 minute\" \/>\n<script type=\"application\/ld+json\" class=\"yoast-schema-graph\">{\"@context\":\"https:\/\/schema.org\",\"@graph\":[{\"@type\":\"Article\",\"@id\":\"https:\/\/www.emballagedigest.fr\/les-emballages-preassembles-sadaptent-aux-lancements-de-medicaments\/#article\",\"isPartOf\":{\"@id\":\"https:\/\/www.emballagedigest.fr\/les-emballages-preassembles-sadaptent-aux-lancements-de-medicaments\/\"},\"author\":{\"name\":\"Karine Duval\",\"@id\":\"https:\/\/www.emballagedigest.fr\/#\/schema\/person\/76abe9f2b2ee4d3d520594c7a35da59f\"},\"headline\":\"Les emballages pr\u00e9assembl\u00e9s s\u2019adaptent aux lancements de m\u00e9dicaments\",\"datePublished\":\"2025-04-30T12:55:00+00:00\",\"dateModified\":\"2025-05-02T12:57:08+00:00\",\"mainEntityOfPage\":{\"@id\":\"https:\/\/www.emballagedigest.fr\/les-emballages-preassembles-sadaptent-aux-lancements-de-medicaments\/\"},\"wordCount\":143,\"publisher\":{\"@id\":\"https:\/\/www.emballagedigest.fr\/#organization\"},\"image\":{\"@id\":\"https:\/\/www.emballagedigest.fr\/les-emballages-preassembles-sadaptent-aux-lancements-de-medicaments\/#primaryimage\"},\"thumbnailUrl\":\"https:\/\/www.emballagedigest.fr\/wp-content\/uploads\/2025\/05\/FALLER-PACKAGING.jpg\",\"articleSection\":[\"Article entier\",\"Barre lat\u00e9rale\",\"Packaging\",\"Pharmacie\",\"Vu dans le mag\"],\"inLanguage\":\"en-GB\"},{\"@type\":\"WebPage\",\"@id\":\"https:\/\/www.emballagedigest.fr\/les-emballages-preassembles-sadaptent-aux-lancements-de-medicaments\/\",\"url\":\"https:\/\/www.emballagedigest.fr\/les-emballages-preassembles-sadaptent-aux-lancements-de-medicaments\/\",\"name\":\"Les emballages pr\u00e9assembl\u00e9s s\u2019adaptent aux lancements de m\u00e9dicaments - Emballage Digest\",\"isPartOf\":{\"@id\":\"https:\/\/www.emballagedigest.fr\/#website\"},\"primaryImageOfPage\":{\"@id\":\"https:\/\/www.emballagedigest.fr\/les-emballages-preassembles-sadaptent-aux-lancements-de-medicaments\/#primaryimage\"},\"image\":{\"@id\":\"https:\/\/www.emballagedigest.fr\/les-emballages-preassembles-sadaptent-aux-lancements-de-medicaments\/#primaryimage\"},\"thumbnailUrl\":\"https:\/\/www.emballagedigest.fr\/wp-content\/uploads\/2025\/05\/FALLER-PACKAGING.jpg\",\"datePublished\":\"2025-04-30T12:55:00+00:00\",\"dateModified\":\"2025-05-02T12:57:08+00:00\",\"breadcrumb\":{\"@id\":\"https:\/\/www.emballagedigest.fr\/les-emballages-preassembles-sadaptent-aux-lancements-de-medicaments\/#breadcrumb\"},\"inLanguage\":\"en-GB\",\"potentialAction\":[{\"@type\":\"ReadAction\",\"target\":[\"https:\/\/www.emballagedigest.fr\/les-emballages-preassembles-sadaptent-aux-lancements-de-medicaments\/\"]}]},{\"@type\":\"ImageObject\",\"inLanguage\":\"en-GB\",\"@id\":\"https:\/\/www.emballagedigest.fr\/les-emballages-preassembles-sadaptent-aux-lancements-de-medicaments\/#primaryimage\",\"url\":\"https:\/\/www.emballagedigest.fr\/wp-content\/uploads\/2025\/05\/FALLER-PACKAGING.jpg\",\"contentUrl\":\"https:\/\/www.emballagedigest.fr\/wp-content\/uploads\/2025\/05\/FALLER-PACKAGING.jpg\",\"width\":800,\"height\":534},{\"@type\":\"BreadcrumbList\",\"@id\":\"https:\/\/www.emballagedigest.fr\/les-emballages-preassembles-sadaptent-aux-lancements-de-medicaments\/#breadcrumb\",\"itemListElement\":[{\"@type\":\"ListItem\",\"position\":1,\"name\":\"Accueil\",\"item\":\"https:\/\/www.emballagedigest.fr\/\"},{\"@type\":\"ListItem\",\"position\":2,\"name\":\"Les emballages pr\u00e9assembl\u00e9s s\u2019adaptent aux lancements de m\u00e9dicaments\"}]},{\"@type\":\"WebSite\",\"@id\":\"https:\/\/www.emballagedigest.fr\/#website\",\"url\":\"https:\/\/www.emballagedigest.fr\/\",\"name\":\"Emballage Digest\",\"description\":\"Revue professionnelle sur les emballages\",\"publisher\":{\"@id\":\"https:\/\/www.emballagedigest.fr\/#organization\"},\"potentialAction\":[{\"@type\":\"SearchAction\",\"target\":{\"@type\":\"EntryPoint\",\"urlTemplate\":\"https:\/\/www.emballagedigest.fr\/?s={search_term_string}\"},\"query-input\":{\"@type\":\"PropertyValueSpecification\",\"valueRequired\":true,\"valueName\":\"search_term_string\"}}],\"inLanguage\":\"en-GB\"},{\"@type\":\"Organization\",\"@id\":\"https:\/\/www.emballagedigest.fr\/#organization\",\"name\":\"Emballage Digest\",\"url\":\"https:\/\/www.emballagedigest.fr\/\",\"logo\":{\"@type\":\"ImageObject\",\"inLanguage\":\"en-GB\",\"@id\":\"https:\/\/www.emballagedigest.fr\/#\/schema\/logo\/image\/\",\"url\":\"https:\/\/www.emballagedigest.fr\/wp-content\/uploads\/2022\/07\/logo-ed.png\",\"contentUrl\":\"https:\/\/www.emballagedigest.fr\/wp-content\/uploads\/2022\/07\/logo-ed.png\",\"width\":379,\"height\":75,\"caption\":\"Emballage Digest\"},\"image\":{\"@id\":\"https:\/\/www.emballagedigest.fr\/#\/schema\/logo\/image\/\"}},{\"@type\":\"Person\",\"@id\":\"https:\/\/www.emballagedigest.fr\/#\/schema\/person\/76abe9f2b2ee4d3d520594c7a35da59f\",\"name\":\"Karine Duval\",\"image\":{\"@type\":\"ImageObject\",\"inLanguage\":\"en-GB\",\"@id\":\"https:\/\/www.emballagedigest.fr\/#\/schema\/person\/image\/\",\"url\":\"https:\/\/secure.gravatar.com\/avatar\/f552799261cdd2e076e6677d780ef07bdb13aa4c196ab75b39abcbcdcae2d4e5?s=96&d=mm&r=g\",\"contentUrl\":\"https:\/\/secure.gravatar.com\/avatar\/f552799261cdd2e076e6677d780ef07bdb13aa4c196ab75b39abcbcdcae2d4e5?s=96&d=mm&r=g\",\"caption\":\"Karine Duval\"},\"url\":\"https:\/\/www.emballagedigest.fr\/en\/author\/admin_karduv\/\"}]}<\/script>\n<!-- \/ Yoast SEO plugin. -->","yoast_head_json":{"title":"Les emballages pr\u00e9assembl\u00e9s s\u2019adaptent aux lancements de m\u00e9dicaments - Emballage Digest","robots":{"index":"index","follow":"follow","max-snippet":"max-snippet:-1","max-image-preview":"max-image-preview:large","max-video-preview":"max-video-preview:-1"},"canonical":"https:\/\/www.emballagedigest.fr\/en\/les-emballages-preassembles-sadaptent-aux-lancements-de-medicaments\/","og_locale":"en_GB","og_type":"article","og_title":"Les emballages pr\u00e9assembl\u00e9s s\u2019adaptent aux lancements de m\u00e9dicaments - Emballage Digest","og_description":"Le service PrePackaging de Faller Packaging repose sur le d\u00e9veloppement d\u2019emballages en carton pr\u00e9assembl\u00e9s, pr\u00eats \u00e0 l\u2019emploi, recyclables, parfaitement adapt\u00e9s aux produits (flacons, seringues, dispositifs m\u00e9dicaux), et r\u00e9pondant aux exigences sp\u00e9cifiques pharmaceutiques, pour g\u00e9rer les d\u00e9fis li\u00e9s \u00e0 l\u2019introduction de nouveaux m\u00e9dicaments. L\u2019objectif\u00a0est de r\u00e9duire le temps entre l\u2019approbation et le lancement, en minimisant \u00e9galement [&hellip;]","og_url":"https:\/\/www.emballagedigest.fr\/en\/les-emballages-preassembles-sadaptent-aux-lancements-de-medicaments\/","og_site_name":"Emballage Digest","article_published_time":"2025-04-30T12:55:00+00:00","article_modified_time":"2025-05-02T12:57:08+00:00","og_image":[{"width":800,"height":534,"url":"https:\/\/www.emballagedigest.fr\/wp-content\/uploads\/2025\/05\/FALLER-PACKAGING.jpg","type":"image\/jpeg"}],"author":"Karine Duval","twitter_card":"summary_large_image","twitter_misc":{"Written by":"Karine Duval","Estimated reading time":"1 minute"},"schema":{"@context":"https:\/\/schema.org","@graph":[{"@type":"Article","@id":"https:\/\/www.emballagedigest.fr\/les-emballages-preassembles-sadaptent-aux-lancements-de-medicaments\/#article","isPartOf":{"@id":"https:\/\/www.emballagedigest.fr\/les-emballages-preassembles-sadaptent-aux-lancements-de-medicaments\/"},"author":{"name":"Karine Duval","@id":"https:\/\/www.emballagedigest.fr\/#\/schema\/person\/76abe9f2b2ee4d3d520594c7a35da59f"},"headline":"Les emballages pr\u00e9assembl\u00e9s s\u2019adaptent aux lancements de m\u00e9dicaments","datePublished":"2025-04-30T12:55:00+00:00","dateModified":"2025-05-02T12:57:08+00:00","mainEntityOfPage":{"@id":"https:\/\/www.emballagedigest.fr\/les-emballages-preassembles-sadaptent-aux-lancements-de-medicaments\/"},"wordCount":143,"publisher":{"@id":"https:\/\/www.emballagedigest.fr\/#organization"},"image":{"@id":"https:\/\/www.emballagedigest.fr\/les-emballages-preassembles-sadaptent-aux-lancements-de-medicaments\/#primaryimage"},"thumbnailUrl":"https:\/\/www.emballagedigest.fr\/wp-content\/uploads\/2025\/05\/FALLER-PACKAGING.jpg","articleSection":["Article entier","Barre lat\u00e9rale","Packaging","Pharmacie","Vu dans le mag"],"inLanguage":"en-GB"},{"@type":"WebPage","@id":"https:\/\/www.emballagedigest.fr\/les-emballages-preassembles-sadaptent-aux-lancements-de-medicaments\/","url":"https:\/\/www.emballagedigest.fr\/les-emballages-preassembles-sadaptent-aux-lancements-de-medicaments\/","name":"Les emballages pr\u00e9assembl\u00e9s s\u2019adaptent aux lancements de m\u00e9dicaments - Emballage Digest","isPartOf":{"@id":"https:\/\/www.emballagedigest.fr\/#website"},"primaryImageOfPage":{"@id":"https:\/\/www.emballagedigest.fr\/les-emballages-preassembles-sadaptent-aux-lancements-de-medicaments\/#primaryimage"},"image":{"@id":"https:\/\/www.emballagedigest.fr\/les-emballages-preassembles-sadaptent-aux-lancements-de-medicaments\/#primaryimage"},"thumbnailUrl":"https:\/\/www.emballagedigest.fr\/wp-content\/uploads\/2025\/05\/FALLER-PACKAGING.jpg","datePublished":"2025-04-30T12:55:00+00:00","dateModified":"2025-05-02T12:57:08+00:00","breadcrumb":{"@id":"https:\/\/www.emballagedigest.fr\/les-emballages-preassembles-sadaptent-aux-lancements-de-medicaments\/#breadcrumb"},"inLanguage":"en-GB","potentialAction":[{"@type":"ReadAction","target":["https:\/\/www.emballagedigest.fr\/les-emballages-preassembles-sadaptent-aux-lancements-de-medicaments\/"]}]},{"@type":"ImageObject","inLanguage":"en-GB","@id":"https:\/\/www.emballagedigest.fr\/les-emballages-preassembles-sadaptent-aux-lancements-de-medicaments\/#primaryimage","url":"https:\/\/www.emballagedigest.fr\/wp-content\/uploads\/2025\/05\/FALLER-PACKAGING.jpg","contentUrl":"https:\/\/www.emballagedigest.fr\/wp-content\/uploads\/2025\/05\/FALLER-PACKAGING.jpg","width":800,"height":534},{"@type":"BreadcrumbList","@id":"https:\/\/www.emballagedigest.fr\/les-emballages-preassembles-sadaptent-aux-lancements-de-medicaments\/#breadcrumb","itemListElement":[{"@type":"ListItem","position":1,"name":"Accueil","item":"https:\/\/www.emballagedigest.fr\/"},{"@type":"ListItem","position":2,"name":"Les emballages pr\u00e9assembl\u00e9s s\u2019adaptent aux lancements de m\u00e9dicaments"}]},{"@type":"WebSite","@id":"https:\/\/www.emballagedigest.fr\/#website","url":"https:\/\/www.emballagedigest.fr\/","name":"Emballage Digest","description":"Revue professionnelle sur les emballages","publisher":{"@id":"https:\/\/www.emballagedigest.fr\/#organization"},"potentialAction":[{"@type":"SearchAction","target":{"@type":"EntryPoint","urlTemplate":"https:\/\/www.emballagedigest.fr\/?s={search_term_string}"},"query-input":{"@type":"PropertyValueSpecification","valueRequired":true,"valueName":"search_term_string"}}],"inLanguage":"en-GB"},{"@type":"Organization","@id":"https:\/\/www.emballagedigest.fr\/#organization","name":"Emballage Digest","url":"https:\/\/www.emballagedigest.fr\/","logo":{"@type":"ImageObject","inLanguage":"en-GB","@id":"https:\/\/www.emballagedigest.fr\/#\/schema\/logo\/image\/","url":"https:\/\/www.emballagedigest.fr\/wp-content\/uploads\/2022\/07\/logo-ed.png","contentUrl":"https:\/\/www.emballagedigest.fr\/wp-content\/uploads\/2022\/07\/logo-ed.png","width":379,"height":75,"caption":"Emballage Digest"},"image":{"@id":"https:\/\/www.emballagedigest.fr\/#\/schema\/logo\/image\/"}},{"@type":"Person","@id":"https:\/\/www.emballagedigest.fr\/#\/schema\/person\/76abe9f2b2ee4d3d520594c7a35da59f","name":"Karine Duval","image":{"@type":"ImageObject","inLanguage":"en-GB","@id":"https:\/\/www.emballagedigest.fr\/#\/schema\/person\/image\/","url":"https:\/\/secure.gravatar.com\/avatar\/f552799261cdd2e076e6677d780ef07bdb13aa4c196ab75b39abcbcdcae2d4e5?s=96&d=mm&r=g","contentUrl":"https:\/\/secure.gravatar.com\/avatar\/f552799261cdd2e076e6677d780ef07bdb13aa4c196ab75b39abcbcdcae2d4e5?s=96&d=mm&r=g","caption":"Karine Duval"},"url":"https:\/\/www.emballagedigest.fr\/en\/author\/admin_karduv\/"}]}},"_links":{"self":[{"href":"https:\/\/www.emballagedigest.fr\/en\/wp-json\/wp\/v2\/posts\/44396","targetHints":{"allow":["GET"]}}],"collection":[{"href":"https:\/\/www.emballagedigest.fr\/en\/wp-json\/wp\/v2\/posts"}],"about":[{"href":"https:\/\/www.emballagedigest.fr\/en\/wp-json\/wp\/v2\/types\/post"}],"author":[{"embeddable":true,"href":"https:\/\/www.emballagedigest.fr\/en\/wp-json\/wp\/v2\/users\/2"}],"replies":[{"embeddable":true,"href":"https:\/\/www.emballagedigest.fr\/en\/wp-json\/wp\/v2\/comments?post=44396"}],"version-history":[{"count":1,"href":"https:\/\/www.emballagedigest.fr\/en\/wp-json\/wp\/v2\/posts\/44396\/revisions"}],"predecessor-version":[{"id":44398,"href":"https:\/\/www.emballagedigest.fr\/en\/wp-json\/wp\/v2\/posts\/44396\/revisions\/44398"}],"wp:featuredmedia":[{"embeddable":true,"href":"https:\/\/www.emballagedigest.fr\/en\/wp-json\/wp\/v2\/media\/44397"}],"wp:attachment":[{"href":"https:\/\/www.emballagedigest.fr\/en\/wp-json\/wp\/v2\/media?parent=44396"}],"wp:term":[{"taxonomy":"category","embeddable":true,"href":"https:\/\/www.emballagedigest.fr\/en\/wp-json\/wp\/v2\/categories?post=44396"},{"taxonomy":"post_tag","embeddable":true,"href":"https:\/\/www.emballagedigest.fr\/en\/wp-json\/wp\/v2\/tags?post=44396"}],"curies":[{"name":"wp","href":"https:\/\/api.w.org\/{rel}","templated":true}]}}