{"id":44404,"date":"2025-04-30T15:00:00","date_gmt":"2025-04-30T13:00:00","guid":{"rendered":"https:\/\/www.emballagedigest.fr\/?p=44404"},"modified":"2025-05-02T15:03:14","modified_gmt":"2025-05-02T13:03:14","slug":"citeo-pro-lance-son-appel-a-projet-encore-plus-de-reemploi-2025","status":"publish","type":"post","link":"https:\/\/www.emballagedigest.fr\/en\/citeo-pro-lance-son-appel-a-projet-encore-plus-de-reemploi-2025\/","title":{"rendered":"Citeo Pro lance son appel \u00e0 projet EncoRE plus de r\u00e9emploi 2025"},"content":{"rendered":"<p><strong>Pour acc\u00e9l\u00e9rer la transition vers le r\u00e9emploi des emballages dans la restauration, Citeo Pro annonce l\u2019ouverture de son appel \u00e0 projets EncoRE plus de r\u00e9emploi 2025.<\/strong><\/p>\n\n\n\n<p>Ce dispositif, ouvert depuis le 14 mars et jusqu\u2019au 31 d\u00e9cembre 2025, vise \u00e0 financer des initiatives innovantes et op\u00e9rationnelles en France. Avec une enveloppe de 246 000 euros, l\u2019appel \u00e0 projets s\u2019adresse \u00e0 la fois aux clients de Citeo Pro (restaurateurs, traiteurs, entreprises de restauration collective) et aux apporteurs de solutions (fabricants d\u2019emballages r\u00e9employables, acteurs de la logistique, entreprises sp\u00e9cialis\u00e9es dans la collecte et le lavage).<\/p>\n\n\n\n<p>Les projets \u00e9ligibles peuvent porter sur :<br>\u2022 Le d\u00e9veloppement et l\u2019achat d\u2019emballages r\u00e9employables adapt\u00e9s aux besoins du secteur, afin d\u2019acc\u00e9l\u00e9rer leur adoption et leur standardisation.<br>\u2022 La mise en place d\u2019infrastructures de conditionnement et de lavage, indispensables pour assurer une logistique efficace du r\u00e9emploi \u00e0 grande \u00e9chelle.<br>\u2022 Des \u00e9tudes et exp\u00e9rimentations, permettant de tester et structurer des mod\u00e8les viables \u00e9conomiquement et op\u00e9rationnellement.<\/p>\n\n\n\n<p>\u00abNotre objectif est d\u2019aider efficacement les professionnels \u00e0 franchir ce cap en soutenant des initiatives concr\u00e8tes et d\u00e9ployables \u00e0 grande \u00e9chelle. Nous encourageons toutes les d\u00e9marches, en particulier celles port\u00e9es par des acteurs en phase de structuration ou en qu\u00eate de solutions adapt\u00e9es \u00e0 leurs besoins\u00bb, explique Julien Dubourg, pr\u00e9sident de Citeo Pro. Les candidatures seront \u00e9tudi\u00e9es au fur et \u00e0 mesure, jusqu\u2019\u00e0 \u00e9puisement des fonds disponibles.<\/p>","protected":false},"excerpt":{"rendered":"<p>Pour acc\u00e9l\u00e9rer la transition vers le r\u00e9emploi des emballages dans la restauration, Citeo Pro annonce l\u2019ouverture de son appel \u00e0 projets EncoRE plus de r\u00e9emploi 2025. Ce dispositif, ouvert depuis le 14 mars et jusqu\u2019au 31 d\u00e9cembre 2025, vise \u00e0 financer des initiatives innovantes et op\u00e9rationnelles en France. Avec une enveloppe de 246 000 euros, [&hellip;]<\/p>","protected":false},"author":2,"featured_media":44405,"comment_status":"closed","ping_status":"closed","sticky":false,"template":"","format":"standard","meta":{"_acf_changed":false,"inline_featured_image":false,"iawp_total_views":0,"footnotes":""},"categories":[5,28,26,81,65],"tags":[],"class_list":["post-44404","post","type-post","status-publish","format-standard","has-post-thumbnail","hentry","category-alimentaire","category-article-entier","category-laterale","category-packaging","category-vu-dans-le-mag"],"acf":[],"yoast_head":"<!-- This site is optimized with the Yoast SEO plugin v24.4 - https:\/\/yoast.com\/wordpress\/plugins\/seo\/ -->\n<title>Citeo Pro lance son appel \u00e0 projet EncoRE plus de r\u00e9emploi 2025 - Emballage Digest<\/title>\n<meta name=\"robots\" content=\"index, follow, max-snippet:-1, max-image-preview:large, max-video-preview:-1\" \/>\n<link rel=\"canonical\" href=\"https:\/\/www.emballagedigest.fr\/en\/citeo-pro-lance-son-appel-a-projet-encore-plus-de-reemploi-2025\/\" \/>\n<meta property=\"og:locale\" content=\"en_GB\" \/>\n<meta property=\"og:type\" content=\"article\" \/>\n<meta property=\"og:title\" content=\"Citeo Pro lance son appel \u00e0 projet EncoRE plus de r\u00e9emploi 2025 - Emballage Digest\" \/>\n<meta property=\"og:description\" content=\"Pour acc\u00e9l\u00e9rer la transition vers le r\u00e9emploi des emballages dans la restauration, Citeo Pro annonce l\u2019ouverture de son appel \u00e0 projets EncoRE plus de r\u00e9emploi 2025. Ce dispositif, ouvert depuis le 14 mars et jusqu\u2019au 31 d\u00e9cembre 2025, vise \u00e0 financer des initiatives innovantes et op\u00e9rationnelles en France. Avec une enveloppe de 246 000 euros, [&hellip;]\" \/>\n<meta property=\"og:url\" content=\"https:\/\/www.emballagedigest.fr\/en\/citeo-pro-lance-son-appel-a-projet-encore-plus-de-reemploi-2025\/\" \/>\n<meta property=\"og:site_name\" content=\"Emballage Digest\" \/>\n<meta property=\"article:published_time\" content=\"2025-04-30T13:00:00+00:00\" \/>\n<meta property=\"article:modified_time\" content=\"2025-05-02T13:03:14+00:00\" \/>\n<meta property=\"og:image\" content=\"https:\/\/www.emballagedigest.fr\/wp-content\/uploads\/2025\/05\/citeo.jpg\" \/>\n\t<meta property=\"og:image:width\" content=\"800\" \/>\n\t<meta property=\"og:image:height\" content=\"541\" \/>\n\t<meta property=\"og:image:type\" content=\"image\/jpeg\" \/>\n<meta name=\"author\" content=\"Karine Duval\" \/>\n<meta name=\"twitter:card\" content=\"summary_large_image\" \/>\n<meta name=\"twitter:label1\" content=\"Written by\" \/>\n\t<meta name=\"twitter:data1\" content=\"Karine Duval\" \/>\n\t<meta name=\"twitter:label2\" content=\"Estimated reading time\" \/>\n\t<meta name=\"twitter:data2\" content=\"2 minutes\" \/>\n<script type=\"application\/ld+json\" class=\"yoast-schema-graph\">{\"@context\":\"https:\/\/schema.org\",\"@graph\":[{\"@type\":\"Article\",\"@id\":\"https:\/\/www.emballagedigest.fr\/citeo-pro-lance-son-appel-a-projet-encore-plus-de-reemploi-2025\/#article\",\"isPartOf\":{\"@id\":\"https:\/\/www.emballagedigest.fr\/citeo-pro-lance-son-appel-a-projet-encore-plus-de-reemploi-2025\/\"},\"author\":{\"name\":\"Karine Duval\",\"@id\":\"https:\/\/www.emballagedigest.fr\/#\/schema\/person\/76abe9f2b2ee4d3d520594c7a35da59f\"},\"headline\":\"Citeo Pro lance son appel \u00e0 projet EncoRE plus de r\u00e9emploi 2025\",\"datePublished\":\"2025-04-30T13:00:00+00:00\",\"dateModified\":\"2025-05-02T13:03:14+00:00\",\"mainEntityOfPage\":{\"@id\":\"https:\/\/www.emballagedigest.fr\/citeo-pro-lance-son-appel-a-projet-encore-plus-de-reemploi-2025\/\"},\"wordCount\":252,\"publisher\":{\"@id\":\"https:\/\/www.emballagedigest.fr\/#organization\"},\"image\":{\"@id\":\"https:\/\/www.emballagedigest.fr\/citeo-pro-lance-son-appel-a-projet-encore-plus-de-reemploi-2025\/#primaryimage\"},\"thumbnailUrl\":\"https:\/\/www.emballagedigest.fr\/wp-content\/uploads\/2025\/05\/citeo.jpg\",\"articleSection\":[\"Alimentaire\",\"Article entier\",\"Barre lat\u00e9rale\",\"Packaging\",\"Vu dans le mag\"],\"inLanguage\":\"en-GB\"},{\"@type\":\"WebPage\",\"@id\":\"https:\/\/www.emballagedigest.fr\/citeo-pro-lance-son-appel-a-projet-encore-plus-de-reemploi-2025\/\",\"url\":\"https:\/\/www.emballagedigest.fr\/citeo-pro-lance-son-appel-a-projet-encore-plus-de-reemploi-2025\/\",\"name\":\"Citeo Pro lance son appel \u00e0 projet EncoRE plus de r\u00e9emploi 2025 - Emballage Digest\",\"isPartOf\":{\"@id\":\"https:\/\/www.emballagedigest.fr\/#website\"},\"primaryImageOfPage\":{\"@id\":\"https:\/\/www.emballagedigest.fr\/citeo-pro-lance-son-appel-a-projet-encore-plus-de-reemploi-2025\/#primaryimage\"},\"image\":{\"@id\":\"https:\/\/www.emballagedigest.fr\/citeo-pro-lance-son-appel-a-projet-encore-plus-de-reemploi-2025\/#primaryimage\"},\"thumbnailUrl\":\"https:\/\/www.emballagedigest.fr\/wp-content\/uploads\/2025\/05\/citeo.jpg\",\"datePublished\":\"2025-04-30T13:00:00+00:00\",\"dateModified\":\"2025-05-02T13:03:14+00:00\",\"breadcrumb\":{\"@id\":\"https:\/\/www.emballagedigest.fr\/citeo-pro-lance-son-appel-a-projet-encore-plus-de-reemploi-2025\/#breadcrumb\"},\"inLanguage\":\"en-GB\",\"potentialAction\":[{\"@type\":\"ReadAction\",\"target\":[\"https:\/\/www.emballagedigest.fr\/citeo-pro-lance-son-appel-a-projet-encore-plus-de-reemploi-2025\/\"]}]},{\"@type\":\"ImageObject\",\"inLanguage\":\"en-GB\",\"@id\":\"https:\/\/www.emballagedigest.fr\/citeo-pro-lance-son-appel-a-projet-encore-plus-de-reemploi-2025\/#primaryimage\",\"url\":\"https:\/\/www.emballagedigest.fr\/wp-content\/uploads\/2025\/05\/citeo.jpg\",\"contentUrl\":\"https:\/\/www.emballagedigest.fr\/wp-content\/uploads\/2025\/05\/citeo.jpg\",\"width\":800,\"height\":541},{\"@type\":\"BreadcrumbList\",\"@id\":\"https:\/\/www.emballagedigest.fr\/citeo-pro-lance-son-appel-a-projet-encore-plus-de-reemploi-2025\/#breadcrumb\",\"itemListElement\":[{\"@type\":\"ListItem\",\"position\":1,\"name\":\"Accueil\",\"item\":\"https:\/\/www.emballagedigest.fr\/\"},{\"@type\":\"ListItem\",\"position\":2,\"name\":\"Citeo Pro lance son appel \u00e0 projet EncoRE plus de r\u00e9emploi 2025\"}]},{\"@type\":\"WebSite\",\"@id\":\"https:\/\/www.emballagedigest.fr\/#website\",\"url\":\"https:\/\/www.emballagedigest.fr\/\",\"name\":\"Emballage Digest\",\"description\":\"Revue professionnelle sur les emballages\",\"publisher\":{\"@id\":\"https:\/\/www.emballagedigest.fr\/#organization\"},\"potentialAction\":[{\"@type\":\"SearchAction\",\"target\":{\"@type\":\"EntryPoint\",\"urlTemplate\":\"https:\/\/www.emballagedigest.fr\/?s={search_term_string}\"},\"query-input\":{\"@type\":\"PropertyValueSpecification\",\"valueRequired\":true,\"valueName\":\"search_term_string\"}}],\"inLanguage\":\"en-GB\"},{\"@type\":\"Organization\",\"@id\":\"https:\/\/www.emballagedigest.fr\/#organization\",\"name\":\"Emballage Digest\",\"url\":\"https:\/\/www.emballagedigest.fr\/\",\"logo\":{\"@type\":\"ImageObject\",\"inLanguage\":\"en-GB\",\"@id\":\"https:\/\/www.emballagedigest.fr\/#\/schema\/logo\/image\/\",\"url\":\"https:\/\/www.emballagedigest.fr\/wp-content\/uploads\/2022\/07\/logo-ed.png\",\"contentUrl\":\"https:\/\/www.emballagedigest.fr\/wp-content\/uploads\/2022\/07\/logo-ed.png\",\"width\":379,\"height\":75,\"caption\":\"Emballage Digest\"},\"image\":{\"@id\":\"https:\/\/www.emballagedigest.fr\/#\/schema\/logo\/image\/\"}},{\"@type\":\"Person\",\"@id\":\"https:\/\/www.emballagedigest.fr\/#\/schema\/person\/76abe9f2b2ee4d3d520594c7a35da59f\",\"name\":\"Karine Duval\",\"image\":{\"@type\":\"ImageObject\",\"inLanguage\":\"en-GB\",\"@id\":\"https:\/\/www.emballagedigest.fr\/#\/schema\/person\/image\/\",\"url\":\"https:\/\/secure.gravatar.com\/avatar\/f552799261cdd2e076e6677d780ef07bdb13aa4c196ab75b39abcbcdcae2d4e5?s=96&d=mm&r=g\",\"contentUrl\":\"https:\/\/secure.gravatar.com\/avatar\/f552799261cdd2e076e6677d780ef07bdb13aa4c196ab75b39abcbcdcae2d4e5?s=96&d=mm&r=g\",\"caption\":\"Karine Duval\"},\"url\":\"https:\/\/www.emballagedigest.fr\/en\/author\/admin_karduv\/\"}]}<\/script>\n<!-- \/ Yoast SEO plugin. -->","yoast_head_json":{"title":"Citeo Pro lance son appel \u00e0 projet EncoRE plus de r\u00e9emploi 2025 - Emballage Digest","robots":{"index":"index","follow":"follow","max-snippet":"max-snippet:-1","max-image-preview":"max-image-preview:large","max-video-preview":"max-video-preview:-1"},"canonical":"https:\/\/www.emballagedigest.fr\/en\/citeo-pro-lance-son-appel-a-projet-encore-plus-de-reemploi-2025\/","og_locale":"en_GB","og_type":"article","og_title":"Citeo Pro lance son appel \u00e0 projet EncoRE plus de r\u00e9emploi 2025 - Emballage Digest","og_description":"Pour acc\u00e9l\u00e9rer la transition vers le r\u00e9emploi des emballages dans la restauration, Citeo Pro annonce l\u2019ouverture de son appel \u00e0 projets EncoRE plus de r\u00e9emploi 2025. Ce dispositif, ouvert depuis le 14 mars et jusqu\u2019au 31 d\u00e9cembre 2025, vise \u00e0 financer des initiatives innovantes et op\u00e9rationnelles en France. Avec une enveloppe de 246 000 euros, [&hellip;]","og_url":"https:\/\/www.emballagedigest.fr\/en\/citeo-pro-lance-son-appel-a-projet-encore-plus-de-reemploi-2025\/","og_site_name":"Emballage Digest","article_published_time":"2025-04-30T13:00:00+00:00","article_modified_time":"2025-05-02T13:03:14+00:00","og_image":[{"width":800,"height":541,"url":"https:\/\/www.emballagedigest.fr\/wp-content\/uploads\/2025\/05\/citeo.jpg","type":"image\/jpeg"}],"author":"Karine Duval","twitter_card":"summary_large_image","twitter_misc":{"Written by":"Karine Duval","Estimated reading time":"2 minutes"},"schema":{"@context":"https:\/\/schema.org","@graph":[{"@type":"Article","@id":"https:\/\/www.emballagedigest.fr\/citeo-pro-lance-son-appel-a-projet-encore-plus-de-reemploi-2025\/#article","isPartOf":{"@id":"https:\/\/www.emballagedigest.fr\/citeo-pro-lance-son-appel-a-projet-encore-plus-de-reemploi-2025\/"},"author":{"name":"Karine Duval","@id":"https:\/\/www.emballagedigest.fr\/#\/schema\/person\/76abe9f2b2ee4d3d520594c7a35da59f"},"headline":"Citeo Pro lance son appel \u00e0 projet EncoRE plus de r\u00e9emploi 2025","datePublished":"2025-04-30T13:00:00+00:00","dateModified":"2025-05-02T13:03:14+00:00","mainEntityOfPage":{"@id":"https:\/\/www.emballagedigest.fr\/citeo-pro-lance-son-appel-a-projet-encore-plus-de-reemploi-2025\/"},"wordCount":252,"publisher":{"@id":"https:\/\/www.emballagedigest.fr\/#organization"},"image":{"@id":"https:\/\/www.emballagedigest.fr\/citeo-pro-lance-son-appel-a-projet-encore-plus-de-reemploi-2025\/#primaryimage"},"thumbnailUrl":"https:\/\/www.emballagedigest.fr\/wp-content\/uploads\/2025\/05\/citeo.jpg","articleSection":["Alimentaire","Article entier","Barre lat\u00e9rale","Packaging","Vu dans le mag"],"inLanguage":"en-GB"},{"@type":"WebPage","@id":"https:\/\/www.emballagedigest.fr\/citeo-pro-lance-son-appel-a-projet-encore-plus-de-reemploi-2025\/","url":"https:\/\/www.emballagedigest.fr\/citeo-pro-lance-son-appel-a-projet-encore-plus-de-reemploi-2025\/","name":"Citeo Pro lance son appel \u00e0 projet EncoRE plus de r\u00e9emploi 2025 - Emballage Digest","isPartOf":{"@id":"https:\/\/www.emballagedigest.fr\/#website"},"primaryImageOfPage":{"@id":"https:\/\/www.emballagedigest.fr\/citeo-pro-lance-son-appel-a-projet-encore-plus-de-reemploi-2025\/#primaryimage"},"image":{"@id":"https:\/\/www.emballagedigest.fr\/citeo-pro-lance-son-appel-a-projet-encore-plus-de-reemploi-2025\/#primaryimage"},"thumbnailUrl":"https:\/\/www.emballagedigest.fr\/wp-content\/uploads\/2025\/05\/citeo.jpg","datePublished":"2025-04-30T13:00:00+00:00","dateModified":"2025-05-02T13:03:14+00:00","breadcrumb":{"@id":"https:\/\/www.emballagedigest.fr\/citeo-pro-lance-son-appel-a-projet-encore-plus-de-reemploi-2025\/#breadcrumb"},"inLanguage":"en-GB","potentialAction":[{"@type":"ReadAction","target":["https:\/\/www.emballagedigest.fr\/citeo-pro-lance-son-appel-a-projet-encore-plus-de-reemploi-2025\/"]}]},{"@type":"ImageObject","inLanguage":"en-GB","@id":"https:\/\/www.emballagedigest.fr\/citeo-pro-lance-son-appel-a-projet-encore-plus-de-reemploi-2025\/#primaryimage","url":"https:\/\/www.emballagedigest.fr\/wp-content\/uploads\/2025\/05\/citeo.jpg","contentUrl":"https:\/\/www.emballagedigest.fr\/wp-content\/uploads\/2025\/05\/citeo.jpg","width":800,"height":541},{"@type":"BreadcrumbList","@id":"https:\/\/www.emballagedigest.fr\/citeo-pro-lance-son-appel-a-projet-encore-plus-de-reemploi-2025\/#breadcrumb","itemListElement":[{"@type":"ListItem","position":1,"name":"Accueil","item":"https:\/\/www.emballagedigest.fr\/"},{"@type":"ListItem","position":2,"name":"Citeo Pro lance son appel \u00e0 projet EncoRE plus de r\u00e9emploi 2025"}]},{"@type":"WebSite","@id":"https:\/\/www.emballagedigest.fr\/#website","url":"https:\/\/www.emballagedigest.fr\/","name":"Emballage Digest","description":"Revue professionnelle sur les emballages","publisher":{"@id":"https:\/\/www.emballagedigest.fr\/#organization"},"potentialAction":[{"@type":"SearchAction","target":{"@type":"EntryPoint","urlTemplate":"https:\/\/www.emballagedigest.fr\/?s={search_term_string}"},"query-input":{"@type":"PropertyValueSpecification","valueRequired":true,"valueName":"search_term_string"}}],"inLanguage":"en-GB"},{"@type":"Organization","@id":"https:\/\/www.emballagedigest.fr\/#organization","name":"Emballage Digest","url":"https:\/\/www.emballagedigest.fr\/","logo":{"@type":"ImageObject","inLanguage":"en-GB","@id":"https:\/\/www.emballagedigest.fr\/#\/schema\/logo\/image\/","url":"https:\/\/www.emballagedigest.fr\/wp-content\/uploads\/2022\/07\/logo-ed.png","contentUrl":"https:\/\/www.emballagedigest.fr\/wp-content\/uploads\/2022\/07\/logo-ed.png","width":379,"height":75,"caption":"Emballage Digest"},"image":{"@id":"https:\/\/www.emballagedigest.fr\/#\/schema\/logo\/image\/"}},{"@type":"Person","@id":"https:\/\/www.emballagedigest.fr\/#\/schema\/person\/76abe9f2b2ee4d3d520594c7a35da59f","name":"Karine Duval","image":{"@type":"ImageObject","inLanguage":"en-GB","@id":"https:\/\/www.emballagedigest.fr\/#\/schema\/person\/image\/","url":"https:\/\/secure.gravatar.com\/avatar\/f552799261cdd2e076e6677d780ef07bdb13aa4c196ab75b39abcbcdcae2d4e5?s=96&d=mm&r=g","contentUrl":"https:\/\/secure.gravatar.com\/avatar\/f552799261cdd2e076e6677d780ef07bdb13aa4c196ab75b39abcbcdcae2d4e5?s=96&d=mm&r=g","caption":"Karine Duval"},"url":"https:\/\/www.emballagedigest.fr\/en\/author\/admin_karduv\/"}]}},"_links":{"self":[{"href":"https:\/\/www.emballagedigest.fr\/en\/wp-json\/wp\/v2\/posts\/44404","targetHints":{"allow":["GET"]}}],"collection":[{"href":"https:\/\/www.emballagedigest.fr\/en\/wp-json\/wp\/v2\/posts"}],"about":[{"href":"https:\/\/www.emballagedigest.fr\/en\/wp-json\/wp\/v2\/types\/post"}],"author":[{"embeddable":true,"href":"https:\/\/www.emballagedigest.fr\/en\/wp-json\/wp\/v2\/users\/2"}],"replies":[{"embeddable":true,"href":"https:\/\/www.emballagedigest.fr\/en\/wp-json\/wp\/v2\/comments?post=44404"}],"version-history":[{"count":1,"href":"https:\/\/www.emballagedigest.fr\/en\/wp-json\/wp\/v2\/posts\/44404\/revisions"}],"predecessor-version":[{"id":44406,"href":"https:\/\/www.emballagedigest.fr\/en\/wp-json\/wp\/v2\/posts\/44404\/revisions\/44406"}],"wp:featuredmedia":[{"embeddable":true,"href":"https:\/\/www.emballagedigest.fr\/en\/wp-json\/wp\/v2\/media\/44405"}],"wp:attachment":[{"href":"https:\/\/www.emballagedigest.fr\/en\/wp-json\/wp\/v2\/media?parent=44404"}],"wp:term":[{"taxonomy":"category","embeddable":true,"href":"https:\/\/www.emballagedigest.fr\/en\/wp-json\/wp\/v2\/categories?post=44404"},{"taxonomy":"post_tag","embeddable":true,"href":"https:\/\/www.emballagedigest.fr\/en\/wp-json\/wp\/v2\/tags?post=44404"}],"curies":[{"name":"wp","href":"https:\/\/api.w.org\/{rel}","templated":true}]}}