{"id":44460,"date":"2025-05-05T00:15:20","date_gmt":"2025-05-04T22:15:20","guid":{"rendered":"https:\/\/www.emballagedigest.fr\/?p=44460"},"modified":"2025-05-06T07:45:29","modified_gmt":"2025-05-06T05:45:29","slug":"sidel-devoile-la-nouvelle-evofill-can-compact","status":"publish","type":"post","link":"https:\/\/www.emballagedigest.fr\/en\/sidel-devoile-la-nouvelle-evofill-can-compact\/","title":{"rendered":"Sidel d\u00e9voile la nouvelle EvoFILL Can Compact"},"content":{"rendered":"<p><strong>Sidel pr\u00e9sente l\u2019EvoFILL Can Compact, une solution de remplissage polyvalente hautes performances, con\u00e7ue pour les producteurs de boissons premium telles que la bi\u00e8re et les boissons gazeuses sans alcool (CSD).<\/strong><\/p>\n\n\n\n<p>La lancement de l\u2019EvoFILL Can Compact r\u00e9pond \u00e0 la demande croissante de flexibilit\u00e9, de rendement et d&rsquo;adaptabilit\u00e9 des secteurs de la bi\u00e8re et des boissons gazeuses conditionn\u00e9es dans des emballages m\u00e9talliques, en particulier dans le march\u00e9 de la production de petite \u00e0 moyenne vitesse (jusqu\u2019\u00e0 40&nbsp;000 canettes \u00e0 l\u2019heure). \u00ab&nbsp;L\u2019EvoFILL Can Compact \u00e9largit notre tr\u00e8s pl\u00e9biscit\u00e9e gamme EvoFILL Can en offrant une solution extr\u00eamement compacte et efficace, qui r\u00e9pond aux demandes du march\u00e9 des boissons premium produites en petits volumes&nbsp;\u00bb, commente Tommaso Tegoni, Chef de produit Remplissage chez Sidel. \u00ab&nbsp;Sa capacit\u00e9 \u00e0 g\u00e9rer les changements de produits fr\u00e9quents avec des arr\u00eats machines minimaux, \u00e0 laquelle s\u2019ajoutent une automatisation de pointe et une conception modulaire, assure des performances fiables de haut niveau pour les boissons gazeuses et non gazeuses, produits n\u00e9cessitant un remplissage \u00e0 chaud inclus, tout en maintenant la vitesse et la pr\u00e9cision&nbsp;\u00bb.&nbsp;<\/p>\n\n\n\n<figure class=\"wp-block-image size-full is-resized\"><img loading=\"lazy\" decoding=\"async\" width=\"800\" height=\"533\" src=\"https:\/\/www.emballagedigest.fr\/wp-content\/uploads\/2025\/05\/sidel2.jpg\" alt=\"\" class=\"wp-image-44462\" style=\"width:840px;height:auto\" srcset=\"https:\/\/www.emballagedigest.fr\/wp-content\/uploads\/2025\/05\/sidel2.jpg 800w, https:\/\/www.emballagedigest.fr\/wp-content\/uploads\/2025\/05\/sidel2-300x200.jpg 300w, https:\/\/www.emballagedigest.fr\/wp-content\/uploads\/2025\/05\/sidel2-768x512.jpg 768w, https:\/\/www.emballagedigest.fr\/wp-content\/uploads\/2025\/05\/sidel2-18x12.jpg 18w\" sizes=\"auto, (max-width: 800px) 100vw, 800px\" \/><\/figure>\n\n\n\n<p>Le syst\u00e8me b\u00e9n\u00e9ficie d\u2019une conception \u00ab\u00a0plug and play\u00a0\u00bb, qui assure une installation, une exploitation et une manipulation ais\u00e9es. Sa conception compacte regroupe la sertisseuse et l\u2019unit\u00e9 de process en un unique bloc gain de place, ce qui en minimise l\u2019encombrement permettant de rem\u00e9dier aux probl\u00e8mes de place et d\u2019optimiser le co\u00fbt total de possession (TCO). Avec une haute pr\u00e9cision de remplissage de +\/- 1\u00a0ml d\u2019\u00e9cart type, jusqu\u2019au format de 500\u00a0ml, la machine offre une pr\u00e9cision exceptionnelle assortie de pertes de produits minimales (moins de 0,1%). Elle est \u00e9galement tr\u00e8s polyvalente, puisqu\u2019elle prend en charge \u00e0 la fois les applications de remplissage \u00e0 chaud et CSD. L\u2019EvoFILL Can Compact permet le remplissage \u00e0 temp\u00e9rature ambiante pour les boissons gazeuses sans alcool avec des pertes de CO<sub>2<\/sub> limit\u00e9es (inf\u00e9rieures ou \u00e9gales \u00e0 0,2\u00a0Vol).<\/p>\n\n\n\n<p>De mani\u00e8re similaire, cette nouvelle machine de remplissage de canettes atteint un rendement du monobloc de 98,5&nbsp;%, ce qui assure un fonctionnement impeccable avec des arr\u00eats minimaux. Con\u00e7ue pour la fiabilit\u00e9 et la pr\u00e9cision, elle optimise la productivit\u00e9 tout en assurant des canettes de boissons de qualit\u00e9 sup\u00e9rieure. L\u2019EvoFILL Can Compact utilise la technologie \u00e9lectropneumatique avec des d\u00e9bitm\u00e8tres magn\u00e9tiques pour une mesure pr\u00e9cise et efficace des liquides. Les vannes pneumatiques \u00e0 commande \u00e9lectronique r\u00e9gulent le d\u00e9bit, assurant un remplissage fluide et r\u00e9gulier.<\/p>\n\n\n\n<p>Rapides et simples, les changements s&rsquo;effectuent en moins de 25 minutes, gr\u00e2ce au r\u00e9glage automatique de la hauteur du carrousel de remplissage. L&rsquo;enceinte int\u00e9gr\u00e9e et le toit, \u00e9quip\u00e9s de filtres HEPA, sont incorpor\u00e9s dans le ch\u00e2ssis et non pas autonomes, ce qui contribue \u00e0 la compacit\u00e9 accrue de la machine tout en maintenant des normes d&rsquo;hygi\u00e8ne \u00e9lev\u00e9es. Pour un nettoyage sans effort des fermetures fictives automatiques sont disponibles, ce qui permet \u00e0 la machine d\u2019\u00eatre nettoy\u00e9e sans intervention humaine et assure une s\u00e9curit\u00e9 maximale des produits.<\/p>","protected":false},"excerpt":{"rendered":"<p>Sidel pr\u00e9sente l\u2019EvoFILL Can Compact, une solution de remplissage polyvalente hautes performances, con\u00e7ue pour les producteurs de boissons premium telles que la bi\u00e8re et les boissons gazeuses sans alcool (CSD). La lancement de l\u2019EvoFILL Can Compact r\u00e9pond \u00e0 la demande croissante de flexibilit\u00e9, de rendement et d&rsquo;adaptabilit\u00e9 des secteurs de la bi\u00e8re et des boissons [&hellip;]<\/p>","protected":false},"author":2,"featured_media":44461,"comment_status":"closed","ping_status":"closed","sticky":false,"template":"","format":"standard","meta":{"_acf_changed":false,"inline_featured_image":false,"iawp_total_views":0,"footnotes":""},"categories":[5,28,35],"tags":[],"class_list":["post-44460","post","type-post","status-publish","format-standard","has-post-thumbnail","hentry","category-alimentaire","category-article-entier","category-machines-fr"],"acf":[],"yoast_head":"<!-- This site is optimized with the Yoast SEO plugin v24.4 - https:\/\/yoast.com\/wordpress\/plugins\/seo\/ -->\n<title>Sidel d\u00e9voile la nouvelle EvoFILL Can Compact - Emballage Digest<\/title>\n<meta name=\"robots\" content=\"index, follow, max-snippet:-1, max-image-preview:large, max-video-preview:-1\" \/>\n<link rel=\"canonical\" href=\"https:\/\/www.emballagedigest.fr\/en\/sidel-devoile-la-nouvelle-evofill-can-compact\/\" \/>\n<meta property=\"og:locale\" content=\"en_GB\" \/>\n<meta property=\"og:type\" content=\"article\" \/>\n<meta property=\"og:title\" content=\"Sidel d\u00e9voile la nouvelle EvoFILL Can Compact - Emballage Digest\" \/>\n<meta property=\"og:description\" content=\"Sidel pr\u00e9sente l\u2019EvoFILL Can Compact, une solution de remplissage polyvalente hautes performances, con\u00e7ue pour les producteurs de boissons premium telles que la bi\u00e8re et les boissons gazeuses sans alcool (CSD). La lancement de l\u2019EvoFILL Can Compact r\u00e9pond \u00e0 la demande croissante de flexibilit\u00e9, de rendement et d&rsquo;adaptabilit\u00e9 des secteurs de la bi\u00e8re et des boissons [&hellip;]\" \/>\n<meta property=\"og:url\" content=\"https:\/\/www.emballagedigest.fr\/en\/sidel-devoile-la-nouvelle-evofill-can-compact\/\" \/>\n<meta property=\"og:site_name\" content=\"Emballage Digest\" \/>\n<meta property=\"article:published_time\" content=\"2025-05-04T22:15:20+00:00\" \/>\n<meta property=\"article:modified_time\" content=\"2025-05-06T05:45:29+00:00\" \/>\n<meta property=\"og:image\" content=\"https:\/\/www.emballagedigest.fr\/wp-content\/uploads\/2025\/05\/sidel1.jpg\" \/>\n\t<meta property=\"og:image:width\" content=\"800\" \/>\n\t<meta property=\"og:image:height\" content=\"580\" \/>\n\t<meta property=\"og:image:type\" content=\"image\/jpeg\" \/>\n<meta name=\"author\" content=\"Karine Duval\" \/>\n<meta name=\"twitter:card\" content=\"summary_large_image\" \/>\n<meta name=\"twitter:label1\" content=\"Written by\" \/>\n\t<meta name=\"twitter:data1\" content=\"Karine Duval\" \/>\n\t<meta name=\"twitter:label2\" content=\"Estimated reading time\" \/>\n\t<meta name=\"twitter:data2\" content=\"3 minutes\" \/>\n<script type=\"application\/ld+json\" class=\"yoast-schema-graph\">{\"@context\":\"https:\/\/schema.org\",\"@graph\":[{\"@type\":\"Article\",\"@id\":\"https:\/\/www.emballagedigest.fr\/sidel-devoile-la-nouvelle-evofill-can-compact\/#article\",\"isPartOf\":{\"@id\":\"https:\/\/www.emballagedigest.fr\/sidel-devoile-la-nouvelle-evofill-can-compact\/\"},\"author\":{\"name\":\"Karine Duval\",\"@id\":\"https:\/\/www.emballagedigest.fr\/#\/schema\/person\/76abe9f2b2ee4d3d520594c7a35da59f\"},\"headline\":\"Sidel d\u00e9voile la nouvelle EvoFILL Can Compact\",\"datePublished\":\"2025-05-04T22:15:20+00:00\",\"dateModified\":\"2025-05-06T05:45:29+00:00\",\"mainEntityOfPage\":{\"@id\":\"https:\/\/www.emballagedigest.fr\/sidel-devoile-la-nouvelle-evofill-can-compact\/\"},\"wordCount\":542,\"publisher\":{\"@id\":\"https:\/\/www.emballagedigest.fr\/#organization\"},\"image\":{\"@id\":\"https:\/\/www.emballagedigest.fr\/sidel-devoile-la-nouvelle-evofill-can-compact\/#primaryimage\"},\"thumbnailUrl\":\"https:\/\/www.emballagedigest.fr\/wp-content\/uploads\/2025\/05\/sidel1.jpg\",\"articleSection\":[\"Alimentaire\",\"Article entier\",\"Machines\"],\"inLanguage\":\"en-GB\"},{\"@type\":\"WebPage\",\"@id\":\"https:\/\/www.emballagedigest.fr\/sidel-devoile-la-nouvelle-evofill-can-compact\/\",\"url\":\"https:\/\/www.emballagedigest.fr\/sidel-devoile-la-nouvelle-evofill-can-compact\/\",\"name\":\"Sidel d\u00e9voile la nouvelle EvoFILL Can Compact - Emballage Digest\",\"isPartOf\":{\"@id\":\"https:\/\/www.emballagedigest.fr\/#website\"},\"primaryImageOfPage\":{\"@id\":\"https:\/\/www.emballagedigest.fr\/sidel-devoile-la-nouvelle-evofill-can-compact\/#primaryimage\"},\"image\":{\"@id\":\"https:\/\/www.emballagedigest.fr\/sidel-devoile-la-nouvelle-evofill-can-compact\/#primaryimage\"},\"thumbnailUrl\":\"https:\/\/www.emballagedigest.fr\/wp-content\/uploads\/2025\/05\/sidel1.jpg\",\"datePublished\":\"2025-05-04T22:15:20+00:00\",\"dateModified\":\"2025-05-06T05:45:29+00:00\",\"breadcrumb\":{\"@id\":\"https:\/\/www.emballagedigest.fr\/sidel-devoile-la-nouvelle-evofill-can-compact\/#breadcrumb\"},\"inLanguage\":\"en-GB\",\"potentialAction\":[{\"@type\":\"ReadAction\",\"target\":[\"https:\/\/www.emballagedigest.fr\/sidel-devoile-la-nouvelle-evofill-can-compact\/\"]}]},{\"@type\":\"ImageObject\",\"inLanguage\":\"en-GB\",\"@id\":\"https:\/\/www.emballagedigest.fr\/sidel-devoile-la-nouvelle-evofill-can-compact\/#primaryimage\",\"url\":\"https:\/\/www.emballagedigest.fr\/wp-content\/uploads\/2025\/05\/sidel1.jpg\",\"contentUrl\":\"https:\/\/www.emballagedigest.fr\/wp-content\/uploads\/2025\/05\/sidel1.jpg\",\"width\":800,\"height\":580},{\"@type\":\"BreadcrumbList\",\"@id\":\"https:\/\/www.emballagedigest.fr\/sidel-devoile-la-nouvelle-evofill-can-compact\/#breadcrumb\",\"itemListElement\":[{\"@type\":\"ListItem\",\"position\":1,\"name\":\"Accueil\",\"item\":\"https:\/\/www.emballagedigest.fr\/\"},{\"@type\":\"ListItem\",\"position\":2,\"name\":\"Sidel d\u00e9voile la nouvelle EvoFILL Can Compact\"}]},{\"@type\":\"WebSite\",\"@id\":\"https:\/\/www.emballagedigest.fr\/#website\",\"url\":\"https:\/\/www.emballagedigest.fr\/\",\"name\":\"Emballage Digest\",\"description\":\"Revue professionnelle sur les emballages\",\"publisher\":{\"@id\":\"https:\/\/www.emballagedigest.fr\/#organization\"},\"potentialAction\":[{\"@type\":\"SearchAction\",\"target\":{\"@type\":\"EntryPoint\",\"urlTemplate\":\"https:\/\/www.emballagedigest.fr\/?s={search_term_string}\"},\"query-input\":{\"@type\":\"PropertyValueSpecification\",\"valueRequired\":true,\"valueName\":\"search_term_string\"}}],\"inLanguage\":\"en-GB\"},{\"@type\":\"Organization\",\"@id\":\"https:\/\/www.emballagedigest.fr\/#organization\",\"name\":\"Emballage Digest\",\"url\":\"https:\/\/www.emballagedigest.fr\/\",\"logo\":{\"@type\":\"ImageObject\",\"inLanguage\":\"en-GB\",\"@id\":\"https:\/\/www.emballagedigest.fr\/#\/schema\/logo\/image\/\",\"url\":\"https:\/\/www.emballagedigest.fr\/wp-content\/uploads\/2022\/07\/logo-ed.png\",\"contentUrl\":\"https:\/\/www.emballagedigest.fr\/wp-content\/uploads\/2022\/07\/logo-ed.png\",\"width\":379,\"height\":75,\"caption\":\"Emballage Digest\"},\"image\":{\"@id\":\"https:\/\/www.emballagedigest.fr\/#\/schema\/logo\/image\/\"}},{\"@type\":\"Person\",\"@id\":\"https:\/\/www.emballagedigest.fr\/#\/schema\/person\/76abe9f2b2ee4d3d520594c7a35da59f\",\"name\":\"Karine Duval\",\"image\":{\"@type\":\"ImageObject\",\"inLanguage\":\"en-GB\",\"@id\":\"https:\/\/www.emballagedigest.fr\/#\/schema\/person\/image\/\",\"url\":\"https:\/\/secure.gravatar.com\/avatar\/f552799261cdd2e076e6677d780ef07bdb13aa4c196ab75b39abcbcdcae2d4e5?s=96&d=mm&r=g\",\"contentUrl\":\"https:\/\/secure.gravatar.com\/avatar\/f552799261cdd2e076e6677d780ef07bdb13aa4c196ab75b39abcbcdcae2d4e5?s=96&d=mm&r=g\",\"caption\":\"Karine Duval\"},\"url\":\"https:\/\/www.emballagedigest.fr\/en\/author\/admin_karduv\/\"}]}<\/script>\n<!-- \/ Yoast SEO plugin. -->","yoast_head_json":{"title":"Sidel d\u00e9voile la nouvelle EvoFILL Can Compact - Emballage Digest","robots":{"index":"index","follow":"follow","max-snippet":"max-snippet:-1","max-image-preview":"max-image-preview:large","max-video-preview":"max-video-preview:-1"},"canonical":"https:\/\/www.emballagedigest.fr\/en\/sidel-devoile-la-nouvelle-evofill-can-compact\/","og_locale":"en_GB","og_type":"article","og_title":"Sidel d\u00e9voile la nouvelle EvoFILL Can Compact - Emballage Digest","og_description":"Sidel pr\u00e9sente l\u2019EvoFILL Can Compact, une solution de remplissage polyvalente hautes performances, con\u00e7ue pour les producteurs de boissons premium telles que la bi\u00e8re et les boissons gazeuses sans alcool (CSD). La lancement de l\u2019EvoFILL Can Compact r\u00e9pond \u00e0 la demande croissante de flexibilit\u00e9, de rendement et d&rsquo;adaptabilit\u00e9 des secteurs de la bi\u00e8re et des boissons [&hellip;]","og_url":"https:\/\/www.emballagedigest.fr\/en\/sidel-devoile-la-nouvelle-evofill-can-compact\/","og_site_name":"Emballage Digest","article_published_time":"2025-05-04T22:15:20+00:00","article_modified_time":"2025-05-06T05:45:29+00:00","og_image":[{"width":800,"height":580,"url":"https:\/\/www.emballagedigest.fr\/wp-content\/uploads\/2025\/05\/sidel1.jpg","type":"image\/jpeg"}],"author":"Karine Duval","twitter_card":"summary_large_image","twitter_misc":{"Written by":"Karine Duval","Estimated reading time":"3 minutes"},"schema":{"@context":"https:\/\/schema.org","@graph":[{"@type":"Article","@id":"https:\/\/www.emballagedigest.fr\/sidel-devoile-la-nouvelle-evofill-can-compact\/#article","isPartOf":{"@id":"https:\/\/www.emballagedigest.fr\/sidel-devoile-la-nouvelle-evofill-can-compact\/"},"author":{"name":"Karine Duval","@id":"https:\/\/www.emballagedigest.fr\/#\/schema\/person\/76abe9f2b2ee4d3d520594c7a35da59f"},"headline":"Sidel d\u00e9voile la nouvelle EvoFILL Can Compact","datePublished":"2025-05-04T22:15:20+00:00","dateModified":"2025-05-06T05:45:29+00:00","mainEntityOfPage":{"@id":"https:\/\/www.emballagedigest.fr\/sidel-devoile-la-nouvelle-evofill-can-compact\/"},"wordCount":542,"publisher":{"@id":"https:\/\/www.emballagedigest.fr\/#organization"},"image":{"@id":"https:\/\/www.emballagedigest.fr\/sidel-devoile-la-nouvelle-evofill-can-compact\/#primaryimage"},"thumbnailUrl":"https:\/\/www.emballagedigest.fr\/wp-content\/uploads\/2025\/05\/sidel1.jpg","articleSection":["Alimentaire","Article entier","Machines"],"inLanguage":"en-GB"},{"@type":"WebPage","@id":"https:\/\/www.emballagedigest.fr\/sidel-devoile-la-nouvelle-evofill-can-compact\/","url":"https:\/\/www.emballagedigest.fr\/sidel-devoile-la-nouvelle-evofill-can-compact\/","name":"Sidel d\u00e9voile la nouvelle EvoFILL Can Compact - Emballage Digest","isPartOf":{"@id":"https:\/\/www.emballagedigest.fr\/#website"},"primaryImageOfPage":{"@id":"https:\/\/www.emballagedigest.fr\/sidel-devoile-la-nouvelle-evofill-can-compact\/#primaryimage"},"image":{"@id":"https:\/\/www.emballagedigest.fr\/sidel-devoile-la-nouvelle-evofill-can-compact\/#primaryimage"},"thumbnailUrl":"https:\/\/www.emballagedigest.fr\/wp-content\/uploads\/2025\/05\/sidel1.jpg","datePublished":"2025-05-04T22:15:20+00:00","dateModified":"2025-05-06T05:45:29+00:00","breadcrumb":{"@id":"https:\/\/www.emballagedigest.fr\/sidel-devoile-la-nouvelle-evofill-can-compact\/#breadcrumb"},"inLanguage":"en-GB","potentialAction":[{"@type":"ReadAction","target":["https:\/\/www.emballagedigest.fr\/sidel-devoile-la-nouvelle-evofill-can-compact\/"]}]},{"@type":"ImageObject","inLanguage":"en-GB","@id":"https:\/\/www.emballagedigest.fr\/sidel-devoile-la-nouvelle-evofill-can-compact\/#primaryimage","url":"https:\/\/www.emballagedigest.fr\/wp-content\/uploads\/2025\/05\/sidel1.jpg","contentUrl":"https:\/\/www.emballagedigest.fr\/wp-content\/uploads\/2025\/05\/sidel1.jpg","width":800,"height":580},{"@type":"BreadcrumbList","@id":"https:\/\/www.emballagedigest.fr\/sidel-devoile-la-nouvelle-evofill-can-compact\/#breadcrumb","itemListElement":[{"@type":"ListItem","position":1,"name":"Accueil","item":"https:\/\/www.emballagedigest.fr\/"},{"@type":"ListItem","position":2,"name":"Sidel d\u00e9voile la nouvelle EvoFILL Can Compact"}]},{"@type":"WebSite","@id":"https:\/\/www.emballagedigest.fr\/#website","url":"https:\/\/www.emballagedigest.fr\/","name":"Emballage Digest","description":"Revue professionnelle sur les emballages","publisher":{"@id":"https:\/\/www.emballagedigest.fr\/#organization"},"potentialAction":[{"@type":"SearchAction","target":{"@type":"EntryPoint","urlTemplate":"https:\/\/www.emballagedigest.fr\/?s={search_term_string}"},"query-input":{"@type":"PropertyValueSpecification","valueRequired":true,"valueName":"search_term_string"}}],"inLanguage":"en-GB"},{"@type":"Organization","@id":"https:\/\/www.emballagedigest.fr\/#organization","name":"Emballage Digest","url":"https:\/\/www.emballagedigest.fr\/","logo":{"@type":"ImageObject","inLanguage":"en-GB","@id":"https:\/\/www.emballagedigest.fr\/#\/schema\/logo\/image\/","url":"https:\/\/www.emballagedigest.fr\/wp-content\/uploads\/2022\/07\/logo-ed.png","contentUrl":"https:\/\/www.emballagedigest.fr\/wp-content\/uploads\/2022\/07\/logo-ed.png","width":379,"height":75,"caption":"Emballage Digest"},"image":{"@id":"https:\/\/www.emballagedigest.fr\/#\/schema\/logo\/image\/"}},{"@type":"Person","@id":"https:\/\/www.emballagedigest.fr\/#\/schema\/person\/76abe9f2b2ee4d3d520594c7a35da59f","name":"Karine Duval","image":{"@type":"ImageObject","inLanguage":"en-GB","@id":"https:\/\/www.emballagedigest.fr\/#\/schema\/person\/image\/","url":"https:\/\/secure.gravatar.com\/avatar\/f552799261cdd2e076e6677d780ef07bdb13aa4c196ab75b39abcbcdcae2d4e5?s=96&d=mm&r=g","contentUrl":"https:\/\/secure.gravatar.com\/avatar\/f552799261cdd2e076e6677d780ef07bdb13aa4c196ab75b39abcbcdcae2d4e5?s=96&d=mm&r=g","caption":"Karine Duval"},"url":"https:\/\/www.emballagedigest.fr\/en\/author\/admin_karduv\/"}]}},"_links":{"self":[{"href":"https:\/\/www.emballagedigest.fr\/en\/wp-json\/wp\/v2\/posts\/44460","targetHints":{"allow":["GET"]}}],"collection":[{"href":"https:\/\/www.emballagedigest.fr\/en\/wp-json\/wp\/v2\/posts"}],"about":[{"href":"https:\/\/www.emballagedigest.fr\/en\/wp-json\/wp\/v2\/types\/post"}],"author":[{"embeddable":true,"href":"https:\/\/www.emballagedigest.fr\/en\/wp-json\/wp\/v2\/users\/2"}],"replies":[{"embeddable":true,"href":"https:\/\/www.emballagedigest.fr\/en\/wp-json\/wp\/v2\/comments?post=44460"}],"version-history":[{"count":1,"href":"https:\/\/www.emballagedigest.fr\/en\/wp-json\/wp\/v2\/posts\/44460\/revisions"}],"predecessor-version":[{"id":44463,"href":"https:\/\/www.emballagedigest.fr\/en\/wp-json\/wp\/v2\/posts\/44460\/revisions\/44463"}],"wp:featuredmedia":[{"embeddable":true,"href":"https:\/\/www.emballagedigest.fr\/en\/wp-json\/wp\/v2\/media\/44461"}],"wp:attachment":[{"href":"https:\/\/www.emballagedigest.fr\/en\/wp-json\/wp\/v2\/media?parent=44460"}],"wp:term":[{"taxonomy":"category","embeddable":true,"href":"https:\/\/www.emballagedigest.fr\/en\/wp-json\/wp\/v2\/categories?post=44460"},{"taxonomy":"post_tag","embeddable":true,"href":"https:\/\/www.emballagedigest.fr\/en\/wp-json\/wp\/v2\/tags?post=44460"}],"curies":[{"name":"wp","href":"https:\/\/api.w.org\/{rel}","templated":true}]}}