{"id":44472,"date":"2025-05-06T07:47:25","date_gmt":"2025-05-06T05:47:25","guid":{"rendered":"https:\/\/www.emballagedigest.fr\/?p=44472"},"modified":"2025-05-07T07:49:57","modified_gmt":"2025-05-07T05:49:57","slug":"valco-melton-devoilera-ses-dernieres-innovations-a-ipack-ima","status":"publish","type":"post","link":"https:\/\/www.emballagedigest.fr\/en\/valco-melton-devoilera-ses-dernieres-innovations-a-ipack-ima\/","title":{"rendered":"Valco Melton d\u00e9voilera ses derni\u00e8res innovations \u00e0 IPACK-IMA"},"content":{"rendered":"<p><strong>Valco Melton pr\u00e9sentera \u00e0 IPACK-IMA 2025 sa gamme de solutions de collage et d&rsquo;inspection de la qualit\u00e9 pour l&rsquo;industrie de l&#8217;emballage, con\u00e7ues pour optimiser l&rsquo;efficacit\u00e9 des lignes.<\/strong><\/p>\n\n\n\n<p>Valco Melton pr\u00e9sentera ses derniers fondoirs thermofusibles con\u00e7us sp\u00e9cifiquement pour l&rsquo;industrie de l&#8217;emballage. Les fondoirs d&rsquo;adh\u00e9sif de la s\u00e9rie Kube sont \u00e0 la t\u00eate d&rsquo;une nouvelle g\u00e9n\u00e9ration de fondoirs \u00e9conomes en \u00e9nergie qui optimisent le processus de chauffage. L&rsquo;isolation am\u00e9lior\u00e9e minimise la perte d&rsquo;\u00e9nergie, tandis que le syst\u00e8me d&rsquo;alimentation automatique en adh\u00e9sif en option \u00e9limine le besoin d&rsquo;op\u00e9rations de remplissage manuel. Ces caract\u00e9ristiques am\u00e9liorent la s\u00e9curit\u00e9 de l&rsquo;op\u00e9rateur et r\u00e9duisent le temps de s\u00e9jour de l&rsquo;adh\u00e9sif dans le r\u00e9servoir, ce qui \u00e9vite la carbonisation.<\/p>\n\n\n\n<figure class=\"wp-block-image size-full\"><img loading=\"lazy\" decoding=\"async\" width=\"800\" height=\"400\" src=\"https:\/\/www.emballagedigest.fr\/wp-content\/uploads\/2025\/05\/Valco2-1.jpg\" alt=\"\" class=\"wp-image-44475\" srcset=\"https:\/\/www.emballagedigest.fr\/wp-content\/uploads\/2025\/05\/Valco2-1.jpg 800w, https:\/\/www.emballagedigest.fr\/wp-content\/uploads\/2025\/05\/Valco2-1-300x150.jpg 300w, https:\/\/www.emballagedigest.fr\/wp-content\/uploads\/2025\/05\/Valco2-1-768x384.jpg 768w, https:\/\/www.emballagedigest.fr\/wp-content\/uploads\/2025\/05\/Valco2-1-18x9.jpg 18w\" sizes=\"auto, (max-width: 800px) 100vw, 800px\" \/><\/figure>\n\n\n\n<p>En outre, les visiteurs pourront assister \u00e0 une d\u00e9monstration en direct de l\u2019applicateur de collage \u00e9lectrique EcoStitch. Son contr\u00f4le pr\u00e9cis de l&rsquo;adh\u00e9sif permet d&rsquo;obtenir des motifs de points pr\u00e9cis, de r\u00e9duire l&rsquo;utilisation d&rsquo;adh\u00e9sif jusqu&rsquo;\u00e0 75% et de diminuer les co\u00fbts, offrant ainsi un rapide retour sur investissement (ROI). En \u00e9liminant l&rsquo;air comprim\u00e9 et en incorporant moins de pi\u00e8ces mobiles, cette solution minimise consid\u00e9rablement les temps d&rsquo;arr\u00eat et la consommation de pi\u00e8ces de rechange. Par cons\u00e9quent, la technologie EcoStitch enti\u00e8rement \u00e9lectrique permet de r\u00e9duire consid\u00e9rablement la consommation d&rsquo;adh\u00e9sif et les temps d&rsquo;arr\u00eat de la machine, tout en garantissant la livraison de produits de haute qualit\u00e9 sans retard.<\/p>\n\n\n\n<p>Cette ann\u00e9e, Valco Melton partage son espace d&rsquo;exposition avec ERO Gluing Systems, sa filiale italienne sp\u00e9cialis\u00e9e dans l&rsquo;application de colle froide et d&rsquo;assurance qualit\u00e9. Ensemble, ils forment une \u00e9quipe d&rsquo;experts en technologie d&rsquo;application de colle chaude et froide, offrant un soutien complet et hautement professionnel \u00e0 l&rsquo;industrie de la transformation.<\/p>","protected":false},"excerpt":{"rendered":"<p>Valco Melton pr\u00e9sentera \u00e0 IPACK-IMA 2025 sa gamme de solutions de collage et d&rsquo;inspection de la qualit\u00e9 pour l&rsquo;industrie de l&#8217;emballage, con\u00e7ues pour optimiser l&rsquo;efficacit\u00e9 des lignes. Valco Melton pr\u00e9sentera ses derniers fondoirs thermofusibles con\u00e7us sp\u00e9cifiquement pour l&rsquo;industrie de l&#8217;emballage. Les fondoirs d&rsquo;adh\u00e9sif de la s\u00e9rie Kube sont \u00e0 la t\u00eate d&rsquo;une nouvelle g\u00e9n\u00e9ration de [&hellip;]<\/p>","protected":false},"author":2,"featured_media":44473,"comment_status":"closed","ping_status":"closed","sticky":false,"template":"","format":"standard","meta":{"_acf_changed":false,"inline_featured_image":false,"iawp_total_views":4,"footnotes":""},"categories":[28,9],"tags":[],"class_list":["post-44472","post","type-post","status-publish","format-standard","has-post-thumbnail","hentry","category-article-entier","category-materiel"],"acf":[],"yoast_head":"<!-- This site is optimized with the Yoast SEO plugin v24.4 - https:\/\/yoast.com\/wordpress\/plugins\/seo\/ -->\n<title>Valco Melton d\u00e9voilera ses derni\u00e8res innovations \u00e0 IPACK-IMA - Emballage Digest<\/title>\n<meta name=\"robots\" content=\"index, follow, max-snippet:-1, max-image-preview:large, max-video-preview:-1\" \/>\n<link rel=\"canonical\" href=\"https:\/\/www.emballagedigest.fr\/en\/valco-melton-devoilera-ses-dernieres-innovations-a-ipack-ima\/\" \/>\n<meta property=\"og:locale\" content=\"en_GB\" \/>\n<meta property=\"og:type\" content=\"article\" \/>\n<meta property=\"og:title\" content=\"Valco Melton d\u00e9voilera ses derni\u00e8res innovations \u00e0 IPACK-IMA - Emballage Digest\" \/>\n<meta property=\"og:description\" content=\"Valco Melton pr\u00e9sentera \u00e0 IPACK-IMA 2025 sa gamme de solutions de collage et d&rsquo;inspection de la qualit\u00e9 pour l&rsquo;industrie de l&#8217;emballage, con\u00e7ues pour optimiser l&rsquo;efficacit\u00e9 des lignes. Valco Melton pr\u00e9sentera ses derniers fondoirs thermofusibles con\u00e7us sp\u00e9cifiquement pour l&rsquo;industrie de l&#8217;emballage. Les fondoirs d&rsquo;adh\u00e9sif de la s\u00e9rie Kube sont \u00e0 la t\u00eate d&rsquo;une nouvelle g\u00e9n\u00e9ration de [&hellip;]\" \/>\n<meta property=\"og:url\" content=\"https:\/\/www.emballagedigest.fr\/en\/valco-melton-devoilera-ses-dernieres-innovations-a-ipack-ima\/\" \/>\n<meta property=\"og:site_name\" content=\"Emballage Digest\" \/>\n<meta property=\"article:published_time\" content=\"2025-05-06T05:47:25+00:00\" \/>\n<meta property=\"article:modified_time\" content=\"2025-05-07T05:49:57+00:00\" \/>\n<meta property=\"og:image\" content=\"https:\/\/www.emballagedigest.fr\/wp-content\/uploads\/2025\/05\/Valco1.jpg\" \/>\n\t<meta property=\"og:image:width\" content=\"800\" \/>\n\t<meta property=\"og:image:height\" content=\"587\" \/>\n\t<meta property=\"og:image:type\" content=\"image\/jpeg\" \/>\n<meta name=\"author\" content=\"Karine Duval\" \/>\n<meta name=\"twitter:card\" content=\"summary_large_image\" \/>\n<meta name=\"twitter:label1\" content=\"Written by\" \/>\n\t<meta name=\"twitter:data1\" content=\"Karine Duval\" \/>\n\t<meta name=\"twitter:label2\" content=\"Estimated reading time\" \/>\n\t<meta name=\"twitter:data2\" content=\"2 minutes\" \/>\n<script type=\"application\/ld+json\" class=\"yoast-schema-graph\">{\"@context\":\"https:\/\/schema.org\",\"@graph\":[{\"@type\":\"Article\",\"@id\":\"https:\/\/www.emballagedigest.fr\/valco-melton-devoilera-ses-dernieres-innovations-a-ipack-ima\/#article\",\"isPartOf\":{\"@id\":\"https:\/\/www.emballagedigest.fr\/valco-melton-devoilera-ses-dernieres-innovations-a-ipack-ima\/\"},\"author\":{\"name\":\"Karine Duval\",\"@id\":\"https:\/\/www.emballagedigest.fr\/#\/schema\/person\/76abe9f2b2ee4d3d520594c7a35da59f\"},\"headline\":\"Valco Melton d\u00e9voilera ses derni\u00e8res innovations \u00e0 IPACK-IMA\",\"datePublished\":\"2025-05-06T05:47:25+00:00\",\"dateModified\":\"2025-05-07T05:49:57+00:00\",\"mainEntityOfPage\":{\"@id\":\"https:\/\/www.emballagedigest.fr\/valco-melton-devoilera-ses-dernieres-innovations-a-ipack-ima\/\"},\"wordCount\":343,\"publisher\":{\"@id\":\"https:\/\/www.emballagedigest.fr\/#organization\"},\"image\":{\"@id\":\"https:\/\/www.emballagedigest.fr\/valco-melton-devoilera-ses-dernieres-innovations-a-ipack-ima\/#primaryimage\"},\"thumbnailUrl\":\"https:\/\/www.emballagedigest.fr\/wp-content\/uploads\/2025\/05\/Valco1.jpg\",\"articleSection\":[\"Article entier\",\"Mat\u00e9riel\"],\"inLanguage\":\"en-GB\"},{\"@type\":\"WebPage\",\"@id\":\"https:\/\/www.emballagedigest.fr\/valco-melton-devoilera-ses-dernieres-innovations-a-ipack-ima\/\",\"url\":\"https:\/\/www.emballagedigest.fr\/valco-melton-devoilera-ses-dernieres-innovations-a-ipack-ima\/\",\"name\":\"Valco Melton d\u00e9voilera ses derni\u00e8res innovations \u00e0 IPACK-IMA - Emballage Digest\",\"isPartOf\":{\"@id\":\"https:\/\/www.emballagedigest.fr\/#website\"},\"primaryImageOfPage\":{\"@id\":\"https:\/\/www.emballagedigest.fr\/valco-melton-devoilera-ses-dernieres-innovations-a-ipack-ima\/#primaryimage\"},\"image\":{\"@id\":\"https:\/\/www.emballagedigest.fr\/valco-melton-devoilera-ses-dernieres-innovations-a-ipack-ima\/#primaryimage\"},\"thumbnailUrl\":\"https:\/\/www.emballagedigest.fr\/wp-content\/uploads\/2025\/05\/Valco1.jpg\",\"datePublished\":\"2025-05-06T05:47:25+00:00\",\"dateModified\":\"2025-05-07T05:49:57+00:00\",\"breadcrumb\":{\"@id\":\"https:\/\/www.emballagedigest.fr\/valco-melton-devoilera-ses-dernieres-innovations-a-ipack-ima\/#breadcrumb\"},\"inLanguage\":\"en-GB\",\"potentialAction\":[{\"@type\":\"ReadAction\",\"target\":[\"https:\/\/www.emballagedigest.fr\/valco-melton-devoilera-ses-dernieres-innovations-a-ipack-ima\/\"]}]},{\"@type\":\"ImageObject\",\"inLanguage\":\"en-GB\",\"@id\":\"https:\/\/www.emballagedigest.fr\/valco-melton-devoilera-ses-dernieres-innovations-a-ipack-ima\/#primaryimage\",\"url\":\"https:\/\/www.emballagedigest.fr\/wp-content\/uploads\/2025\/05\/Valco1.jpg\",\"contentUrl\":\"https:\/\/www.emballagedigest.fr\/wp-content\/uploads\/2025\/05\/Valco1.jpg\",\"width\":800,\"height\":587},{\"@type\":\"BreadcrumbList\",\"@id\":\"https:\/\/www.emballagedigest.fr\/valco-melton-devoilera-ses-dernieres-innovations-a-ipack-ima\/#breadcrumb\",\"itemListElement\":[{\"@type\":\"ListItem\",\"position\":1,\"name\":\"Accueil\",\"item\":\"https:\/\/www.emballagedigest.fr\/\"},{\"@type\":\"ListItem\",\"position\":2,\"name\":\"Valco Melton d\u00e9voilera ses derni\u00e8res innovations \u00e0 IPACK-IMA\"}]},{\"@type\":\"WebSite\",\"@id\":\"https:\/\/www.emballagedigest.fr\/#website\",\"url\":\"https:\/\/www.emballagedigest.fr\/\",\"name\":\"Emballage Digest\",\"description\":\"Revue professionnelle sur les emballages\",\"publisher\":{\"@id\":\"https:\/\/www.emballagedigest.fr\/#organization\"},\"potentialAction\":[{\"@type\":\"SearchAction\",\"target\":{\"@type\":\"EntryPoint\",\"urlTemplate\":\"https:\/\/www.emballagedigest.fr\/?s={search_term_string}\"},\"query-input\":{\"@type\":\"PropertyValueSpecification\",\"valueRequired\":true,\"valueName\":\"search_term_string\"}}],\"inLanguage\":\"en-GB\"},{\"@type\":\"Organization\",\"@id\":\"https:\/\/www.emballagedigest.fr\/#organization\",\"name\":\"Emballage Digest\",\"url\":\"https:\/\/www.emballagedigest.fr\/\",\"logo\":{\"@type\":\"ImageObject\",\"inLanguage\":\"en-GB\",\"@id\":\"https:\/\/www.emballagedigest.fr\/#\/schema\/logo\/image\/\",\"url\":\"https:\/\/www.emballagedigest.fr\/wp-content\/uploads\/2022\/07\/logo-ed.png\",\"contentUrl\":\"https:\/\/www.emballagedigest.fr\/wp-content\/uploads\/2022\/07\/logo-ed.png\",\"width\":379,\"height\":75,\"caption\":\"Emballage Digest\"},\"image\":{\"@id\":\"https:\/\/www.emballagedigest.fr\/#\/schema\/logo\/image\/\"}},{\"@type\":\"Person\",\"@id\":\"https:\/\/www.emballagedigest.fr\/#\/schema\/person\/76abe9f2b2ee4d3d520594c7a35da59f\",\"name\":\"Karine Duval\",\"image\":{\"@type\":\"ImageObject\",\"inLanguage\":\"en-GB\",\"@id\":\"https:\/\/www.emballagedigest.fr\/#\/schema\/person\/image\/\",\"url\":\"https:\/\/secure.gravatar.com\/avatar\/f552799261cdd2e076e6677d780ef07bdb13aa4c196ab75b39abcbcdcae2d4e5?s=96&d=mm&r=g\",\"contentUrl\":\"https:\/\/secure.gravatar.com\/avatar\/f552799261cdd2e076e6677d780ef07bdb13aa4c196ab75b39abcbcdcae2d4e5?s=96&d=mm&r=g\",\"caption\":\"Karine Duval\"},\"url\":\"https:\/\/www.emballagedigest.fr\/en\/author\/admin_karduv\/\"}]}<\/script>\n<!-- \/ Yoast SEO plugin. -->","yoast_head_json":{"title":"Valco Melton d\u00e9voilera ses derni\u00e8res innovations \u00e0 IPACK-IMA - Emballage Digest","robots":{"index":"index","follow":"follow","max-snippet":"max-snippet:-1","max-image-preview":"max-image-preview:large","max-video-preview":"max-video-preview:-1"},"canonical":"https:\/\/www.emballagedigest.fr\/en\/valco-melton-devoilera-ses-dernieres-innovations-a-ipack-ima\/","og_locale":"en_GB","og_type":"article","og_title":"Valco Melton d\u00e9voilera ses derni\u00e8res innovations \u00e0 IPACK-IMA - Emballage Digest","og_description":"Valco Melton pr\u00e9sentera \u00e0 IPACK-IMA 2025 sa gamme de solutions de collage et d&rsquo;inspection de la qualit\u00e9 pour l&rsquo;industrie de l&#8217;emballage, con\u00e7ues pour optimiser l&rsquo;efficacit\u00e9 des lignes. Valco Melton pr\u00e9sentera ses derniers fondoirs thermofusibles con\u00e7us sp\u00e9cifiquement pour l&rsquo;industrie de l&#8217;emballage. Les fondoirs d&rsquo;adh\u00e9sif de la s\u00e9rie Kube sont \u00e0 la t\u00eate d&rsquo;une nouvelle g\u00e9n\u00e9ration de [&hellip;]","og_url":"https:\/\/www.emballagedigest.fr\/en\/valco-melton-devoilera-ses-dernieres-innovations-a-ipack-ima\/","og_site_name":"Emballage Digest","article_published_time":"2025-05-06T05:47:25+00:00","article_modified_time":"2025-05-07T05:49:57+00:00","og_image":[{"width":800,"height":587,"url":"https:\/\/www.emballagedigest.fr\/wp-content\/uploads\/2025\/05\/Valco1.jpg","type":"image\/jpeg"}],"author":"Karine Duval","twitter_card":"summary_large_image","twitter_misc":{"Written by":"Karine Duval","Estimated reading time":"2 minutes"},"schema":{"@context":"https:\/\/schema.org","@graph":[{"@type":"Article","@id":"https:\/\/www.emballagedigest.fr\/valco-melton-devoilera-ses-dernieres-innovations-a-ipack-ima\/#article","isPartOf":{"@id":"https:\/\/www.emballagedigest.fr\/valco-melton-devoilera-ses-dernieres-innovations-a-ipack-ima\/"},"author":{"name":"Karine Duval","@id":"https:\/\/www.emballagedigest.fr\/#\/schema\/person\/76abe9f2b2ee4d3d520594c7a35da59f"},"headline":"Valco Melton d\u00e9voilera ses derni\u00e8res innovations \u00e0 IPACK-IMA","datePublished":"2025-05-06T05:47:25+00:00","dateModified":"2025-05-07T05:49:57+00:00","mainEntityOfPage":{"@id":"https:\/\/www.emballagedigest.fr\/valco-melton-devoilera-ses-dernieres-innovations-a-ipack-ima\/"},"wordCount":343,"publisher":{"@id":"https:\/\/www.emballagedigest.fr\/#organization"},"image":{"@id":"https:\/\/www.emballagedigest.fr\/valco-melton-devoilera-ses-dernieres-innovations-a-ipack-ima\/#primaryimage"},"thumbnailUrl":"https:\/\/www.emballagedigest.fr\/wp-content\/uploads\/2025\/05\/Valco1.jpg","articleSection":["Article entier","Mat\u00e9riel"],"inLanguage":"en-GB"},{"@type":"WebPage","@id":"https:\/\/www.emballagedigest.fr\/valco-melton-devoilera-ses-dernieres-innovations-a-ipack-ima\/","url":"https:\/\/www.emballagedigest.fr\/valco-melton-devoilera-ses-dernieres-innovations-a-ipack-ima\/","name":"Valco Melton d\u00e9voilera ses derni\u00e8res innovations \u00e0 IPACK-IMA - Emballage Digest","isPartOf":{"@id":"https:\/\/www.emballagedigest.fr\/#website"},"primaryImageOfPage":{"@id":"https:\/\/www.emballagedigest.fr\/valco-melton-devoilera-ses-dernieres-innovations-a-ipack-ima\/#primaryimage"},"image":{"@id":"https:\/\/www.emballagedigest.fr\/valco-melton-devoilera-ses-dernieres-innovations-a-ipack-ima\/#primaryimage"},"thumbnailUrl":"https:\/\/www.emballagedigest.fr\/wp-content\/uploads\/2025\/05\/Valco1.jpg","datePublished":"2025-05-06T05:47:25+00:00","dateModified":"2025-05-07T05:49:57+00:00","breadcrumb":{"@id":"https:\/\/www.emballagedigest.fr\/valco-melton-devoilera-ses-dernieres-innovations-a-ipack-ima\/#breadcrumb"},"inLanguage":"en-GB","potentialAction":[{"@type":"ReadAction","target":["https:\/\/www.emballagedigest.fr\/valco-melton-devoilera-ses-dernieres-innovations-a-ipack-ima\/"]}]},{"@type":"ImageObject","inLanguage":"en-GB","@id":"https:\/\/www.emballagedigest.fr\/valco-melton-devoilera-ses-dernieres-innovations-a-ipack-ima\/#primaryimage","url":"https:\/\/www.emballagedigest.fr\/wp-content\/uploads\/2025\/05\/Valco1.jpg","contentUrl":"https:\/\/www.emballagedigest.fr\/wp-content\/uploads\/2025\/05\/Valco1.jpg","width":800,"height":587},{"@type":"BreadcrumbList","@id":"https:\/\/www.emballagedigest.fr\/valco-melton-devoilera-ses-dernieres-innovations-a-ipack-ima\/#breadcrumb","itemListElement":[{"@type":"ListItem","position":1,"name":"Accueil","item":"https:\/\/www.emballagedigest.fr\/"},{"@type":"ListItem","position":2,"name":"Valco Melton d\u00e9voilera ses derni\u00e8res innovations \u00e0 IPACK-IMA"}]},{"@type":"WebSite","@id":"https:\/\/www.emballagedigest.fr\/#website","url":"https:\/\/www.emballagedigest.fr\/","name":"Emballage Digest","description":"Revue professionnelle sur les emballages","publisher":{"@id":"https:\/\/www.emballagedigest.fr\/#organization"},"potentialAction":[{"@type":"SearchAction","target":{"@type":"EntryPoint","urlTemplate":"https:\/\/www.emballagedigest.fr\/?s={search_term_string}"},"query-input":{"@type":"PropertyValueSpecification","valueRequired":true,"valueName":"search_term_string"}}],"inLanguage":"en-GB"},{"@type":"Organization","@id":"https:\/\/www.emballagedigest.fr\/#organization","name":"Emballage Digest","url":"https:\/\/www.emballagedigest.fr\/","logo":{"@type":"ImageObject","inLanguage":"en-GB","@id":"https:\/\/www.emballagedigest.fr\/#\/schema\/logo\/image\/","url":"https:\/\/www.emballagedigest.fr\/wp-content\/uploads\/2022\/07\/logo-ed.png","contentUrl":"https:\/\/www.emballagedigest.fr\/wp-content\/uploads\/2022\/07\/logo-ed.png","width":379,"height":75,"caption":"Emballage Digest"},"image":{"@id":"https:\/\/www.emballagedigest.fr\/#\/schema\/logo\/image\/"}},{"@type":"Person","@id":"https:\/\/www.emballagedigest.fr\/#\/schema\/person\/76abe9f2b2ee4d3d520594c7a35da59f","name":"Karine Duval","image":{"@type":"ImageObject","inLanguage":"en-GB","@id":"https:\/\/www.emballagedigest.fr\/#\/schema\/person\/image\/","url":"https:\/\/secure.gravatar.com\/avatar\/f552799261cdd2e076e6677d780ef07bdb13aa4c196ab75b39abcbcdcae2d4e5?s=96&d=mm&r=g","contentUrl":"https:\/\/secure.gravatar.com\/avatar\/f552799261cdd2e076e6677d780ef07bdb13aa4c196ab75b39abcbcdcae2d4e5?s=96&d=mm&r=g","caption":"Karine Duval"},"url":"https:\/\/www.emballagedigest.fr\/en\/author\/admin_karduv\/"}]}},"_links":{"self":[{"href":"https:\/\/www.emballagedigest.fr\/en\/wp-json\/wp\/v2\/posts\/44472","targetHints":{"allow":["GET"]}}],"collection":[{"href":"https:\/\/www.emballagedigest.fr\/en\/wp-json\/wp\/v2\/posts"}],"about":[{"href":"https:\/\/www.emballagedigest.fr\/en\/wp-json\/wp\/v2\/types\/post"}],"author":[{"embeddable":true,"href":"https:\/\/www.emballagedigest.fr\/en\/wp-json\/wp\/v2\/users\/2"}],"replies":[{"embeddable":true,"href":"https:\/\/www.emballagedigest.fr\/en\/wp-json\/wp\/v2\/comments?post=44472"}],"version-history":[{"count":1,"href":"https:\/\/www.emballagedigest.fr\/en\/wp-json\/wp\/v2\/posts\/44472\/revisions"}],"predecessor-version":[{"id":44476,"href":"https:\/\/www.emballagedigest.fr\/en\/wp-json\/wp\/v2\/posts\/44472\/revisions\/44476"}],"wp:featuredmedia":[{"embeddable":true,"href":"https:\/\/www.emballagedigest.fr\/en\/wp-json\/wp\/v2\/media\/44473"}],"wp:attachment":[{"href":"https:\/\/www.emballagedigest.fr\/en\/wp-json\/wp\/v2\/media?parent=44472"}],"wp:term":[{"taxonomy":"category","embeddable":true,"href":"https:\/\/www.emballagedigest.fr\/en\/wp-json\/wp\/v2\/categories?post=44472"},{"taxonomy":"post_tag","embeddable":true,"href":"https:\/\/www.emballagedigest.fr\/en\/wp-json\/wp\/v2\/tags?post=44472"}],"curies":[{"name":"wp","href":"https:\/\/api.w.org\/{rel}","templated":true}]}}