{"id":44480,"date":"2025-05-07T07:51:19","date_gmt":"2025-05-07T05:51:19","guid":{"rendered":"https:\/\/www.emballagedigest.fr\/?p=44480"},"modified":"2025-05-09T00:52:03","modified_gmt":"2025-05-08T22:52:03","slug":"faller-packaging-optimise-sa-chaine-dapprovisionnement-grace-a-lia","status":"publish","type":"post","link":"https:\/\/www.emballagedigest.fr\/en\/faller-packaging-optimise-sa-chaine-dapprovisionnement-grace-a-lia\/","title":{"rendered":"Faller Packaging optimise sa cha\u00eene d\u2019approvisionnement gr\u00e2ce \u00e0 l\u2018IA"},"content":{"rendered":"<p><strong>Faller Packaging mise sur l\u2019intelligence artificielle (IA) pour rendre sa cha\u00eene d\u2019approvisionnement plus efficace. Avec le syst\u00e8me pilot\u00e9 par les donn\u00e9es, bas\u00e9 sur la plateforme Paretos, le sp\u00e9cialiste des emballages est en mesure de faire des pr\u00e9visions pr\u00e9cises, de r\u00e9duire ses co\u00fbts de stockage et d\u2019assurer un approvisionnement s\u00fbr.<\/strong><\/p>\n\n\n\n<p>Une cha\u00eene d\u2019approvisionnement bien huil\u00e9e n\u00e9cessite des pronostics aussi fiables que possible. Jusqu\u2019ici, Faller Packaging avait compt\u00e9 sur les estimations de son \u00e9quipe commerciale et sur les retours des clients. \u00ab&nbsp;Ces pr\u00e9visions souvent impr\u00e9cises nuisaient \u00e0 la planification de notre production et au respect des d\u00e9lais de livraison&nbsp;\u00bb, explique Gerardo Rendina, Vice President IT&nbsp;&amp; Digitization chez Faller Packaging. Afin de pouvoir agir de mani\u00e8re plus durable et flexible \u00e0 l\u2019avenir, l\u2019entreprise a d\u00e9cid\u00e9 d\u2019impl\u00e9menter une solution d\u2019IA bas\u00e9e sur la plateforme Paretos.<\/p>\n\n\n\n<figure class=\"wp-block-image size-full is-resized\"><img loading=\"lazy\" decoding=\"async\" width=\"800\" height=\"501\" src=\"https:\/\/www.emballagedigest.fr\/wp-content\/uploads\/2025\/05\/faller2.jpg\" alt=\"\" class=\"wp-image-44482\" style=\"width:840px;height:auto\" srcset=\"https:\/\/www.emballagedigest.fr\/wp-content\/uploads\/2025\/05\/faller2.jpg 800w, https:\/\/www.emballagedigest.fr\/wp-content\/uploads\/2025\/05\/faller2-300x188.jpg 300w, https:\/\/www.emballagedigest.fr\/wp-content\/uploads\/2025\/05\/faller2-768x481.jpg 768w, https:\/\/www.emballagedigest.fr\/wp-content\/uploads\/2025\/05\/faller2-18x12.jpg 18w\" sizes=\"auto, (max-width: 800px) 100vw, 800px\" \/><\/figure>\n\n\n\n<p>L\u2019intelligence artificielle joue un r\u00f4le essentiel dans la gestion de la cha\u00eene d\u2019approvisionnement, en analysant de grands volumes de donn\u00e9es et en reconnaissant des sch\u00e9mas qui facilitent l\u2019\u00e9tablissement de pronostics. Ainsi, les entreprises peuvent planifier de mani\u00e8re plus efficace leurs ressources et r\u00e9agir plus rapidement aux fluctuations du march\u00e9. Nils H\u00f6pker, Director Executive Projects chez Faller Packaging, ajoute\u00a0: \u00ab\u00a0gr\u00e2ce \u00e0 la nouvelle application d\u2019IA, nous pouvons repenser la cha\u00eene d\u2019approvisionnement et la g\u00e9rer de mani\u00e8re num\u00e9rique\u00a0\u00bb.<\/p>\n\n\n\n<p>Depuis l\u2019introduction du syst\u00e8me pilot\u00e9 par les donn\u00e9es, la pr\u00e9cision des pronostics s\u2019est am\u00e9lior\u00e9e de 50% et celle des pr\u00e9visions jusqu\u2019\u00e0 16\u00a0mois \u00e0 l\u2019avance gr\u00e2ce aux rolling forecasts. Cons\u00e9quence\u00a0: un meilleur respect des d\u00e9lais et une baisse \u00e9galement des co\u00fbts de stockage. De plus, le sp\u00e9cialiste des emballages peut d\u00e9sormais r\u00e9agir de mani\u00e8re beaucoup plus flexible aux fluctuations du march\u00e9 et optimiser l\u2019affectation des ressources. Par ailleurs, quatre mois seulement auront suffi pour impl\u00e9menter le syst\u00e8me.<\/p>\n\n\n\n<p>Apr\u00e8s une phase d\u2019essai r\u00e9ussie avec un groupe limit\u00e9 de produits, Faller Packaging pr\u00e9voit d\u2019\u00e9tendre encore la solution d\u2019IA. Les enseignements acquis profiteront \u00e0 la planification de la production et am\u00e9lioreront \u00e9galement les processus d\u2019approvisionnement et autres processus logistiques. L\u2019objectif est de g\u00e9rer les stocks en fonction des besoins, de r\u00e9duire les surplus et de faire ainsi encore plus d\u2019\u00e9conomies au niveau des co\u00fbts.<\/p>","protected":false},"excerpt":{"rendered":"<p>Faller Packaging mise sur l\u2019intelligence artificielle (IA) pour rendre sa cha\u00eene d\u2019approvisionnement plus efficace. Avec le syst\u00e8me pilot\u00e9 par les donn\u00e9es, bas\u00e9 sur la plateforme Paretos, le sp\u00e9cialiste des emballages est en mesure de faire des pr\u00e9visions pr\u00e9cises, de r\u00e9duire ses co\u00fbts de stockage et d\u2019assurer un approvisionnement s\u00fbr. Une cha\u00eene d\u2019approvisionnement bien huil\u00e9e n\u00e9cessite [&hellip;]<\/p>","protected":false},"author":2,"featured_media":44481,"comment_status":"closed","ping_status":"closed","sticky":false,"template":"","format":"standard","meta":{"_acf_changed":false,"inline_featured_image":false,"iawp_total_views":0,"footnotes":""},"categories":[28,81,7],"tags":[],"class_list":["post-44480","post","type-post","status-publish","format-standard","has-post-thumbnail","hentry","category-article-entier","category-packaging","category-pharmacie"],"acf":[],"yoast_head":"<!-- This site is optimized with the Yoast SEO plugin v24.4 - https:\/\/yoast.com\/wordpress\/plugins\/seo\/ -->\n<title>Faller Packaging optimise sa cha\u00eene d\u2019approvisionnement gr\u00e2ce \u00e0 l\u2018IA - Emballage Digest<\/title>\n<meta name=\"robots\" content=\"index, follow, max-snippet:-1, max-image-preview:large, max-video-preview:-1\" \/>\n<link rel=\"canonical\" href=\"https:\/\/www.emballagedigest.fr\/en\/faller-packaging-optimise-sa-chaine-dapprovisionnement-grace-a-lia\/\" \/>\n<meta property=\"og:locale\" content=\"en_GB\" \/>\n<meta property=\"og:type\" content=\"article\" \/>\n<meta property=\"og:title\" content=\"Faller Packaging optimise sa cha\u00eene d\u2019approvisionnement gr\u00e2ce \u00e0 l\u2018IA - Emballage Digest\" \/>\n<meta property=\"og:description\" content=\"Faller Packaging mise sur l\u2019intelligence artificielle (IA) pour rendre sa cha\u00eene d\u2019approvisionnement plus efficace. Avec le syst\u00e8me pilot\u00e9 par les donn\u00e9es, bas\u00e9 sur la plateforme Paretos, le sp\u00e9cialiste des emballages est en mesure de faire des pr\u00e9visions pr\u00e9cises, de r\u00e9duire ses co\u00fbts de stockage et d\u2019assurer un approvisionnement s\u00fbr. Une cha\u00eene d\u2019approvisionnement bien huil\u00e9e n\u00e9cessite [&hellip;]\" \/>\n<meta property=\"og:url\" content=\"https:\/\/www.emballagedigest.fr\/en\/faller-packaging-optimise-sa-chaine-dapprovisionnement-grace-a-lia\/\" \/>\n<meta property=\"og:site_name\" content=\"Emballage Digest\" \/>\n<meta property=\"article:published_time\" content=\"2025-05-07T05:51:19+00:00\" \/>\n<meta property=\"article:modified_time\" content=\"2025-05-08T22:52:03+00:00\" \/>\n<meta property=\"og:image\" content=\"https:\/\/www.emballagedigest.fr\/wp-content\/uploads\/2025\/05\/faller1.jpg\" \/>\n\t<meta property=\"og:image:width\" content=\"800\" \/>\n\t<meta property=\"og:image:height\" content=\"534\" \/>\n\t<meta property=\"og:image:type\" content=\"image\/jpeg\" \/>\n<meta name=\"author\" content=\"Karine Duval\" \/>\n<meta name=\"twitter:card\" content=\"summary_large_image\" \/>\n<meta name=\"twitter:label1\" content=\"Written by\" \/>\n\t<meta name=\"twitter:data1\" content=\"Karine Duval\" \/>\n\t<meta name=\"twitter:label2\" content=\"Estimated reading time\" \/>\n\t<meta name=\"twitter:data2\" content=\"3 minutes\" \/>\n<script type=\"application\/ld+json\" class=\"yoast-schema-graph\">{\"@context\":\"https:\/\/schema.org\",\"@graph\":[{\"@type\":\"Article\",\"@id\":\"https:\/\/www.emballagedigest.fr\/faller-packaging-optimise-sa-chaine-dapprovisionnement-grace-a-lia\/#article\",\"isPartOf\":{\"@id\":\"https:\/\/www.emballagedigest.fr\/faller-packaging-optimise-sa-chaine-dapprovisionnement-grace-a-lia\/\"},\"author\":{\"name\":\"Karine Duval\",\"@id\":\"https:\/\/www.emballagedigest.fr\/#\/schema\/person\/76abe9f2b2ee4d3d520594c7a35da59f\"},\"headline\":\"Faller Packaging optimise sa cha\u00eene d\u2019approvisionnement gr\u00e2ce \u00e0 l\u2018IA\",\"datePublished\":\"2025-05-07T05:51:19+00:00\",\"dateModified\":\"2025-05-08T22:52:03+00:00\",\"mainEntityOfPage\":{\"@id\":\"https:\/\/www.emballagedigest.fr\/faller-packaging-optimise-sa-chaine-dapprovisionnement-grace-a-lia\/\"},\"wordCount\":435,\"publisher\":{\"@id\":\"https:\/\/www.emballagedigest.fr\/#organization\"},\"image\":{\"@id\":\"https:\/\/www.emballagedigest.fr\/faller-packaging-optimise-sa-chaine-dapprovisionnement-grace-a-lia\/#primaryimage\"},\"thumbnailUrl\":\"https:\/\/www.emballagedigest.fr\/wp-content\/uploads\/2025\/05\/faller1.jpg\",\"articleSection\":[\"Article entier\",\"Packaging\",\"Pharmacie\"],\"inLanguage\":\"en-GB\"},{\"@type\":\"WebPage\",\"@id\":\"https:\/\/www.emballagedigest.fr\/faller-packaging-optimise-sa-chaine-dapprovisionnement-grace-a-lia\/\",\"url\":\"https:\/\/www.emballagedigest.fr\/faller-packaging-optimise-sa-chaine-dapprovisionnement-grace-a-lia\/\",\"name\":\"Faller Packaging optimise sa cha\u00eene d\u2019approvisionnement gr\u00e2ce \u00e0 l\u2018IA - Emballage Digest\",\"isPartOf\":{\"@id\":\"https:\/\/www.emballagedigest.fr\/#website\"},\"primaryImageOfPage\":{\"@id\":\"https:\/\/www.emballagedigest.fr\/faller-packaging-optimise-sa-chaine-dapprovisionnement-grace-a-lia\/#primaryimage\"},\"image\":{\"@id\":\"https:\/\/www.emballagedigest.fr\/faller-packaging-optimise-sa-chaine-dapprovisionnement-grace-a-lia\/#primaryimage\"},\"thumbnailUrl\":\"https:\/\/www.emballagedigest.fr\/wp-content\/uploads\/2025\/05\/faller1.jpg\",\"datePublished\":\"2025-05-07T05:51:19+00:00\",\"dateModified\":\"2025-05-08T22:52:03+00:00\",\"breadcrumb\":{\"@id\":\"https:\/\/www.emballagedigest.fr\/faller-packaging-optimise-sa-chaine-dapprovisionnement-grace-a-lia\/#breadcrumb\"},\"inLanguage\":\"en-GB\",\"potentialAction\":[{\"@type\":\"ReadAction\",\"target\":[\"https:\/\/www.emballagedigest.fr\/faller-packaging-optimise-sa-chaine-dapprovisionnement-grace-a-lia\/\"]}]},{\"@type\":\"ImageObject\",\"inLanguage\":\"en-GB\",\"@id\":\"https:\/\/www.emballagedigest.fr\/faller-packaging-optimise-sa-chaine-dapprovisionnement-grace-a-lia\/#primaryimage\",\"url\":\"https:\/\/www.emballagedigest.fr\/wp-content\/uploads\/2025\/05\/faller1.jpg\",\"contentUrl\":\"https:\/\/www.emballagedigest.fr\/wp-content\/uploads\/2025\/05\/faller1.jpg\",\"width\":800,\"height\":534},{\"@type\":\"BreadcrumbList\",\"@id\":\"https:\/\/www.emballagedigest.fr\/faller-packaging-optimise-sa-chaine-dapprovisionnement-grace-a-lia\/#breadcrumb\",\"itemListElement\":[{\"@type\":\"ListItem\",\"position\":1,\"name\":\"Accueil\",\"item\":\"https:\/\/www.emballagedigest.fr\/\"},{\"@type\":\"ListItem\",\"position\":2,\"name\":\"Faller Packaging optimise sa cha\u00eene d\u2019approvisionnement gr\u00e2ce \u00e0 l\u2018IA\"}]},{\"@type\":\"WebSite\",\"@id\":\"https:\/\/www.emballagedigest.fr\/#website\",\"url\":\"https:\/\/www.emballagedigest.fr\/\",\"name\":\"Emballage Digest\",\"description\":\"Revue professionnelle sur les emballages\",\"publisher\":{\"@id\":\"https:\/\/www.emballagedigest.fr\/#organization\"},\"potentialAction\":[{\"@type\":\"SearchAction\",\"target\":{\"@type\":\"EntryPoint\",\"urlTemplate\":\"https:\/\/www.emballagedigest.fr\/?s={search_term_string}\"},\"query-input\":{\"@type\":\"PropertyValueSpecification\",\"valueRequired\":true,\"valueName\":\"search_term_string\"}}],\"inLanguage\":\"en-GB\"},{\"@type\":\"Organization\",\"@id\":\"https:\/\/www.emballagedigest.fr\/#organization\",\"name\":\"Emballage Digest\",\"url\":\"https:\/\/www.emballagedigest.fr\/\",\"logo\":{\"@type\":\"ImageObject\",\"inLanguage\":\"en-GB\",\"@id\":\"https:\/\/www.emballagedigest.fr\/#\/schema\/logo\/image\/\",\"url\":\"https:\/\/www.emballagedigest.fr\/wp-content\/uploads\/2022\/07\/logo-ed.png\",\"contentUrl\":\"https:\/\/www.emballagedigest.fr\/wp-content\/uploads\/2022\/07\/logo-ed.png\",\"width\":379,\"height\":75,\"caption\":\"Emballage Digest\"},\"image\":{\"@id\":\"https:\/\/www.emballagedigest.fr\/#\/schema\/logo\/image\/\"}},{\"@type\":\"Person\",\"@id\":\"https:\/\/www.emballagedigest.fr\/#\/schema\/person\/76abe9f2b2ee4d3d520594c7a35da59f\",\"name\":\"Karine Duval\",\"image\":{\"@type\":\"ImageObject\",\"inLanguage\":\"en-GB\",\"@id\":\"https:\/\/www.emballagedigest.fr\/#\/schema\/person\/image\/\",\"url\":\"https:\/\/secure.gravatar.com\/avatar\/f552799261cdd2e076e6677d780ef07bdb13aa4c196ab75b39abcbcdcae2d4e5?s=96&d=mm&r=g\",\"contentUrl\":\"https:\/\/secure.gravatar.com\/avatar\/f552799261cdd2e076e6677d780ef07bdb13aa4c196ab75b39abcbcdcae2d4e5?s=96&d=mm&r=g\",\"caption\":\"Karine Duval\"},\"url\":\"https:\/\/www.emballagedigest.fr\/en\/author\/admin_karduv\/\"}]}<\/script>\n<!-- \/ Yoast SEO plugin. -->","yoast_head_json":{"title":"Faller Packaging optimise sa cha\u00eene d\u2019approvisionnement gr\u00e2ce \u00e0 l\u2018IA - Emballage Digest","robots":{"index":"index","follow":"follow","max-snippet":"max-snippet:-1","max-image-preview":"max-image-preview:large","max-video-preview":"max-video-preview:-1"},"canonical":"https:\/\/www.emballagedigest.fr\/en\/faller-packaging-optimise-sa-chaine-dapprovisionnement-grace-a-lia\/","og_locale":"en_GB","og_type":"article","og_title":"Faller Packaging optimise sa cha\u00eene d\u2019approvisionnement gr\u00e2ce \u00e0 l\u2018IA - Emballage Digest","og_description":"Faller Packaging mise sur l\u2019intelligence artificielle (IA) pour rendre sa cha\u00eene d\u2019approvisionnement plus efficace. Avec le syst\u00e8me pilot\u00e9 par les donn\u00e9es, bas\u00e9 sur la plateforme Paretos, le sp\u00e9cialiste des emballages est en mesure de faire des pr\u00e9visions pr\u00e9cises, de r\u00e9duire ses co\u00fbts de stockage et d\u2019assurer un approvisionnement s\u00fbr. Une cha\u00eene d\u2019approvisionnement bien huil\u00e9e n\u00e9cessite [&hellip;]","og_url":"https:\/\/www.emballagedigest.fr\/en\/faller-packaging-optimise-sa-chaine-dapprovisionnement-grace-a-lia\/","og_site_name":"Emballage Digest","article_published_time":"2025-05-07T05:51:19+00:00","article_modified_time":"2025-05-08T22:52:03+00:00","og_image":[{"width":800,"height":534,"url":"https:\/\/www.emballagedigest.fr\/wp-content\/uploads\/2025\/05\/faller1.jpg","type":"image\/jpeg"}],"author":"Karine Duval","twitter_card":"summary_large_image","twitter_misc":{"Written by":"Karine Duval","Estimated reading time":"3 minutes"},"schema":{"@context":"https:\/\/schema.org","@graph":[{"@type":"Article","@id":"https:\/\/www.emballagedigest.fr\/faller-packaging-optimise-sa-chaine-dapprovisionnement-grace-a-lia\/#article","isPartOf":{"@id":"https:\/\/www.emballagedigest.fr\/faller-packaging-optimise-sa-chaine-dapprovisionnement-grace-a-lia\/"},"author":{"name":"Karine Duval","@id":"https:\/\/www.emballagedigest.fr\/#\/schema\/person\/76abe9f2b2ee4d3d520594c7a35da59f"},"headline":"Faller Packaging optimise sa cha\u00eene d\u2019approvisionnement gr\u00e2ce \u00e0 l\u2018IA","datePublished":"2025-05-07T05:51:19+00:00","dateModified":"2025-05-08T22:52:03+00:00","mainEntityOfPage":{"@id":"https:\/\/www.emballagedigest.fr\/faller-packaging-optimise-sa-chaine-dapprovisionnement-grace-a-lia\/"},"wordCount":435,"publisher":{"@id":"https:\/\/www.emballagedigest.fr\/#organization"},"image":{"@id":"https:\/\/www.emballagedigest.fr\/faller-packaging-optimise-sa-chaine-dapprovisionnement-grace-a-lia\/#primaryimage"},"thumbnailUrl":"https:\/\/www.emballagedigest.fr\/wp-content\/uploads\/2025\/05\/faller1.jpg","articleSection":["Article entier","Packaging","Pharmacie"],"inLanguage":"en-GB"},{"@type":"WebPage","@id":"https:\/\/www.emballagedigest.fr\/faller-packaging-optimise-sa-chaine-dapprovisionnement-grace-a-lia\/","url":"https:\/\/www.emballagedigest.fr\/faller-packaging-optimise-sa-chaine-dapprovisionnement-grace-a-lia\/","name":"Faller Packaging optimise sa cha\u00eene d\u2019approvisionnement gr\u00e2ce \u00e0 l\u2018IA - Emballage Digest","isPartOf":{"@id":"https:\/\/www.emballagedigest.fr\/#website"},"primaryImageOfPage":{"@id":"https:\/\/www.emballagedigest.fr\/faller-packaging-optimise-sa-chaine-dapprovisionnement-grace-a-lia\/#primaryimage"},"image":{"@id":"https:\/\/www.emballagedigest.fr\/faller-packaging-optimise-sa-chaine-dapprovisionnement-grace-a-lia\/#primaryimage"},"thumbnailUrl":"https:\/\/www.emballagedigest.fr\/wp-content\/uploads\/2025\/05\/faller1.jpg","datePublished":"2025-05-07T05:51:19+00:00","dateModified":"2025-05-08T22:52:03+00:00","breadcrumb":{"@id":"https:\/\/www.emballagedigest.fr\/faller-packaging-optimise-sa-chaine-dapprovisionnement-grace-a-lia\/#breadcrumb"},"inLanguage":"en-GB","potentialAction":[{"@type":"ReadAction","target":["https:\/\/www.emballagedigest.fr\/faller-packaging-optimise-sa-chaine-dapprovisionnement-grace-a-lia\/"]}]},{"@type":"ImageObject","inLanguage":"en-GB","@id":"https:\/\/www.emballagedigest.fr\/faller-packaging-optimise-sa-chaine-dapprovisionnement-grace-a-lia\/#primaryimage","url":"https:\/\/www.emballagedigest.fr\/wp-content\/uploads\/2025\/05\/faller1.jpg","contentUrl":"https:\/\/www.emballagedigest.fr\/wp-content\/uploads\/2025\/05\/faller1.jpg","width":800,"height":534},{"@type":"BreadcrumbList","@id":"https:\/\/www.emballagedigest.fr\/faller-packaging-optimise-sa-chaine-dapprovisionnement-grace-a-lia\/#breadcrumb","itemListElement":[{"@type":"ListItem","position":1,"name":"Accueil","item":"https:\/\/www.emballagedigest.fr\/"},{"@type":"ListItem","position":2,"name":"Faller Packaging optimise sa cha\u00eene d\u2019approvisionnement gr\u00e2ce \u00e0 l\u2018IA"}]},{"@type":"WebSite","@id":"https:\/\/www.emballagedigest.fr\/#website","url":"https:\/\/www.emballagedigest.fr\/","name":"Emballage Digest","description":"Revue professionnelle sur les emballages","publisher":{"@id":"https:\/\/www.emballagedigest.fr\/#organization"},"potentialAction":[{"@type":"SearchAction","target":{"@type":"EntryPoint","urlTemplate":"https:\/\/www.emballagedigest.fr\/?s={search_term_string}"},"query-input":{"@type":"PropertyValueSpecification","valueRequired":true,"valueName":"search_term_string"}}],"inLanguage":"en-GB"},{"@type":"Organization","@id":"https:\/\/www.emballagedigest.fr\/#organization","name":"Emballage Digest","url":"https:\/\/www.emballagedigest.fr\/","logo":{"@type":"ImageObject","inLanguage":"en-GB","@id":"https:\/\/www.emballagedigest.fr\/#\/schema\/logo\/image\/","url":"https:\/\/www.emballagedigest.fr\/wp-content\/uploads\/2022\/07\/logo-ed.png","contentUrl":"https:\/\/www.emballagedigest.fr\/wp-content\/uploads\/2022\/07\/logo-ed.png","width":379,"height":75,"caption":"Emballage Digest"},"image":{"@id":"https:\/\/www.emballagedigest.fr\/#\/schema\/logo\/image\/"}},{"@type":"Person","@id":"https:\/\/www.emballagedigest.fr\/#\/schema\/person\/76abe9f2b2ee4d3d520594c7a35da59f","name":"Karine Duval","image":{"@type":"ImageObject","inLanguage":"en-GB","@id":"https:\/\/www.emballagedigest.fr\/#\/schema\/person\/image\/","url":"https:\/\/secure.gravatar.com\/avatar\/f552799261cdd2e076e6677d780ef07bdb13aa4c196ab75b39abcbcdcae2d4e5?s=96&d=mm&r=g","contentUrl":"https:\/\/secure.gravatar.com\/avatar\/f552799261cdd2e076e6677d780ef07bdb13aa4c196ab75b39abcbcdcae2d4e5?s=96&d=mm&r=g","caption":"Karine Duval"},"url":"https:\/\/www.emballagedigest.fr\/en\/author\/admin_karduv\/"}]}},"_links":{"self":[{"href":"https:\/\/www.emballagedigest.fr\/en\/wp-json\/wp\/v2\/posts\/44480","targetHints":{"allow":["GET"]}}],"collection":[{"href":"https:\/\/www.emballagedigest.fr\/en\/wp-json\/wp\/v2\/posts"}],"about":[{"href":"https:\/\/www.emballagedigest.fr\/en\/wp-json\/wp\/v2\/types\/post"}],"author":[{"embeddable":true,"href":"https:\/\/www.emballagedigest.fr\/en\/wp-json\/wp\/v2\/users\/2"}],"replies":[{"embeddable":true,"href":"https:\/\/www.emballagedigest.fr\/en\/wp-json\/wp\/v2\/comments?post=44480"}],"version-history":[{"count":1,"href":"https:\/\/www.emballagedigest.fr\/en\/wp-json\/wp\/v2\/posts\/44480\/revisions"}],"predecessor-version":[{"id":44483,"href":"https:\/\/www.emballagedigest.fr\/en\/wp-json\/wp\/v2\/posts\/44480\/revisions\/44483"}],"wp:featuredmedia":[{"embeddable":true,"href":"https:\/\/www.emballagedigest.fr\/en\/wp-json\/wp\/v2\/media\/44481"}],"wp:attachment":[{"href":"https:\/\/www.emballagedigest.fr\/en\/wp-json\/wp\/v2\/media?parent=44480"}],"wp:term":[{"taxonomy":"category","embeddable":true,"href":"https:\/\/www.emballagedigest.fr\/en\/wp-json\/wp\/v2\/categories?post=44480"},{"taxonomy":"post_tag","embeddable":true,"href":"https:\/\/www.emballagedigest.fr\/en\/wp-json\/wp\/v2\/tags?post=44480"}],"curies":[{"name":"wp","href":"https:\/\/api.w.org\/{rel}","templated":true}]}}