{"id":44487,"date":"2025-05-09T00:53:48","date_gmt":"2025-05-08T22:53:48","guid":{"rendered":"https:\/\/www.emballagedigest.fr\/?p=44487"},"modified":"2025-05-12T00:06:46","modified_gmt":"2025-05-11T22:06:46","slug":"pernille-lind-olsen-nommee-a-la-tete-de-faerch","status":"publish","type":"post","link":"https:\/\/www.emballagedigest.fr\/en\/pernille-lind-olsen-nommee-a-la-tete-de-faerch\/","title":{"rendered":"Pernille Lind Olsen nomm\u00e9e \u00e0 la t\u00eate de Faerch"},"content":{"rendered":"<p><strong>Faerch, fabricant danois de solutions d&#8217;emballages alimentaires rigides circulaires, annonce la nomination de Pernille Lind Olsen au poste de pdg, \u00e0 compter du 1<sup>er<\/sup> juillet 2025.<\/strong><\/p>\n\n\n\n<p>Pernille Lind Olsen rejoint Faerch apr\u00e8s avoir occup\u00e9 les fonctions de pr\u00e9sidente de Henkel North America et de vice-pr\u00e9sidente senior de Henkel Adhesive Technologies pour le secteur mondial de l&#8217;emballage et des biens de consommation.<\/p>\n\n\n\n<p>Avec une carri\u00e8re distingu\u00e9e au Danemark, \u00e0 Singapour, en Allemagne et aux \u00c9tats-Unis, elle apporte une vaste exp\u00e9rience de la direction d&rsquo;entreprises internationales, forte d\u2019une carri\u00e8re d\u00e9but\u00e9e chez Novozymes, puis chez Hempel, avant de rejoindre Henkel en 2022. Elle est \u00e9galement membre non ex\u00e9cutif du conseil d&rsquo;administration d&rsquo;Aarsleff, une soci\u00e9t\u00e9 danoise de sous-traitance.<\/p>\n\n\n\n<p>\u00ab&nbsp;Je suis tr\u00e8s enthousiaste \u00e0 l&rsquo;id\u00e9e de rejoindre Faerch et de diriger une \u00e9quipe et une entreprise aussi innovantes et tourn\u00e9es vers l&rsquo;avenir. Je suis fermement convaincue que le d\u00e9veloppement durable n&rsquo;est pas seulement la bonne chose \u00e0 faire, mais aussi la voie vers une croissance rentable, et il est stimulant de voir les progr\u00e8s r\u00e9alis\u00e9s par Faerch pour combiner ces deux aspects. Je me r\u00e9jouis de travailler avec l&rsquo;\u00e9quipe comp\u00e9tente de Faerch pour poursuivre notre voyage vers la circularit\u00e9 et mettre en place de nouvelles solutions qui b\u00e9n\u00e9ficient \u00e0 la fois \u00e0 notre entreprise et \u00e0 l&rsquo;environnement&nbsp;\u00bb, a comment\u00e9 Pernille Lind Olsen a comment\u00e9 sa nomination.<\/p>\n\n\n\n<p>La nouvelle pdg prendra son poste \u00e0 Holstebro au Danemark. Sa nomination intervient dans une p\u00e9riode de croissance pour Faerch, qui laisse entendre que d\u2019autres recrutements sont programm\u00e9s pour \u00e9toffer les \u00e9quipes.<\/p>","protected":false},"excerpt":{"rendered":"<p>Faerch, fabricant danois de solutions d&#8217;emballages alimentaires rigides circulaires, annonce la nomination de Pernille Lind Olsen au poste de pdg, \u00e0 compter du 1er juillet 2025. Pernille Lind Olsen rejoint Faerch apr\u00e8s avoir occup\u00e9 les fonctions de pr\u00e9sidente de Henkel North America et de vice-pr\u00e9sidente senior de Henkel Adhesive Technologies pour le secteur mondial de [&hellip;]<\/p>","protected":false},"author":2,"featured_media":44488,"comment_status":"closed","ping_status":"closed","sticky":false,"template":"","format":"standard","meta":{"_acf_changed":false,"inline_featured_image":false,"iawp_total_views":6,"footnotes":""},"categories":[5,28,76,81],"tags":[],"class_list":["post-44487","post","type-post","status-publish","format-standard","has-post-thumbnail","hentry","category-alimentaire","category-article-entier","category-nomination","category-packaging"],"acf":[],"yoast_head":"<!-- This site is optimized with the Yoast SEO plugin v24.4 - https:\/\/yoast.com\/wordpress\/plugins\/seo\/ -->\n<title>Pernille Lind Olsen nomm\u00e9e \u00e0 la t\u00eate de Faerch - Emballage Digest<\/title>\n<meta name=\"robots\" content=\"index, follow, max-snippet:-1, max-image-preview:large, max-video-preview:-1\" \/>\n<link rel=\"canonical\" href=\"https:\/\/www.emballagedigest.fr\/en\/pernille-lind-olsen-nommee-a-la-tete-de-faerch\/\" \/>\n<meta property=\"og:locale\" content=\"en_GB\" \/>\n<meta property=\"og:type\" content=\"article\" \/>\n<meta property=\"og:title\" content=\"Pernille Lind Olsen nomm\u00e9e \u00e0 la t\u00eate de Faerch - Emballage Digest\" \/>\n<meta property=\"og:description\" content=\"Faerch, fabricant danois de solutions d&#8217;emballages alimentaires rigides circulaires, annonce la nomination de Pernille Lind Olsen au poste de pdg, \u00e0 compter du 1er juillet 2025. Pernille Lind Olsen rejoint Faerch apr\u00e8s avoir occup\u00e9 les fonctions de pr\u00e9sidente de Henkel North America et de vice-pr\u00e9sidente senior de Henkel Adhesive Technologies pour le secteur mondial de [&hellip;]\" \/>\n<meta property=\"og:url\" content=\"https:\/\/www.emballagedigest.fr\/en\/pernille-lind-olsen-nommee-a-la-tete-de-faerch\/\" \/>\n<meta property=\"og:site_name\" content=\"Emballage Digest\" \/>\n<meta property=\"article:published_time\" content=\"2025-05-08T22:53:48+00:00\" \/>\n<meta property=\"article:modified_time\" content=\"2025-05-11T22:06:46+00:00\" \/>\n<meta property=\"og:image\" content=\"https:\/\/www.emballagedigest.fr\/wp-content\/uploads\/2025\/05\/FAERCH.jpg\" \/>\n\t<meta property=\"og:image:width\" content=\"800\" \/>\n\t<meta property=\"og:image:height\" content=\"563\" \/>\n\t<meta property=\"og:image:type\" content=\"image\/jpeg\" \/>\n<meta name=\"author\" content=\"Karine Duval\" \/>\n<meta name=\"twitter:card\" content=\"summary_large_image\" \/>\n<meta name=\"twitter:label1\" content=\"Written by\" \/>\n\t<meta name=\"twitter:data1\" content=\"Karine Duval\" \/>\n\t<meta name=\"twitter:label2\" content=\"Estimated reading time\" \/>\n\t<meta name=\"twitter:data2\" content=\"2 minutes\" \/>\n<script type=\"application\/ld+json\" class=\"yoast-schema-graph\">{\"@context\":\"https:\/\/schema.org\",\"@graph\":[{\"@type\":\"Article\",\"@id\":\"https:\/\/www.emballagedigest.fr\/pernille-lind-olsen-nommee-a-la-tete-de-faerch\/#article\",\"isPartOf\":{\"@id\":\"https:\/\/www.emballagedigest.fr\/pernille-lind-olsen-nommee-a-la-tete-de-faerch\/\"},\"author\":{\"name\":\"Karine Duval\",\"@id\":\"https:\/\/www.emballagedigest.fr\/#\/schema\/person\/76abe9f2b2ee4d3d520594c7a35da59f\"},\"headline\":\"Pernille Lind Olsen nomm\u00e9e \u00e0 la t\u00eate de Faerch\",\"datePublished\":\"2025-05-08T22:53:48+00:00\",\"dateModified\":\"2025-05-11T22:06:46+00:00\",\"mainEntityOfPage\":{\"@id\":\"https:\/\/www.emballagedigest.fr\/pernille-lind-olsen-nommee-a-la-tete-de-faerch\/\"},\"wordCount\":291,\"publisher\":{\"@id\":\"https:\/\/www.emballagedigest.fr\/#organization\"},\"image\":{\"@id\":\"https:\/\/www.emballagedigest.fr\/pernille-lind-olsen-nommee-a-la-tete-de-faerch\/#primaryimage\"},\"thumbnailUrl\":\"https:\/\/www.emballagedigest.fr\/wp-content\/uploads\/2025\/05\/FAERCH.jpg\",\"articleSection\":[\"Alimentaire\",\"Article entier\",\"Nomination\",\"Packaging\"],\"inLanguage\":\"en-GB\"},{\"@type\":\"WebPage\",\"@id\":\"https:\/\/www.emballagedigest.fr\/pernille-lind-olsen-nommee-a-la-tete-de-faerch\/\",\"url\":\"https:\/\/www.emballagedigest.fr\/pernille-lind-olsen-nommee-a-la-tete-de-faerch\/\",\"name\":\"Pernille Lind Olsen nomm\u00e9e \u00e0 la t\u00eate de Faerch - Emballage Digest\",\"isPartOf\":{\"@id\":\"https:\/\/www.emballagedigest.fr\/#website\"},\"primaryImageOfPage\":{\"@id\":\"https:\/\/www.emballagedigest.fr\/pernille-lind-olsen-nommee-a-la-tete-de-faerch\/#primaryimage\"},\"image\":{\"@id\":\"https:\/\/www.emballagedigest.fr\/pernille-lind-olsen-nommee-a-la-tete-de-faerch\/#primaryimage\"},\"thumbnailUrl\":\"https:\/\/www.emballagedigest.fr\/wp-content\/uploads\/2025\/05\/FAERCH.jpg\",\"datePublished\":\"2025-05-08T22:53:48+00:00\",\"dateModified\":\"2025-05-11T22:06:46+00:00\",\"breadcrumb\":{\"@id\":\"https:\/\/www.emballagedigest.fr\/pernille-lind-olsen-nommee-a-la-tete-de-faerch\/#breadcrumb\"},\"inLanguage\":\"en-GB\",\"potentialAction\":[{\"@type\":\"ReadAction\",\"target\":[\"https:\/\/www.emballagedigest.fr\/pernille-lind-olsen-nommee-a-la-tete-de-faerch\/\"]}]},{\"@type\":\"ImageObject\",\"inLanguage\":\"en-GB\",\"@id\":\"https:\/\/www.emballagedigest.fr\/pernille-lind-olsen-nommee-a-la-tete-de-faerch\/#primaryimage\",\"url\":\"https:\/\/www.emballagedigest.fr\/wp-content\/uploads\/2025\/05\/FAERCH.jpg\",\"contentUrl\":\"https:\/\/www.emballagedigest.fr\/wp-content\/uploads\/2025\/05\/FAERCH.jpg\",\"width\":800,\"height\":563},{\"@type\":\"BreadcrumbList\",\"@id\":\"https:\/\/www.emballagedigest.fr\/pernille-lind-olsen-nommee-a-la-tete-de-faerch\/#breadcrumb\",\"itemListElement\":[{\"@type\":\"ListItem\",\"position\":1,\"name\":\"Accueil\",\"item\":\"https:\/\/www.emballagedigest.fr\/\"},{\"@type\":\"ListItem\",\"position\":2,\"name\":\"Pernille Lind Olsen nomm\u00e9e \u00e0 la t\u00eate de Faerch\"}]},{\"@type\":\"WebSite\",\"@id\":\"https:\/\/www.emballagedigest.fr\/#website\",\"url\":\"https:\/\/www.emballagedigest.fr\/\",\"name\":\"Emballage Digest\",\"description\":\"Revue professionnelle sur les emballages\",\"publisher\":{\"@id\":\"https:\/\/www.emballagedigest.fr\/#organization\"},\"potentialAction\":[{\"@type\":\"SearchAction\",\"target\":{\"@type\":\"EntryPoint\",\"urlTemplate\":\"https:\/\/www.emballagedigest.fr\/?s={search_term_string}\"},\"query-input\":{\"@type\":\"PropertyValueSpecification\",\"valueRequired\":true,\"valueName\":\"search_term_string\"}}],\"inLanguage\":\"en-GB\"},{\"@type\":\"Organization\",\"@id\":\"https:\/\/www.emballagedigest.fr\/#organization\",\"name\":\"Emballage Digest\",\"url\":\"https:\/\/www.emballagedigest.fr\/\",\"logo\":{\"@type\":\"ImageObject\",\"inLanguage\":\"en-GB\",\"@id\":\"https:\/\/www.emballagedigest.fr\/#\/schema\/logo\/image\/\",\"url\":\"https:\/\/www.emballagedigest.fr\/wp-content\/uploads\/2022\/07\/logo-ed.png\",\"contentUrl\":\"https:\/\/www.emballagedigest.fr\/wp-content\/uploads\/2022\/07\/logo-ed.png\",\"width\":379,\"height\":75,\"caption\":\"Emballage Digest\"},\"image\":{\"@id\":\"https:\/\/www.emballagedigest.fr\/#\/schema\/logo\/image\/\"}},{\"@type\":\"Person\",\"@id\":\"https:\/\/www.emballagedigest.fr\/#\/schema\/person\/76abe9f2b2ee4d3d520594c7a35da59f\",\"name\":\"Karine Duval\",\"image\":{\"@type\":\"ImageObject\",\"inLanguage\":\"en-GB\",\"@id\":\"https:\/\/www.emballagedigest.fr\/#\/schema\/person\/image\/\",\"url\":\"https:\/\/secure.gravatar.com\/avatar\/f552799261cdd2e076e6677d780ef07bdb13aa4c196ab75b39abcbcdcae2d4e5?s=96&d=mm&r=g\",\"contentUrl\":\"https:\/\/secure.gravatar.com\/avatar\/f552799261cdd2e076e6677d780ef07bdb13aa4c196ab75b39abcbcdcae2d4e5?s=96&d=mm&r=g\",\"caption\":\"Karine Duval\"},\"url\":\"https:\/\/www.emballagedigest.fr\/en\/author\/admin_karduv\/\"}]}<\/script>\n<!-- \/ Yoast SEO plugin. -->","yoast_head_json":{"title":"Pernille Lind Olsen nomm\u00e9e \u00e0 la t\u00eate de Faerch - Emballage Digest","robots":{"index":"index","follow":"follow","max-snippet":"max-snippet:-1","max-image-preview":"max-image-preview:large","max-video-preview":"max-video-preview:-1"},"canonical":"https:\/\/www.emballagedigest.fr\/en\/pernille-lind-olsen-nommee-a-la-tete-de-faerch\/","og_locale":"en_GB","og_type":"article","og_title":"Pernille Lind Olsen nomm\u00e9e \u00e0 la t\u00eate de Faerch - Emballage Digest","og_description":"Faerch, fabricant danois de solutions d&#8217;emballages alimentaires rigides circulaires, annonce la nomination de Pernille Lind Olsen au poste de pdg, \u00e0 compter du 1er juillet 2025. Pernille Lind Olsen rejoint Faerch apr\u00e8s avoir occup\u00e9 les fonctions de pr\u00e9sidente de Henkel North America et de vice-pr\u00e9sidente senior de Henkel Adhesive Technologies pour le secteur mondial de [&hellip;]","og_url":"https:\/\/www.emballagedigest.fr\/en\/pernille-lind-olsen-nommee-a-la-tete-de-faerch\/","og_site_name":"Emballage Digest","article_published_time":"2025-05-08T22:53:48+00:00","article_modified_time":"2025-05-11T22:06:46+00:00","og_image":[{"width":800,"height":563,"url":"https:\/\/www.emballagedigest.fr\/wp-content\/uploads\/2025\/05\/FAERCH.jpg","type":"image\/jpeg"}],"author":"Karine Duval","twitter_card":"summary_large_image","twitter_misc":{"Written by":"Karine Duval","Estimated reading time":"2 minutes"},"schema":{"@context":"https:\/\/schema.org","@graph":[{"@type":"Article","@id":"https:\/\/www.emballagedigest.fr\/pernille-lind-olsen-nommee-a-la-tete-de-faerch\/#article","isPartOf":{"@id":"https:\/\/www.emballagedigest.fr\/pernille-lind-olsen-nommee-a-la-tete-de-faerch\/"},"author":{"name":"Karine Duval","@id":"https:\/\/www.emballagedigest.fr\/#\/schema\/person\/76abe9f2b2ee4d3d520594c7a35da59f"},"headline":"Pernille Lind Olsen nomm\u00e9e \u00e0 la t\u00eate de Faerch","datePublished":"2025-05-08T22:53:48+00:00","dateModified":"2025-05-11T22:06:46+00:00","mainEntityOfPage":{"@id":"https:\/\/www.emballagedigest.fr\/pernille-lind-olsen-nommee-a-la-tete-de-faerch\/"},"wordCount":291,"publisher":{"@id":"https:\/\/www.emballagedigest.fr\/#organization"},"image":{"@id":"https:\/\/www.emballagedigest.fr\/pernille-lind-olsen-nommee-a-la-tete-de-faerch\/#primaryimage"},"thumbnailUrl":"https:\/\/www.emballagedigest.fr\/wp-content\/uploads\/2025\/05\/FAERCH.jpg","articleSection":["Alimentaire","Article entier","Nomination","Packaging"],"inLanguage":"en-GB"},{"@type":"WebPage","@id":"https:\/\/www.emballagedigest.fr\/pernille-lind-olsen-nommee-a-la-tete-de-faerch\/","url":"https:\/\/www.emballagedigest.fr\/pernille-lind-olsen-nommee-a-la-tete-de-faerch\/","name":"Pernille Lind Olsen nomm\u00e9e \u00e0 la t\u00eate de Faerch - Emballage Digest","isPartOf":{"@id":"https:\/\/www.emballagedigest.fr\/#website"},"primaryImageOfPage":{"@id":"https:\/\/www.emballagedigest.fr\/pernille-lind-olsen-nommee-a-la-tete-de-faerch\/#primaryimage"},"image":{"@id":"https:\/\/www.emballagedigest.fr\/pernille-lind-olsen-nommee-a-la-tete-de-faerch\/#primaryimage"},"thumbnailUrl":"https:\/\/www.emballagedigest.fr\/wp-content\/uploads\/2025\/05\/FAERCH.jpg","datePublished":"2025-05-08T22:53:48+00:00","dateModified":"2025-05-11T22:06:46+00:00","breadcrumb":{"@id":"https:\/\/www.emballagedigest.fr\/pernille-lind-olsen-nommee-a-la-tete-de-faerch\/#breadcrumb"},"inLanguage":"en-GB","potentialAction":[{"@type":"ReadAction","target":["https:\/\/www.emballagedigest.fr\/pernille-lind-olsen-nommee-a-la-tete-de-faerch\/"]}]},{"@type":"ImageObject","inLanguage":"en-GB","@id":"https:\/\/www.emballagedigest.fr\/pernille-lind-olsen-nommee-a-la-tete-de-faerch\/#primaryimage","url":"https:\/\/www.emballagedigest.fr\/wp-content\/uploads\/2025\/05\/FAERCH.jpg","contentUrl":"https:\/\/www.emballagedigest.fr\/wp-content\/uploads\/2025\/05\/FAERCH.jpg","width":800,"height":563},{"@type":"BreadcrumbList","@id":"https:\/\/www.emballagedigest.fr\/pernille-lind-olsen-nommee-a-la-tete-de-faerch\/#breadcrumb","itemListElement":[{"@type":"ListItem","position":1,"name":"Accueil","item":"https:\/\/www.emballagedigest.fr\/"},{"@type":"ListItem","position":2,"name":"Pernille Lind Olsen nomm\u00e9e \u00e0 la t\u00eate de Faerch"}]},{"@type":"WebSite","@id":"https:\/\/www.emballagedigest.fr\/#website","url":"https:\/\/www.emballagedigest.fr\/","name":"Emballage Digest","description":"Revue professionnelle sur les emballages","publisher":{"@id":"https:\/\/www.emballagedigest.fr\/#organization"},"potentialAction":[{"@type":"SearchAction","target":{"@type":"EntryPoint","urlTemplate":"https:\/\/www.emballagedigest.fr\/?s={search_term_string}"},"query-input":{"@type":"PropertyValueSpecification","valueRequired":true,"valueName":"search_term_string"}}],"inLanguage":"en-GB"},{"@type":"Organization","@id":"https:\/\/www.emballagedigest.fr\/#organization","name":"Emballage Digest","url":"https:\/\/www.emballagedigest.fr\/","logo":{"@type":"ImageObject","inLanguage":"en-GB","@id":"https:\/\/www.emballagedigest.fr\/#\/schema\/logo\/image\/","url":"https:\/\/www.emballagedigest.fr\/wp-content\/uploads\/2022\/07\/logo-ed.png","contentUrl":"https:\/\/www.emballagedigest.fr\/wp-content\/uploads\/2022\/07\/logo-ed.png","width":379,"height":75,"caption":"Emballage Digest"},"image":{"@id":"https:\/\/www.emballagedigest.fr\/#\/schema\/logo\/image\/"}},{"@type":"Person","@id":"https:\/\/www.emballagedigest.fr\/#\/schema\/person\/76abe9f2b2ee4d3d520594c7a35da59f","name":"Karine Duval","image":{"@type":"ImageObject","inLanguage":"en-GB","@id":"https:\/\/www.emballagedigest.fr\/#\/schema\/person\/image\/","url":"https:\/\/secure.gravatar.com\/avatar\/f552799261cdd2e076e6677d780ef07bdb13aa4c196ab75b39abcbcdcae2d4e5?s=96&d=mm&r=g","contentUrl":"https:\/\/secure.gravatar.com\/avatar\/f552799261cdd2e076e6677d780ef07bdb13aa4c196ab75b39abcbcdcae2d4e5?s=96&d=mm&r=g","caption":"Karine Duval"},"url":"https:\/\/www.emballagedigest.fr\/en\/author\/admin_karduv\/"}]}},"_links":{"self":[{"href":"https:\/\/www.emballagedigest.fr\/en\/wp-json\/wp\/v2\/posts\/44487","targetHints":{"allow":["GET"]}}],"collection":[{"href":"https:\/\/www.emballagedigest.fr\/en\/wp-json\/wp\/v2\/posts"}],"about":[{"href":"https:\/\/www.emballagedigest.fr\/en\/wp-json\/wp\/v2\/types\/post"}],"author":[{"embeddable":true,"href":"https:\/\/www.emballagedigest.fr\/en\/wp-json\/wp\/v2\/users\/2"}],"replies":[{"embeddable":true,"href":"https:\/\/www.emballagedigest.fr\/en\/wp-json\/wp\/v2\/comments?post=44487"}],"version-history":[{"count":1,"href":"https:\/\/www.emballagedigest.fr\/en\/wp-json\/wp\/v2\/posts\/44487\/revisions"}],"predecessor-version":[{"id":44489,"href":"https:\/\/www.emballagedigest.fr\/en\/wp-json\/wp\/v2\/posts\/44487\/revisions\/44489"}],"wp:featuredmedia":[{"embeddable":true,"href":"https:\/\/www.emballagedigest.fr\/en\/wp-json\/wp\/v2\/media\/44488"}],"wp:attachment":[{"href":"https:\/\/www.emballagedigest.fr\/en\/wp-json\/wp\/v2\/media?parent=44487"}],"wp:term":[{"taxonomy":"category","embeddable":true,"href":"https:\/\/www.emballagedigest.fr\/en\/wp-json\/wp\/v2\/categories?post=44487"},{"taxonomy":"post_tag","embeddable":true,"href":"https:\/\/www.emballagedigest.fr\/en\/wp-json\/wp\/v2\/tags?post=44487"}],"curies":[{"name":"wp","href":"https:\/\/api.w.org\/{rel}","templated":true}]}}