{"id":44490,"date":"2025-05-09T00:56:14","date_gmt":"2025-05-08T22:56:14","guid":{"rendered":"https:\/\/www.emballagedigest.fr\/?p=44490"},"modified":"2025-05-09T00:56:40","modified_gmt":"2025-05-08T22:56:40","slug":"packsize-reprend-sparck-technologies","status":"publish","type":"post","link":"https:\/\/www.emballagedigest.fr\/en\/packsize-reprend-sparck-technologies\/","title":{"rendered":"Packsize reprend Sparck Technologies"},"content":{"rendered":"<p><strong>Packsize<sup>\u00ae<\/sup>, leader du march\u00e9 de l&#8217;emballage durable, de taille adapt\u00e9e et \u00e0 la demande, annonce la conclusion d&rsquo;un accord pour l&rsquo;acquisition de Sparck Technologies, un fabricant europ\u00e9en de solutions d&#8217;emballage automatis\u00e9es \u00e0 haut d\u00e9bit et \u00e0 sur-mesure.<\/strong><\/p>\n\n\n\n<p>Sparck Technologies, dont le si\u00e8ge se trouve \u00e0 Drachten, aux Pays-Bas, est surtout connue pour ses syst\u00e8mes avanc\u00e9s CVP Impack et CVP Everest &#8211; des solutions automatis\u00e9es qui optimisent le d\u00e9bit et r\u00e9duisent les d\u00e9chets en cr\u00e9ant descolis sur-mesure \u00e0 l&rsquo;\u00e9chelle. Sparck, qui faisait auparavant partie de la multinationale Quadient cot\u00e9e en France, a \u00e9t\u00e9 scind\u00e9e par Standard Investment en 2021 pour devenir une soci\u00e9t\u00e9 ind\u00e9pendante. Standard Investment a travaill\u00e9 en \u00e9troite collaboration avec Sparck pour transformer avec succ\u00e8s les op\u00e9rations \u00e0 Drachten.<\/p>\n\n\n\n<p>Cette acquisition marque une \u00e9tape importante dans la strat\u00e9gie de croissance de Packsize et renforce sa position de leader mondial dans l&rsquo;industrie de l&#8217;emballage automatis\u00e9. En combinant la technologie innovante et le mod\u00e8le de service de Packsize avec les meilleures solutions de colis last et de couvercles et plateaux de Sparck, la soci\u00e9t\u00e9 fournira d\u00e9sormais le portefeuille de solutions le plus complet de l&rsquo;industrie pour r\u00e9pondre aux besoins \u00e9volutifs des clients.<\/p>\n\n\n\n<p>\u00ab Sparck est depuis longtemps reconnu pour son innovation, sa fiabilit\u00e9 et son engagement fort en mati\u00e8re de d\u00e9veloppement durable &#8211; des valeurs qui s&rsquo;alignent parfaitement sur les n\u00f4tres \u00bb, a d\u00e9clar\u00e9 David Lockwood, pdg de Packsize. \u00ab Ensemble, nos technologies compl\u00e9mentaires cr\u00e9ent une offre de produits plus compl\u00e8te pour nos clients. Cette acquisition nous rapproche un peu plus de la r\u00e9alisation de notre mission \u00ab\u00a0Smart Packaging for a Healthy Planet\u00ae\u00a0\u00bb en acc\u00e9l\u00e9rant notre capacit\u00e9 \u00e0 fournir des solutions d&#8217;emballage plus durables, adapt\u00e9es et dimensionn\u00e9es \u00e0 nos clients dans le monde entier \u00bb.<\/p>\n\n\n\n<p>\u00ab L&rsquo;int\u00e9gration de Sparck dans l&rsquo;\u00e9quipe de Packsize est une d\u00e9cision strat\u00e9gique qui \u00e9largit l&rsquo;offre que nous pouvons proposer \u00e0 nos clients, en particulier dans les environnements \u00e0 haut volume et \u00e0 haute efficacit\u00e9 \u00bb, a d\u00e9clar\u00e9 Brian Reinhart, Chief Revenue Officer de Packsize. \u00ab Les solutions de colis last et de couvercles et plateaux de Sparck nous permettent de relever un plus grand nombre de d\u00e9fis en mati\u00e8re d&#8217;emballage. Il ne s&rsquo;agit pas seulement de croissance &#8211; il s&rsquo;agit de fournir une automatisation plus intelligente et plus durable \u00e0 l&rsquo;\u00e9chelle \u00bb.<\/p>","protected":false},"excerpt":{"rendered":"<p>Packsize\u00ae, leader du march\u00e9 de l&#8217;emballage durable, de taille adapt\u00e9e et \u00e0 la demande, annonce la conclusion d&rsquo;un accord pour l&rsquo;acquisition de Sparck Technologies, un fabricant europ\u00e9en de solutions d&#8217;emballage automatis\u00e9es \u00e0 haut d\u00e9bit et \u00e0 sur-mesure. Sparck Technologies, dont le si\u00e8ge se trouve \u00e0 Drachten, aux Pays-Bas, est surtout connue pour ses syst\u00e8mes avanc\u00e9s [&hellip;]<\/p>","protected":false},"author":2,"featured_media":44491,"comment_status":"closed","ping_status":"closed","sticky":false,"template":"","format":"standard","meta":{"_acf_changed":false,"inline_featured_image":false,"iawp_total_views":2,"footnotes":""},"categories":[28,11,8],"tags":[],"class_list":["post-44490","post","type-post","status-publish","format-standard","has-post-thumbnail","hentry","category-article-entier","category-emballages","category-industrie"],"acf":[],"yoast_head":"<!-- This site is optimized with the Yoast SEO plugin v24.4 - https:\/\/yoast.com\/wordpress\/plugins\/seo\/ -->\n<title>Packsize reprend Sparck Technologies - Emballage Digest<\/title>\n<meta name=\"robots\" content=\"index, follow, max-snippet:-1, max-image-preview:large, max-video-preview:-1\" \/>\n<link rel=\"canonical\" href=\"https:\/\/www.emballagedigest.fr\/en\/packsize-reprend-sparck-technologies\/\" \/>\n<meta property=\"og:locale\" content=\"en_GB\" \/>\n<meta property=\"og:type\" content=\"article\" \/>\n<meta property=\"og:title\" content=\"Packsize reprend Sparck Technologies - Emballage Digest\" \/>\n<meta property=\"og:description\" content=\"Packsize\u00ae, leader du march\u00e9 de l&#8217;emballage durable, de taille adapt\u00e9e et \u00e0 la demande, annonce la conclusion d&rsquo;un accord pour l&rsquo;acquisition de Sparck Technologies, un fabricant europ\u00e9en de solutions d&#8217;emballage automatis\u00e9es \u00e0 haut d\u00e9bit et \u00e0 sur-mesure. Sparck Technologies, dont le si\u00e8ge se trouve \u00e0 Drachten, aux Pays-Bas, est surtout connue pour ses syst\u00e8mes avanc\u00e9s [&hellip;]\" \/>\n<meta property=\"og:url\" content=\"https:\/\/www.emballagedigest.fr\/en\/packsize-reprend-sparck-technologies\/\" \/>\n<meta property=\"og:site_name\" content=\"Emballage Digest\" \/>\n<meta property=\"article:published_time\" content=\"2025-05-08T22:56:14+00:00\" \/>\n<meta property=\"article:modified_time\" content=\"2025-05-08T22:56:40+00:00\" \/>\n<meta property=\"og:image\" content=\"https:\/\/www.emballagedigest.fr\/wp-content\/uploads\/2025\/05\/parcksize.jpg\" \/>\n\t<meta property=\"og:image:width\" content=\"800\" \/>\n\t<meta property=\"og:image:height\" content=\"516\" \/>\n\t<meta property=\"og:image:type\" content=\"image\/jpeg\" \/>\n<meta name=\"author\" content=\"Karine Duval\" \/>\n<meta name=\"twitter:card\" content=\"summary_large_image\" \/>\n<meta name=\"twitter:label1\" content=\"Written by\" \/>\n\t<meta name=\"twitter:data1\" content=\"Karine Duval\" \/>\n\t<meta name=\"twitter:label2\" content=\"Estimated reading time\" \/>\n\t<meta name=\"twitter:data2\" content=\"3 minutes\" \/>\n<script type=\"application\/ld+json\" class=\"yoast-schema-graph\">{\"@context\":\"https:\/\/schema.org\",\"@graph\":[{\"@type\":\"Article\",\"@id\":\"https:\/\/www.emballagedigest.fr\/packsize-reprend-sparck-technologies\/#article\",\"isPartOf\":{\"@id\":\"https:\/\/www.emballagedigest.fr\/packsize-reprend-sparck-technologies\/\"},\"author\":{\"name\":\"Karine Duval\",\"@id\":\"https:\/\/www.emballagedigest.fr\/#\/schema\/person\/76abe9f2b2ee4d3d520594c7a35da59f\"},\"headline\":\"Packsize reprend Sparck Technologies\",\"datePublished\":\"2025-05-08T22:56:14+00:00\",\"dateModified\":\"2025-05-08T22:56:40+00:00\",\"mainEntityOfPage\":{\"@id\":\"https:\/\/www.emballagedigest.fr\/packsize-reprend-sparck-technologies\/\"},\"wordCount\":417,\"publisher\":{\"@id\":\"https:\/\/www.emballagedigest.fr\/#organization\"},\"image\":{\"@id\":\"https:\/\/www.emballagedigest.fr\/packsize-reprend-sparck-technologies\/#primaryimage\"},\"thumbnailUrl\":\"https:\/\/www.emballagedigest.fr\/wp-content\/uploads\/2025\/05\/parcksize.jpg\",\"articleSection\":[\"Article entier\",\"Emballages\",\"Industrie\"],\"inLanguage\":\"en-GB\"},{\"@type\":\"WebPage\",\"@id\":\"https:\/\/www.emballagedigest.fr\/packsize-reprend-sparck-technologies\/\",\"url\":\"https:\/\/www.emballagedigest.fr\/packsize-reprend-sparck-technologies\/\",\"name\":\"Packsize reprend Sparck Technologies - Emballage Digest\",\"isPartOf\":{\"@id\":\"https:\/\/www.emballagedigest.fr\/#website\"},\"primaryImageOfPage\":{\"@id\":\"https:\/\/www.emballagedigest.fr\/packsize-reprend-sparck-technologies\/#primaryimage\"},\"image\":{\"@id\":\"https:\/\/www.emballagedigest.fr\/packsize-reprend-sparck-technologies\/#primaryimage\"},\"thumbnailUrl\":\"https:\/\/www.emballagedigest.fr\/wp-content\/uploads\/2025\/05\/parcksize.jpg\",\"datePublished\":\"2025-05-08T22:56:14+00:00\",\"dateModified\":\"2025-05-08T22:56:40+00:00\",\"breadcrumb\":{\"@id\":\"https:\/\/www.emballagedigest.fr\/packsize-reprend-sparck-technologies\/#breadcrumb\"},\"inLanguage\":\"en-GB\",\"potentialAction\":[{\"@type\":\"ReadAction\",\"target\":[\"https:\/\/www.emballagedigest.fr\/packsize-reprend-sparck-technologies\/\"]}]},{\"@type\":\"ImageObject\",\"inLanguage\":\"en-GB\",\"@id\":\"https:\/\/www.emballagedigest.fr\/packsize-reprend-sparck-technologies\/#primaryimage\",\"url\":\"https:\/\/www.emballagedigest.fr\/wp-content\/uploads\/2025\/05\/parcksize.jpg\",\"contentUrl\":\"https:\/\/www.emballagedigest.fr\/wp-content\/uploads\/2025\/05\/parcksize.jpg\",\"width\":800,\"height\":516},{\"@type\":\"BreadcrumbList\",\"@id\":\"https:\/\/www.emballagedigest.fr\/packsize-reprend-sparck-technologies\/#breadcrumb\",\"itemListElement\":[{\"@type\":\"ListItem\",\"position\":1,\"name\":\"Accueil\",\"item\":\"https:\/\/www.emballagedigest.fr\/\"},{\"@type\":\"ListItem\",\"position\":2,\"name\":\"Packsize reprend Sparck Technologies\"}]},{\"@type\":\"WebSite\",\"@id\":\"https:\/\/www.emballagedigest.fr\/#website\",\"url\":\"https:\/\/www.emballagedigest.fr\/\",\"name\":\"Emballage Digest\",\"description\":\"Revue professionnelle sur les emballages\",\"publisher\":{\"@id\":\"https:\/\/www.emballagedigest.fr\/#organization\"},\"potentialAction\":[{\"@type\":\"SearchAction\",\"target\":{\"@type\":\"EntryPoint\",\"urlTemplate\":\"https:\/\/www.emballagedigest.fr\/?s={search_term_string}\"},\"query-input\":{\"@type\":\"PropertyValueSpecification\",\"valueRequired\":true,\"valueName\":\"search_term_string\"}}],\"inLanguage\":\"en-GB\"},{\"@type\":\"Organization\",\"@id\":\"https:\/\/www.emballagedigest.fr\/#organization\",\"name\":\"Emballage Digest\",\"url\":\"https:\/\/www.emballagedigest.fr\/\",\"logo\":{\"@type\":\"ImageObject\",\"inLanguage\":\"en-GB\",\"@id\":\"https:\/\/www.emballagedigest.fr\/#\/schema\/logo\/image\/\",\"url\":\"https:\/\/www.emballagedigest.fr\/wp-content\/uploads\/2022\/07\/logo-ed.png\",\"contentUrl\":\"https:\/\/www.emballagedigest.fr\/wp-content\/uploads\/2022\/07\/logo-ed.png\",\"width\":379,\"height\":75,\"caption\":\"Emballage Digest\"},\"image\":{\"@id\":\"https:\/\/www.emballagedigest.fr\/#\/schema\/logo\/image\/\"}},{\"@type\":\"Person\",\"@id\":\"https:\/\/www.emballagedigest.fr\/#\/schema\/person\/76abe9f2b2ee4d3d520594c7a35da59f\",\"name\":\"Karine Duval\",\"image\":{\"@type\":\"ImageObject\",\"inLanguage\":\"en-GB\",\"@id\":\"https:\/\/www.emballagedigest.fr\/#\/schema\/person\/image\/\",\"url\":\"https:\/\/secure.gravatar.com\/avatar\/f552799261cdd2e076e6677d780ef07bdb13aa4c196ab75b39abcbcdcae2d4e5?s=96&d=mm&r=g\",\"contentUrl\":\"https:\/\/secure.gravatar.com\/avatar\/f552799261cdd2e076e6677d780ef07bdb13aa4c196ab75b39abcbcdcae2d4e5?s=96&d=mm&r=g\",\"caption\":\"Karine Duval\"},\"url\":\"https:\/\/www.emballagedigest.fr\/en\/author\/admin_karduv\/\"}]}<\/script>\n<!-- \/ Yoast SEO plugin. -->","yoast_head_json":{"title":"Packsize reprend Sparck Technologies - Emballage Digest","robots":{"index":"index","follow":"follow","max-snippet":"max-snippet:-1","max-image-preview":"max-image-preview:large","max-video-preview":"max-video-preview:-1"},"canonical":"https:\/\/www.emballagedigest.fr\/en\/packsize-reprend-sparck-technologies\/","og_locale":"en_GB","og_type":"article","og_title":"Packsize reprend Sparck Technologies - Emballage Digest","og_description":"Packsize\u00ae, leader du march\u00e9 de l&#8217;emballage durable, de taille adapt\u00e9e et \u00e0 la demande, annonce la conclusion d&rsquo;un accord pour l&rsquo;acquisition de Sparck Technologies, un fabricant europ\u00e9en de solutions d&#8217;emballage automatis\u00e9es \u00e0 haut d\u00e9bit et \u00e0 sur-mesure. Sparck Technologies, dont le si\u00e8ge se trouve \u00e0 Drachten, aux Pays-Bas, est surtout connue pour ses syst\u00e8mes avanc\u00e9s [&hellip;]","og_url":"https:\/\/www.emballagedigest.fr\/en\/packsize-reprend-sparck-technologies\/","og_site_name":"Emballage Digest","article_published_time":"2025-05-08T22:56:14+00:00","article_modified_time":"2025-05-08T22:56:40+00:00","og_image":[{"width":800,"height":516,"url":"https:\/\/www.emballagedigest.fr\/wp-content\/uploads\/2025\/05\/parcksize.jpg","type":"image\/jpeg"}],"author":"Karine Duval","twitter_card":"summary_large_image","twitter_misc":{"Written by":"Karine Duval","Estimated reading time":"3 minutes"},"schema":{"@context":"https:\/\/schema.org","@graph":[{"@type":"Article","@id":"https:\/\/www.emballagedigest.fr\/packsize-reprend-sparck-technologies\/#article","isPartOf":{"@id":"https:\/\/www.emballagedigest.fr\/packsize-reprend-sparck-technologies\/"},"author":{"name":"Karine Duval","@id":"https:\/\/www.emballagedigest.fr\/#\/schema\/person\/76abe9f2b2ee4d3d520594c7a35da59f"},"headline":"Packsize reprend Sparck Technologies","datePublished":"2025-05-08T22:56:14+00:00","dateModified":"2025-05-08T22:56:40+00:00","mainEntityOfPage":{"@id":"https:\/\/www.emballagedigest.fr\/packsize-reprend-sparck-technologies\/"},"wordCount":417,"publisher":{"@id":"https:\/\/www.emballagedigest.fr\/#organization"},"image":{"@id":"https:\/\/www.emballagedigest.fr\/packsize-reprend-sparck-technologies\/#primaryimage"},"thumbnailUrl":"https:\/\/www.emballagedigest.fr\/wp-content\/uploads\/2025\/05\/parcksize.jpg","articleSection":["Article entier","Emballages","Industrie"],"inLanguage":"en-GB"},{"@type":"WebPage","@id":"https:\/\/www.emballagedigest.fr\/packsize-reprend-sparck-technologies\/","url":"https:\/\/www.emballagedigest.fr\/packsize-reprend-sparck-technologies\/","name":"Packsize reprend Sparck Technologies - Emballage Digest","isPartOf":{"@id":"https:\/\/www.emballagedigest.fr\/#website"},"primaryImageOfPage":{"@id":"https:\/\/www.emballagedigest.fr\/packsize-reprend-sparck-technologies\/#primaryimage"},"image":{"@id":"https:\/\/www.emballagedigest.fr\/packsize-reprend-sparck-technologies\/#primaryimage"},"thumbnailUrl":"https:\/\/www.emballagedigest.fr\/wp-content\/uploads\/2025\/05\/parcksize.jpg","datePublished":"2025-05-08T22:56:14+00:00","dateModified":"2025-05-08T22:56:40+00:00","breadcrumb":{"@id":"https:\/\/www.emballagedigest.fr\/packsize-reprend-sparck-technologies\/#breadcrumb"},"inLanguage":"en-GB","potentialAction":[{"@type":"ReadAction","target":["https:\/\/www.emballagedigest.fr\/packsize-reprend-sparck-technologies\/"]}]},{"@type":"ImageObject","inLanguage":"en-GB","@id":"https:\/\/www.emballagedigest.fr\/packsize-reprend-sparck-technologies\/#primaryimage","url":"https:\/\/www.emballagedigest.fr\/wp-content\/uploads\/2025\/05\/parcksize.jpg","contentUrl":"https:\/\/www.emballagedigest.fr\/wp-content\/uploads\/2025\/05\/parcksize.jpg","width":800,"height":516},{"@type":"BreadcrumbList","@id":"https:\/\/www.emballagedigest.fr\/packsize-reprend-sparck-technologies\/#breadcrumb","itemListElement":[{"@type":"ListItem","position":1,"name":"Accueil","item":"https:\/\/www.emballagedigest.fr\/"},{"@type":"ListItem","position":2,"name":"Packsize reprend Sparck Technologies"}]},{"@type":"WebSite","@id":"https:\/\/www.emballagedigest.fr\/#website","url":"https:\/\/www.emballagedigest.fr\/","name":"Emballage Digest","description":"Revue professionnelle sur les emballages","publisher":{"@id":"https:\/\/www.emballagedigest.fr\/#organization"},"potentialAction":[{"@type":"SearchAction","target":{"@type":"EntryPoint","urlTemplate":"https:\/\/www.emballagedigest.fr\/?s={search_term_string}"},"query-input":{"@type":"PropertyValueSpecification","valueRequired":true,"valueName":"search_term_string"}}],"inLanguage":"en-GB"},{"@type":"Organization","@id":"https:\/\/www.emballagedigest.fr\/#organization","name":"Emballage Digest","url":"https:\/\/www.emballagedigest.fr\/","logo":{"@type":"ImageObject","inLanguage":"en-GB","@id":"https:\/\/www.emballagedigest.fr\/#\/schema\/logo\/image\/","url":"https:\/\/www.emballagedigest.fr\/wp-content\/uploads\/2022\/07\/logo-ed.png","contentUrl":"https:\/\/www.emballagedigest.fr\/wp-content\/uploads\/2022\/07\/logo-ed.png","width":379,"height":75,"caption":"Emballage Digest"},"image":{"@id":"https:\/\/www.emballagedigest.fr\/#\/schema\/logo\/image\/"}},{"@type":"Person","@id":"https:\/\/www.emballagedigest.fr\/#\/schema\/person\/76abe9f2b2ee4d3d520594c7a35da59f","name":"Karine Duval","image":{"@type":"ImageObject","inLanguage":"en-GB","@id":"https:\/\/www.emballagedigest.fr\/#\/schema\/person\/image\/","url":"https:\/\/secure.gravatar.com\/avatar\/f552799261cdd2e076e6677d780ef07bdb13aa4c196ab75b39abcbcdcae2d4e5?s=96&d=mm&r=g","contentUrl":"https:\/\/secure.gravatar.com\/avatar\/f552799261cdd2e076e6677d780ef07bdb13aa4c196ab75b39abcbcdcae2d4e5?s=96&d=mm&r=g","caption":"Karine Duval"},"url":"https:\/\/www.emballagedigest.fr\/en\/author\/admin_karduv\/"}]}},"_links":{"self":[{"href":"https:\/\/www.emballagedigest.fr\/en\/wp-json\/wp\/v2\/posts\/44490","targetHints":{"allow":["GET"]}}],"collection":[{"href":"https:\/\/www.emballagedigest.fr\/en\/wp-json\/wp\/v2\/posts"}],"about":[{"href":"https:\/\/www.emballagedigest.fr\/en\/wp-json\/wp\/v2\/types\/post"}],"author":[{"embeddable":true,"href":"https:\/\/www.emballagedigest.fr\/en\/wp-json\/wp\/v2\/users\/2"}],"replies":[{"embeddable":true,"href":"https:\/\/www.emballagedigest.fr\/en\/wp-json\/wp\/v2\/comments?post=44490"}],"version-history":[{"count":1,"href":"https:\/\/www.emballagedigest.fr\/en\/wp-json\/wp\/v2\/posts\/44490\/revisions"}],"predecessor-version":[{"id":44492,"href":"https:\/\/www.emballagedigest.fr\/en\/wp-json\/wp\/v2\/posts\/44490\/revisions\/44492"}],"wp:featuredmedia":[{"embeddable":true,"href":"https:\/\/www.emballagedigest.fr\/en\/wp-json\/wp\/v2\/media\/44491"}],"wp:attachment":[{"href":"https:\/\/www.emballagedigest.fr\/en\/wp-json\/wp\/v2\/media?parent=44490"}],"wp:term":[{"taxonomy":"category","embeddable":true,"href":"https:\/\/www.emballagedigest.fr\/en\/wp-json\/wp\/v2\/categories?post=44490"},{"taxonomy":"post_tag","embeddable":true,"href":"https:\/\/www.emballagedigest.fr\/en\/wp-json\/wp\/v2\/tags?post=44490"}],"curies":[{"name":"wp","href":"https:\/\/api.w.org\/{rel}","templated":true}]}}