{"id":44502,"date":"2025-05-13T09:06:37","date_gmt":"2025-05-13T07:06:37","guid":{"rendered":"https:\/\/www.emballagedigest.fr\/?p=44502"},"modified":"2025-05-14T00:21:28","modified_gmt":"2025-05-13T22:21:28","slug":"nouvelle-levee-de-fonds-pour-auum","status":"publish","type":"post","link":"https:\/\/www.emballagedigest.fr\/en\/nouvelle-levee-de-fonds-pour-auum\/","title":{"rendered":"Nouvelle lev\u00e9e de fonds pour Auum"},"content":{"rendered":"<p><strong>Auum, l\u2019inventeur d\u2019une technologie de nettoyage \u00e0 la vapeur s\u00e8che, annonce une lev\u00e9e de fonds de 15 millions d\u2019euros aupr\u00e8s du fonds Blue Ocean de Swen Capital Partners, Starquest, Groupe Seb, Founders Future et Blast. Club. Cette op\u00e9ration va permettre \u00e0 l\u2019entreprise de changer d\u2019\u00e9chelle en Europe, avec une ambition claire<\/strong>&nbsp;<strong>: mettre fin aux contenants \u00e0 usage unique, en priorit\u00e9 en entreprises et dans les lieux de consommation collective.<\/strong><\/p>\n\n\n\n<p>Auum-S est une machine professionnelle capable de nettoyer, d\u00e9sinfecter et s\u00e9cher un verre en quelques secondes, avec seulement 10 cl d\u2019eau par cycle \u2013 soit 20 fois moins qu\u2019un lavage \u00e0 la main \u2013 et sans aucun produit chimique. \u00c0\u00a0usage comparable, la technologie brevet\u00e9e d\u00e9velopp\u00e9e par Auum utilise trois fois moins d\u2019eau qu\u2019un lave-vaisselle traditionnel et g\u00e9n\u00e8re cinq fois moins de CO<sub>2<\/sub> qu\u2019un gobelet carton. La solution est \u00e0 ce jour d\u00e9ploy\u00e9e dans 350 entreprises, dont 70% des entreprises du CAC 40 \u00e0 l\u2019instar de Kering, L\u2019Or\u00e9al, Engie, Safran, Orange et Thal\u00e8s.<\/p>\n\n\n\n<figure class=\"wp-block-image size-full\"><img loading=\"lazy\" decoding=\"async\" width=\"800\" height=\"400\" src=\"https:\/\/www.emballagedigest.fr\/wp-content\/uploads\/2025\/05\/Auum2.jpg\" alt=\"\" class=\"wp-image-44504\" srcset=\"https:\/\/www.emballagedigest.fr\/wp-content\/uploads\/2025\/05\/Auum2.jpg 800w, https:\/\/www.emballagedigest.fr\/wp-content\/uploads\/2025\/05\/Auum2-300x150.jpg 300w, https:\/\/www.emballagedigest.fr\/wp-content\/uploads\/2025\/05\/Auum2-768x384.jpg 768w, https:\/\/www.emballagedigest.fr\/wp-content\/uploads\/2025\/05\/Auum2-18x9.jpg 18w\" sizes=\"auto, (max-width: 800px) 100vw, 800px\" \/><\/figure>\n\n\n\n<p>D\u00e9j\u00e0 pr\u00e9sent dans les pays du Benelux et en Suisse, le sp\u00e9cialiste du nettoyage se d\u00e9veloppera dans les pays nordiques d\u00e8s 2026 et au Royaume-Uni en 2027. Gr\u00e2ce \u00e0 ce tour de table, auum ambitionne de d\u00e9ployer 10 000 machines (vs. 1 500 aujourd\u2019hui), et d\u2019atteindre 1 million d\u2019utilisateurs d\u2019ici fin 2027 et de recruter 20 talents suppl\u00e9mentaires en 2025 pour porter l\u2019\u00e9quipe \u00e0 plus de 75 collaborateurs. Objectif&nbsp;: continuer \u00e0 innover pour adresser de nouveaux contenants et de nouvelles probl\u00e9matiques.<\/p>\n\n\n\n<p>\u00ab&nbsp;Ce nouveau tour de table vient valider tant la technologie que la vision globale que nous portons, au-del\u00e0 de l\u2019impact de la Auum-s sur les d\u00e9chets. Il nous permettra, notamment de renforcer nos \u00e9quipes en Europe, de continuer \u00e0 produire notre machine en France, dans notre usine \u00e0 Ch\u00e2tillon. C\u2019est aussi la preuve que des projets industriels innovants peuvent se d\u00e9velopper sur le territoire fran\u00e7ais. Gr\u00e2ce \u00e0 la confiance de nos investisseurs, fond\u00e9e sur un socle de valeurs communes, nous nous appr\u00eatons \u00e0 d\u00e9ployer notre savoir-faire \u00e0 travers toute l\u2019Europe pour accompagner les industries vers plus de circularit\u00e9. Si notre premier combat reste l&rsquo;\u00e9radication des gobelets \u00e0 usage unique en entreprise, nous sommes d\u00e9termin\u00e9s \u00e0 \u00e9tendre notre impact vers de nouvelles verticales. D\u2019abord, les cosm\u00e9tiques, en rendant possible la r\u00e9utilisation des flacons gr\u00e2ce \u00e0 un nettoyage efficace puis les panneaux solaires, en am\u00e9liorant leur rendement gr\u00e2ce \u00e0 la vapeur s\u00e8che&nbsp;\u00bb, d\u00e9clare Cl\u00e9ment Houllier, cofondateur et pdg d\u2019Auum.<\/p>","protected":false},"excerpt":{"rendered":"<p>Auum, l\u2019inventeur d\u2019une technologie de nettoyage \u00e0 la vapeur s\u00e8che, annonce une lev\u00e9e de fonds de 15 millions d\u2019euros aupr\u00e8s du fonds Blue Ocean de Swen Capital Partners, Starquest, Groupe Seb, Founders Future et Blast. Club. Cette op\u00e9ration va permettre \u00e0 l\u2019entreprise de changer d\u2019\u00e9chelle en Europe, avec une ambition claire&nbsp;: mettre fin aux contenants [&hellip;]<\/p>","protected":false},"author":2,"featured_media":44503,"comment_status":"closed","ping_status":"closed","sticky":false,"template":"","format":"standard","meta":{"_acf_changed":false,"inline_featured_image":false,"iawp_total_views":5,"footnotes":""},"categories":[28,9],"tags":[],"class_list":["post-44502","post","type-post","status-publish","format-standard","has-post-thumbnail","hentry","category-article-entier","category-materiel"],"acf":[],"yoast_head":"<!-- This site is optimized with the Yoast SEO plugin v24.4 - https:\/\/yoast.com\/wordpress\/plugins\/seo\/ -->\n<title>Nouvelle lev\u00e9e de fonds pour Auum - Emballage Digest<\/title>\n<meta name=\"robots\" content=\"index, follow, max-snippet:-1, max-image-preview:large, max-video-preview:-1\" \/>\n<link rel=\"canonical\" href=\"https:\/\/www.emballagedigest.fr\/en\/nouvelle-levee-de-fonds-pour-auum\/\" \/>\n<meta property=\"og:locale\" content=\"en_GB\" \/>\n<meta property=\"og:type\" content=\"article\" \/>\n<meta property=\"og:title\" content=\"Nouvelle lev\u00e9e de fonds pour Auum - Emballage Digest\" \/>\n<meta property=\"og:description\" content=\"Auum, l\u2019inventeur d\u2019une technologie de nettoyage \u00e0 la vapeur s\u00e8che, annonce une lev\u00e9e de fonds de 15 millions d\u2019euros aupr\u00e8s du fonds Blue Ocean de Swen Capital Partners, Starquest, Groupe Seb, Founders Future et Blast. Club. Cette op\u00e9ration va permettre \u00e0 l\u2019entreprise de changer d\u2019\u00e9chelle en Europe, avec une ambition claire&nbsp;: mettre fin aux contenants [&hellip;]\" \/>\n<meta property=\"og:url\" content=\"https:\/\/www.emballagedigest.fr\/en\/nouvelle-levee-de-fonds-pour-auum\/\" \/>\n<meta property=\"og:site_name\" content=\"Emballage Digest\" \/>\n<meta property=\"article:published_time\" content=\"2025-05-13T07:06:37+00:00\" \/>\n<meta property=\"article:modified_time\" content=\"2025-05-13T22:21:28+00:00\" \/>\n<meta property=\"og:image\" content=\"https:\/\/www.emballagedigest.fr\/wp-content\/uploads\/2025\/05\/Auum1.jpg\" \/>\n\t<meta property=\"og:image:width\" content=\"800\" \/>\n\t<meta property=\"og:image:height\" content=\"571\" \/>\n\t<meta property=\"og:image:type\" content=\"image\/jpeg\" \/>\n<meta name=\"author\" content=\"Karine Duval\" \/>\n<meta name=\"twitter:card\" content=\"summary_large_image\" \/>\n<meta name=\"twitter:label1\" content=\"Written by\" \/>\n\t<meta name=\"twitter:data1\" content=\"Karine Duval\" \/>\n\t<meta name=\"twitter:label2\" content=\"Estimated reading time\" \/>\n\t<meta name=\"twitter:data2\" content=\"3 minutes\" \/>\n<script type=\"application\/ld+json\" class=\"yoast-schema-graph\">{\"@context\":\"https:\/\/schema.org\",\"@graph\":[{\"@type\":\"Article\",\"@id\":\"https:\/\/www.emballagedigest.fr\/nouvelle-levee-de-fonds-pour-auum\/#article\",\"isPartOf\":{\"@id\":\"https:\/\/www.emballagedigest.fr\/nouvelle-levee-de-fonds-pour-auum\/\"},\"author\":{\"name\":\"Karine Duval\",\"@id\":\"https:\/\/www.emballagedigest.fr\/#\/schema\/person\/76abe9f2b2ee4d3d520594c7a35da59f\"},\"headline\":\"Nouvelle lev\u00e9e de fonds pour Auum\",\"datePublished\":\"2025-05-13T07:06:37+00:00\",\"dateModified\":\"2025-05-13T22:21:28+00:00\",\"mainEntityOfPage\":{\"@id\":\"https:\/\/www.emballagedigest.fr\/nouvelle-levee-de-fonds-pour-auum\/\"},\"wordCount\":438,\"publisher\":{\"@id\":\"https:\/\/www.emballagedigest.fr\/#organization\"},\"image\":{\"@id\":\"https:\/\/www.emballagedigest.fr\/nouvelle-levee-de-fonds-pour-auum\/#primaryimage\"},\"thumbnailUrl\":\"https:\/\/www.emballagedigest.fr\/wp-content\/uploads\/2025\/05\/Auum1.jpg\",\"articleSection\":[\"Article entier\",\"Mat\u00e9riel\"],\"inLanguage\":\"en-GB\"},{\"@type\":\"WebPage\",\"@id\":\"https:\/\/www.emballagedigest.fr\/nouvelle-levee-de-fonds-pour-auum\/\",\"url\":\"https:\/\/www.emballagedigest.fr\/nouvelle-levee-de-fonds-pour-auum\/\",\"name\":\"Nouvelle lev\u00e9e de fonds pour Auum - Emballage Digest\",\"isPartOf\":{\"@id\":\"https:\/\/www.emballagedigest.fr\/#website\"},\"primaryImageOfPage\":{\"@id\":\"https:\/\/www.emballagedigest.fr\/nouvelle-levee-de-fonds-pour-auum\/#primaryimage\"},\"image\":{\"@id\":\"https:\/\/www.emballagedigest.fr\/nouvelle-levee-de-fonds-pour-auum\/#primaryimage\"},\"thumbnailUrl\":\"https:\/\/www.emballagedigest.fr\/wp-content\/uploads\/2025\/05\/Auum1.jpg\",\"datePublished\":\"2025-05-13T07:06:37+00:00\",\"dateModified\":\"2025-05-13T22:21:28+00:00\",\"breadcrumb\":{\"@id\":\"https:\/\/www.emballagedigest.fr\/nouvelle-levee-de-fonds-pour-auum\/#breadcrumb\"},\"inLanguage\":\"en-GB\",\"potentialAction\":[{\"@type\":\"ReadAction\",\"target\":[\"https:\/\/www.emballagedigest.fr\/nouvelle-levee-de-fonds-pour-auum\/\"]}]},{\"@type\":\"ImageObject\",\"inLanguage\":\"en-GB\",\"@id\":\"https:\/\/www.emballagedigest.fr\/nouvelle-levee-de-fonds-pour-auum\/#primaryimage\",\"url\":\"https:\/\/www.emballagedigest.fr\/wp-content\/uploads\/2025\/05\/Auum1.jpg\",\"contentUrl\":\"https:\/\/www.emballagedigest.fr\/wp-content\/uploads\/2025\/05\/Auum1.jpg\",\"width\":800,\"height\":571},{\"@type\":\"BreadcrumbList\",\"@id\":\"https:\/\/www.emballagedigest.fr\/nouvelle-levee-de-fonds-pour-auum\/#breadcrumb\",\"itemListElement\":[{\"@type\":\"ListItem\",\"position\":1,\"name\":\"Accueil\",\"item\":\"https:\/\/www.emballagedigest.fr\/\"},{\"@type\":\"ListItem\",\"position\":2,\"name\":\"Nouvelle lev\u00e9e de fonds pour Auum\"}]},{\"@type\":\"WebSite\",\"@id\":\"https:\/\/www.emballagedigest.fr\/#website\",\"url\":\"https:\/\/www.emballagedigest.fr\/\",\"name\":\"Emballage Digest\",\"description\":\"Revue professionnelle sur les emballages\",\"publisher\":{\"@id\":\"https:\/\/www.emballagedigest.fr\/#organization\"},\"potentialAction\":[{\"@type\":\"SearchAction\",\"target\":{\"@type\":\"EntryPoint\",\"urlTemplate\":\"https:\/\/www.emballagedigest.fr\/?s={search_term_string}\"},\"query-input\":{\"@type\":\"PropertyValueSpecification\",\"valueRequired\":true,\"valueName\":\"search_term_string\"}}],\"inLanguage\":\"en-GB\"},{\"@type\":\"Organization\",\"@id\":\"https:\/\/www.emballagedigest.fr\/#organization\",\"name\":\"Emballage Digest\",\"url\":\"https:\/\/www.emballagedigest.fr\/\",\"logo\":{\"@type\":\"ImageObject\",\"inLanguage\":\"en-GB\",\"@id\":\"https:\/\/www.emballagedigest.fr\/#\/schema\/logo\/image\/\",\"url\":\"https:\/\/www.emballagedigest.fr\/wp-content\/uploads\/2022\/07\/logo-ed.png\",\"contentUrl\":\"https:\/\/www.emballagedigest.fr\/wp-content\/uploads\/2022\/07\/logo-ed.png\",\"width\":379,\"height\":75,\"caption\":\"Emballage Digest\"},\"image\":{\"@id\":\"https:\/\/www.emballagedigest.fr\/#\/schema\/logo\/image\/\"}},{\"@type\":\"Person\",\"@id\":\"https:\/\/www.emballagedigest.fr\/#\/schema\/person\/76abe9f2b2ee4d3d520594c7a35da59f\",\"name\":\"Karine Duval\",\"image\":{\"@type\":\"ImageObject\",\"inLanguage\":\"en-GB\",\"@id\":\"https:\/\/www.emballagedigest.fr\/#\/schema\/person\/image\/\",\"url\":\"https:\/\/secure.gravatar.com\/avatar\/f552799261cdd2e076e6677d780ef07bdb13aa4c196ab75b39abcbcdcae2d4e5?s=96&d=mm&r=g\",\"contentUrl\":\"https:\/\/secure.gravatar.com\/avatar\/f552799261cdd2e076e6677d780ef07bdb13aa4c196ab75b39abcbcdcae2d4e5?s=96&d=mm&r=g\",\"caption\":\"Karine Duval\"},\"url\":\"https:\/\/www.emballagedigest.fr\/en\/author\/admin_karduv\/\"}]}<\/script>\n<!-- \/ Yoast SEO plugin. -->","yoast_head_json":{"title":"Nouvelle lev\u00e9e de fonds pour Auum - Emballage Digest","robots":{"index":"index","follow":"follow","max-snippet":"max-snippet:-1","max-image-preview":"max-image-preview:large","max-video-preview":"max-video-preview:-1"},"canonical":"https:\/\/www.emballagedigest.fr\/en\/nouvelle-levee-de-fonds-pour-auum\/","og_locale":"en_GB","og_type":"article","og_title":"Nouvelle lev\u00e9e de fonds pour Auum - Emballage Digest","og_description":"Auum, l\u2019inventeur d\u2019une technologie de nettoyage \u00e0 la vapeur s\u00e8che, annonce une lev\u00e9e de fonds de 15 millions d\u2019euros aupr\u00e8s du fonds Blue Ocean de Swen Capital Partners, Starquest, Groupe Seb, Founders Future et Blast. Club. Cette op\u00e9ration va permettre \u00e0 l\u2019entreprise de changer d\u2019\u00e9chelle en Europe, avec une ambition claire&nbsp;: mettre fin aux contenants [&hellip;]","og_url":"https:\/\/www.emballagedigest.fr\/en\/nouvelle-levee-de-fonds-pour-auum\/","og_site_name":"Emballage Digest","article_published_time":"2025-05-13T07:06:37+00:00","article_modified_time":"2025-05-13T22:21:28+00:00","og_image":[{"width":800,"height":571,"url":"https:\/\/www.emballagedigest.fr\/wp-content\/uploads\/2025\/05\/Auum1.jpg","type":"image\/jpeg"}],"author":"Karine Duval","twitter_card":"summary_large_image","twitter_misc":{"Written by":"Karine Duval","Estimated reading time":"3 minutes"},"schema":{"@context":"https:\/\/schema.org","@graph":[{"@type":"Article","@id":"https:\/\/www.emballagedigest.fr\/nouvelle-levee-de-fonds-pour-auum\/#article","isPartOf":{"@id":"https:\/\/www.emballagedigest.fr\/nouvelle-levee-de-fonds-pour-auum\/"},"author":{"name":"Karine Duval","@id":"https:\/\/www.emballagedigest.fr\/#\/schema\/person\/76abe9f2b2ee4d3d520594c7a35da59f"},"headline":"Nouvelle lev\u00e9e de fonds pour Auum","datePublished":"2025-05-13T07:06:37+00:00","dateModified":"2025-05-13T22:21:28+00:00","mainEntityOfPage":{"@id":"https:\/\/www.emballagedigest.fr\/nouvelle-levee-de-fonds-pour-auum\/"},"wordCount":438,"publisher":{"@id":"https:\/\/www.emballagedigest.fr\/#organization"},"image":{"@id":"https:\/\/www.emballagedigest.fr\/nouvelle-levee-de-fonds-pour-auum\/#primaryimage"},"thumbnailUrl":"https:\/\/www.emballagedigest.fr\/wp-content\/uploads\/2025\/05\/Auum1.jpg","articleSection":["Article entier","Mat\u00e9riel"],"inLanguage":"en-GB"},{"@type":"WebPage","@id":"https:\/\/www.emballagedigest.fr\/nouvelle-levee-de-fonds-pour-auum\/","url":"https:\/\/www.emballagedigest.fr\/nouvelle-levee-de-fonds-pour-auum\/","name":"Nouvelle lev\u00e9e de fonds pour Auum - Emballage Digest","isPartOf":{"@id":"https:\/\/www.emballagedigest.fr\/#website"},"primaryImageOfPage":{"@id":"https:\/\/www.emballagedigest.fr\/nouvelle-levee-de-fonds-pour-auum\/#primaryimage"},"image":{"@id":"https:\/\/www.emballagedigest.fr\/nouvelle-levee-de-fonds-pour-auum\/#primaryimage"},"thumbnailUrl":"https:\/\/www.emballagedigest.fr\/wp-content\/uploads\/2025\/05\/Auum1.jpg","datePublished":"2025-05-13T07:06:37+00:00","dateModified":"2025-05-13T22:21:28+00:00","breadcrumb":{"@id":"https:\/\/www.emballagedigest.fr\/nouvelle-levee-de-fonds-pour-auum\/#breadcrumb"},"inLanguage":"en-GB","potentialAction":[{"@type":"ReadAction","target":["https:\/\/www.emballagedigest.fr\/nouvelle-levee-de-fonds-pour-auum\/"]}]},{"@type":"ImageObject","inLanguage":"en-GB","@id":"https:\/\/www.emballagedigest.fr\/nouvelle-levee-de-fonds-pour-auum\/#primaryimage","url":"https:\/\/www.emballagedigest.fr\/wp-content\/uploads\/2025\/05\/Auum1.jpg","contentUrl":"https:\/\/www.emballagedigest.fr\/wp-content\/uploads\/2025\/05\/Auum1.jpg","width":800,"height":571},{"@type":"BreadcrumbList","@id":"https:\/\/www.emballagedigest.fr\/nouvelle-levee-de-fonds-pour-auum\/#breadcrumb","itemListElement":[{"@type":"ListItem","position":1,"name":"Accueil","item":"https:\/\/www.emballagedigest.fr\/"},{"@type":"ListItem","position":2,"name":"Nouvelle lev\u00e9e de fonds pour Auum"}]},{"@type":"WebSite","@id":"https:\/\/www.emballagedigest.fr\/#website","url":"https:\/\/www.emballagedigest.fr\/","name":"Emballage Digest","description":"Revue professionnelle sur les emballages","publisher":{"@id":"https:\/\/www.emballagedigest.fr\/#organization"},"potentialAction":[{"@type":"SearchAction","target":{"@type":"EntryPoint","urlTemplate":"https:\/\/www.emballagedigest.fr\/?s={search_term_string}"},"query-input":{"@type":"PropertyValueSpecification","valueRequired":true,"valueName":"search_term_string"}}],"inLanguage":"en-GB"},{"@type":"Organization","@id":"https:\/\/www.emballagedigest.fr\/#organization","name":"Emballage Digest","url":"https:\/\/www.emballagedigest.fr\/","logo":{"@type":"ImageObject","inLanguage":"en-GB","@id":"https:\/\/www.emballagedigest.fr\/#\/schema\/logo\/image\/","url":"https:\/\/www.emballagedigest.fr\/wp-content\/uploads\/2022\/07\/logo-ed.png","contentUrl":"https:\/\/www.emballagedigest.fr\/wp-content\/uploads\/2022\/07\/logo-ed.png","width":379,"height":75,"caption":"Emballage Digest"},"image":{"@id":"https:\/\/www.emballagedigest.fr\/#\/schema\/logo\/image\/"}},{"@type":"Person","@id":"https:\/\/www.emballagedigest.fr\/#\/schema\/person\/76abe9f2b2ee4d3d520594c7a35da59f","name":"Karine Duval","image":{"@type":"ImageObject","inLanguage":"en-GB","@id":"https:\/\/www.emballagedigest.fr\/#\/schema\/person\/image\/","url":"https:\/\/secure.gravatar.com\/avatar\/f552799261cdd2e076e6677d780ef07bdb13aa4c196ab75b39abcbcdcae2d4e5?s=96&d=mm&r=g","contentUrl":"https:\/\/secure.gravatar.com\/avatar\/f552799261cdd2e076e6677d780ef07bdb13aa4c196ab75b39abcbcdcae2d4e5?s=96&d=mm&r=g","caption":"Karine Duval"},"url":"https:\/\/www.emballagedigest.fr\/en\/author\/admin_karduv\/"}]}},"_links":{"self":[{"href":"https:\/\/www.emballagedigest.fr\/en\/wp-json\/wp\/v2\/posts\/44502","targetHints":{"allow":["GET"]}}],"collection":[{"href":"https:\/\/www.emballagedigest.fr\/en\/wp-json\/wp\/v2\/posts"}],"about":[{"href":"https:\/\/www.emballagedigest.fr\/en\/wp-json\/wp\/v2\/types\/post"}],"author":[{"embeddable":true,"href":"https:\/\/www.emballagedigest.fr\/en\/wp-json\/wp\/v2\/users\/2"}],"replies":[{"embeddable":true,"href":"https:\/\/www.emballagedigest.fr\/en\/wp-json\/wp\/v2\/comments?post=44502"}],"version-history":[{"count":1,"href":"https:\/\/www.emballagedigest.fr\/en\/wp-json\/wp\/v2\/posts\/44502\/revisions"}],"predecessor-version":[{"id":44505,"href":"https:\/\/www.emballagedigest.fr\/en\/wp-json\/wp\/v2\/posts\/44502\/revisions\/44505"}],"wp:featuredmedia":[{"embeddable":true,"href":"https:\/\/www.emballagedigest.fr\/en\/wp-json\/wp\/v2\/media\/44503"}],"wp:attachment":[{"href":"https:\/\/www.emballagedigest.fr\/en\/wp-json\/wp\/v2\/media?parent=44502"}],"wp:term":[{"taxonomy":"category","embeddable":true,"href":"https:\/\/www.emballagedigest.fr\/en\/wp-json\/wp\/v2\/categories?post=44502"},{"taxonomy":"post_tag","embeddable":true,"href":"https:\/\/www.emballagedigest.fr\/en\/wp-json\/wp\/v2\/tags?post=44502"}],"curies":[{"name":"wp","href":"https:\/\/api.w.org\/{rel}","templated":true}]}}