{"id":44509,"date":"2025-05-14T00:22:12","date_gmt":"2025-05-13T22:22:12","guid":{"rendered":"https:\/\/www.emballagedigest.fr\/?p=44509"},"modified":"2025-05-15T08:49:35","modified_gmt":"2025-05-15T06:49:35","slug":"mg-tech-devoilera-son-nouveau-palettiseur-lors-de-ses-futures-portes-ouvertes","status":"publish","type":"post","link":"https:\/\/www.emballagedigest.fr\/en\/mg-tech-devoilera-son-nouveau-palettiseur-lors-de-ses-futures-portes-ouvertes\/","title":{"rendered":"MG Tech d\u00e9voilera son nouveau palettiseur lors de ses futures portes ouvertes"},"content":{"rendered":"<p><strong>MG Tech, sp\u00e9cialiste de la conception et fabrication d\u2019\u00e9quipements pour les fins de lignes de conditionnement dans les secteurs de l\u2019agroalimentaire, de la pharma-cosm\u00e9tique et de la logistique, pr\u00e9sentera son nouveau palettiseur TOMA\u2122 lors de deux journ\u00e9es portes ouvertes les jeudi 22 et vendredi 23 mai 2025 sur son site de Champtoc\u00e9-sur-Loire, dans le Maine-et-Loire.<\/strong><\/p>\n\n\n\n<p>Au programme, les participants pourront visiter le site de production, assister \u00e0 des d\u00e9monstrations de machines en fonctionnement et \u00e9changer avec les \u00e9quipes commerciales et les techniciens du service clients de MG Tech.<\/p>\n\n\n\n<p>Partenaires, clients, prospects pourront ainsi d\u00e9couvrir l\u2019ensemble des gammes de machines du portefeuille du constructeur : formeuses de caisses, \u00e9tuyeuses, encaisseuses, convoyeurs, robots mobiles AGV, palettiseur.<\/p>\n\n\n\n<p>En avant-premi\u00e8re, sera pr\u00e9sent\u00e9 le nouveau palettiseur avec robot collaboratif TOMA\u2122. Fruit d\u2019un partenariat strat\u00e9gique avec la soci\u00e9t\u00e9 canadienne Premier Tech, conclu il y a maintenant un an, MG Tech annonce sa commercialisation en France.<\/p>\n\n\n\n<p>TOMA\u2122 est une solution d&rsquo;automatisation intuitive con\u00e7ue pour faciliter la palettisation dans les environnements industriels. La robustesse de l\u2019automatisation industrielle combin\u00e9e \u00e0 une interface utilisateur conviviale permet de proposer un \u00e9quipement parfaitement Friendustrial\u2122. D\u00e9sormais, l\u2019automatisation devient accessible \u00e0 tous \u00e0 moindre co\u00fbt.<\/p>\n\n\n\n<p>Affichant une cadence de production jusqu\u2019\u00e0 8 cycles\/min et une prise en charge de caisses jusqu\u2019\u00e0 25 kg, il offre une hauteur de palettisation jusqu\u2019\u00e0 2 m\u00e8tres. Cet \u00e9quipement plug &amp; play pr\u00eat \u00e0 palettiser permet une configuration et une utilisation simple et rapide, sans programmation.<\/p>","protected":false},"excerpt":{"rendered":"<p>MG Tech, sp\u00e9cialiste de la conception et fabrication d\u2019\u00e9quipements pour les fins de lignes de conditionnement dans les secteurs de l\u2019agroalimentaire, de la pharma-cosm\u00e9tique et de la logistique, pr\u00e9sentera son nouveau palettiseur TOMA\u2122 lors de deux journ\u00e9es portes ouvertes les jeudi 22 et vendredi 23 mai 2025 sur son site de Champtoc\u00e9-sur-Loire, dans le Maine-et-Loire. [&hellip;]<\/p>","protected":false},"author":2,"featured_media":44510,"comment_status":"closed","ping_status":"closed","sticky":false,"template":"","format":"standard","meta":{"_acf_changed":false,"inline_featured_image":false,"iawp_total_views":2,"footnotes":""},"categories":[28,11,8],"tags":[],"class_list":["post-44509","post","type-post","status-publish","format-standard","has-post-thumbnail","hentry","category-article-entier","category-emballages","category-industrie"],"acf":[],"yoast_head":"<!-- This site is optimized with the Yoast SEO plugin v24.4 - https:\/\/yoast.com\/wordpress\/plugins\/seo\/ -->\n<title>MG Tech d\u00e9voilera son nouveau palettiseur lors de ses futures portes ouvertes - Emballage Digest<\/title>\n<meta name=\"robots\" content=\"index, follow, max-snippet:-1, max-image-preview:large, max-video-preview:-1\" \/>\n<link rel=\"canonical\" href=\"https:\/\/www.emballagedigest.fr\/en\/mg-tech-devoilera-son-nouveau-palettiseur-lors-de-ses-futures-portes-ouvertes\/\" \/>\n<meta property=\"og:locale\" content=\"en_GB\" \/>\n<meta property=\"og:type\" content=\"article\" \/>\n<meta property=\"og:title\" content=\"MG Tech d\u00e9voilera son nouveau palettiseur lors de ses futures portes ouvertes - Emballage Digest\" \/>\n<meta property=\"og:description\" content=\"MG Tech, sp\u00e9cialiste de la conception et fabrication d\u2019\u00e9quipements pour les fins de lignes de conditionnement dans les secteurs de l\u2019agroalimentaire, de la pharma-cosm\u00e9tique et de la logistique, pr\u00e9sentera son nouveau palettiseur TOMA\u2122 lors de deux journ\u00e9es portes ouvertes les jeudi 22 et vendredi 23 mai 2025 sur son site de Champtoc\u00e9-sur-Loire, dans le Maine-et-Loire. [&hellip;]\" \/>\n<meta property=\"og:url\" content=\"https:\/\/www.emballagedigest.fr\/en\/mg-tech-devoilera-son-nouveau-palettiseur-lors-de-ses-futures-portes-ouvertes\/\" \/>\n<meta property=\"og:site_name\" content=\"Emballage Digest\" \/>\n<meta property=\"article:published_time\" content=\"2025-05-13T22:22:12+00:00\" \/>\n<meta property=\"article:modified_time\" content=\"2025-05-15T06:49:35+00:00\" \/>\n<meta property=\"og:image\" content=\"https:\/\/www.emballagedigest.fr\/wp-content\/uploads\/2025\/05\/MG-TECH.jpg\" \/>\n\t<meta property=\"og:image:width\" content=\"796\" \/>\n\t<meta property=\"og:image:height\" content=\"600\" \/>\n\t<meta property=\"og:image:type\" content=\"image\/jpeg\" \/>\n<meta name=\"author\" content=\"Karine Duval\" \/>\n<meta name=\"twitter:card\" content=\"summary_large_image\" \/>\n<meta name=\"twitter:label1\" content=\"Written by\" \/>\n\t<meta name=\"twitter:data1\" content=\"Karine Duval\" \/>\n\t<meta name=\"twitter:label2\" content=\"Estimated reading time\" \/>\n\t<meta name=\"twitter:data2\" content=\"2 minutes\" \/>\n<script type=\"application\/ld+json\" class=\"yoast-schema-graph\">{\"@context\":\"https:\/\/schema.org\",\"@graph\":[{\"@type\":\"Article\",\"@id\":\"https:\/\/www.emballagedigest.fr\/mg-tech-devoilera-son-nouveau-palettiseur-lors-de-ses-futures-portes-ouvertes\/#article\",\"isPartOf\":{\"@id\":\"https:\/\/www.emballagedigest.fr\/mg-tech-devoilera-son-nouveau-palettiseur-lors-de-ses-futures-portes-ouvertes\/\"},\"author\":{\"name\":\"Karine Duval\",\"@id\":\"https:\/\/www.emballagedigest.fr\/#\/schema\/person\/76abe9f2b2ee4d3d520594c7a35da59f\"},\"headline\":\"MG Tech d\u00e9voilera son nouveau palettiseur lors de ses futures portes ouvertes\",\"datePublished\":\"2025-05-13T22:22:12+00:00\",\"dateModified\":\"2025-05-15T06:49:35+00:00\",\"mainEntityOfPage\":{\"@id\":\"https:\/\/www.emballagedigest.fr\/mg-tech-devoilera-son-nouveau-palettiseur-lors-de-ses-futures-portes-ouvertes\/\"},\"wordCount\":263,\"publisher\":{\"@id\":\"https:\/\/www.emballagedigest.fr\/#organization\"},\"image\":{\"@id\":\"https:\/\/www.emballagedigest.fr\/mg-tech-devoilera-son-nouveau-palettiseur-lors-de-ses-futures-portes-ouvertes\/#primaryimage\"},\"thumbnailUrl\":\"https:\/\/www.emballagedigest.fr\/wp-content\/uploads\/2025\/05\/MG-TECH.jpg\",\"articleSection\":[\"Article entier\",\"Emballages\",\"Industrie\"],\"inLanguage\":\"en-GB\"},{\"@type\":\"WebPage\",\"@id\":\"https:\/\/www.emballagedigest.fr\/mg-tech-devoilera-son-nouveau-palettiseur-lors-de-ses-futures-portes-ouvertes\/\",\"url\":\"https:\/\/www.emballagedigest.fr\/mg-tech-devoilera-son-nouveau-palettiseur-lors-de-ses-futures-portes-ouvertes\/\",\"name\":\"MG Tech d\u00e9voilera son nouveau palettiseur lors de ses futures portes ouvertes - Emballage Digest\",\"isPartOf\":{\"@id\":\"https:\/\/www.emballagedigest.fr\/#website\"},\"primaryImageOfPage\":{\"@id\":\"https:\/\/www.emballagedigest.fr\/mg-tech-devoilera-son-nouveau-palettiseur-lors-de-ses-futures-portes-ouvertes\/#primaryimage\"},\"image\":{\"@id\":\"https:\/\/www.emballagedigest.fr\/mg-tech-devoilera-son-nouveau-palettiseur-lors-de-ses-futures-portes-ouvertes\/#primaryimage\"},\"thumbnailUrl\":\"https:\/\/www.emballagedigest.fr\/wp-content\/uploads\/2025\/05\/MG-TECH.jpg\",\"datePublished\":\"2025-05-13T22:22:12+00:00\",\"dateModified\":\"2025-05-15T06:49:35+00:00\",\"breadcrumb\":{\"@id\":\"https:\/\/www.emballagedigest.fr\/mg-tech-devoilera-son-nouveau-palettiseur-lors-de-ses-futures-portes-ouvertes\/#breadcrumb\"},\"inLanguage\":\"en-GB\",\"potentialAction\":[{\"@type\":\"ReadAction\",\"target\":[\"https:\/\/www.emballagedigest.fr\/mg-tech-devoilera-son-nouveau-palettiseur-lors-de-ses-futures-portes-ouvertes\/\"]}]},{\"@type\":\"ImageObject\",\"inLanguage\":\"en-GB\",\"@id\":\"https:\/\/www.emballagedigest.fr\/mg-tech-devoilera-son-nouveau-palettiseur-lors-de-ses-futures-portes-ouvertes\/#primaryimage\",\"url\":\"https:\/\/www.emballagedigest.fr\/wp-content\/uploads\/2025\/05\/MG-TECH.jpg\",\"contentUrl\":\"https:\/\/www.emballagedigest.fr\/wp-content\/uploads\/2025\/05\/MG-TECH.jpg\",\"width\":796,\"height\":600},{\"@type\":\"BreadcrumbList\",\"@id\":\"https:\/\/www.emballagedigest.fr\/mg-tech-devoilera-son-nouveau-palettiseur-lors-de-ses-futures-portes-ouvertes\/#breadcrumb\",\"itemListElement\":[{\"@type\":\"ListItem\",\"position\":1,\"name\":\"Accueil\",\"item\":\"https:\/\/www.emballagedigest.fr\/\"},{\"@type\":\"ListItem\",\"position\":2,\"name\":\"MG Tech d\u00e9voilera son nouveau palettiseur lors de ses futures portes ouvertes\"}]},{\"@type\":\"WebSite\",\"@id\":\"https:\/\/www.emballagedigest.fr\/#website\",\"url\":\"https:\/\/www.emballagedigest.fr\/\",\"name\":\"Emballage Digest\",\"description\":\"Revue professionnelle sur les emballages\",\"publisher\":{\"@id\":\"https:\/\/www.emballagedigest.fr\/#organization\"},\"potentialAction\":[{\"@type\":\"SearchAction\",\"target\":{\"@type\":\"EntryPoint\",\"urlTemplate\":\"https:\/\/www.emballagedigest.fr\/?s={search_term_string}\"},\"query-input\":{\"@type\":\"PropertyValueSpecification\",\"valueRequired\":true,\"valueName\":\"search_term_string\"}}],\"inLanguage\":\"en-GB\"},{\"@type\":\"Organization\",\"@id\":\"https:\/\/www.emballagedigest.fr\/#organization\",\"name\":\"Emballage Digest\",\"url\":\"https:\/\/www.emballagedigest.fr\/\",\"logo\":{\"@type\":\"ImageObject\",\"inLanguage\":\"en-GB\",\"@id\":\"https:\/\/www.emballagedigest.fr\/#\/schema\/logo\/image\/\",\"url\":\"https:\/\/www.emballagedigest.fr\/wp-content\/uploads\/2022\/07\/logo-ed.png\",\"contentUrl\":\"https:\/\/www.emballagedigest.fr\/wp-content\/uploads\/2022\/07\/logo-ed.png\",\"width\":379,\"height\":75,\"caption\":\"Emballage Digest\"},\"image\":{\"@id\":\"https:\/\/www.emballagedigest.fr\/#\/schema\/logo\/image\/\"}},{\"@type\":\"Person\",\"@id\":\"https:\/\/www.emballagedigest.fr\/#\/schema\/person\/76abe9f2b2ee4d3d520594c7a35da59f\",\"name\":\"Karine Duval\",\"image\":{\"@type\":\"ImageObject\",\"inLanguage\":\"en-GB\",\"@id\":\"https:\/\/www.emballagedigest.fr\/#\/schema\/person\/image\/\",\"url\":\"https:\/\/secure.gravatar.com\/avatar\/f552799261cdd2e076e6677d780ef07bdb13aa4c196ab75b39abcbcdcae2d4e5?s=96&d=mm&r=g\",\"contentUrl\":\"https:\/\/secure.gravatar.com\/avatar\/f552799261cdd2e076e6677d780ef07bdb13aa4c196ab75b39abcbcdcae2d4e5?s=96&d=mm&r=g\",\"caption\":\"Karine Duval\"},\"url\":\"https:\/\/www.emballagedigest.fr\/en\/author\/admin_karduv\/\"}]}<\/script>\n<!-- \/ Yoast SEO plugin. -->","yoast_head_json":{"title":"MG Tech d\u00e9voilera son nouveau palettiseur lors de ses futures portes ouvertes - Emballage Digest","robots":{"index":"index","follow":"follow","max-snippet":"max-snippet:-1","max-image-preview":"max-image-preview:large","max-video-preview":"max-video-preview:-1"},"canonical":"https:\/\/www.emballagedigest.fr\/en\/mg-tech-devoilera-son-nouveau-palettiseur-lors-de-ses-futures-portes-ouvertes\/","og_locale":"en_GB","og_type":"article","og_title":"MG Tech d\u00e9voilera son nouveau palettiseur lors de ses futures portes ouvertes - Emballage Digest","og_description":"MG Tech, sp\u00e9cialiste de la conception et fabrication d\u2019\u00e9quipements pour les fins de lignes de conditionnement dans les secteurs de l\u2019agroalimentaire, de la pharma-cosm\u00e9tique et de la logistique, pr\u00e9sentera son nouveau palettiseur TOMA\u2122 lors de deux journ\u00e9es portes ouvertes les jeudi 22 et vendredi 23 mai 2025 sur son site de Champtoc\u00e9-sur-Loire, dans le Maine-et-Loire. [&hellip;]","og_url":"https:\/\/www.emballagedigest.fr\/en\/mg-tech-devoilera-son-nouveau-palettiseur-lors-de-ses-futures-portes-ouvertes\/","og_site_name":"Emballage Digest","article_published_time":"2025-05-13T22:22:12+00:00","article_modified_time":"2025-05-15T06:49:35+00:00","og_image":[{"width":796,"height":600,"url":"https:\/\/www.emballagedigest.fr\/wp-content\/uploads\/2025\/05\/MG-TECH.jpg","type":"image\/jpeg"}],"author":"Karine Duval","twitter_card":"summary_large_image","twitter_misc":{"Written by":"Karine Duval","Estimated reading time":"2 minutes"},"schema":{"@context":"https:\/\/schema.org","@graph":[{"@type":"Article","@id":"https:\/\/www.emballagedigest.fr\/mg-tech-devoilera-son-nouveau-palettiseur-lors-de-ses-futures-portes-ouvertes\/#article","isPartOf":{"@id":"https:\/\/www.emballagedigest.fr\/mg-tech-devoilera-son-nouveau-palettiseur-lors-de-ses-futures-portes-ouvertes\/"},"author":{"name":"Karine Duval","@id":"https:\/\/www.emballagedigest.fr\/#\/schema\/person\/76abe9f2b2ee4d3d520594c7a35da59f"},"headline":"MG Tech d\u00e9voilera son nouveau palettiseur lors de ses futures portes ouvertes","datePublished":"2025-05-13T22:22:12+00:00","dateModified":"2025-05-15T06:49:35+00:00","mainEntityOfPage":{"@id":"https:\/\/www.emballagedigest.fr\/mg-tech-devoilera-son-nouveau-palettiseur-lors-de-ses-futures-portes-ouvertes\/"},"wordCount":263,"publisher":{"@id":"https:\/\/www.emballagedigest.fr\/#organization"},"image":{"@id":"https:\/\/www.emballagedigest.fr\/mg-tech-devoilera-son-nouveau-palettiseur-lors-de-ses-futures-portes-ouvertes\/#primaryimage"},"thumbnailUrl":"https:\/\/www.emballagedigest.fr\/wp-content\/uploads\/2025\/05\/MG-TECH.jpg","articleSection":["Article entier","Emballages","Industrie"],"inLanguage":"en-GB"},{"@type":"WebPage","@id":"https:\/\/www.emballagedigest.fr\/mg-tech-devoilera-son-nouveau-palettiseur-lors-de-ses-futures-portes-ouvertes\/","url":"https:\/\/www.emballagedigest.fr\/mg-tech-devoilera-son-nouveau-palettiseur-lors-de-ses-futures-portes-ouvertes\/","name":"MG Tech d\u00e9voilera son nouveau palettiseur lors de ses futures portes ouvertes - Emballage Digest","isPartOf":{"@id":"https:\/\/www.emballagedigest.fr\/#website"},"primaryImageOfPage":{"@id":"https:\/\/www.emballagedigest.fr\/mg-tech-devoilera-son-nouveau-palettiseur-lors-de-ses-futures-portes-ouvertes\/#primaryimage"},"image":{"@id":"https:\/\/www.emballagedigest.fr\/mg-tech-devoilera-son-nouveau-palettiseur-lors-de-ses-futures-portes-ouvertes\/#primaryimage"},"thumbnailUrl":"https:\/\/www.emballagedigest.fr\/wp-content\/uploads\/2025\/05\/MG-TECH.jpg","datePublished":"2025-05-13T22:22:12+00:00","dateModified":"2025-05-15T06:49:35+00:00","breadcrumb":{"@id":"https:\/\/www.emballagedigest.fr\/mg-tech-devoilera-son-nouveau-palettiseur-lors-de-ses-futures-portes-ouvertes\/#breadcrumb"},"inLanguage":"en-GB","potentialAction":[{"@type":"ReadAction","target":["https:\/\/www.emballagedigest.fr\/mg-tech-devoilera-son-nouveau-palettiseur-lors-de-ses-futures-portes-ouvertes\/"]}]},{"@type":"ImageObject","inLanguage":"en-GB","@id":"https:\/\/www.emballagedigest.fr\/mg-tech-devoilera-son-nouveau-palettiseur-lors-de-ses-futures-portes-ouvertes\/#primaryimage","url":"https:\/\/www.emballagedigest.fr\/wp-content\/uploads\/2025\/05\/MG-TECH.jpg","contentUrl":"https:\/\/www.emballagedigest.fr\/wp-content\/uploads\/2025\/05\/MG-TECH.jpg","width":796,"height":600},{"@type":"BreadcrumbList","@id":"https:\/\/www.emballagedigest.fr\/mg-tech-devoilera-son-nouveau-palettiseur-lors-de-ses-futures-portes-ouvertes\/#breadcrumb","itemListElement":[{"@type":"ListItem","position":1,"name":"Accueil","item":"https:\/\/www.emballagedigest.fr\/"},{"@type":"ListItem","position":2,"name":"MG Tech d\u00e9voilera son nouveau palettiseur lors de ses futures portes ouvertes"}]},{"@type":"WebSite","@id":"https:\/\/www.emballagedigest.fr\/#website","url":"https:\/\/www.emballagedigest.fr\/","name":"Emballage Digest","description":"Revue professionnelle sur les emballages","publisher":{"@id":"https:\/\/www.emballagedigest.fr\/#organization"},"potentialAction":[{"@type":"SearchAction","target":{"@type":"EntryPoint","urlTemplate":"https:\/\/www.emballagedigest.fr\/?s={search_term_string}"},"query-input":{"@type":"PropertyValueSpecification","valueRequired":true,"valueName":"search_term_string"}}],"inLanguage":"en-GB"},{"@type":"Organization","@id":"https:\/\/www.emballagedigest.fr\/#organization","name":"Emballage Digest","url":"https:\/\/www.emballagedigest.fr\/","logo":{"@type":"ImageObject","inLanguage":"en-GB","@id":"https:\/\/www.emballagedigest.fr\/#\/schema\/logo\/image\/","url":"https:\/\/www.emballagedigest.fr\/wp-content\/uploads\/2022\/07\/logo-ed.png","contentUrl":"https:\/\/www.emballagedigest.fr\/wp-content\/uploads\/2022\/07\/logo-ed.png","width":379,"height":75,"caption":"Emballage Digest"},"image":{"@id":"https:\/\/www.emballagedigest.fr\/#\/schema\/logo\/image\/"}},{"@type":"Person","@id":"https:\/\/www.emballagedigest.fr\/#\/schema\/person\/76abe9f2b2ee4d3d520594c7a35da59f","name":"Karine Duval","image":{"@type":"ImageObject","inLanguage":"en-GB","@id":"https:\/\/www.emballagedigest.fr\/#\/schema\/person\/image\/","url":"https:\/\/secure.gravatar.com\/avatar\/f552799261cdd2e076e6677d780ef07bdb13aa4c196ab75b39abcbcdcae2d4e5?s=96&d=mm&r=g","contentUrl":"https:\/\/secure.gravatar.com\/avatar\/f552799261cdd2e076e6677d780ef07bdb13aa4c196ab75b39abcbcdcae2d4e5?s=96&d=mm&r=g","caption":"Karine Duval"},"url":"https:\/\/www.emballagedigest.fr\/en\/author\/admin_karduv\/"}]}},"_links":{"self":[{"href":"https:\/\/www.emballagedigest.fr\/en\/wp-json\/wp\/v2\/posts\/44509","targetHints":{"allow":["GET"]}}],"collection":[{"href":"https:\/\/www.emballagedigest.fr\/en\/wp-json\/wp\/v2\/posts"}],"about":[{"href":"https:\/\/www.emballagedigest.fr\/en\/wp-json\/wp\/v2\/types\/post"}],"author":[{"embeddable":true,"href":"https:\/\/www.emballagedigest.fr\/en\/wp-json\/wp\/v2\/users\/2"}],"replies":[{"embeddable":true,"href":"https:\/\/www.emballagedigest.fr\/en\/wp-json\/wp\/v2\/comments?post=44509"}],"version-history":[{"count":1,"href":"https:\/\/www.emballagedigest.fr\/en\/wp-json\/wp\/v2\/posts\/44509\/revisions"}],"predecessor-version":[{"id":44511,"href":"https:\/\/www.emballagedigest.fr\/en\/wp-json\/wp\/v2\/posts\/44509\/revisions\/44511"}],"wp:featuredmedia":[{"embeddable":true,"href":"https:\/\/www.emballagedigest.fr\/en\/wp-json\/wp\/v2\/media\/44510"}],"wp:attachment":[{"href":"https:\/\/www.emballagedigest.fr\/en\/wp-json\/wp\/v2\/media?parent=44509"}],"wp:term":[{"taxonomy":"category","embeddable":true,"href":"https:\/\/www.emballagedigest.fr\/en\/wp-json\/wp\/v2\/categories?post=44509"},{"taxonomy":"post_tag","embeddable":true,"href":"https:\/\/www.emballagedigest.fr\/en\/wp-json\/wp\/v2\/tags?post=44509"}],"curies":[{"name":"wp","href":"https:\/\/api.w.org\/{rel}","templated":true}]}}