{"id":44532,"date":"2025-05-16T09:14:57","date_gmt":"2025-05-16T07:14:57","guid":{"rendered":"https:\/\/www.emballagedigest.fr\/?p=44532"},"modified":"2025-05-16T09:14:59","modified_gmt":"2025-05-16T07:14:59","slug":"raja-nomme-sa-nouvelle-directrice-rse-et-developpement-durable","status":"publish","type":"post","link":"https:\/\/www.emballagedigest.fr\/en\/raja-nomme-sa-nouvelle-directrice-rse-et-developpement-durable\/","title":{"rendered":"Raja nomme sa nouvelle directrice RSE et d\u00e9veloppement durable"},"content":{"rendered":"<p><strong>Le groupe Raja, le premier distributeur europ\u00e9en d&#8217;emballages, de fournitures et d&rsquo;\u00e9quipements pour l&rsquo;entreprise, a nomm\u00e9 Caroline Elisseche, 46 ans, au poste de directrice RSE et du d\u00e9veloppement durable Groupe. Elle rejoint \u00e9galement le comit\u00e9 de direction. Ses missions comprennent la d\u00e9finition et le pilotage de la strat\u00e9gie de d\u00e9carbonation du groupe ainsi que le reporting extra-financier au niveau international.<\/strong><\/p>\n\n\n\n<p>Rattach\u00e9e \u00e0 Brice Kapelusz, membre du comit\u00e9 ex\u00e9cutif, elle est charg\u00e9e de d\u00e9finir et de piloter la strat\u00e9gie RSE et de d\u00e9veloppement durable de l\u2019ensemble du Groupe Raja et de ses 27 entreprises, dans 19 pays. En&nbsp;coordination avec les r\u00e9f\u00e9rents RSE de chacune d\u2019elles, Caroline et son \u00e9quipe se concentreront sur&nbsp;la d\u00e9finition et la mise en \u0153uvre duplan de d\u00e9carbonation du groupe&nbsp;; le suivi de sa cha\u00eene d\u2019approvisionnement et la veille de conformit\u00e9 de ses produits et services, notamment en mati\u00e8re de durabilit\u00e9 de emballages et de lutte contre la d\u00e9forestation ainsi que l\u2019\u00e9valuation et la publication de la performance extra-financi\u00e8re du Groupe RAJA dans le cadre de la directive europ\u00e9enne CSRD mais \u00e9galement l\u2019accompagnement des \u00e9quipes commerciales dans les relations avec les clients.&nbsp;<\/p>\n\n\n\n<p>Titulaire d\u2019un MBA de l\u2019ESSEC et d\u2019un master Management strat\u00e9gique et conseil (MSC) de l&rsquo;Universit\u00e9 Paris-Dauphine, Caroline Elisseche occupait pr\u00e9c\u00e9demment le poste de directrice RSE de Sodexo France (32&nbsp;000&nbsp;salari\u00e9s), o\u00f9 elle a travaill\u00e9 plus de 12 ans. Elle y a notamment occup\u00e9 les postes de directrice strat\u00e9gie, RSE et relations clients du p\u00f4le Sant\u00e9 M\u00e9dico-Social (2019-2022) et de responsable de la planification strat\u00e9gique Groupe (2017-2019).<\/p>\n\n\n\n<p>Caroline Elisseche a \u00e9galement exerc\u00e9 les fonctions de \u00ab&nbsp;Business Strategy Manager&nbsp;\u00bb chez Sony (2008-2012) et de \u00ab&nbsp;Manager Sales &amp; Administration Vending Service&nbsp;\u00bb chez Coca-Cola (2004-2008), apr\u00e8s plusieurs ann\u00e9es de conseil chez OC&amp;C Strategy Consultants.<\/p>","protected":false},"excerpt":{"rendered":"<p>Le groupe Raja, le premier distributeur europ\u00e9en d&#8217;emballages, de fournitures et d&rsquo;\u00e9quipements pour l&rsquo;entreprise, a nomm\u00e9 Caroline Elisseche, 46 ans, au poste de directrice RSE et du d\u00e9veloppement durable Groupe. Elle rejoint \u00e9galement le comit\u00e9 de direction. Ses missions comprennent la d\u00e9finition et le pilotage de la strat\u00e9gie de d\u00e9carbonation du groupe ainsi que le [&hellip;]<\/p>","protected":false},"author":2,"featured_media":44533,"comment_status":"closed","ping_status":"closed","sticky":false,"template":"","format":"standard","meta":{"_acf_changed":false,"inline_featured_image":false,"iawp_total_views":1,"footnotes":""},"categories":[28,11,8,76],"tags":[],"class_list":["post-44532","post","type-post","status-publish","format-standard","has-post-thumbnail","hentry","category-article-entier","category-emballages","category-industrie","category-nomination"],"acf":[],"yoast_head":"<!-- This site is optimized with the Yoast SEO plugin v24.4 - https:\/\/yoast.com\/wordpress\/plugins\/seo\/ -->\n<title>Raja nomme sa nouvelle directrice RSE et d\u00e9veloppement durable - Emballage Digest<\/title>\n<meta name=\"robots\" content=\"index, follow, max-snippet:-1, max-image-preview:large, max-video-preview:-1\" \/>\n<link rel=\"canonical\" href=\"https:\/\/www.emballagedigest.fr\/en\/raja-nomme-sa-nouvelle-directrice-rse-et-developpement-durable\/\" \/>\n<meta property=\"og:locale\" content=\"en_GB\" \/>\n<meta property=\"og:type\" content=\"article\" \/>\n<meta property=\"og:title\" content=\"Raja nomme sa nouvelle directrice RSE et d\u00e9veloppement durable - Emballage Digest\" \/>\n<meta property=\"og:description\" content=\"Le groupe Raja, le premier distributeur europ\u00e9en d&#8217;emballages, de fournitures et d&rsquo;\u00e9quipements pour l&rsquo;entreprise, a nomm\u00e9 Caroline Elisseche, 46 ans, au poste de directrice RSE et du d\u00e9veloppement durable Groupe. Elle rejoint \u00e9galement le comit\u00e9 de direction. Ses missions comprennent la d\u00e9finition et le pilotage de la strat\u00e9gie de d\u00e9carbonation du groupe ainsi que le [&hellip;]\" \/>\n<meta property=\"og:url\" content=\"https:\/\/www.emballagedigest.fr\/en\/raja-nomme-sa-nouvelle-directrice-rse-et-developpement-durable\/\" \/>\n<meta property=\"og:site_name\" content=\"Emballage Digest\" \/>\n<meta property=\"article:published_time\" content=\"2025-05-16T07:14:57+00:00\" \/>\n<meta property=\"article:modified_time\" content=\"2025-05-16T07:14:59+00:00\" \/>\n<meta property=\"og:image\" content=\"https:\/\/www.emballagedigest.fr\/wp-content\/uploads\/2025\/05\/raja.jpg\" \/>\n\t<meta property=\"og:image:width\" content=\"800\" \/>\n\t<meta property=\"og:image:height\" content=\"561\" \/>\n\t<meta property=\"og:image:type\" content=\"image\/jpeg\" \/>\n<meta name=\"author\" content=\"Karine Duval\" \/>\n<meta name=\"twitter:card\" content=\"summary_large_image\" \/>\n<meta name=\"twitter:label1\" content=\"Written by\" \/>\n\t<meta name=\"twitter:data1\" content=\"Karine Duval\" \/>\n\t<meta name=\"twitter:label2\" content=\"Estimated reading time\" \/>\n\t<meta name=\"twitter:data2\" content=\"2 minutes\" \/>\n<script type=\"application\/ld+json\" class=\"yoast-schema-graph\">{\"@context\":\"https:\/\/schema.org\",\"@graph\":[{\"@type\":\"Article\",\"@id\":\"https:\/\/www.emballagedigest.fr\/raja-nomme-sa-nouvelle-directrice-rse-et-developpement-durable\/#article\",\"isPartOf\":{\"@id\":\"https:\/\/www.emballagedigest.fr\/raja-nomme-sa-nouvelle-directrice-rse-et-developpement-durable\/\"},\"author\":{\"name\":\"Karine Duval\",\"@id\":\"https:\/\/www.emballagedigest.fr\/#\/schema\/person\/76abe9f2b2ee4d3d520594c7a35da59f\"},\"headline\":\"Raja nomme sa nouvelle directrice RSE et d\u00e9veloppement durable\",\"datePublished\":\"2025-05-16T07:14:57+00:00\",\"dateModified\":\"2025-05-16T07:14:59+00:00\",\"mainEntityOfPage\":{\"@id\":\"https:\/\/www.emballagedigest.fr\/raja-nomme-sa-nouvelle-directrice-rse-et-developpement-durable\/\"},\"wordCount\":344,\"publisher\":{\"@id\":\"https:\/\/www.emballagedigest.fr\/#organization\"},\"image\":{\"@id\":\"https:\/\/www.emballagedigest.fr\/raja-nomme-sa-nouvelle-directrice-rse-et-developpement-durable\/#primaryimage\"},\"thumbnailUrl\":\"https:\/\/www.emballagedigest.fr\/wp-content\/uploads\/2025\/05\/raja.jpg\",\"articleSection\":[\"Article entier\",\"Emballages\",\"Industrie\",\"Nomination\"],\"inLanguage\":\"en-GB\"},{\"@type\":\"WebPage\",\"@id\":\"https:\/\/www.emballagedigest.fr\/raja-nomme-sa-nouvelle-directrice-rse-et-developpement-durable\/\",\"url\":\"https:\/\/www.emballagedigest.fr\/raja-nomme-sa-nouvelle-directrice-rse-et-developpement-durable\/\",\"name\":\"Raja nomme sa nouvelle directrice RSE et d\u00e9veloppement durable - Emballage Digest\",\"isPartOf\":{\"@id\":\"https:\/\/www.emballagedigest.fr\/#website\"},\"primaryImageOfPage\":{\"@id\":\"https:\/\/www.emballagedigest.fr\/raja-nomme-sa-nouvelle-directrice-rse-et-developpement-durable\/#primaryimage\"},\"image\":{\"@id\":\"https:\/\/www.emballagedigest.fr\/raja-nomme-sa-nouvelle-directrice-rse-et-developpement-durable\/#primaryimage\"},\"thumbnailUrl\":\"https:\/\/www.emballagedigest.fr\/wp-content\/uploads\/2025\/05\/raja.jpg\",\"datePublished\":\"2025-05-16T07:14:57+00:00\",\"dateModified\":\"2025-05-16T07:14:59+00:00\",\"breadcrumb\":{\"@id\":\"https:\/\/www.emballagedigest.fr\/raja-nomme-sa-nouvelle-directrice-rse-et-developpement-durable\/#breadcrumb\"},\"inLanguage\":\"en-GB\",\"potentialAction\":[{\"@type\":\"ReadAction\",\"target\":[\"https:\/\/www.emballagedigest.fr\/raja-nomme-sa-nouvelle-directrice-rse-et-developpement-durable\/\"]}]},{\"@type\":\"ImageObject\",\"inLanguage\":\"en-GB\",\"@id\":\"https:\/\/www.emballagedigest.fr\/raja-nomme-sa-nouvelle-directrice-rse-et-developpement-durable\/#primaryimage\",\"url\":\"https:\/\/www.emballagedigest.fr\/wp-content\/uploads\/2025\/05\/raja.jpg\",\"contentUrl\":\"https:\/\/www.emballagedigest.fr\/wp-content\/uploads\/2025\/05\/raja.jpg\",\"width\":800,\"height\":561},{\"@type\":\"BreadcrumbList\",\"@id\":\"https:\/\/www.emballagedigest.fr\/raja-nomme-sa-nouvelle-directrice-rse-et-developpement-durable\/#breadcrumb\",\"itemListElement\":[{\"@type\":\"ListItem\",\"position\":1,\"name\":\"Accueil\",\"item\":\"https:\/\/www.emballagedigest.fr\/\"},{\"@type\":\"ListItem\",\"position\":2,\"name\":\"Raja nomme sa nouvelle directrice RSE et d\u00e9veloppement durable\"}]},{\"@type\":\"WebSite\",\"@id\":\"https:\/\/www.emballagedigest.fr\/#website\",\"url\":\"https:\/\/www.emballagedigest.fr\/\",\"name\":\"Emballage Digest\",\"description\":\"Revue professionnelle sur les emballages\",\"publisher\":{\"@id\":\"https:\/\/www.emballagedigest.fr\/#organization\"},\"potentialAction\":[{\"@type\":\"SearchAction\",\"target\":{\"@type\":\"EntryPoint\",\"urlTemplate\":\"https:\/\/www.emballagedigest.fr\/?s={search_term_string}\"},\"query-input\":{\"@type\":\"PropertyValueSpecification\",\"valueRequired\":true,\"valueName\":\"search_term_string\"}}],\"inLanguage\":\"en-GB\"},{\"@type\":\"Organization\",\"@id\":\"https:\/\/www.emballagedigest.fr\/#organization\",\"name\":\"Emballage Digest\",\"url\":\"https:\/\/www.emballagedigest.fr\/\",\"logo\":{\"@type\":\"ImageObject\",\"inLanguage\":\"en-GB\",\"@id\":\"https:\/\/www.emballagedigest.fr\/#\/schema\/logo\/image\/\",\"url\":\"https:\/\/www.emballagedigest.fr\/wp-content\/uploads\/2022\/07\/logo-ed.png\",\"contentUrl\":\"https:\/\/www.emballagedigest.fr\/wp-content\/uploads\/2022\/07\/logo-ed.png\",\"width\":379,\"height\":75,\"caption\":\"Emballage Digest\"},\"image\":{\"@id\":\"https:\/\/www.emballagedigest.fr\/#\/schema\/logo\/image\/\"}},{\"@type\":\"Person\",\"@id\":\"https:\/\/www.emballagedigest.fr\/#\/schema\/person\/76abe9f2b2ee4d3d520594c7a35da59f\",\"name\":\"Karine Duval\",\"image\":{\"@type\":\"ImageObject\",\"inLanguage\":\"en-GB\",\"@id\":\"https:\/\/www.emballagedigest.fr\/#\/schema\/person\/image\/\",\"url\":\"https:\/\/secure.gravatar.com\/avatar\/f552799261cdd2e076e6677d780ef07bdb13aa4c196ab75b39abcbcdcae2d4e5?s=96&d=mm&r=g\",\"contentUrl\":\"https:\/\/secure.gravatar.com\/avatar\/f552799261cdd2e076e6677d780ef07bdb13aa4c196ab75b39abcbcdcae2d4e5?s=96&d=mm&r=g\",\"caption\":\"Karine Duval\"},\"url\":\"https:\/\/www.emballagedigest.fr\/en\/author\/admin_karduv\/\"}]}<\/script>\n<!-- \/ Yoast SEO plugin. -->","yoast_head_json":{"title":"Raja nomme sa nouvelle directrice RSE et d\u00e9veloppement durable - Emballage Digest","robots":{"index":"index","follow":"follow","max-snippet":"max-snippet:-1","max-image-preview":"max-image-preview:large","max-video-preview":"max-video-preview:-1"},"canonical":"https:\/\/www.emballagedigest.fr\/en\/raja-nomme-sa-nouvelle-directrice-rse-et-developpement-durable\/","og_locale":"en_GB","og_type":"article","og_title":"Raja nomme sa nouvelle directrice RSE et d\u00e9veloppement durable - Emballage Digest","og_description":"Le groupe Raja, le premier distributeur europ\u00e9en d&#8217;emballages, de fournitures et d&rsquo;\u00e9quipements pour l&rsquo;entreprise, a nomm\u00e9 Caroline Elisseche, 46 ans, au poste de directrice RSE et du d\u00e9veloppement durable Groupe. Elle rejoint \u00e9galement le comit\u00e9 de direction. Ses missions comprennent la d\u00e9finition et le pilotage de la strat\u00e9gie de d\u00e9carbonation du groupe ainsi que le [&hellip;]","og_url":"https:\/\/www.emballagedigest.fr\/en\/raja-nomme-sa-nouvelle-directrice-rse-et-developpement-durable\/","og_site_name":"Emballage Digest","article_published_time":"2025-05-16T07:14:57+00:00","article_modified_time":"2025-05-16T07:14:59+00:00","og_image":[{"width":800,"height":561,"url":"https:\/\/www.emballagedigest.fr\/wp-content\/uploads\/2025\/05\/raja.jpg","type":"image\/jpeg"}],"author":"Karine Duval","twitter_card":"summary_large_image","twitter_misc":{"Written by":"Karine Duval","Estimated reading time":"2 minutes"},"schema":{"@context":"https:\/\/schema.org","@graph":[{"@type":"Article","@id":"https:\/\/www.emballagedigest.fr\/raja-nomme-sa-nouvelle-directrice-rse-et-developpement-durable\/#article","isPartOf":{"@id":"https:\/\/www.emballagedigest.fr\/raja-nomme-sa-nouvelle-directrice-rse-et-developpement-durable\/"},"author":{"name":"Karine Duval","@id":"https:\/\/www.emballagedigest.fr\/#\/schema\/person\/76abe9f2b2ee4d3d520594c7a35da59f"},"headline":"Raja nomme sa nouvelle directrice RSE et d\u00e9veloppement durable","datePublished":"2025-05-16T07:14:57+00:00","dateModified":"2025-05-16T07:14:59+00:00","mainEntityOfPage":{"@id":"https:\/\/www.emballagedigest.fr\/raja-nomme-sa-nouvelle-directrice-rse-et-developpement-durable\/"},"wordCount":344,"publisher":{"@id":"https:\/\/www.emballagedigest.fr\/#organization"},"image":{"@id":"https:\/\/www.emballagedigest.fr\/raja-nomme-sa-nouvelle-directrice-rse-et-developpement-durable\/#primaryimage"},"thumbnailUrl":"https:\/\/www.emballagedigest.fr\/wp-content\/uploads\/2025\/05\/raja.jpg","articleSection":["Article entier","Emballages","Industrie","Nomination"],"inLanguage":"en-GB"},{"@type":"WebPage","@id":"https:\/\/www.emballagedigest.fr\/raja-nomme-sa-nouvelle-directrice-rse-et-developpement-durable\/","url":"https:\/\/www.emballagedigest.fr\/raja-nomme-sa-nouvelle-directrice-rse-et-developpement-durable\/","name":"Raja nomme sa nouvelle directrice RSE et d\u00e9veloppement durable - Emballage Digest","isPartOf":{"@id":"https:\/\/www.emballagedigest.fr\/#website"},"primaryImageOfPage":{"@id":"https:\/\/www.emballagedigest.fr\/raja-nomme-sa-nouvelle-directrice-rse-et-developpement-durable\/#primaryimage"},"image":{"@id":"https:\/\/www.emballagedigest.fr\/raja-nomme-sa-nouvelle-directrice-rse-et-developpement-durable\/#primaryimage"},"thumbnailUrl":"https:\/\/www.emballagedigest.fr\/wp-content\/uploads\/2025\/05\/raja.jpg","datePublished":"2025-05-16T07:14:57+00:00","dateModified":"2025-05-16T07:14:59+00:00","breadcrumb":{"@id":"https:\/\/www.emballagedigest.fr\/raja-nomme-sa-nouvelle-directrice-rse-et-developpement-durable\/#breadcrumb"},"inLanguage":"en-GB","potentialAction":[{"@type":"ReadAction","target":["https:\/\/www.emballagedigest.fr\/raja-nomme-sa-nouvelle-directrice-rse-et-developpement-durable\/"]}]},{"@type":"ImageObject","inLanguage":"en-GB","@id":"https:\/\/www.emballagedigest.fr\/raja-nomme-sa-nouvelle-directrice-rse-et-developpement-durable\/#primaryimage","url":"https:\/\/www.emballagedigest.fr\/wp-content\/uploads\/2025\/05\/raja.jpg","contentUrl":"https:\/\/www.emballagedigest.fr\/wp-content\/uploads\/2025\/05\/raja.jpg","width":800,"height":561},{"@type":"BreadcrumbList","@id":"https:\/\/www.emballagedigest.fr\/raja-nomme-sa-nouvelle-directrice-rse-et-developpement-durable\/#breadcrumb","itemListElement":[{"@type":"ListItem","position":1,"name":"Accueil","item":"https:\/\/www.emballagedigest.fr\/"},{"@type":"ListItem","position":2,"name":"Raja nomme sa nouvelle directrice RSE et d\u00e9veloppement durable"}]},{"@type":"WebSite","@id":"https:\/\/www.emballagedigest.fr\/#website","url":"https:\/\/www.emballagedigest.fr\/","name":"Emballage Digest","description":"Revue professionnelle sur les emballages","publisher":{"@id":"https:\/\/www.emballagedigest.fr\/#organization"},"potentialAction":[{"@type":"SearchAction","target":{"@type":"EntryPoint","urlTemplate":"https:\/\/www.emballagedigest.fr\/?s={search_term_string}"},"query-input":{"@type":"PropertyValueSpecification","valueRequired":true,"valueName":"search_term_string"}}],"inLanguage":"en-GB"},{"@type":"Organization","@id":"https:\/\/www.emballagedigest.fr\/#organization","name":"Emballage Digest","url":"https:\/\/www.emballagedigest.fr\/","logo":{"@type":"ImageObject","inLanguage":"en-GB","@id":"https:\/\/www.emballagedigest.fr\/#\/schema\/logo\/image\/","url":"https:\/\/www.emballagedigest.fr\/wp-content\/uploads\/2022\/07\/logo-ed.png","contentUrl":"https:\/\/www.emballagedigest.fr\/wp-content\/uploads\/2022\/07\/logo-ed.png","width":379,"height":75,"caption":"Emballage Digest"},"image":{"@id":"https:\/\/www.emballagedigest.fr\/#\/schema\/logo\/image\/"}},{"@type":"Person","@id":"https:\/\/www.emballagedigest.fr\/#\/schema\/person\/76abe9f2b2ee4d3d520594c7a35da59f","name":"Karine Duval","image":{"@type":"ImageObject","inLanguage":"en-GB","@id":"https:\/\/www.emballagedigest.fr\/#\/schema\/person\/image\/","url":"https:\/\/secure.gravatar.com\/avatar\/f552799261cdd2e076e6677d780ef07bdb13aa4c196ab75b39abcbcdcae2d4e5?s=96&d=mm&r=g","contentUrl":"https:\/\/secure.gravatar.com\/avatar\/f552799261cdd2e076e6677d780ef07bdb13aa4c196ab75b39abcbcdcae2d4e5?s=96&d=mm&r=g","caption":"Karine Duval"},"url":"https:\/\/www.emballagedigest.fr\/en\/author\/admin_karduv\/"}]}},"_links":{"self":[{"href":"https:\/\/www.emballagedigest.fr\/en\/wp-json\/wp\/v2\/posts\/44532","targetHints":{"allow":["GET"]}}],"collection":[{"href":"https:\/\/www.emballagedigest.fr\/en\/wp-json\/wp\/v2\/posts"}],"about":[{"href":"https:\/\/www.emballagedigest.fr\/en\/wp-json\/wp\/v2\/types\/post"}],"author":[{"embeddable":true,"href":"https:\/\/www.emballagedigest.fr\/en\/wp-json\/wp\/v2\/users\/2"}],"replies":[{"embeddable":true,"href":"https:\/\/www.emballagedigest.fr\/en\/wp-json\/wp\/v2\/comments?post=44532"}],"version-history":[{"count":1,"href":"https:\/\/www.emballagedigest.fr\/en\/wp-json\/wp\/v2\/posts\/44532\/revisions"}],"predecessor-version":[{"id":44534,"href":"https:\/\/www.emballagedigest.fr\/en\/wp-json\/wp\/v2\/posts\/44532\/revisions\/44534"}],"wp:featuredmedia":[{"embeddable":true,"href":"https:\/\/www.emballagedigest.fr\/en\/wp-json\/wp\/v2\/media\/44533"}],"wp:attachment":[{"href":"https:\/\/www.emballagedigest.fr\/en\/wp-json\/wp\/v2\/media?parent=44532"}],"wp:term":[{"taxonomy":"category","embeddable":true,"href":"https:\/\/www.emballagedigest.fr\/en\/wp-json\/wp\/v2\/categories?post=44532"},{"taxonomy":"post_tag","embeddable":true,"href":"https:\/\/www.emballagedigest.fr\/en\/wp-json\/wp\/v2\/tags?post=44532"}],"curies":[{"name":"wp","href":"https:\/\/api.w.org\/{rel}","templated":true}]}}