{"id":44549,"date":"2025-05-20T00:32:31","date_gmt":"2025-05-19T22:32:31","guid":{"rendered":"https:\/\/www.emballagedigest.fr\/?p=44549"},"modified":"2025-05-21T00:20:16","modified_gmt":"2025-05-20T22:20:16","slug":"ciner-glass-ouvre-un-3e-four-a-lusine-de-park-cam","status":"publish","type":"post","link":"https:\/\/www.emballagedigest.fr\/en\/ciner-glass-ouvre-un-3e-four-a-lusine-de-park-cam\/","title":{"rendered":"Ciner Glass ouvre un 3e four \u00e0 l&rsquo;usine de Park Cam"},"content":{"rendered":"<p><strong>Un troisi\u00e8me four d\u00e9sormais op\u00e9rationnel a \u00e9t\u00e9 inaugur\u00e9 par le verrier Ciner Glass en Turquie. L&rsquo;usine de Park Cam, situ\u00e9e dans la zone industrielle de Boz\u00fcy\u00fck pr\u00e8s d&rsquo;Istanbul, permettra d&rsquo;augmenter la capacit\u00e9 de production de l&rsquo;usine de 50 %.<\/strong><\/p>\n\n\n\n<p>Le four, qui monte lentement en temp\u00e9rature et fonctionnera \u00e0 plein r\u00e9gime d&rsquo;ici la fin du mois de mai, aidera Park Cam \u00e0 produire 1 500 tonnes de verre par jour, ce qui permettra de livrer chaque jour 9 millions de bouteilles \u00e0 des clients en Turquie et en Europe. Objectif pour Ciner Glass&nbsp;: \u00e0 terme, couvrir 25 % du march\u00e9 turc.<\/p>\n\n\n\n<p>Le verrier op\u00e8re en Turquie depuis plus de dix ans et continue de cro\u00eetre \u00e0 un rythme sans pr\u00e9c\u00e9dent. L&rsquo;entreprise a acquis un terrain dans la zone industrielle de Boz\u00fcy\u00fck en 2011, a ouvert sa premi\u00e8re ligne de production en 2013 et a achev\u00e9 sa deuxi\u00e8me ligne en 2015.<\/p>\n\n\n\n<p>L&rsquo;usine de Park Cam produit ainsi des bouteilles plus l\u00e9g\u00e8res que celle du march\u00e9 pour une empreinte carbone r\u00e9duite, r\u00e9pondant aux exigence de ses clients et partenaires en Turquie et dans toute l&rsquo;Europe.<\/p>\n\n\n\n<p>\u00ab Nous sommes ravis d&rsquo;annoncer l&rsquo;ouverture r\u00e9ussie de notre troisi\u00e8me four \u00e0 l&rsquo;usine de Park Cam. Cette \u00e9tape importante est un accomplissement monumental et place l&rsquo;entreprise dans une position id\u00e9ale pour contribuer \u00e0 l&rsquo;expansion de notre capacit\u00e9 de production afin de servir le march\u00e9 europ\u00e9en du verre en pleine croissance. Je tiens \u00e0 remercier l&rsquo;\u00e9quipe pour le travail acharn\u00e9 qu&rsquo;elle a fourni afin d&rsquo;assurer la r\u00e9ussite de notre projet&nbsp;\u00bb, a comment\u00e9 Gokhan Cen, pdg de Ciner Glass, a comment\u00e9 la nouvelle en ces termes.<\/p>","protected":false},"excerpt":{"rendered":"<p>Un troisi\u00e8me four d\u00e9sormais op\u00e9rationnel a \u00e9t\u00e9 inaugur\u00e9 par le verrier Ciner Glass en Turquie. L&rsquo;usine de Park Cam, situ\u00e9e dans la zone industrielle de Boz\u00fcy\u00fck pr\u00e8s d&rsquo;Istanbul, permettra d&rsquo;augmenter la capacit\u00e9 de production de l&rsquo;usine de 50 %. Le four, qui monte lentement en temp\u00e9rature et fonctionnera \u00e0 plein r\u00e9gime d&rsquo;ici la fin du [&hellip;]<\/p>","protected":false},"author":2,"featured_media":44550,"comment_status":"closed","ping_status":"closed","sticky":false,"template":"","format":"standard","meta":{"_acf_changed":false,"inline_featured_image":false,"iawp_total_views":6,"footnotes":""},"categories":[5,28,81],"tags":[],"class_list":["post-44549","post","type-post","status-publish","format-standard","has-post-thumbnail","hentry","category-alimentaire","category-article-entier","category-packaging"],"acf":[],"yoast_head":"<!-- This site is optimized with the Yoast SEO plugin v24.4 - https:\/\/yoast.com\/wordpress\/plugins\/seo\/ -->\n<title>Ciner Glass ouvre un 3e four \u00e0 l&#039;usine de Park Cam - Emballage Digest<\/title>\n<meta name=\"robots\" content=\"index, follow, max-snippet:-1, max-image-preview:large, max-video-preview:-1\" \/>\n<link rel=\"canonical\" href=\"https:\/\/www.emballagedigest.fr\/en\/ciner-glass-ouvre-un-3e-four-a-lusine-de-park-cam\/\" \/>\n<meta property=\"og:locale\" content=\"en_GB\" \/>\n<meta property=\"og:type\" content=\"article\" \/>\n<meta property=\"og:title\" content=\"Ciner Glass ouvre un 3e four \u00e0 l&#039;usine de Park Cam - Emballage Digest\" \/>\n<meta property=\"og:description\" content=\"Un troisi\u00e8me four d\u00e9sormais op\u00e9rationnel a \u00e9t\u00e9 inaugur\u00e9 par le verrier Ciner Glass en Turquie. L&rsquo;usine de Park Cam, situ\u00e9e dans la zone industrielle de Boz\u00fcy\u00fck pr\u00e8s d&rsquo;Istanbul, permettra d&rsquo;augmenter la capacit\u00e9 de production de l&rsquo;usine de 50 %. Le four, qui monte lentement en temp\u00e9rature et fonctionnera \u00e0 plein r\u00e9gime d&rsquo;ici la fin du [&hellip;]\" \/>\n<meta property=\"og:url\" content=\"https:\/\/www.emballagedigest.fr\/en\/ciner-glass-ouvre-un-3e-four-a-lusine-de-park-cam\/\" \/>\n<meta property=\"og:site_name\" content=\"Emballage Digest\" \/>\n<meta property=\"article:published_time\" content=\"2025-05-19T22:32:31+00:00\" \/>\n<meta property=\"article:modified_time\" content=\"2025-05-20T22:20:16+00:00\" \/>\n<meta property=\"og:image\" content=\"https:\/\/www.emballagedigest.fr\/wp-content\/uploads\/2025\/05\/CINER.jpg\" \/>\n\t<meta property=\"og:image:width\" content=\"800\" \/>\n\t<meta property=\"og:image:height\" content=\"600\" \/>\n\t<meta property=\"og:image:type\" content=\"image\/jpeg\" \/>\n<meta name=\"author\" content=\"Karine Duval\" \/>\n<meta name=\"twitter:card\" content=\"summary_large_image\" \/>\n<meta name=\"twitter:label1\" content=\"Written by\" \/>\n\t<meta name=\"twitter:data1\" content=\"Karine Duval\" \/>\n\t<meta name=\"twitter:label2\" content=\"Estimated reading time\" \/>\n\t<meta name=\"twitter:data2\" content=\"2 minutes\" \/>\n<script type=\"application\/ld+json\" class=\"yoast-schema-graph\">{\"@context\":\"https:\/\/schema.org\",\"@graph\":[{\"@type\":\"Article\",\"@id\":\"https:\/\/www.emballagedigest.fr\/ciner-glass-ouvre-un-3e-four-a-lusine-de-park-cam\/#article\",\"isPartOf\":{\"@id\":\"https:\/\/www.emballagedigest.fr\/ciner-glass-ouvre-un-3e-four-a-lusine-de-park-cam\/\"},\"author\":{\"name\":\"Karine Duval\",\"@id\":\"https:\/\/www.emballagedigest.fr\/#\/schema\/person\/76abe9f2b2ee4d3d520594c7a35da59f\"},\"headline\":\"Ciner Glass ouvre un 3e four \u00e0 l&rsquo;usine de Park Cam\",\"datePublished\":\"2025-05-19T22:32:31+00:00\",\"dateModified\":\"2025-05-20T22:20:16+00:00\",\"mainEntityOfPage\":{\"@id\":\"https:\/\/www.emballagedigest.fr\/ciner-glass-ouvre-un-3e-four-a-lusine-de-park-cam\/\"},\"wordCount\":303,\"publisher\":{\"@id\":\"https:\/\/www.emballagedigest.fr\/#organization\"},\"image\":{\"@id\":\"https:\/\/www.emballagedigest.fr\/ciner-glass-ouvre-un-3e-four-a-lusine-de-park-cam\/#primaryimage\"},\"thumbnailUrl\":\"https:\/\/www.emballagedigest.fr\/wp-content\/uploads\/2025\/05\/CINER.jpg\",\"articleSection\":[\"Alimentaire\",\"Article entier\",\"Packaging\"],\"inLanguage\":\"en-GB\"},{\"@type\":\"WebPage\",\"@id\":\"https:\/\/www.emballagedigest.fr\/ciner-glass-ouvre-un-3e-four-a-lusine-de-park-cam\/\",\"url\":\"https:\/\/www.emballagedigest.fr\/ciner-glass-ouvre-un-3e-four-a-lusine-de-park-cam\/\",\"name\":\"Ciner Glass ouvre un 3e four \u00e0 l'usine de Park Cam - Emballage Digest\",\"isPartOf\":{\"@id\":\"https:\/\/www.emballagedigest.fr\/#website\"},\"primaryImageOfPage\":{\"@id\":\"https:\/\/www.emballagedigest.fr\/ciner-glass-ouvre-un-3e-four-a-lusine-de-park-cam\/#primaryimage\"},\"image\":{\"@id\":\"https:\/\/www.emballagedigest.fr\/ciner-glass-ouvre-un-3e-four-a-lusine-de-park-cam\/#primaryimage\"},\"thumbnailUrl\":\"https:\/\/www.emballagedigest.fr\/wp-content\/uploads\/2025\/05\/CINER.jpg\",\"datePublished\":\"2025-05-19T22:32:31+00:00\",\"dateModified\":\"2025-05-20T22:20:16+00:00\",\"breadcrumb\":{\"@id\":\"https:\/\/www.emballagedigest.fr\/ciner-glass-ouvre-un-3e-four-a-lusine-de-park-cam\/#breadcrumb\"},\"inLanguage\":\"en-GB\",\"potentialAction\":[{\"@type\":\"ReadAction\",\"target\":[\"https:\/\/www.emballagedigest.fr\/ciner-glass-ouvre-un-3e-four-a-lusine-de-park-cam\/\"]}]},{\"@type\":\"ImageObject\",\"inLanguage\":\"en-GB\",\"@id\":\"https:\/\/www.emballagedigest.fr\/ciner-glass-ouvre-un-3e-four-a-lusine-de-park-cam\/#primaryimage\",\"url\":\"https:\/\/www.emballagedigest.fr\/wp-content\/uploads\/2025\/05\/CINER.jpg\",\"contentUrl\":\"https:\/\/www.emballagedigest.fr\/wp-content\/uploads\/2025\/05\/CINER.jpg\",\"width\":800,\"height\":600},{\"@type\":\"BreadcrumbList\",\"@id\":\"https:\/\/www.emballagedigest.fr\/ciner-glass-ouvre-un-3e-four-a-lusine-de-park-cam\/#breadcrumb\",\"itemListElement\":[{\"@type\":\"ListItem\",\"position\":1,\"name\":\"Accueil\",\"item\":\"https:\/\/www.emballagedigest.fr\/\"},{\"@type\":\"ListItem\",\"position\":2,\"name\":\"Ciner Glass ouvre un 3e four \u00e0 l&rsquo;usine de Park Cam\"}]},{\"@type\":\"WebSite\",\"@id\":\"https:\/\/www.emballagedigest.fr\/#website\",\"url\":\"https:\/\/www.emballagedigest.fr\/\",\"name\":\"Emballage Digest\",\"description\":\"Revue professionnelle sur les emballages\",\"publisher\":{\"@id\":\"https:\/\/www.emballagedigest.fr\/#organization\"},\"potentialAction\":[{\"@type\":\"SearchAction\",\"target\":{\"@type\":\"EntryPoint\",\"urlTemplate\":\"https:\/\/www.emballagedigest.fr\/?s={search_term_string}\"},\"query-input\":{\"@type\":\"PropertyValueSpecification\",\"valueRequired\":true,\"valueName\":\"search_term_string\"}}],\"inLanguage\":\"en-GB\"},{\"@type\":\"Organization\",\"@id\":\"https:\/\/www.emballagedigest.fr\/#organization\",\"name\":\"Emballage Digest\",\"url\":\"https:\/\/www.emballagedigest.fr\/\",\"logo\":{\"@type\":\"ImageObject\",\"inLanguage\":\"en-GB\",\"@id\":\"https:\/\/www.emballagedigest.fr\/#\/schema\/logo\/image\/\",\"url\":\"https:\/\/www.emballagedigest.fr\/wp-content\/uploads\/2022\/07\/logo-ed.png\",\"contentUrl\":\"https:\/\/www.emballagedigest.fr\/wp-content\/uploads\/2022\/07\/logo-ed.png\",\"width\":379,\"height\":75,\"caption\":\"Emballage Digest\"},\"image\":{\"@id\":\"https:\/\/www.emballagedigest.fr\/#\/schema\/logo\/image\/\"}},{\"@type\":\"Person\",\"@id\":\"https:\/\/www.emballagedigest.fr\/#\/schema\/person\/76abe9f2b2ee4d3d520594c7a35da59f\",\"name\":\"Karine Duval\",\"image\":{\"@type\":\"ImageObject\",\"inLanguage\":\"en-GB\",\"@id\":\"https:\/\/www.emballagedigest.fr\/#\/schema\/person\/image\/\",\"url\":\"https:\/\/secure.gravatar.com\/avatar\/f552799261cdd2e076e6677d780ef07bdb13aa4c196ab75b39abcbcdcae2d4e5?s=96&d=mm&r=g\",\"contentUrl\":\"https:\/\/secure.gravatar.com\/avatar\/f552799261cdd2e076e6677d780ef07bdb13aa4c196ab75b39abcbcdcae2d4e5?s=96&d=mm&r=g\",\"caption\":\"Karine Duval\"},\"url\":\"https:\/\/www.emballagedigest.fr\/en\/author\/admin_karduv\/\"}]}<\/script>\n<!-- \/ Yoast SEO plugin. -->","yoast_head_json":{"title":"Ciner Glass ouvre un 3e four \u00e0 l'usine de Park Cam - Emballage Digest","robots":{"index":"index","follow":"follow","max-snippet":"max-snippet:-1","max-image-preview":"max-image-preview:large","max-video-preview":"max-video-preview:-1"},"canonical":"https:\/\/www.emballagedigest.fr\/en\/ciner-glass-ouvre-un-3e-four-a-lusine-de-park-cam\/","og_locale":"en_GB","og_type":"article","og_title":"Ciner Glass ouvre un 3e four \u00e0 l'usine de Park Cam - Emballage Digest","og_description":"Un troisi\u00e8me four d\u00e9sormais op\u00e9rationnel a \u00e9t\u00e9 inaugur\u00e9 par le verrier Ciner Glass en Turquie. L&rsquo;usine de Park Cam, situ\u00e9e dans la zone industrielle de Boz\u00fcy\u00fck pr\u00e8s d&rsquo;Istanbul, permettra d&rsquo;augmenter la capacit\u00e9 de production de l&rsquo;usine de 50 %. Le four, qui monte lentement en temp\u00e9rature et fonctionnera \u00e0 plein r\u00e9gime d&rsquo;ici la fin du [&hellip;]","og_url":"https:\/\/www.emballagedigest.fr\/en\/ciner-glass-ouvre-un-3e-four-a-lusine-de-park-cam\/","og_site_name":"Emballage Digest","article_published_time":"2025-05-19T22:32:31+00:00","article_modified_time":"2025-05-20T22:20:16+00:00","og_image":[{"width":800,"height":600,"url":"https:\/\/www.emballagedigest.fr\/wp-content\/uploads\/2025\/05\/CINER.jpg","type":"image\/jpeg"}],"author":"Karine Duval","twitter_card":"summary_large_image","twitter_misc":{"Written by":"Karine Duval","Estimated reading time":"2 minutes"},"schema":{"@context":"https:\/\/schema.org","@graph":[{"@type":"Article","@id":"https:\/\/www.emballagedigest.fr\/ciner-glass-ouvre-un-3e-four-a-lusine-de-park-cam\/#article","isPartOf":{"@id":"https:\/\/www.emballagedigest.fr\/ciner-glass-ouvre-un-3e-four-a-lusine-de-park-cam\/"},"author":{"name":"Karine Duval","@id":"https:\/\/www.emballagedigest.fr\/#\/schema\/person\/76abe9f2b2ee4d3d520594c7a35da59f"},"headline":"Ciner Glass ouvre un 3e four \u00e0 l&rsquo;usine de Park Cam","datePublished":"2025-05-19T22:32:31+00:00","dateModified":"2025-05-20T22:20:16+00:00","mainEntityOfPage":{"@id":"https:\/\/www.emballagedigest.fr\/ciner-glass-ouvre-un-3e-four-a-lusine-de-park-cam\/"},"wordCount":303,"publisher":{"@id":"https:\/\/www.emballagedigest.fr\/#organization"},"image":{"@id":"https:\/\/www.emballagedigest.fr\/ciner-glass-ouvre-un-3e-four-a-lusine-de-park-cam\/#primaryimage"},"thumbnailUrl":"https:\/\/www.emballagedigest.fr\/wp-content\/uploads\/2025\/05\/CINER.jpg","articleSection":["Alimentaire","Article entier","Packaging"],"inLanguage":"en-GB"},{"@type":"WebPage","@id":"https:\/\/www.emballagedigest.fr\/ciner-glass-ouvre-un-3e-four-a-lusine-de-park-cam\/","url":"https:\/\/www.emballagedigest.fr\/ciner-glass-ouvre-un-3e-four-a-lusine-de-park-cam\/","name":"Ciner Glass ouvre un 3e four \u00e0 l'usine de Park Cam - Emballage Digest","isPartOf":{"@id":"https:\/\/www.emballagedigest.fr\/#website"},"primaryImageOfPage":{"@id":"https:\/\/www.emballagedigest.fr\/ciner-glass-ouvre-un-3e-four-a-lusine-de-park-cam\/#primaryimage"},"image":{"@id":"https:\/\/www.emballagedigest.fr\/ciner-glass-ouvre-un-3e-four-a-lusine-de-park-cam\/#primaryimage"},"thumbnailUrl":"https:\/\/www.emballagedigest.fr\/wp-content\/uploads\/2025\/05\/CINER.jpg","datePublished":"2025-05-19T22:32:31+00:00","dateModified":"2025-05-20T22:20:16+00:00","breadcrumb":{"@id":"https:\/\/www.emballagedigest.fr\/ciner-glass-ouvre-un-3e-four-a-lusine-de-park-cam\/#breadcrumb"},"inLanguage":"en-GB","potentialAction":[{"@type":"ReadAction","target":["https:\/\/www.emballagedigest.fr\/ciner-glass-ouvre-un-3e-four-a-lusine-de-park-cam\/"]}]},{"@type":"ImageObject","inLanguage":"en-GB","@id":"https:\/\/www.emballagedigest.fr\/ciner-glass-ouvre-un-3e-four-a-lusine-de-park-cam\/#primaryimage","url":"https:\/\/www.emballagedigest.fr\/wp-content\/uploads\/2025\/05\/CINER.jpg","contentUrl":"https:\/\/www.emballagedigest.fr\/wp-content\/uploads\/2025\/05\/CINER.jpg","width":800,"height":600},{"@type":"BreadcrumbList","@id":"https:\/\/www.emballagedigest.fr\/ciner-glass-ouvre-un-3e-four-a-lusine-de-park-cam\/#breadcrumb","itemListElement":[{"@type":"ListItem","position":1,"name":"Accueil","item":"https:\/\/www.emballagedigest.fr\/"},{"@type":"ListItem","position":2,"name":"Ciner Glass ouvre un 3e four \u00e0 l&rsquo;usine de Park Cam"}]},{"@type":"WebSite","@id":"https:\/\/www.emballagedigest.fr\/#website","url":"https:\/\/www.emballagedigest.fr\/","name":"Emballage Digest","description":"Revue professionnelle sur les emballages","publisher":{"@id":"https:\/\/www.emballagedigest.fr\/#organization"},"potentialAction":[{"@type":"SearchAction","target":{"@type":"EntryPoint","urlTemplate":"https:\/\/www.emballagedigest.fr\/?s={search_term_string}"},"query-input":{"@type":"PropertyValueSpecification","valueRequired":true,"valueName":"search_term_string"}}],"inLanguage":"en-GB"},{"@type":"Organization","@id":"https:\/\/www.emballagedigest.fr\/#organization","name":"Emballage Digest","url":"https:\/\/www.emballagedigest.fr\/","logo":{"@type":"ImageObject","inLanguage":"en-GB","@id":"https:\/\/www.emballagedigest.fr\/#\/schema\/logo\/image\/","url":"https:\/\/www.emballagedigest.fr\/wp-content\/uploads\/2022\/07\/logo-ed.png","contentUrl":"https:\/\/www.emballagedigest.fr\/wp-content\/uploads\/2022\/07\/logo-ed.png","width":379,"height":75,"caption":"Emballage Digest"},"image":{"@id":"https:\/\/www.emballagedigest.fr\/#\/schema\/logo\/image\/"}},{"@type":"Person","@id":"https:\/\/www.emballagedigest.fr\/#\/schema\/person\/76abe9f2b2ee4d3d520594c7a35da59f","name":"Karine Duval","image":{"@type":"ImageObject","inLanguage":"en-GB","@id":"https:\/\/www.emballagedigest.fr\/#\/schema\/person\/image\/","url":"https:\/\/secure.gravatar.com\/avatar\/f552799261cdd2e076e6677d780ef07bdb13aa4c196ab75b39abcbcdcae2d4e5?s=96&d=mm&r=g","contentUrl":"https:\/\/secure.gravatar.com\/avatar\/f552799261cdd2e076e6677d780ef07bdb13aa4c196ab75b39abcbcdcae2d4e5?s=96&d=mm&r=g","caption":"Karine Duval"},"url":"https:\/\/www.emballagedigest.fr\/en\/author\/admin_karduv\/"}]}},"_links":{"self":[{"href":"https:\/\/www.emballagedigest.fr\/en\/wp-json\/wp\/v2\/posts\/44549","targetHints":{"allow":["GET"]}}],"collection":[{"href":"https:\/\/www.emballagedigest.fr\/en\/wp-json\/wp\/v2\/posts"}],"about":[{"href":"https:\/\/www.emballagedigest.fr\/en\/wp-json\/wp\/v2\/types\/post"}],"author":[{"embeddable":true,"href":"https:\/\/www.emballagedigest.fr\/en\/wp-json\/wp\/v2\/users\/2"}],"replies":[{"embeddable":true,"href":"https:\/\/www.emballagedigest.fr\/en\/wp-json\/wp\/v2\/comments?post=44549"}],"version-history":[{"count":1,"href":"https:\/\/www.emballagedigest.fr\/en\/wp-json\/wp\/v2\/posts\/44549\/revisions"}],"predecessor-version":[{"id":44551,"href":"https:\/\/www.emballagedigest.fr\/en\/wp-json\/wp\/v2\/posts\/44549\/revisions\/44551"}],"wp:featuredmedia":[{"embeddable":true,"href":"https:\/\/www.emballagedigest.fr\/en\/wp-json\/wp\/v2\/media\/44550"}],"wp:attachment":[{"href":"https:\/\/www.emballagedigest.fr\/en\/wp-json\/wp\/v2\/media?parent=44549"}],"wp:term":[{"taxonomy":"category","embeddable":true,"href":"https:\/\/www.emballagedigest.fr\/en\/wp-json\/wp\/v2\/categories?post=44549"},{"taxonomy":"post_tag","embeddable":true,"href":"https:\/\/www.emballagedigest.fr\/en\/wp-json\/wp\/v2\/tags?post=44549"}],"curies":[{"name":"wp","href":"https:\/\/api.w.org\/{rel}","templated":true}]}}