{"id":44567,"date":"2025-05-22T00:48:15","date_gmt":"2025-05-21T22:48:15","guid":{"rendered":"https:\/\/www.emballagedigest.fr\/?p=44567"},"modified":"2025-05-23T00:07:47","modified_gmt":"2025-05-22T22:07:47","slug":"heritage-france-opte-pour-les-palettes-lpr","status":"publish","type":"post","link":"https:\/\/www.emballagedigest.fr\/en\/heritage-france-opte-pour-les-palettes-lpr\/","title":{"rendered":"H\u00e9ritage France opte pour les palettes LPR"},"content":{"rendered":"<p><strong>Acteur reconnu dans la distribution de marques embl\u00e9matiques de produits m\u00e9nagers, H\u00e9ritage France a franchi un cap strat\u00e9gique dans la gestion de sa supply chain. En rempla\u00e7ant le syst\u00e8me de palettes \u00e9changes, source de complexit\u00e9 et de tensions logistiques, par la solution de pallet pooling propos\u00e9e par LPR \u2013 La Palette Rouge (division Euro Pool Group), l\u2019entreprise a trouv\u00e9 un levier puissant d\u2019efficacit\u00e9, de fiabilit\u00e9 et de durabilit\u00e9. R\u00e9sultat : une logistique harmonis\u00e9e, 30 % d\u2019\u00e9conomies r\u00e9alis\u00e9es, et une r\u00e9duction de 10 tonnes d\u2019\u00e9quivalents CO\u2082 en 2023.<\/strong><\/p>\n\n\n\n<p>H\u00e9ritage, sp\u00e9cialis\u00e9 dans la distribution de marques fran\u00e7aises embl\u00e9matiques de produits m\u00e9nagers et d\u00e9tient \u00e0 ce jour huit marques reconnues : Bonux, Minidou, Baranne, D\u00e9cap\u2019Four, Miror, O\u2019Cedar, Terra et Vigor, a mis en place un syst\u00e8me de pallet pooling avec LPR d\u00e8s 2019. Ce mod\u00e8le, qui a d\u00e9montr\u00e9 sa pertinence et ses b\u00e9n\u00e9fices concrets, a \u00e9t\u00e9 renouvel\u00e9 entre les deux acteurs. En effet, en approvisionnant r\u00e9guli\u00e8rement ses sites de Cr\u00e9py-en-Valois et de R\u00e9malard-en-Perche avec des palettes standardis\u00e9es (PR080 et DU608), le groupe a pu harmoniser ses processus, s\u00e9curiser ses flux logistiques et fluidifier ses op\u00e9rations.<\/p>\n\n\n\n<p>La qualit\u00e9 constante des palettes, compatibles avec ses syst\u00e8mes automatis\u00e9s, ainsi que le service int\u00e9gr\u00e9 de livraison, collecte et entretien assur\u00e9 par LPR, ont consid\u00e9rablement all\u00e9g\u00e9 la charge de travail des \u00e9quipes logistiques. Le risque de rupture d\u2019approvisionnement est ainsi fortement r\u00e9duit gr\u00e2ce \u00e0 une meilleure anticipation et \u00e0 une tra\u00e7abilit\u00e9 optimis\u00e9e. R\u00e9sultats : 30 % d\u2019\u00e9conomies financi\u00e8res d\u00e8s la premi\u00e8re ann\u00e9e, 10 tonnes d\u2019\u00e9quivalent CO\u2082 \u00e9vit\u00e9es en 2023 et plus de 27 000 mouvements de palettes g\u00e9r\u00e9s avec succ\u00e8s en 2024. Gr\u00e2ce \u00e0 la plateforme MyLPR, H\u00e9ritage France b\u00e9n\u00e9ficie en outre d\u2019une tra\u00e7abilit\u00e9 en temps r\u00e9el de ses flux, renforc\u00e9e par un suivi rigoureux de l\u2019entretien des palettes, garantissant un haut niveau de qualit\u00e9 et une parfaite compatibilit\u00e9 avec ses infrastructures automatis\u00e9es.<\/p>\n\n\n\n<p>\u00ab Chez LPR, nous accompagnons H\u00e9ritage France dans une d\u00e9marche d\u2019optimisation continue de ses flux logistiques. Nos \u00e9quipes r\u00e9alisent des points r\u00e9guliers avec les \u00e9quipes H\u00e9ritage pour ajuster, anticiper et garantir la performance de la solution mise en place. Je suis tr\u00e8s fi\u00e8re d\u2019avoir pu renouveler ce partenariat, avec la mise en place d\u2019un nouvel engagement de deux ans, jusqu\u2019en mai 2027. \u00bb souligne C\u00e9line Bacqui\u00e9, responsable commerciale chez LPR.<\/p>\n\n\n\n<p>Le partenariat entre H\u00e9ritage et LPR ne s\u2019arr\u00eate pas \u00e0 la cha\u00eene logistique. Gr\u00e2ce \u00e0 l\u2019usage des palettes DU608, les op\u00e9rations en point de vente sont \u00e9galement optimis\u00e9es : meilleure visibilit\u00e9 des produits, merchandising am\u00e9lior\u00e9, attractivit\u00e9 renforc\u00e9e.<\/p>","protected":false},"excerpt":{"rendered":"<p>Acteur reconnu dans la distribution de marques embl\u00e9matiques de produits m\u00e9nagers, H\u00e9ritage France a franchi un cap strat\u00e9gique dans la gestion de sa supply chain. En rempla\u00e7ant le syst\u00e8me de palettes \u00e9changes, source de complexit\u00e9 et de tensions logistiques, par la solution de pallet pooling propos\u00e9e par LPR \u2013 La Palette Rouge (division Euro Pool [&hellip;]<\/p>","protected":false},"author":2,"featured_media":44568,"comment_status":"closed","ping_status":"closed","sticky":false,"template":"","format":"standard","meta":{"_acf_changed":false,"inline_featured_image":false,"iawp_total_views":0,"footnotes":""},"categories":[28,11,8],"tags":[],"class_list":["post-44567","post","type-post","status-publish","format-standard","has-post-thumbnail","hentry","category-article-entier","category-emballages","category-industrie"],"acf":[],"yoast_head":"<!-- This site is optimized with the Yoast SEO plugin v24.4 - https:\/\/yoast.com\/wordpress\/plugins\/seo\/ -->\n<title>H\u00e9ritage France opte pour les palettes LPR - Emballage Digest<\/title>\n<meta name=\"robots\" content=\"index, follow, max-snippet:-1, max-image-preview:large, max-video-preview:-1\" \/>\n<link rel=\"canonical\" href=\"https:\/\/www.emballagedigest.fr\/en\/heritage-france-opte-pour-les-palettes-lpr\/\" \/>\n<meta property=\"og:locale\" content=\"en_GB\" \/>\n<meta property=\"og:type\" content=\"article\" \/>\n<meta property=\"og:title\" content=\"H\u00e9ritage France opte pour les palettes LPR - Emballage Digest\" \/>\n<meta property=\"og:description\" content=\"Acteur reconnu dans la distribution de marques embl\u00e9matiques de produits m\u00e9nagers, H\u00e9ritage France a franchi un cap strat\u00e9gique dans la gestion de sa supply chain. En rempla\u00e7ant le syst\u00e8me de palettes \u00e9changes, source de complexit\u00e9 et de tensions logistiques, par la solution de pallet pooling propos\u00e9e par LPR \u2013 La Palette Rouge (division Euro Pool [&hellip;]\" \/>\n<meta property=\"og:url\" content=\"https:\/\/www.emballagedigest.fr\/en\/heritage-france-opte-pour-les-palettes-lpr\/\" \/>\n<meta property=\"og:site_name\" content=\"Emballage Digest\" \/>\n<meta property=\"article:published_time\" content=\"2025-05-21T22:48:15+00:00\" \/>\n<meta property=\"article:modified_time\" content=\"2025-05-22T22:07:47+00:00\" \/>\n<meta property=\"og:image\" content=\"https:\/\/www.emballagedigest.fr\/wp-content\/uploads\/2025\/05\/HERITAGE.jpg\" \/>\n\t<meta property=\"og:image:width\" content=\"800\" \/>\n\t<meta property=\"og:image:height\" content=\"533\" \/>\n\t<meta property=\"og:image:type\" content=\"image\/jpeg\" \/>\n<meta name=\"author\" content=\"Karine Duval\" \/>\n<meta name=\"twitter:card\" content=\"summary_large_image\" \/>\n<meta name=\"twitter:label1\" content=\"Written by\" \/>\n\t<meta name=\"twitter:data1\" content=\"Karine Duval\" \/>\n\t<meta name=\"twitter:label2\" content=\"Estimated reading time\" \/>\n\t<meta name=\"twitter:data2\" content=\"3 minutes\" \/>\n<script type=\"application\/ld+json\" class=\"yoast-schema-graph\">{\"@context\":\"https:\/\/schema.org\",\"@graph\":[{\"@type\":\"Article\",\"@id\":\"https:\/\/www.emballagedigest.fr\/heritage-france-opte-pour-les-palettes-lpr\/#article\",\"isPartOf\":{\"@id\":\"https:\/\/www.emballagedigest.fr\/heritage-france-opte-pour-les-palettes-lpr\/\"},\"author\":{\"name\":\"Karine Duval\",\"@id\":\"https:\/\/www.emballagedigest.fr\/#\/schema\/person\/76abe9f2b2ee4d3d520594c7a35da59f\"},\"headline\":\"H\u00e9ritage France opte pour les palettes LPR\",\"datePublished\":\"2025-05-21T22:48:15+00:00\",\"dateModified\":\"2025-05-22T22:07:47+00:00\",\"mainEntityOfPage\":{\"@id\":\"https:\/\/www.emballagedigest.fr\/heritage-france-opte-pour-les-palettes-lpr\/\"},\"wordCount\":485,\"publisher\":{\"@id\":\"https:\/\/www.emballagedigest.fr\/#organization\"},\"image\":{\"@id\":\"https:\/\/www.emballagedigest.fr\/heritage-france-opte-pour-les-palettes-lpr\/#primaryimage\"},\"thumbnailUrl\":\"https:\/\/www.emballagedigest.fr\/wp-content\/uploads\/2025\/05\/HERITAGE.jpg\",\"articleSection\":[\"Article entier\",\"Emballages\",\"Industrie\"],\"inLanguage\":\"en-GB\"},{\"@type\":\"WebPage\",\"@id\":\"https:\/\/www.emballagedigest.fr\/heritage-france-opte-pour-les-palettes-lpr\/\",\"url\":\"https:\/\/www.emballagedigest.fr\/heritage-france-opte-pour-les-palettes-lpr\/\",\"name\":\"H\u00e9ritage France opte pour les palettes LPR - Emballage Digest\",\"isPartOf\":{\"@id\":\"https:\/\/www.emballagedigest.fr\/#website\"},\"primaryImageOfPage\":{\"@id\":\"https:\/\/www.emballagedigest.fr\/heritage-france-opte-pour-les-palettes-lpr\/#primaryimage\"},\"image\":{\"@id\":\"https:\/\/www.emballagedigest.fr\/heritage-france-opte-pour-les-palettes-lpr\/#primaryimage\"},\"thumbnailUrl\":\"https:\/\/www.emballagedigest.fr\/wp-content\/uploads\/2025\/05\/HERITAGE.jpg\",\"datePublished\":\"2025-05-21T22:48:15+00:00\",\"dateModified\":\"2025-05-22T22:07:47+00:00\",\"breadcrumb\":{\"@id\":\"https:\/\/www.emballagedigest.fr\/heritage-france-opte-pour-les-palettes-lpr\/#breadcrumb\"},\"inLanguage\":\"en-GB\",\"potentialAction\":[{\"@type\":\"ReadAction\",\"target\":[\"https:\/\/www.emballagedigest.fr\/heritage-france-opte-pour-les-palettes-lpr\/\"]}]},{\"@type\":\"ImageObject\",\"inLanguage\":\"en-GB\",\"@id\":\"https:\/\/www.emballagedigest.fr\/heritage-france-opte-pour-les-palettes-lpr\/#primaryimage\",\"url\":\"https:\/\/www.emballagedigest.fr\/wp-content\/uploads\/2025\/05\/HERITAGE.jpg\",\"contentUrl\":\"https:\/\/www.emballagedigest.fr\/wp-content\/uploads\/2025\/05\/HERITAGE.jpg\",\"width\":800,\"height\":533},{\"@type\":\"BreadcrumbList\",\"@id\":\"https:\/\/www.emballagedigest.fr\/heritage-france-opte-pour-les-palettes-lpr\/#breadcrumb\",\"itemListElement\":[{\"@type\":\"ListItem\",\"position\":1,\"name\":\"Accueil\",\"item\":\"https:\/\/www.emballagedigest.fr\/\"},{\"@type\":\"ListItem\",\"position\":2,\"name\":\"H\u00e9ritage France opte pour les palettes LPR\"}]},{\"@type\":\"WebSite\",\"@id\":\"https:\/\/www.emballagedigest.fr\/#website\",\"url\":\"https:\/\/www.emballagedigest.fr\/\",\"name\":\"Emballage Digest\",\"description\":\"Revue professionnelle sur les emballages\",\"publisher\":{\"@id\":\"https:\/\/www.emballagedigest.fr\/#organization\"},\"potentialAction\":[{\"@type\":\"SearchAction\",\"target\":{\"@type\":\"EntryPoint\",\"urlTemplate\":\"https:\/\/www.emballagedigest.fr\/?s={search_term_string}\"},\"query-input\":{\"@type\":\"PropertyValueSpecification\",\"valueRequired\":true,\"valueName\":\"search_term_string\"}}],\"inLanguage\":\"en-GB\"},{\"@type\":\"Organization\",\"@id\":\"https:\/\/www.emballagedigest.fr\/#organization\",\"name\":\"Emballage Digest\",\"url\":\"https:\/\/www.emballagedigest.fr\/\",\"logo\":{\"@type\":\"ImageObject\",\"inLanguage\":\"en-GB\",\"@id\":\"https:\/\/www.emballagedigest.fr\/#\/schema\/logo\/image\/\",\"url\":\"https:\/\/www.emballagedigest.fr\/wp-content\/uploads\/2022\/07\/logo-ed.png\",\"contentUrl\":\"https:\/\/www.emballagedigest.fr\/wp-content\/uploads\/2022\/07\/logo-ed.png\",\"width\":379,\"height\":75,\"caption\":\"Emballage Digest\"},\"image\":{\"@id\":\"https:\/\/www.emballagedigest.fr\/#\/schema\/logo\/image\/\"}},{\"@type\":\"Person\",\"@id\":\"https:\/\/www.emballagedigest.fr\/#\/schema\/person\/76abe9f2b2ee4d3d520594c7a35da59f\",\"name\":\"Karine Duval\",\"image\":{\"@type\":\"ImageObject\",\"inLanguage\":\"en-GB\",\"@id\":\"https:\/\/www.emballagedigest.fr\/#\/schema\/person\/image\/\",\"url\":\"https:\/\/secure.gravatar.com\/avatar\/f552799261cdd2e076e6677d780ef07bdb13aa4c196ab75b39abcbcdcae2d4e5?s=96&d=mm&r=g\",\"contentUrl\":\"https:\/\/secure.gravatar.com\/avatar\/f552799261cdd2e076e6677d780ef07bdb13aa4c196ab75b39abcbcdcae2d4e5?s=96&d=mm&r=g\",\"caption\":\"Karine Duval\"},\"url\":\"https:\/\/www.emballagedigest.fr\/en\/author\/admin_karduv\/\"}]}<\/script>\n<!-- \/ Yoast SEO plugin. -->","yoast_head_json":{"title":"H\u00e9ritage France opte pour les palettes LPR - Emballage Digest","robots":{"index":"index","follow":"follow","max-snippet":"max-snippet:-1","max-image-preview":"max-image-preview:large","max-video-preview":"max-video-preview:-1"},"canonical":"https:\/\/www.emballagedigest.fr\/en\/heritage-france-opte-pour-les-palettes-lpr\/","og_locale":"en_GB","og_type":"article","og_title":"H\u00e9ritage France opte pour les palettes LPR - Emballage Digest","og_description":"Acteur reconnu dans la distribution de marques embl\u00e9matiques de produits m\u00e9nagers, H\u00e9ritage France a franchi un cap strat\u00e9gique dans la gestion de sa supply chain. En rempla\u00e7ant le syst\u00e8me de palettes \u00e9changes, source de complexit\u00e9 et de tensions logistiques, par la solution de pallet pooling propos\u00e9e par LPR \u2013 La Palette Rouge (division Euro Pool [&hellip;]","og_url":"https:\/\/www.emballagedigest.fr\/en\/heritage-france-opte-pour-les-palettes-lpr\/","og_site_name":"Emballage Digest","article_published_time":"2025-05-21T22:48:15+00:00","article_modified_time":"2025-05-22T22:07:47+00:00","og_image":[{"width":800,"height":533,"url":"https:\/\/www.emballagedigest.fr\/wp-content\/uploads\/2025\/05\/HERITAGE.jpg","type":"image\/jpeg"}],"author":"Karine Duval","twitter_card":"summary_large_image","twitter_misc":{"Written by":"Karine Duval","Estimated reading time":"3 minutes"},"schema":{"@context":"https:\/\/schema.org","@graph":[{"@type":"Article","@id":"https:\/\/www.emballagedigest.fr\/heritage-france-opte-pour-les-palettes-lpr\/#article","isPartOf":{"@id":"https:\/\/www.emballagedigest.fr\/heritage-france-opte-pour-les-palettes-lpr\/"},"author":{"name":"Karine Duval","@id":"https:\/\/www.emballagedigest.fr\/#\/schema\/person\/76abe9f2b2ee4d3d520594c7a35da59f"},"headline":"H\u00e9ritage France opte pour les palettes LPR","datePublished":"2025-05-21T22:48:15+00:00","dateModified":"2025-05-22T22:07:47+00:00","mainEntityOfPage":{"@id":"https:\/\/www.emballagedigest.fr\/heritage-france-opte-pour-les-palettes-lpr\/"},"wordCount":485,"publisher":{"@id":"https:\/\/www.emballagedigest.fr\/#organization"},"image":{"@id":"https:\/\/www.emballagedigest.fr\/heritage-france-opte-pour-les-palettes-lpr\/#primaryimage"},"thumbnailUrl":"https:\/\/www.emballagedigest.fr\/wp-content\/uploads\/2025\/05\/HERITAGE.jpg","articleSection":["Article entier","Emballages","Industrie"],"inLanguage":"en-GB"},{"@type":"WebPage","@id":"https:\/\/www.emballagedigest.fr\/heritage-france-opte-pour-les-palettes-lpr\/","url":"https:\/\/www.emballagedigest.fr\/heritage-france-opte-pour-les-palettes-lpr\/","name":"H\u00e9ritage France opte pour les palettes LPR - Emballage Digest","isPartOf":{"@id":"https:\/\/www.emballagedigest.fr\/#website"},"primaryImageOfPage":{"@id":"https:\/\/www.emballagedigest.fr\/heritage-france-opte-pour-les-palettes-lpr\/#primaryimage"},"image":{"@id":"https:\/\/www.emballagedigest.fr\/heritage-france-opte-pour-les-palettes-lpr\/#primaryimage"},"thumbnailUrl":"https:\/\/www.emballagedigest.fr\/wp-content\/uploads\/2025\/05\/HERITAGE.jpg","datePublished":"2025-05-21T22:48:15+00:00","dateModified":"2025-05-22T22:07:47+00:00","breadcrumb":{"@id":"https:\/\/www.emballagedigest.fr\/heritage-france-opte-pour-les-palettes-lpr\/#breadcrumb"},"inLanguage":"en-GB","potentialAction":[{"@type":"ReadAction","target":["https:\/\/www.emballagedigest.fr\/heritage-france-opte-pour-les-palettes-lpr\/"]}]},{"@type":"ImageObject","inLanguage":"en-GB","@id":"https:\/\/www.emballagedigest.fr\/heritage-france-opte-pour-les-palettes-lpr\/#primaryimage","url":"https:\/\/www.emballagedigest.fr\/wp-content\/uploads\/2025\/05\/HERITAGE.jpg","contentUrl":"https:\/\/www.emballagedigest.fr\/wp-content\/uploads\/2025\/05\/HERITAGE.jpg","width":800,"height":533},{"@type":"BreadcrumbList","@id":"https:\/\/www.emballagedigest.fr\/heritage-france-opte-pour-les-palettes-lpr\/#breadcrumb","itemListElement":[{"@type":"ListItem","position":1,"name":"Accueil","item":"https:\/\/www.emballagedigest.fr\/"},{"@type":"ListItem","position":2,"name":"H\u00e9ritage France opte pour les palettes LPR"}]},{"@type":"WebSite","@id":"https:\/\/www.emballagedigest.fr\/#website","url":"https:\/\/www.emballagedigest.fr\/","name":"Emballage Digest","description":"Revue professionnelle sur les emballages","publisher":{"@id":"https:\/\/www.emballagedigest.fr\/#organization"},"potentialAction":[{"@type":"SearchAction","target":{"@type":"EntryPoint","urlTemplate":"https:\/\/www.emballagedigest.fr\/?s={search_term_string}"},"query-input":{"@type":"PropertyValueSpecification","valueRequired":true,"valueName":"search_term_string"}}],"inLanguage":"en-GB"},{"@type":"Organization","@id":"https:\/\/www.emballagedigest.fr\/#organization","name":"Emballage Digest","url":"https:\/\/www.emballagedigest.fr\/","logo":{"@type":"ImageObject","inLanguage":"en-GB","@id":"https:\/\/www.emballagedigest.fr\/#\/schema\/logo\/image\/","url":"https:\/\/www.emballagedigest.fr\/wp-content\/uploads\/2022\/07\/logo-ed.png","contentUrl":"https:\/\/www.emballagedigest.fr\/wp-content\/uploads\/2022\/07\/logo-ed.png","width":379,"height":75,"caption":"Emballage Digest"},"image":{"@id":"https:\/\/www.emballagedigest.fr\/#\/schema\/logo\/image\/"}},{"@type":"Person","@id":"https:\/\/www.emballagedigest.fr\/#\/schema\/person\/76abe9f2b2ee4d3d520594c7a35da59f","name":"Karine Duval","image":{"@type":"ImageObject","inLanguage":"en-GB","@id":"https:\/\/www.emballagedigest.fr\/#\/schema\/person\/image\/","url":"https:\/\/secure.gravatar.com\/avatar\/f552799261cdd2e076e6677d780ef07bdb13aa4c196ab75b39abcbcdcae2d4e5?s=96&d=mm&r=g","contentUrl":"https:\/\/secure.gravatar.com\/avatar\/f552799261cdd2e076e6677d780ef07bdb13aa4c196ab75b39abcbcdcae2d4e5?s=96&d=mm&r=g","caption":"Karine Duval"},"url":"https:\/\/www.emballagedigest.fr\/en\/author\/admin_karduv\/"}]}},"_links":{"self":[{"href":"https:\/\/www.emballagedigest.fr\/en\/wp-json\/wp\/v2\/posts\/44567","targetHints":{"allow":["GET"]}}],"collection":[{"href":"https:\/\/www.emballagedigest.fr\/en\/wp-json\/wp\/v2\/posts"}],"about":[{"href":"https:\/\/www.emballagedigest.fr\/en\/wp-json\/wp\/v2\/types\/post"}],"author":[{"embeddable":true,"href":"https:\/\/www.emballagedigest.fr\/en\/wp-json\/wp\/v2\/users\/2"}],"replies":[{"embeddable":true,"href":"https:\/\/www.emballagedigest.fr\/en\/wp-json\/wp\/v2\/comments?post=44567"}],"version-history":[{"count":1,"href":"https:\/\/www.emballagedigest.fr\/en\/wp-json\/wp\/v2\/posts\/44567\/revisions"}],"predecessor-version":[{"id":44569,"href":"https:\/\/www.emballagedigest.fr\/en\/wp-json\/wp\/v2\/posts\/44567\/revisions\/44569"}],"wp:featuredmedia":[{"embeddable":true,"href":"https:\/\/www.emballagedigest.fr\/en\/wp-json\/wp\/v2\/media\/44568"}],"wp:attachment":[{"href":"https:\/\/www.emballagedigest.fr\/en\/wp-json\/wp\/v2\/media?parent=44567"}],"wp:term":[{"taxonomy":"category","embeddable":true,"href":"https:\/\/www.emballagedigest.fr\/en\/wp-json\/wp\/v2\/categories?post=44567"},{"taxonomy":"post_tag","embeddable":true,"href":"https:\/\/www.emballagedigest.fr\/en\/wp-json\/wp\/v2\/tags?post=44567"}],"curies":[{"name":"wp","href":"https:\/\/api.w.org\/{rel}","templated":true}]}}