{"id":44573,"date":"2025-05-23T00:09:01","date_gmt":"2025-05-22T22:09:01","guid":{"rendered":"https:\/\/www.emballagedigest.fr\/?p=44573"},"modified":"2025-05-26T00:10:08","modified_gmt":"2025-05-25T22:10:08","slug":"albea-tubes-signe-le-dernier-packaging-du-baume-svr","status":"publish","type":"post","link":"https:\/\/www.emballagedigest.fr\/en\/albea-tubes-signe-le-dernier-packaging-du-baume-svr\/","title":{"rendered":"Alb\u00e9a Tubes signe le dernier packaging du baume SVR"},"content":{"rendered":"<p><strong>Les Laboratoires SVR, laboratoire dermo-cosm\u00e9tique fran\u00e7ais, a choisi Alb\u00e9a Tubes pour le packaging de son Baume D\u00e9maquillant Sensifine. Ce baume, qui transforme la routine de nettoyage gr\u00e2ce \u00e0 sa texture baume-en-huile unique et \u00e0 son parfum apaisant de coco, est d\u00e9sormais prot\u00e9g\u00e9 par un tube (RE)flex associ\u00e9 \u00e0 EcoFusion Top d\u2019Alb\u00e9a Tubes.<\/strong><\/p>\n\n\n\n<p>Formul\u00e9 avec seulement neuf ingr\u00e9dients, le Baume D\u00e9maquillant Sensifine est con\u00e7u pour minimiser les irritations du quotidien. Il \u00e9limine efficacement le maquillage, m\u00eame waterproof, tout en laissant la peau propre, apais\u00e9e et hydrat\u00e9e \u2013 une solution id\u00e9ale pour les peaux les plus sensibles et r\u00e9actives.<\/p>\n\n\n\n<p>Le nouveau packaging illustre l\u2019engagement de SVR en faveur de l\u2019innovation et de la durabilit\u00e9. Fabriqu\u00e9 dans l\u2019usine Alb\u00e9a Tubes de Lubna, en Pologne, ce tube diam\u00e8tre 50 int\u00e8gre EcoFusion Top, une innovation qui fusionne t\u00eate et bouchon en un seul composant. Cette solution all\u00e8ge le packaging de plus de 80% par rapport \u00e0 une capsule flip-top + t\u00eate classique et est con\u00e7ue pour \u00eatre recyclable.<\/p>\n\n\n\n<p>La technologie (RE)flex utilis\u00e9e pour la jupe offre un rendu m\u00e9tallis\u00e9 tr\u00e8s brillant sans compromettre la recyclabilit\u00e9. Compos\u00e9e \u00e0 plus de 95% de PE, la jupe est reconnue par APR et RecyClass, et est con\u00e7ue pour \u00eatre recycl\u00e9e dans la fili\u00e8re HDPE rigide color\u00e9e.<\/p>\n\n\n\n<p>Cette solution permet non seulement de renforcer l\u2019impact visuel en rayon et la curiosit\u00e9 du consommateur, mais elle incarne \u00e9galement les engagements partag\u00e9s par SVR et Alb\u00e9a.<\/p>","protected":false},"excerpt":{"rendered":"<p>Les Laboratoires SVR, laboratoire dermo-cosm\u00e9tique fran\u00e7ais, a choisi Alb\u00e9a Tubes pour le packaging de son Baume D\u00e9maquillant Sensifine. Ce baume, qui transforme la routine de nettoyage gr\u00e2ce \u00e0 sa texture baume-en-huile unique et \u00e0 son parfum apaisant de coco, est d\u00e9sormais prot\u00e9g\u00e9 par un tube (RE)flex associ\u00e9 \u00e0 EcoFusion Top d\u2019Alb\u00e9a Tubes. Formul\u00e9 avec seulement [&hellip;]<\/p>","protected":false},"author":2,"featured_media":44574,"comment_status":"closed","ping_status":"closed","sticky":false,"template":"","format":"standard","meta":{"_acf_changed":false,"inline_featured_image":false,"iawp_total_views":6,"footnotes":""},"categories":[28,4],"tags":[],"class_list":["post-44573","post","type-post","status-publish","format-standard","has-post-thumbnail","hentry","category-article-entier","category-lineaires"],"acf":[],"yoast_head":"<!-- This site is optimized with the Yoast SEO plugin v24.4 - https:\/\/yoast.com\/wordpress\/plugins\/seo\/ -->\n<title>Alb\u00e9a Tubes signe le dernier packaging du baume SVR - Emballage Digest<\/title>\n<meta name=\"robots\" content=\"index, follow, max-snippet:-1, max-image-preview:large, max-video-preview:-1\" \/>\n<link rel=\"canonical\" href=\"https:\/\/www.emballagedigest.fr\/en\/albea-tubes-signe-le-dernier-packaging-du-baume-svr\/\" \/>\n<meta property=\"og:locale\" content=\"en_GB\" \/>\n<meta property=\"og:type\" content=\"article\" \/>\n<meta property=\"og:title\" content=\"Alb\u00e9a Tubes signe le dernier packaging du baume SVR - Emballage Digest\" \/>\n<meta property=\"og:description\" content=\"Les Laboratoires SVR, laboratoire dermo-cosm\u00e9tique fran\u00e7ais, a choisi Alb\u00e9a Tubes pour le packaging de son Baume D\u00e9maquillant Sensifine. Ce baume, qui transforme la routine de nettoyage gr\u00e2ce \u00e0 sa texture baume-en-huile unique et \u00e0 son parfum apaisant de coco, est d\u00e9sormais prot\u00e9g\u00e9 par un tube (RE)flex associ\u00e9 \u00e0 EcoFusion Top d\u2019Alb\u00e9a Tubes. Formul\u00e9 avec seulement [&hellip;]\" \/>\n<meta property=\"og:url\" content=\"https:\/\/www.emballagedigest.fr\/en\/albea-tubes-signe-le-dernier-packaging-du-baume-svr\/\" \/>\n<meta property=\"og:site_name\" content=\"Emballage Digest\" \/>\n<meta property=\"article:published_time\" content=\"2025-05-22T22:09:01+00:00\" \/>\n<meta property=\"article:modified_time\" content=\"2025-05-25T22:10:08+00:00\" \/>\n<meta property=\"og:image\" content=\"https:\/\/www.emballagedigest.fr\/wp-content\/uploads\/2025\/05\/ALBEA.jpg\" \/>\n\t<meta property=\"og:image:width\" content=\"800\" \/>\n\t<meta property=\"og:image:height\" content=\"600\" \/>\n\t<meta property=\"og:image:type\" content=\"image\/jpeg\" \/>\n<meta name=\"author\" content=\"Karine Duval\" \/>\n<meta name=\"twitter:card\" content=\"summary_large_image\" \/>\n<meta name=\"twitter:label1\" content=\"Written by\" \/>\n\t<meta name=\"twitter:data1\" content=\"Karine Duval\" \/>\n\t<meta name=\"twitter:label2\" content=\"Estimated reading time\" \/>\n\t<meta name=\"twitter:data2\" content=\"2 minutes\" \/>\n<script type=\"application\/ld+json\" class=\"yoast-schema-graph\">{\"@context\":\"https:\/\/schema.org\",\"@graph\":[{\"@type\":\"Article\",\"@id\":\"https:\/\/www.emballagedigest.fr\/albea-tubes-signe-le-dernier-packaging-du-baume-svr\/#article\",\"isPartOf\":{\"@id\":\"https:\/\/www.emballagedigest.fr\/albea-tubes-signe-le-dernier-packaging-du-baume-svr\/\"},\"author\":{\"name\":\"Karine Duval\",\"@id\":\"https:\/\/www.emballagedigest.fr\/#\/schema\/person\/76abe9f2b2ee4d3d520594c7a35da59f\"},\"headline\":\"Alb\u00e9a Tubes signe le dernier packaging du baume SVR\",\"datePublished\":\"2025-05-22T22:09:01+00:00\",\"dateModified\":\"2025-05-25T22:10:08+00:00\",\"mainEntityOfPage\":{\"@id\":\"https:\/\/www.emballagedigest.fr\/albea-tubes-signe-le-dernier-packaging-du-baume-svr\/\"},\"wordCount\":274,\"publisher\":{\"@id\":\"https:\/\/www.emballagedigest.fr\/#organization\"},\"image\":{\"@id\":\"https:\/\/www.emballagedigest.fr\/albea-tubes-signe-le-dernier-packaging-du-baume-svr\/#primaryimage\"},\"thumbnailUrl\":\"https:\/\/www.emballagedigest.fr\/wp-content\/uploads\/2025\/05\/ALBEA.jpg\",\"articleSection\":[\"Article entier\",\"Lin\u00e9aires\"],\"inLanguage\":\"en-GB\"},{\"@type\":\"WebPage\",\"@id\":\"https:\/\/www.emballagedigest.fr\/albea-tubes-signe-le-dernier-packaging-du-baume-svr\/\",\"url\":\"https:\/\/www.emballagedigest.fr\/albea-tubes-signe-le-dernier-packaging-du-baume-svr\/\",\"name\":\"Alb\u00e9a Tubes signe le dernier packaging du baume SVR - Emballage Digest\",\"isPartOf\":{\"@id\":\"https:\/\/www.emballagedigest.fr\/#website\"},\"primaryImageOfPage\":{\"@id\":\"https:\/\/www.emballagedigest.fr\/albea-tubes-signe-le-dernier-packaging-du-baume-svr\/#primaryimage\"},\"image\":{\"@id\":\"https:\/\/www.emballagedigest.fr\/albea-tubes-signe-le-dernier-packaging-du-baume-svr\/#primaryimage\"},\"thumbnailUrl\":\"https:\/\/www.emballagedigest.fr\/wp-content\/uploads\/2025\/05\/ALBEA.jpg\",\"datePublished\":\"2025-05-22T22:09:01+00:00\",\"dateModified\":\"2025-05-25T22:10:08+00:00\",\"breadcrumb\":{\"@id\":\"https:\/\/www.emballagedigest.fr\/albea-tubes-signe-le-dernier-packaging-du-baume-svr\/#breadcrumb\"},\"inLanguage\":\"en-GB\",\"potentialAction\":[{\"@type\":\"ReadAction\",\"target\":[\"https:\/\/www.emballagedigest.fr\/albea-tubes-signe-le-dernier-packaging-du-baume-svr\/\"]}]},{\"@type\":\"ImageObject\",\"inLanguage\":\"en-GB\",\"@id\":\"https:\/\/www.emballagedigest.fr\/albea-tubes-signe-le-dernier-packaging-du-baume-svr\/#primaryimage\",\"url\":\"https:\/\/www.emballagedigest.fr\/wp-content\/uploads\/2025\/05\/ALBEA.jpg\",\"contentUrl\":\"https:\/\/www.emballagedigest.fr\/wp-content\/uploads\/2025\/05\/ALBEA.jpg\",\"width\":800,\"height\":600},{\"@type\":\"BreadcrumbList\",\"@id\":\"https:\/\/www.emballagedigest.fr\/albea-tubes-signe-le-dernier-packaging-du-baume-svr\/#breadcrumb\",\"itemListElement\":[{\"@type\":\"ListItem\",\"position\":1,\"name\":\"Accueil\",\"item\":\"https:\/\/www.emballagedigest.fr\/\"},{\"@type\":\"ListItem\",\"position\":2,\"name\":\"Alb\u00e9a Tubes signe le dernier packaging du baume SVR\"}]},{\"@type\":\"WebSite\",\"@id\":\"https:\/\/www.emballagedigest.fr\/#website\",\"url\":\"https:\/\/www.emballagedigest.fr\/\",\"name\":\"Emballage Digest\",\"description\":\"Revue professionnelle sur les emballages\",\"publisher\":{\"@id\":\"https:\/\/www.emballagedigest.fr\/#organization\"},\"potentialAction\":[{\"@type\":\"SearchAction\",\"target\":{\"@type\":\"EntryPoint\",\"urlTemplate\":\"https:\/\/www.emballagedigest.fr\/?s={search_term_string}\"},\"query-input\":{\"@type\":\"PropertyValueSpecification\",\"valueRequired\":true,\"valueName\":\"search_term_string\"}}],\"inLanguage\":\"en-GB\"},{\"@type\":\"Organization\",\"@id\":\"https:\/\/www.emballagedigest.fr\/#organization\",\"name\":\"Emballage Digest\",\"url\":\"https:\/\/www.emballagedigest.fr\/\",\"logo\":{\"@type\":\"ImageObject\",\"inLanguage\":\"en-GB\",\"@id\":\"https:\/\/www.emballagedigest.fr\/#\/schema\/logo\/image\/\",\"url\":\"https:\/\/www.emballagedigest.fr\/wp-content\/uploads\/2022\/07\/logo-ed.png\",\"contentUrl\":\"https:\/\/www.emballagedigest.fr\/wp-content\/uploads\/2022\/07\/logo-ed.png\",\"width\":379,\"height\":75,\"caption\":\"Emballage Digest\"},\"image\":{\"@id\":\"https:\/\/www.emballagedigest.fr\/#\/schema\/logo\/image\/\"}},{\"@type\":\"Person\",\"@id\":\"https:\/\/www.emballagedigest.fr\/#\/schema\/person\/76abe9f2b2ee4d3d520594c7a35da59f\",\"name\":\"Karine Duval\",\"image\":{\"@type\":\"ImageObject\",\"inLanguage\":\"en-GB\",\"@id\":\"https:\/\/www.emballagedigest.fr\/#\/schema\/person\/image\/\",\"url\":\"https:\/\/secure.gravatar.com\/avatar\/f552799261cdd2e076e6677d780ef07bdb13aa4c196ab75b39abcbcdcae2d4e5?s=96&d=mm&r=g\",\"contentUrl\":\"https:\/\/secure.gravatar.com\/avatar\/f552799261cdd2e076e6677d780ef07bdb13aa4c196ab75b39abcbcdcae2d4e5?s=96&d=mm&r=g\",\"caption\":\"Karine Duval\"},\"url\":\"https:\/\/www.emballagedigest.fr\/en\/author\/admin_karduv\/\"}]}<\/script>\n<!-- \/ Yoast SEO plugin. -->","yoast_head_json":{"title":"Alb\u00e9a Tubes signe le dernier packaging du baume SVR - Emballage Digest","robots":{"index":"index","follow":"follow","max-snippet":"max-snippet:-1","max-image-preview":"max-image-preview:large","max-video-preview":"max-video-preview:-1"},"canonical":"https:\/\/www.emballagedigest.fr\/en\/albea-tubes-signe-le-dernier-packaging-du-baume-svr\/","og_locale":"en_GB","og_type":"article","og_title":"Alb\u00e9a Tubes signe le dernier packaging du baume SVR - Emballage Digest","og_description":"Les Laboratoires SVR, laboratoire dermo-cosm\u00e9tique fran\u00e7ais, a choisi Alb\u00e9a Tubes pour le packaging de son Baume D\u00e9maquillant Sensifine. Ce baume, qui transforme la routine de nettoyage gr\u00e2ce \u00e0 sa texture baume-en-huile unique et \u00e0 son parfum apaisant de coco, est d\u00e9sormais prot\u00e9g\u00e9 par un tube (RE)flex associ\u00e9 \u00e0 EcoFusion Top d\u2019Alb\u00e9a Tubes. Formul\u00e9 avec seulement [&hellip;]","og_url":"https:\/\/www.emballagedigest.fr\/en\/albea-tubes-signe-le-dernier-packaging-du-baume-svr\/","og_site_name":"Emballage Digest","article_published_time":"2025-05-22T22:09:01+00:00","article_modified_time":"2025-05-25T22:10:08+00:00","og_image":[{"width":800,"height":600,"url":"https:\/\/www.emballagedigest.fr\/wp-content\/uploads\/2025\/05\/ALBEA.jpg","type":"image\/jpeg"}],"author":"Karine Duval","twitter_card":"summary_large_image","twitter_misc":{"Written by":"Karine Duval","Estimated reading time":"2 minutes"},"schema":{"@context":"https:\/\/schema.org","@graph":[{"@type":"Article","@id":"https:\/\/www.emballagedigest.fr\/albea-tubes-signe-le-dernier-packaging-du-baume-svr\/#article","isPartOf":{"@id":"https:\/\/www.emballagedigest.fr\/albea-tubes-signe-le-dernier-packaging-du-baume-svr\/"},"author":{"name":"Karine Duval","@id":"https:\/\/www.emballagedigest.fr\/#\/schema\/person\/76abe9f2b2ee4d3d520594c7a35da59f"},"headline":"Alb\u00e9a Tubes signe le dernier packaging du baume SVR","datePublished":"2025-05-22T22:09:01+00:00","dateModified":"2025-05-25T22:10:08+00:00","mainEntityOfPage":{"@id":"https:\/\/www.emballagedigest.fr\/albea-tubes-signe-le-dernier-packaging-du-baume-svr\/"},"wordCount":274,"publisher":{"@id":"https:\/\/www.emballagedigest.fr\/#organization"},"image":{"@id":"https:\/\/www.emballagedigest.fr\/albea-tubes-signe-le-dernier-packaging-du-baume-svr\/#primaryimage"},"thumbnailUrl":"https:\/\/www.emballagedigest.fr\/wp-content\/uploads\/2025\/05\/ALBEA.jpg","articleSection":["Article entier","Lin\u00e9aires"],"inLanguage":"en-GB"},{"@type":"WebPage","@id":"https:\/\/www.emballagedigest.fr\/albea-tubes-signe-le-dernier-packaging-du-baume-svr\/","url":"https:\/\/www.emballagedigest.fr\/albea-tubes-signe-le-dernier-packaging-du-baume-svr\/","name":"Alb\u00e9a Tubes signe le dernier packaging du baume SVR - Emballage Digest","isPartOf":{"@id":"https:\/\/www.emballagedigest.fr\/#website"},"primaryImageOfPage":{"@id":"https:\/\/www.emballagedigest.fr\/albea-tubes-signe-le-dernier-packaging-du-baume-svr\/#primaryimage"},"image":{"@id":"https:\/\/www.emballagedigest.fr\/albea-tubes-signe-le-dernier-packaging-du-baume-svr\/#primaryimage"},"thumbnailUrl":"https:\/\/www.emballagedigest.fr\/wp-content\/uploads\/2025\/05\/ALBEA.jpg","datePublished":"2025-05-22T22:09:01+00:00","dateModified":"2025-05-25T22:10:08+00:00","breadcrumb":{"@id":"https:\/\/www.emballagedigest.fr\/albea-tubes-signe-le-dernier-packaging-du-baume-svr\/#breadcrumb"},"inLanguage":"en-GB","potentialAction":[{"@type":"ReadAction","target":["https:\/\/www.emballagedigest.fr\/albea-tubes-signe-le-dernier-packaging-du-baume-svr\/"]}]},{"@type":"ImageObject","inLanguage":"en-GB","@id":"https:\/\/www.emballagedigest.fr\/albea-tubes-signe-le-dernier-packaging-du-baume-svr\/#primaryimage","url":"https:\/\/www.emballagedigest.fr\/wp-content\/uploads\/2025\/05\/ALBEA.jpg","contentUrl":"https:\/\/www.emballagedigest.fr\/wp-content\/uploads\/2025\/05\/ALBEA.jpg","width":800,"height":600},{"@type":"BreadcrumbList","@id":"https:\/\/www.emballagedigest.fr\/albea-tubes-signe-le-dernier-packaging-du-baume-svr\/#breadcrumb","itemListElement":[{"@type":"ListItem","position":1,"name":"Accueil","item":"https:\/\/www.emballagedigest.fr\/"},{"@type":"ListItem","position":2,"name":"Alb\u00e9a Tubes signe le dernier packaging du baume SVR"}]},{"@type":"WebSite","@id":"https:\/\/www.emballagedigest.fr\/#website","url":"https:\/\/www.emballagedigest.fr\/","name":"Emballage Digest","description":"Revue professionnelle sur les emballages","publisher":{"@id":"https:\/\/www.emballagedigest.fr\/#organization"},"potentialAction":[{"@type":"SearchAction","target":{"@type":"EntryPoint","urlTemplate":"https:\/\/www.emballagedigest.fr\/?s={search_term_string}"},"query-input":{"@type":"PropertyValueSpecification","valueRequired":true,"valueName":"search_term_string"}}],"inLanguage":"en-GB"},{"@type":"Organization","@id":"https:\/\/www.emballagedigest.fr\/#organization","name":"Emballage Digest","url":"https:\/\/www.emballagedigest.fr\/","logo":{"@type":"ImageObject","inLanguage":"en-GB","@id":"https:\/\/www.emballagedigest.fr\/#\/schema\/logo\/image\/","url":"https:\/\/www.emballagedigest.fr\/wp-content\/uploads\/2022\/07\/logo-ed.png","contentUrl":"https:\/\/www.emballagedigest.fr\/wp-content\/uploads\/2022\/07\/logo-ed.png","width":379,"height":75,"caption":"Emballage Digest"},"image":{"@id":"https:\/\/www.emballagedigest.fr\/#\/schema\/logo\/image\/"}},{"@type":"Person","@id":"https:\/\/www.emballagedigest.fr\/#\/schema\/person\/76abe9f2b2ee4d3d520594c7a35da59f","name":"Karine Duval","image":{"@type":"ImageObject","inLanguage":"en-GB","@id":"https:\/\/www.emballagedigest.fr\/#\/schema\/person\/image\/","url":"https:\/\/secure.gravatar.com\/avatar\/f552799261cdd2e076e6677d780ef07bdb13aa4c196ab75b39abcbcdcae2d4e5?s=96&d=mm&r=g","contentUrl":"https:\/\/secure.gravatar.com\/avatar\/f552799261cdd2e076e6677d780ef07bdb13aa4c196ab75b39abcbcdcae2d4e5?s=96&d=mm&r=g","caption":"Karine Duval"},"url":"https:\/\/www.emballagedigest.fr\/en\/author\/admin_karduv\/"}]}},"_links":{"self":[{"href":"https:\/\/www.emballagedigest.fr\/en\/wp-json\/wp\/v2\/posts\/44573","targetHints":{"allow":["GET"]}}],"collection":[{"href":"https:\/\/www.emballagedigest.fr\/en\/wp-json\/wp\/v2\/posts"}],"about":[{"href":"https:\/\/www.emballagedigest.fr\/en\/wp-json\/wp\/v2\/types\/post"}],"author":[{"embeddable":true,"href":"https:\/\/www.emballagedigest.fr\/en\/wp-json\/wp\/v2\/users\/2"}],"replies":[{"embeddable":true,"href":"https:\/\/www.emballagedigest.fr\/en\/wp-json\/wp\/v2\/comments?post=44573"}],"version-history":[{"count":1,"href":"https:\/\/www.emballagedigest.fr\/en\/wp-json\/wp\/v2\/posts\/44573\/revisions"}],"predecessor-version":[{"id":44575,"href":"https:\/\/www.emballagedigest.fr\/en\/wp-json\/wp\/v2\/posts\/44573\/revisions\/44575"}],"wp:featuredmedia":[{"embeddable":true,"href":"https:\/\/www.emballagedigest.fr\/en\/wp-json\/wp\/v2\/media\/44574"}],"wp:attachment":[{"href":"https:\/\/www.emballagedigest.fr\/en\/wp-json\/wp\/v2\/media?parent=44573"}],"wp:term":[{"taxonomy":"category","embeddable":true,"href":"https:\/\/www.emballagedigest.fr\/en\/wp-json\/wp\/v2\/categories?post=44573"},{"taxonomy":"post_tag","embeddable":true,"href":"https:\/\/www.emballagedigest.fr\/en\/wp-json\/wp\/v2\/tags?post=44573"}],"curies":[{"name":"wp","href":"https:\/\/api.w.org\/{rel}","templated":true}]}}