{"id":44590,"date":"2025-05-26T00:13:55","date_gmt":"2025-05-25T22:13:55","guid":{"rendered":"https:\/\/www.emballagedigest.fr\/?p=44590"},"modified":"2025-05-26T00:13:56","modified_gmt":"2025-05-25T22:13:56","slug":"zarelo-choisit-un-papier-mondi-pour-ses-allume-feux","status":"publish","type":"post","link":"https:\/\/www.emballagedigest.fr\/en\/zarelo-choisit-un-papier-mondi-pour-ses-allume-feux\/","title":{"rendered":"Zarelo choisit un papier Mondi pour ses allume-feux"},"content":{"rendered":"<p><strong>Mondi et Zarelo se sont associ\u00e9s pour pr\u00e9senter une solution d\u2019emballage recyclable \u00e0 base de papier pour allume-feux utilis\u00e9s dans les chemin\u00e9es et les barbecues. Ce nouvel emballage fabriqu\u00e9 \u00e0 partir du re\/cycle FunctionalBarrier Paper 95\/5 de Mondi procure r\u00e9sistance et durabilit\u00e9 tout en prot\u00e9geant les allume-feux de l\u2019humidit\u00e9 pendant le stockage et le transport.<\/strong><\/p>\n\n\n\n<p>Fabriqu\u00e9 \u00e0 partir de papier certifi\u00e9 FSCTM et PEFC*, le re\/cycle FunctionalBarrier Paper 95\/5 de Mondi est enti\u00e8rement produit sur le site de l\u2019entreprise. Faisant partie du portefeuille re\/cycle du fournisseur, il est recyclable dans les flux europ\u00e9ens de recyclage de papier existants, o\u00f9 des sites sont en place. La gamme d\u2019allume-feux de Zarelo inclut des fibres de bois enroul\u00e9es et des cubes compacts pr\u00e9sent\u00e9s r\u00e9cemment et conditionn\u00e9s dans trois formats : 32 pi\u00e8ces, 1 kg et 2 kg. L\u2019emballage garantit une r\u00e9sistance \u00e0 la perforation et une durabilit\u00e9, en prot\u00e9geant les produits tout au long du transport et de la manipulation. Son imprimabilit\u00e9 de haute qualit\u00e9 am\u00e9liore la visibilit\u00e9 de la marque sur le point de vente, renfor\u00e7ant sa pr\u00e9sence dans les cha\u00eenes de commerce de d\u00e9tail.<\/p>\n\n\n\n<p>La transition vers le re\/cycle FunctionalBarrier Paper 95\/5 a permis \u00e0 Zarelo de passer d\u2019un processus de conditionnement manuel \u00e0 un processus automatis\u00e9 tout en am\u00e9liorant l\u2019efficacit\u00e9 de la production et en optimisant les ressources. Le papier rev\u00eatu s\u2019utilise sans probl\u00e8me sur la ligne de conditionnement verticale du fabricant qui transforme, remplit et scelle de mani\u00e8re s\u00fbre le sachet en papier sans devoir ajouter de mat\u00e9riaux suppl\u00e9mentaires comme la colle.<\/p>\n\n\n\n<p>\u00ab Le passage d\u2019un emballage en carton \u00e0 un emballage souple \u00e0 base de papier a constitu\u00e9 une \u00e9tape importante dans l\u2019am\u00e9lioration de l\u2019efficacit\u00e9 de notre processus de conditionnement \u00bb, d\u00e9clare Christoph Raithel, directeur d\u2019usine chez Zarelo. \u00ab Notre collaboration avec Mondi nous a permis d\u2019augmenter l\u2019\u00e9chelle de la production et d\u2019\u00e9tendre notre pr\u00e9sence au-del\u00e0 des fronti\u00e8res de l\u2019Allemagne dans des march\u00e9s de d\u00e9tail internationaux, y compris au Royaume-Uni, en Italie et en Pologne \u00bb.<\/p>","protected":false},"excerpt":{"rendered":"<p>Mondi et Zarelo se sont associ\u00e9s pour pr\u00e9senter une solution d\u2019emballage recyclable \u00e0 base de papier pour allume-feux utilis\u00e9s dans les chemin\u00e9es et les barbecues. Ce nouvel emballage fabriqu\u00e9 \u00e0 partir du re\/cycle FunctionalBarrier Paper 95\/5 de Mondi procure r\u00e9sistance et durabilit\u00e9 tout en prot\u00e9geant les allume-feux de l\u2019humidit\u00e9 pendant le stockage et le transport. [&hellip;]<\/p>","protected":false},"author":2,"featured_media":44591,"comment_status":"closed","ping_status":"closed","sticky":false,"template":"","format":"standard","meta":{"_acf_changed":false,"inline_featured_image":false,"iawp_total_views":0,"footnotes":""},"categories":[28,4],"tags":[],"class_list":["post-44590","post","type-post","status-publish","format-standard","has-post-thumbnail","hentry","category-article-entier","category-lineaires"],"acf":[],"yoast_head":"<!-- This site is optimized with the Yoast SEO plugin v24.4 - https:\/\/yoast.com\/wordpress\/plugins\/seo\/ -->\n<title>Zarelo choisit un papier Mondi pour ses allume-feux - Emballage Digest<\/title>\n<meta name=\"robots\" content=\"index, follow, max-snippet:-1, max-image-preview:large, max-video-preview:-1\" \/>\n<link rel=\"canonical\" href=\"https:\/\/www.emballagedigest.fr\/en\/zarelo-choisit-un-papier-mondi-pour-ses-allume-feux\/\" \/>\n<meta property=\"og:locale\" content=\"en_GB\" \/>\n<meta property=\"og:type\" content=\"article\" \/>\n<meta property=\"og:title\" content=\"Zarelo choisit un papier Mondi pour ses allume-feux - Emballage Digest\" \/>\n<meta property=\"og:description\" content=\"Mondi et Zarelo se sont associ\u00e9s pour pr\u00e9senter une solution d\u2019emballage recyclable \u00e0 base de papier pour allume-feux utilis\u00e9s dans les chemin\u00e9es et les barbecues. Ce nouvel emballage fabriqu\u00e9 \u00e0 partir du re\/cycle FunctionalBarrier Paper 95\/5 de Mondi procure r\u00e9sistance et durabilit\u00e9 tout en prot\u00e9geant les allume-feux de l\u2019humidit\u00e9 pendant le stockage et le transport. [&hellip;]\" \/>\n<meta property=\"og:url\" content=\"https:\/\/www.emballagedigest.fr\/en\/zarelo-choisit-un-papier-mondi-pour-ses-allume-feux\/\" \/>\n<meta property=\"og:site_name\" content=\"Emballage Digest\" \/>\n<meta property=\"article:published_time\" content=\"2025-05-25T22:13:55+00:00\" \/>\n<meta property=\"article:modified_time\" content=\"2025-05-25T22:13:56+00:00\" \/>\n<meta property=\"og:image\" content=\"https:\/\/www.emballagedigest.fr\/wp-content\/uploads\/2025\/05\/MONDI-1.jpg\" \/>\n\t<meta property=\"og:image:width\" content=\"771\" \/>\n\t<meta property=\"og:image:height\" content=\"600\" \/>\n\t<meta property=\"og:image:type\" content=\"image\/jpeg\" \/>\n<meta name=\"author\" content=\"Karine Duval\" \/>\n<meta name=\"twitter:card\" content=\"summary_large_image\" \/>\n<meta name=\"twitter:label1\" content=\"Written by\" \/>\n\t<meta name=\"twitter:data1\" content=\"Karine Duval\" \/>\n\t<meta name=\"twitter:label2\" content=\"Estimated reading time\" \/>\n\t<meta name=\"twitter:data2\" content=\"2 minutes\" \/>\n<script type=\"application\/ld+json\" class=\"yoast-schema-graph\">{\"@context\":\"https:\/\/schema.org\",\"@graph\":[{\"@type\":\"Article\",\"@id\":\"https:\/\/www.emballagedigest.fr\/zarelo-choisit-un-papier-mondi-pour-ses-allume-feux\/#article\",\"isPartOf\":{\"@id\":\"https:\/\/www.emballagedigest.fr\/zarelo-choisit-un-papier-mondi-pour-ses-allume-feux\/\"},\"author\":{\"name\":\"Karine Duval\",\"@id\":\"https:\/\/www.emballagedigest.fr\/#\/schema\/person\/76abe9f2b2ee4d3d520594c7a35da59f\"},\"headline\":\"Zarelo choisit un papier Mondi pour ses allume-feux\",\"datePublished\":\"2025-05-25T22:13:55+00:00\",\"dateModified\":\"2025-05-25T22:13:56+00:00\",\"mainEntityOfPage\":{\"@id\":\"https:\/\/www.emballagedigest.fr\/zarelo-choisit-un-papier-mondi-pour-ses-allume-feux\/\"},\"wordCount\":371,\"publisher\":{\"@id\":\"https:\/\/www.emballagedigest.fr\/#organization\"},\"image\":{\"@id\":\"https:\/\/www.emballagedigest.fr\/zarelo-choisit-un-papier-mondi-pour-ses-allume-feux\/#primaryimage\"},\"thumbnailUrl\":\"https:\/\/www.emballagedigest.fr\/wp-content\/uploads\/2025\/05\/MONDI-1.jpg\",\"articleSection\":[\"Article entier\",\"Lin\u00e9aires\"],\"inLanguage\":\"en-GB\"},{\"@type\":\"WebPage\",\"@id\":\"https:\/\/www.emballagedigest.fr\/zarelo-choisit-un-papier-mondi-pour-ses-allume-feux\/\",\"url\":\"https:\/\/www.emballagedigest.fr\/zarelo-choisit-un-papier-mondi-pour-ses-allume-feux\/\",\"name\":\"Zarelo choisit un papier Mondi pour ses allume-feux - Emballage Digest\",\"isPartOf\":{\"@id\":\"https:\/\/www.emballagedigest.fr\/#website\"},\"primaryImageOfPage\":{\"@id\":\"https:\/\/www.emballagedigest.fr\/zarelo-choisit-un-papier-mondi-pour-ses-allume-feux\/#primaryimage\"},\"image\":{\"@id\":\"https:\/\/www.emballagedigest.fr\/zarelo-choisit-un-papier-mondi-pour-ses-allume-feux\/#primaryimage\"},\"thumbnailUrl\":\"https:\/\/www.emballagedigest.fr\/wp-content\/uploads\/2025\/05\/MONDI-1.jpg\",\"datePublished\":\"2025-05-25T22:13:55+00:00\",\"dateModified\":\"2025-05-25T22:13:56+00:00\",\"breadcrumb\":{\"@id\":\"https:\/\/www.emballagedigest.fr\/zarelo-choisit-un-papier-mondi-pour-ses-allume-feux\/#breadcrumb\"},\"inLanguage\":\"en-GB\",\"potentialAction\":[{\"@type\":\"ReadAction\",\"target\":[\"https:\/\/www.emballagedigest.fr\/zarelo-choisit-un-papier-mondi-pour-ses-allume-feux\/\"]}]},{\"@type\":\"ImageObject\",\"inLanguage\":\"en-GB\",\"@id\":\"https:\/\/www.emballagedigest.fr\/zarelo-choisit-un-papier-mondi-pour-ses-allume-feux\/#primaryimage\",\"url\":\"https:\/\/www.emballagedigest.fr\/wp-content\/uploads\/2025\/05\/MONDI-1.jpg\",\"contentUrl\":\"https:\/\/www.emballagedigest.fr\/wp-content\/uploads\/2025\/05\/MONDI-1.jpg\",\"width\":771,\"height\":600},{\"@type\":\"BreadcrumbList\",\"@id\":\"https:\/\/www.emballagedigest.fr\/zarelo-choisit-un-papier-mondi-pour-ses-allume-feux\/#breadcrumb\",\"itemListElement\":[{\"@type\":\"ListItem\",\"position\":1,\"name\":\"Accueil\",\"item\":\"https:\/\/www.emballagedigest.fr\/\"},{\"@type\":\"ListItem\",\"position\":2,\"name\":\"Zarelo choisit un papier Mondi pour ses allume-feux\"}]},{\"@type\":\"WebSite\",\"@id\":\"https:\/\/www.emballagedigest.fr\/#website\",\"url\":\"https:\/\/www.emballagedigest.fr\/\",\"name\":\"Emballage Digest\",\"description\":\"Revue professionnelle sur les emballages\",\"publisher\":{\"@id\":\"https:\/\/www.emballagedigest.fr\/#organization\"},\"potentialAction\":[{\"@type\":\"SearchAction\",\"target\":{\"@type\":\"EntryPoint\",\"urlTemplate\":\"https:\/\/www.emballagedigest.fr\/?s={search_term_string}\"},\"query-input\":{\"@type\":\"PropertyValueSpecification\",\"valueRequired\":true,\"valueName\":\"search_term_string\"}}],\"inLanguage\":\"en-GB\"},{\"@type\":\"Organization\",\"@id\":\"https:\/\/www.emballagedigest.fr\/#organization\",\"name\":\"Emballage Digest\",\"url\":\"https:\/\/www.emballagedigest.fr\/\",\"logo\":{\"@type\":\"ImageObject\",\"inLanguage\":\"en-GB\",\"@id\":\"https:\/\/www.emballagedigest.fr\/#\/schema\/logo\/image\/\",\"url\":\"https:\/\/www.emballagedigest.fr\/wp-content\/uploads\/2022\/07\/logo-ed.png\",\"contentUrl\":\"https:\/\/www.emballagedigest.fr\/wp-content\/uploads\/2022\/07\/logo-ed.png\",\"width\":379,\"height\":75,\"caption\":\"Emballage Digest\"},\"image\":{\"@id\":\"https:\/\/www.emballagedigest.fr\/#\/schema\/logo\/image\/\"}},{\"@type\":\"Person\",\"@id\":\"https:\/\/www.emballagedigest.fr\/#\/schema\/person\/76abe9f2b2ee4d3d520594c7a35da59f\",\"name\":\"Karine Duval\",\"image\":{\"@type\":\"ImageObject\",\"inLanguage\":\"en-GB\",\"@id\":\"https:\/\/www.emballagedigest.fr\/#\/schema\/person\/image\/\",\"url\":\"https:\/\/secure.gravatar.com\/avatar\/f552799261cdd2e076e6677d780ef07bdb13aa4c196ab75b39abcbcdcae2d4e5?s=96&d=mm&r=g\",\"contentUrl\":\"https:\/\/secure.gravatar.com\/avatar\/f552799261cdd2e076e6677d780ef07bdb13aa4c196ab75b39abcbcdcae2d4e5?s=96&d=mm&r=g\",\"caption\":\"Karine Duval\"},\"url\":\"https:\/\/www.emballagedigest.fr\/en\/author\/admin_karduv\/\"}]}<\/script>\n<!-- \/ Yoast SEO plugin. -->","yoast_head_json":{"title":"Zarelo choisit un papier Mondi pour ses allume-feux - Emballage Digest","robots":{"index":"index","follow":"follow","max-snippet":"max-snippet:-1","max-image-preview":"max-image-preview:large","max-video-preview":"max-video-preview:-1"},"canonical":"https:\/\/www.emballagedigest.fr\/en\/zarelo-choisit-un-papier-mondi-pour-ses-allume-feux\/","og_locale":"en_GB","og_type":"article","og_title":"Zarelo choisit un papier Mondi pour ses allume-feux - Emballage Digest","og_description":"Mondi et Zarelo se sont associ\u00e9s pour pr\u00e9senter une solution d\u2019emballage recyclable \u00e0 base de papier pour allume-feux utilis\u00e9s dans les chemin\u00e9es et les barbecues. Ce nouvel emballage fabriqu\u00e9 \u00e0 partir du re\/cycle FunctionalBarrier Paper 95\/5 de Mondi procure r\u00e9sistance et durabilit\u00e9 tout en prot\u00e9geant les allume-feux de l\u2019humidit\u00e9 pendant le stockage et le transport. [&hellip;]","og_url":"https:\/\/www.emballagedigest.fr\/en\/zarelo-choisit-un-papier-mondi-pour-ses-allume-feux\/","og_site_name":"Emballage Digest","article_published_time":"2025-05-25T22:13:55+00:00","article_modified_time":"2025-05-25T22:13:56+00:00","og_image":[{"width":771,"height":600,"url":"https:\/\/www.emballagedigest.fr\/wp-content\/uploads\/2025\/05\/MONDI-1.jpg","type":"image\/jpeg"}],"author":"Karine Duval","twitter_card":"summary_large_image","twitter_misc":{"Written by":"Karine Duval","Estimated reading time":"2 minutes"},"schema":{"@context":"https:\/\/schema.org","@graph":[{"@type":"Article","@id":"https:\/\/www.emballagedigest.fr\/zarelo-choisit-un-papier-mondi-pour-ses-allume-feux\/#article","isPartOf":{"@id":"https:\/\/www.emballagedigest.fr\/zarelo-choisit-un-papier-mondi-pour-ses-allume-feux\/"},"author":{"name":"Karine Duval","@id":"https:\/\/www.emballagedigest.fr\/#\/schema\/person\/76abe9f2b2ee4d3d520594c7a35da59f"},"headline":"Zarelo choisit un papier Mondi pour ses allume-feux","datePublished":"2025-05-25T22:13:55+00:00","dateModified":"2025-05-25T22:13:56+00:00","mainEntityOfPage":{"@id":"https:\/\/www.emballagedigest.fr\/zarelo-choisit-un-papier-mondi-pour-ses-allume-feux\/"},"wordCount":371,"publisher":{"@id":"https:\/\/www.emballagedigest.fr\/#organization"},"image":{"@id":"https:\/\/www.emballagedigest.fr\/zarelo-choisit-un-papier-mondi-pour-ses-allume-feux\/#primaryimage"},"thumbnailUrl":"https:\/\/www.emballagedigest.fr\/wp-content\/uploads\/2025\/05\/MONDI-1.jpg","articleSection":["Article entier","Lin\u00e9aires"],"inLanguage":"en-GB"},{"@type":"WebPage","@id":"https:\/\/www.emballagedigest.fr\/zarelo-choisit-un-papier-mondi-pour-ses-allume-feux\/","url":"https:\/\/www.emballagedigest.fr\/zarelo-choisit-un-papier-mondi-pour-ses-allume-feux\/","name":"Zarelo choisit un papier Mondi pour ses allume-feux - Emballage Digest","isPartOf":{"@id":"https:\/\/www.emballagedigest.fr\/#website"},"primaryImageOfPage":{"@id":"https:\/\/www.emballagedigest.fr\/zarelo-choisit-un-papier-mondi-pour-ses-allume-feux\/#primaryimage"},"image":{"@id":"https:\/\/www.emballagedigest.fr\/zarelo-choisit-un-papier-mondi-pour-ses-allume-feux\/#primaryimage"},"thumbnailUrl":"https:\/\/www.emballagedigest.fr\/wp-content\/uploads\/2025\/05\/MONDI-1.jpg","datePublished":"2025-05-25T22:13:55+00:00","dateModified":"2025-05-25T22:13:56+00:00","breadcrumb":{"@id":"https:\/\/www.emballagedigest.fr\/zarelo-choisit-un-papier-mondi-pour-ses-allume-feux\/#breadcrumb"},"inLanguage":"en-GB","potentialAction":[{"@type":"ReadAction","target":["https:\/\/www.emballagedigest.fr\/zarelo-choisit-un-papier-mondi-pour-ses-allume-feux\/"]}]},{"@type":"ImageObject","inLanguage":"en-GB","@id":"https:\/\/www.emballagedigest.fr\/zarelo-choisit-un-papier-mondi-pour-ses-allume-feux\/#primaryimage","url":"https:\/\/www.emballagedigest.fr\/wp-content\/uploads\/2025\/05\/MONDI-1.jpg","contentUrl":"https:\/\/www.emballagedigest.fr\/wp-content\/uploads\/2025\/05\/MONDI-1.jpg","width":771,"height":600},{"@type":"BreadcrumbList","@id":"https:\/\/www.emballagedigest.fr\/zarelo-choisit-un-papier-mondi-pour-ses-allume-feux\/#breadcrumb","itemListElement":[{"@type":"ListItem","position":1,"name":"Accueil","item":"https:\/\/www.emballagedigest.fr\/"},{"@type":"ListItem","position":2,"name":"Zarelo choisit un papier Mondi pour ses allume-feux"}]},{"@type":"WebSite","@id":"https:\/\/www.emballagedigest.fr\/#website","url":"https:\/\/www.emballagedigest.fr\/","name":"Emballage Digest","description":"Revue professionnelle sur les emballages","publisher":{"@id":"https:\/\/www.emballagedigest.fr\/#organization"},"potentialAction":[{"@type":"SearchAction","target":{"@type":"EntryPoint","urlTemplate":"https:\/\/www.emballagedigest.fr\/?s={search_term_string}"},"query-input":{"@type":"PropertyValueSpecification","valueRequired":true,"valueName":"search_term_string"}}],"inLanguage":"en-GB"},{"@type":"Organization","@id":"https:\/\/www.emballagedigest.fr\/#organization","name":"Emballage Digest","url":"https:\/\/www.emballagedigest.fr\/","logo":{"@type":"ImageObject","inLanguage":"en-GB","@id":"https:\/\/www.emballagedigest.fr\/#\/schema\/logo\/image\/","url":"https:\/\/www.emballagedigest.fr\/wp-content\/uploads\/2022\/07\/logo-ed.png","contentUrl":"https:\/\/www.emballagedigest.fr\/wp-content\/uploads\/2022\/07\/logo-ed.png","width":379,"height":75,"caption":"Emballage Digest"},"image":{"@id":"https:\/\/www.emballagedigest.fr\/#\/schema\/logo\/image\/"}},{"@type":"Person","@id":"https:\/\/www.emballagedigest.fr\/#\/schema\/person\/76abe9f2b2ee4d3d520594c7a35da59f","name":"Karine Duval","image":{"@type":"ImageObject","inLanguage":"en-GB","@id":"https:\/\/www.emballagedigest.fr\/#\/schema\/person\/image\/","url":"https:\/\/secure.gravatar.com\/avatar\/f552799261cdd2e076e6677d780ef07bdb13aa4c196ab75b39abcbcdcae2d4e5?s=96&d=mm&r=g","contentUrl":"https:\/\/secure.gravatar.com\/avatar\/f552799261cdd2e076e6677d780ef07bdb13aa4c196ab75b39abcbcdcae2d4e5?s=96&d=mm&r=g","caption":"Karine Duval"},"url":"https:\/\/www.emballagedigest.fr\/en\/author\/admin_karduv\/"}]}},"_links":{"self":[{"href":"https:\/\/www.emballagedigest.fr\/en\/wp-json\/wp\/v2\/posts\/44590","targetHints":{"allow":["GET"]}}],"collection":[{"href":"https:\/\/www.emballagedigest.fr\/en\/wp-json\/wp\/v2\/posts"}],"about":[{"href":"https:\/\/www.emballagedigest.fr\/en\/wp-json\/wp\/v2\/types\/post"}],"author":[{"embeddable":true,"href":"https:\/\/www.emballagedigest.fr\/en\/wp-json\/wp\/v2\/users\/2"}],"replies":[{"embeddable":true,"href":"https:\/\/www.emballagedigest.fr\/en\/wp-json\/wp\/v2\/comments?post=44590"}],"version-history":[{"count":1,"href":"https:\/\/www.emballagedigest.fr\/en\/wp-json\/wp\/v2\/posts\/44590\/revisions"}],"predecessor-version":[{"id":44592,"href":"https:\/\/www.emballagedigest.fr\/en\/wp-json\/wp\/v2\/posts\/44590\/revisions\/44592"}],"wp:featuredmedia":[{"embeddable":true,"href":"https:\/\/www.emballagedigest.fr\/en\/wp-json\/wp\/v2\/media\/44591"}],"wp:attachment":[{"href":"https:\/\/www.emballagedigest.fr\/en\/wp-json\/wp\/v2\/media?parent=44590"}],"wp:term":[{"taxonomy":"category","embeddable":true,"href":"https:\/\/www.emballagedigest.fr\/en\/wp-json\/wp\/v2\/categories?post=44590"},{"taxonomy":"post_tag","embeddable":true,"href":"https:\/\/www.emballagedigest.fr\/en\/wp-json\/wp\/v2\/tags?post=44590"}],"curies":[{"name":"wp","href":"https:\/\/api.w.org\/{rel}","templated":true}]}}