{"id":44597,"date":"2025-05-26T15:28:24","date_gmt":"2025-05-26T13:28:24","guid":{"rendered":"https:\/\/www.emballagedigest.fr\/?p=44597"},"modified":"2025-07-03T12:07:39","modified_gmt":"2025-07-03T10:07:39","slug":"drinktec-2025-le-rendez-vous-mondial-des-boissons-et-aliments-liquides","status":"publish","type":"post","link":"https:\/\/www.emballagedigest.fr\/en\/drinktec-2025-le-rendez-vous-mondial-des-boissons-et-aliments-liquides\/","title":{"rendered":"drinktec 2025 : le rendez-vous mondial des boissons et aliments liquides"},"content":{"rendered":"<p><strong>Du 15 au 19 septembre 2025, l&rsquo;industrie mondiale des boissons et des aliments liquides se donne rendez-vous \u00e0 Munich pour drinktec, le salon de r\u00e9f\u00e9rence du secteur. Tous les leaders du march\u00e9 ont d\u2019ores et d\u00e9j\u00e0 confirm\u00e9 leur pr\u00e9sence et les onze halls du parc d\u2019exposition affichent presque complet. Une preuve de plus que drinktec est bien le sommet \u00e9conomique incontournable de cette fili\u00e8re.<\/strong><\/p>\n\n\n\n<p>Avec des exposants venus de pr\u00e8s de 60 pays, drinktec 2025 promet une vue d\u2019ensemble unique sur les mati\u00e8res premi\u00e8res, les solutions de conditionnement, les technologies de production et les innovations de demain. De nombreuses d\u00e9monstrations en conditions r\u00e9elles permettront aux visiteurs de d\u00e9couvrir les solutions les plus avanc\u00e9es, de la technologie de remplissage \u00e0 l\u2019emballage, du low-tech au high-tech.<\/p>\n\n\n\n<figure class=\"wp-block-image size-full is-resized\"><img loading=\"lazy\" decoding=\"async\" width=\"800\" height=\"481\" src=\"https:\/\/www.emballagedigest.fr\/wp-content\/uploads\/2025\/05\/drinktec2.jpg\" alt=\"\" class=\"wp-image-44599\" style=\"width:840px;height:auto\" srcset=\"https:\/\/www.emballagedigest.fr\/wp-content\/uploads\/2025\/05\/drinktec2.jpg 800w, https:\/\/www.emballagedigest.fr\/wp-content\/uploads\/2025\/05\/drinktec2-300x180.jpg 300w, https:\/\/www.emballagedigest.fr\/wp-content\/uploads\/2025\/05\/drinktec2-768x462.jpg 768w, https:\/\/www.emballagedigest.fr\/wp-content\/uploads\/2025\/05\/drinktec2-18x12.jpg 18w\" sizes=\"auto, (max-width: 800px) 100vw, 800px\" \/><\/figure>\n\n\n\n<p>Parmi les grandes nouveaut\u00e9s de cette \u00e9dition : le <strong>Liquidrome<\/strong>, un programme d&rsquo;accompagnement et d\u2019\u00e9changes au c\u0153ur du Hall C4. \u00ab drinktec est une plateforme par des experts pour des experts. Avec le Liquidrome, nous mettons l\u2019accent sur les interactions entre recherche, exposants et visiteurs \u00bb, explique Markus Kosak, Directeur ex\u00e9cutif du cluster drinktec. Ce nouvel espace s\u2019annonce comme le centre n\u00e9vralgique de l\u2019innovation et du dialogue.<\/p>\n\n\n\n<figure class=\"wp-block-image size-full is-resized\"><img loading=\"lazy\" decoding=\"async\" width=\"800\" height=\"542\" src=\"https:\/\/www.emballagedigest.fr\/wp-content\/uploads\/2025\/05\/drinktec3.jpg\" alt=\"\" class=\"wp-image-44600\" style=\"width:840px;height:auto\" srcset=\"https:\/\/www.emballagedigest.fr\/wp-content\/uploads\/2025\/05\/drinktec3.jpg 800w, https:\/\/www.emballagedigest.fr\/wp-content\/uploads\/2025\/05\/drinktec3-300x203.jpg 300w, https:\/\/www.emballagedigest.fr\/wp-content\/uploads\/2025\/05\/drinktec3-768x520.jpg 768w, https:\/\/www.emballagedigest.fr\/wp-content\/uploads\/2025\/05\/drinktec3-18x12.jpg 18w\" sizes=\"auto, (max-width: 800px) 100vw, 800px\" \/><\/figure>\n\n\n\n<p>Et de l\u2019innovation, il y en aura ! Les visiteurs du monde entier auront l\u2019occasion de d\u00e9couvrir, souvent en d\u00e9monstration, les derni\u00e8res technologies, ingr\u00e9dients et proc\u00e9d\u00e9s qui fa\u00e7onneront l\u2019avenir de l\u2019industrie. Trois grandes th\u00e9matiques guideront cette \u00e9dition :<\/p>\n\n\n\n<p><strong>\u2022 Lifestyle &amp; Sant\u00e9<\/strong> : De nouvelles attentes des consommateurs transforment l\u2019offre produit. Les prot\u00e9ines alternatives et boissons v\u00e9g\u00e9tales seront particuli\u00e8rement \u00e0 l\u2019honneur, avec un focus sur leurs sp\u00e9cificit\u00e9s gustatives et les technologies associ\u00e9es.<\/p>\n\n\n\n<p><strong>\u2022 Data2Value<\/strong> : La digitalisation transforme les cha\u00eenes de valeur. Intelligence artificielle, traitement intelligent des donn\u00e9es, outils de pr\u00e9vision&#8230; drinktec 2025 pr\u00e9sentera les derni\u00e8res avanc\u00e9es en mati\u00e8re de gestion et d\u2019optimisation des processus industriels.<\/p>\n\n\n\n<p><strong>\u2022 Circularit\u00e9 &amp; Gestion des Ressources<\/strong> : Les questions de durabilit\u00e9 restent centrales. R\u00e9cup\u00e9ration des mat\u00e9riaux, efficacit\u00e9 \u00e9nerg\u00e9tique, recyclage collaboratif\u2026 drinktec propose des solutions concr\u00e8tes, m\u00eame dans un contexte o\u00f9 les objectifs \u00e9cologiques \u00e9voluent.<\/p>\n\n\n\n<p>Les start-up ne seront pas en reste : elles joueront un r\u00f4le cl\u00e9 dans le Liquidrome, apportant id\u00e9es neuves et dynamiques in\u00e9dites \u00e0 l\u2019\u00e9cosyst\u00e8me professionnel.<\/p>\n\n\n\n<p>Les inscriptions visiteurs sont d\u00e9sormais ouvertes. L\u2019occasion id\u00e9ale pour les professionnels de planifier leur venue \u00e0 Munich et de r\u00e9server d\u00e8s maintenant leur acc\u00e8s \u00e0 ce grand carrefour de l\u2019innovation.<\/p>\n\n\n\n<p><strong><a href=\"https:\/\/drinktec.com\/en-US\/visit\/ticket\/\">INSCRIPTION VISITEUR<\/a><\/strong><\/p>\n\n\n\n<figure class=\"wp-block-image size-full\"><img loading=\"lazy\" decoding=\"async\" width=\"175\" height=\"59\" src=\"https:\/\/www.emballagedigest.fr\/wp-content\/uploads\/2025\/05\/drinktec4.jpg\" alt=\"\" class=\"wp-image-44601\" srcset=\"https:\/\/www.emballagedigest.fr\/wp-content\/uploads\/2025\/05\/drinktec4.jpg 175w, https:\/\/www.emballagedigest.fr\/wp-content\/uploads\/2025\/05\/drinktec4-18x6.jpg 18w\" sizes=\"auto, (max-width: 175px) 100vw, 175px\" \/><figcaption class=\"wp-element-caption\"><strong><a href=\"https:\/\/drinktec.com\/en-US\">https:\/\/drinktec.com\/en-US<\/a><\/strong><\/figcaption><\/figure>","protected":false},"excerpt":{"rendered":"<p>Du 15 au 19 septembre 2025, l&rsquo;industrie mondiale des boissons et des aliments liquides se donne rendez-vous \u00e0 Munich pour drinktec, le salon de r\u00e9f\u00e9rence du secteur. Tous les leaders du march\u00e9 ont d\u2019ores et d\u00e9j\u00e0 confirm\u00e9 leur pr\u00e9sence et les onze halls du parc d\u2019exposition affichent presque complet. Une preuve de plus que drinktec [&hellip;]<\/p>","protected":false},"author":2,"featured_media":44598,"comment_status":"closed","ping_status":"closed","sticky":false,"template":"","format":"standard","meta":{"_acf_changed":false,"inline_featured_image":false,"iawp_total_views":1,"footnotes":""},"categories":[5,28],"tags":[],"class_list":["post-44597","post","type-post","status-publish","format-standard","has-post-thumbnail","hentry","category-alimentaire","category-article-entier"],"acf":[],"yoast_head":"<!-- This site is optimized with the Yoast SEO plugin v24.4 - https:\/\/yoast.com\/wordpress\/plugins\/seo\/ -->\n<title>drinktec 2025 : le rendez-vous mondial des boissons et aliments liquides - Emballage Digest<\/title>\n<meta name=\"robots\" content=\"index, follow, max-snippet:-1, max-image-preview:large, max-video-preview:-1\" \/>\n<link rel=\"canonical\" href=\"https:\/\/www.emballagedigest.fr\/en\/drinktec-2025-le-rendez-vous-mondial-des-boissons-et-aliments-liquides\/\" \/>\n<meta property=\"og:locale\" content=\"en_GB\" \/>\n<meta property=\"og:type\" content=\"article\" \/>\n<meta property=\"og:title\" content=\"drinktec 2025 : le rendez-vous mondial des boissons et aliments liquides - Emballage Digest\" \/>\n<meta property=\"og:description\" content=\"Du 15 au 19 septembre 2025, l&rsquo;industrie mondiale des boissons et des aliments liquides se donne rendez-vous \u00e0 Munich pour drinktec, le salon de r\u00e9f\u00e9rence du secteur. Tous les leaders du march\u00e9 ont d\u2019ores et d\u00e9j\u00e0 confirm\u00e9 leur pr\u00e9sence et les onze halls du parc d\u2019exposition affichent presque complet. Une preuve de plus que drinktec [&hellip;]\" \/>\n<meta property=\"og:url\" content=\"https:\/\/www.emballagedigest.fr\/en\/drinktec-2025-le-rendez-vous-mondial-des-boissons-et-aliments-liquides\/\" \/>\n<meta property=\"og:site_name\" content=\"Emballage Digest\" \/>\n<meta property=\"article:published_time\" content=\"2025-05-26T13:28:24+00:00\" \/>\n<meta property=\"article:modified_time\" content=\"2025-07-03T10:07:39+00:00\" \/>\n<meta property=\"og:image\" content=\"https:\/\/www.emballagedigest.fr\/wp-content\/uploads\/2025\/05\/drinktec1.jpg\" \/>\n\t<meta property=\"og:image:width\" content=\"800\" \/>\n\t<meta property=\"og:image:height\" content=\"532\" \/>\n\t<meta property=\"og:image:type\" content=\"image\/jpeg\" \/>\n<meta name=\"author\" content=\"Karine Duval\" \/>\n<meta name=\"twitter:card\" content=\"summary_large_image\" \/>\n<meta name=\"twitter:label1\" content=\"Written by\" \/>\n\t<meta name=\"twitter:data1\" content=\"Karine Duval\" \/>\n\t<meta name=\"twitter:label2\" content=\"Estimated reading time\" \/>\n\t<meta name=\"twitter:data2\" content=\"3 minutes\" \/>\n<script type=\"application\/ld+json\" class=\"yoast-schema-graph\">{\"@context\":\"https:\/\/schema.org\",\"@graph\":[{\"@type\":\"Article\",\"@id\":\"https:\/\/www.emballagedigest.fr\/drinktec-2025-le-rendez-vous-mondial-des-boissons-et-aliments-liquides\/#article\",\"isPartOf\":{\"@id\":\"https:\/\/www.emballagedigest.fr\/drinktec-2025-le-rendez-vous-mondial-des-boissons-et-aliments-liquides\/\"},\"author\":{\"name\":\"Karine Duval\",\"@id\":\"https:\/\/www.emballagedigest.fr\/#\/schema\/person\/76abe9f2b2ee4d3d520594c7a35da59f\"},\"headline\":\"drinktec 2025 : le rendez-vous mondial des boissons et aliments liquides\",\"datePublished\":\"2025-05-26T13:28:24+00:00\",\"dateModified\":\"2025-07-03T10:07:39+00:00\",\"mainEntityOfPage\":{\"@id\":\"https:\/\/www.emballagedigest.fr\/drinktec-2025-le-rendez-vous-mondial-des-boissons-et-aliments-liquides\/\"},\"wordCount\":451,\"publisher\":{\"@id\":\"https:\/\/www.emballagedigest.fr\/#organization\"},\"image\":{\"@id\":\"https:\/\/www.emballagedigest.fr\/drinktec-2025-le-rendez-vous-mondial-des-boissons-et-aliments-liquides\/#primaryimage\"},\"thumbnailUrl\":\"https:\/\/www.emballagedigest.fr\/wp-content\/uploads\/2025\/05\/drinktec1.jpg\",\"articleSection\":[\"Alimentaire\",\"Article entier\"],\"inLanguage\":\"en-GB\"},{\"@type\":\"WebPage\",\"@id\":\"https:\/\/www.emballagedigest.fr\/drinktec-2025-le-rendez-vous-mondial-des-boissons-et-aliments-liquides\/\",\"url\":\"https:\/\/www.emballagedigest.fr\/drinktec-2025-le-rendez-vous-mondial-des-boissons-et-aliments-liquides\/\",\"name\":\"drinktec 2025 : le rendez-vous mondial des boissons et aliments liquides - Emballage Digest\",\"isPartOf\":{\"@id\":\"https:\/\/www.emballagedigest.fr\/#website\"},\"primaryImageOfPage\":{\"@id\":\"https:\/\/www.emballagedigest.fr\/drinktec-2025-le-rendez-vous-mondial-des-boissons-et-aliments-liquides\/#primaryimage\"},\"image\":{\"@id\":\"https:\/\/www.emballagedigest.fr\/drinktec-2025-le-rendez-vous-mondial-des-boissons-et-aliments-liquides\/#primaryimage\"},\"thumbnailUrl\":\"https:\/\/www.emballagedigest.fr\/wp-content\/uploads\/2025\/05\/drinktec1.jpg\",\"datePublished\":\"2025-05-26T13:28:24+00:00\",\"dateModified\":\"2025-07-03T10:07:39+00:00\",\"breadcrumb\":{\"@id\":\"https:\/\/www.emballagedigest.fr\/drinktec-2025-le-rendez-vous-mondial-des-boissons-et-aliments-liquides\/#breadcrumb\"},\"inLanguage\":\"en-GB\",\"potentialAction\":[{\"@type\":\"ReadAction\",\"target\":[\"https:\/\/www.emballagedigest.fr\/drinktec-2025-le-rendez-vous-mondial-des-boissons-et-aliments-liquides\/\"]}]},{\"@type\":\"ImageObject\",\"inLanguage\":\"en-GB\",\"@id\":\"https:\/\/www.emballagedigest.fr\/drinktec-2025-le-rendez-vous-mondial-des-boissons-et-aliments-liquides\/#primaryimage\",\"url\":\"https:\/\/www.emballagedigest.fr\/wp-content\/uploads\/2025\/05\/drinktec1.jpg\",\"contentUrl\":\"https:\/\/www.emballagedigest.fr\/wp-content\/uploads\/2025\/05\/drinktec1.jpg\",\"width\":800,\"height\":532},{\"@type\":\"BreadcrumbList\",\"@id\":\"https:\/\/www.emballagedigest.fr\/drinktec-2025-le-rendez-vous-mondial-des-boissons-et-aliments-liquides\/#breadcrumb\",\"itemListElement\":[{\"@type\":\"ListItem\",\"position\":1,\"name\":\"Accueil\",\"item\":\"https:\/\/www.emballagedigest.fr\/\"},{\"@type\":\"ListItem\",\"position\":2,\"name\":\"drinktec 2025 : le rendez-vous mondial des boissons et aliments liquides\"}]},{\"@type\":\"WebSite\",\"@id\":\"https:\/\/www.emballagedigest.fr\/#website\",\"url\":\"https:\/\/www.emballagedigest.fr\/\",\"name\":\"Emballage Digest\",\"description\":\"Revue professionnelle sur les emballages\",\"publisher\":{\"@id\":\"https:\/\/www.emballagedigest.fr\/#organization\"},\"potentialAction\":[{\"@type\":\"SearchAction\",\"target\":{\"@type\":\"EntryPoint\",\"urlTemplate\":\"https:\/\/www.emballagedigest.fr\/?s={search_term_string}\"},\"query-input\":{\"@type\":\"PropertyValueSpecification\",\"valueRequired\":true,\"valueName\":\"search_term_string\"}}],\"inLanguage\":\"en-GB\"},{\"@type\":\"Organization\",\"@id\":\"https:\/\/www.emballagedigest.fr\/#organization\",\"name\":\"Emballage Digest\",\"url\":\"https:\/\/www.emballagedigest.fr\/\",\"logo\":{\"@type\":\"ImageObject\",\"inLanguage\":\"en-GB\",\"@id\":\"https:\/\/www.emballagedigest.fr\/#\/schema\/logo\/image\/\",\"url\":\"https:\/\/www.emballagedigest.fr\/wp-content\/uploads\/2022\/07\/logo-ed.png\",\"contentUrl\":\"https:\/\/www.emballagedigest.fr\/wp-content\/uploads\/2022\/07\/logo-ed.png\",\"width\":379,\"height\":75,\"caption\":\"Emballage Digest\"},\"image\":{\"@id\":\"https:\/\/www.emballagedigest.fr\/#\/schema\/logo\/image\/\"}},{\"@type\":\"Person\",\"@id\":\"https:\/\/www.emballagedigest.fr\/#\/schema\/person\/76abe9f2b2ee4d3d520594c7a35da59f\",\"name\":\"Karine Duval\",\"image\":{\"@type\":\"ImageObject\",\"inLanguage\":\"en-GB\",\"@id\":\"https:\/\/www.emballagedigest.fr\/#\/schema\/person\/image\/\",\"url\":\"https:\/\/secure.gravatar.com\/avatar\/f552799261cdd2e076e6677d780ef07bdb13aa4c196ab75b39abcbcdcae2d4e5?s=96&d=mm&r=g\",\"contentUrl\":\"https:\/\/secure.gravatar.com\/avatar\/f552799261cdd2e076e6677d780ef07bdb13aa4c196ab75b39abcbcdcae2d4e5?s=96&d=mm&r=g\",\"caption\":\"Karine Duval\"},\"url\":\"https:\/\/www.emballagedigest.fr\/en\/author\/admin_karduv\/\"}]}<\/script>\n<!-- \/ Yoast SEO plugin. -->","yoast_head_json":{"title":"drinktec 2025 : le rendez-vous mondial des boissons et aliments liquides - Emballage Digest","robots":{"index":"index","follow":"follow","max-snippet":"max-snippet:-1","max-image-preview":"max-image-preview:large","max-video-preview":"max-video-preview:-1"},"canonical":"https:\/\/www.emballagedigest.fr\/en\/drinktec-2025-le-rendez-vous-mondial-des-boissons-et-aliments-liquides\/","og_locale":"en_GB","og_type":"article","og_title":"drinktec 2025 : le rendez-vous mondial des boissons et aliments liquides - Emballage Digest","og_description":"Du 15 au 19 septembre 2025, l&rsquo;industrie mondiale des boissons et des aliments liquides se donne rendez-vous \u00e0 Munich pour drinktec, le salon de r\u00e9f\u00e9rence du secteur. Tous les leaders du march\u00e9 ont d\u2019ores et d\u00e9j\u00e0 confirm\u00e9 leur pr\u00e9sence et les onze halls du parc d\u2019exposition affichent presque complet. Une preuve de plus que drinktec [&hellip;]","og_url":"https:\/\/www.emballagedigest.fr\/en\/drinktec-2025-le-rendez-vous-mondial-des-boissons-et-aliments-liquides\/","og_site_name":"Emballage Digest","article_published_time":"2025-05-26T13:28:24+00:00","article_modified_time":"2025-07-03T10:07:39+00:00","og_image":[{"width":800,"height":532,"url":"https:\/\/www.emballagedigest.fr\/wp-content\/uploads\/2025\/05\/drinktec1.jpg","type":"image\/jpeg"}],"author":"Karine Duval","twitter_card":"summary_large_image","twitter_misc":{"Written by":"Karine Duval","Estimated reading time":"3 minutes"},"schema":{"@context":"https:\/\/schema.org","@graph":[{"@type":"Article","@id":"https:\/\/www.emballagedigest.fr\/drinktec-2025-le-rendez-vous-mondial-des-boissons-et-aliments-liquides\/#article","isPartOf":{"@id":"https:\/\/www.emballagedigest.fr\/drinktec-2025-le-rendez-vous-mondial-des-boissons-et-aliments-liquides\/"},"author":{"name":"Karine Duval","@id":"https:\/\/www.emballagedigest.fr\/#\/schema\/person\/76abe9f2b2ee4d3d520594c7a35da59f"},"headline":"drinktec 2025 : le rendez-vous mondial des boissons et aliments liquides","datePublished":"2025-05-26T13:28:24+00:00","dateModified":"2025-07-03T10:07:39+00:00","mainEntityOfPage":{"@id":"https:\/\/www.emballagedigest.fr\/drinktec-2025-le-rendez-vous-mondial-des-boissons-et-aliments-liquides\/"},"wordCount":451,"publisher":{"@id":"https:\/\/www.emballagedigest.fr\/#organization"},"image":{"@id":"https:\/\/www.emballagedigest.fr\/drinktec-2025-le-rendez-vous-mondial-des-boissons-et-aliments-liquides\/#primaryimage"},"thumbnailUrl":"https:\/\/www.emballagedigest.fr\/wp-content\/uploads\/2025\/05\/drinktec1.jpg","articleSection":["Alimentaire","Article entier"],"inLanguage":"en-GB"},{"@type":"WebPage","@id":"https:\/\/www.emballagedigest.fr\/drinktec-2025-le-rendez-vous-mondial-des-boissons-et-aliments-liquides\/","url":"https:\/\/www.emballagedigest.fr\/drinktec-2025-le-rendez-vous-mondial-des-boissons-et-aliments-liquides\/","name":"drinktec 2025 : le rendez-vous mondial des boissons et aliments liquides - Emballage Digest","isPartOf":{"@id":"https:\/\/www.emballagedigest.fr\/#website"},"primaryImageOfPage":{"@id":"https:\/\/www.emballagedigest.fr\/drinktec-2025-le-rendez-vous-mondial-des-boissons-et-aliments-liquides\/#primaryimage"},"image":{"@id":"https:\/\/www.emballagedigest.fr\/drinktec-2025-le-rendez-vous-mondial-des-boissons-et-aliments-liquides\/#primaryimage"},"thumbnailUrl":"https:\/\/www.emballagedigest.fr\/wp-content\/uploads\/2025\/05\/drinktec1.jpg","datePublished":"2025-05-26T13:28:24+00:00","dateModified":"2025-07-03T10:07:39+00:00","breadcrumb":{"@id":"https:\/\/www.emballagedigest.fr\/drinktec-2025-le-rendez-vous-mondial-des-boissons-et-aliments-liquides\/#breadcrumb"},"inLanguage":"en-GB","potentialAction":[{"@type":"ReadAction","target":["https:\/\/www.emballagedigest.fr\/drinktec-2025-le-rendez-vous-mondial-des-boissons-et-aliments-liquides\/"]}]},{"@type":"ImageObject","inLanguage":"en-GB","@id":"https:\/\/www.emballagedigest.fr\/drinktec-2025-le-rendez-vous-mondial-des-boissons-et-aliments-liquides\/#primaryimage","url":"https:\/\/www.emballagedigest.fr\/wp-content\/uploads\/2025\/05\/drinktec1.jpg","contentUrl":"https:\/\/www.emballagedigest.fr\/wp-content\/uploads\/2025\/05\/drinktec1.jpg","width":800,"height":532},{"@type":"BreadcrumbList","@id":"https:\/\/www.emballagedigest.fr\/drinktec-2025-le-rendez-vous-mondial-des-boissons-et-aliments-liquides\/#breadcrumb","itemListElement":[{"@type":"ListItem","position":1,"name":"Accueil","item":"https:\/\/www.emballagedigest.fr\/"},{"@type":"ListItem","position":2,"name":"drinktec 2025 : le rendez-vous mondial des boissons et aliments liquides"}]},{"@type":"WebSite","@id":"https:\/\/www.emballagedigest.fr\/#website","url":"https:\/\/www.emballagedigest.fr\/","name":"Emballage Digest","description":"Revue professionnelle sur les emballages","publisher":{"@id":"https:\/\/www.emballagedigest.fr\/#organization"},"potentialAction":[{"@type":"SearchAction","target":{"@type":"EntryPoint","urlTemplate":"https:\/\/www.emballagedigest.fr\/?s={search_term_string}"},"query-input":{"@type":"PropertyValueSpecification","valueRequired":true,"valueName":"search_term_string"}}],"inLanguage":"en-GB"},{"@type":"Organization","@id":"https:\/\/www.emballagedigest.fr\/#organization","name":"Emballage Digest","url":"https:\/\/www.emballagedigest.fr\/","logo":{"@type":"ImageObject","inLanguage":"en-GB","@id":"https:\/\/www.emballagedigest.fr\/#\/schema\/logo\/image\/","url":"https:\/\/www.emballagedigest.fr\/wp-content\/uploads\/2022\/07\/logo-ed.png","contentUrl":"https:\/\/www.emballagedigest.fr\/wp-content\/uploads\/2022\/07\/logo-ed.png","width":379,"height":75,"caption":"Emballage Digest"},"image":{"@id":"https:\/\/www.emballagedigest.fr\/#\/schema\/logo\/image\/"}},{"@type":"Person","@id":"https:\/\/www.emballagedigest.fr\/#\/schema\/person\/76abe9f2b2ee4d3d520594c7a35da59f","name":"Karine Duval","image":{"@type":"ImageObject","inLanguage":"en-GB","@id":"https:\/\/www.emballagedigest.fr\/#\/schema\/person\/image\/","url":"https:\/\/secure.gravatar.com\/avatar\/f552799261cdd2e076e6677d780ef07bdb13aa4c196ab75b39abcbcdcae2d4e5?s=96&d=mm&r=g","contentUrl":"https:\/\/secure.gravatar.com\/avatar\/f552799261cdd2e076e6677d780ef07bdb13aa4c196ab75b39abcbcdcae2d4e5?s=96&d=mm&r=g","caption":"Karine Duval"},"url":"https:\/\/www.emballagedigest.fr\/en\/author\/admin_karduv\/"}]}},"_links":{"self":[{"href":"https:\/\/www.emballagedigest.fr\/en\/wp-json\/wp\/v2\/posts\/44597","targetHints":{"allow":["GET"]}}],"collection":[{"href":"https:\/\/www.emballagedigest.fr\/en\/wp-json\/wp\/v2\/posts"}],"about":[{"href":"https:\/\/www.emballagedigest.fr\/en\/wp-json\/wp\/v2\/types\/post"}],"author":[{"embeddable":true,"href":"https:\/\/www.emballagedigest.fr\/en\/wp-json\/wp\/v2\/users\/2"}],"replies":[{"embeddable":true,"href":"https:\/\/www.emballagedigest.fr\/en\/wp-json\/wp\/v2\/comments?post=44597"}],"version-history":[{"count":3,"href":"https:\/\/www.emballagedigest.fr\/en\/wp-json\/wp\/v2\/posts\/44597\/revisions"}],"predecessor-version":[{"id":44671,"href":"https:\/\/www.emballagedigest.fr\/en\/wp-json\/wp\/v2\/posts\/44597\/revisions\/44671"}],"wp:featuredmedia":[{"embeddable":true,"href":"https:\/\/www.emballagedigest.fr\/en\/wp-json\/wp\/v2\/media\/44598"}],"wp:attachment":[{"href":"https:\/\/www.emballagedigest.fr\/en\/wp-json\/wp\/v2\/media?parent=44597"}],"wp:term":[{"taxonomy":"category","embeddable":true,"href":"https:\/\/www.emballagedigest.fr\/en\/wp-json\/wp\/v2\/categories?post=44597"},{"taxonomy":"post_tag","embeddable":true,"href":"https:\/\/www.emballagedigest.fr\/en\/wp-json\/wp\/v2\/tags?post=44597"}],"curies":[{"name":"wp","href":"https:\/\/api.w.org\/{rel}","templated":true}]}}