{"id":44611,"date":"2025-05-27T08:21:29","date_gmt":"2025-05-27T06:21:29","guid":{"rendered":"https:\/\/www.emballagedigest.fr\/?p=44611"},"modified":"2025-05-27T08:21:30","modified_gmt":"2025-05-27T06:21:30","slug":"ipp-etend-le-champ-daction-de-thibaut-esnee","status":"publish","type":"post","link":"https:\/\/www.emballagedigest.fr\/en\/ipp-etend-le-champ-daction-de-thibaut-esnee\/","title":{"rendered":"IPP \u00e9tend le champ d\u2019action de Thibaut Esn\u00e9e"},"content":{"rendered":"<p><strong>Le sp\u00e9cialiste europ\u00e9en de la location et gestion durable de palettes bois IPP annonce l\u2019\u00e9largissement des responsabilit\u00e9s de Thibaut Esn\u00e9e, nomm\u00e9 Regional Managing Director pour la France, l\u2019Espagne et le Portugal.<\/strong><\/p>\n\n\n\n<p>Il prend d\u00e9sormais la t\u00eate de la r\u00e9gion France et Iberia, dans le cadre d\u2019une nouvelle organisation strat\u00e9gique visant \u00e0 accompagner la forte croissance du groupe en Europe. Dipl\u00f4m\u00e9 d\u2019une \u00e9cole de commerce et d\u2019un master sp\u00e9cialis\u00e9 en logistique agroalimentaire, Thibaut Esn\u00e9e b\u00e9n\u00e9ficie de plus de 25 ans d\u2019exp\u00e9rience dans la supply chain. Il a d\u00e9but\u00e9 sa carri\u00e8re chez Carrefour en 1999 avant d\u2019occuper des fonctions de direction logistique et op\u00e9rationnelle chez ID Logistics, B.S.L puis Dachser, o\u00f9 il pilotait les activit\u00e9s Contract Logistics pour la France et le Maghreb. Il a rejoint IPP en janvier 2020, en qualit\u00e9 de Country Director France.<\/p>\n\n\n\n<p>Depuis son arriv\u00e9e, la filiale fran\u00e7aise a enregistr\u00e9 une progression remarquable de 60 % de son chiffre d\u2019affaires, port\u00e9e par une strat\u00e9gie d\u2019optimisation des flux, une transformation structurante et une politique de d\u00e9veloppement durable ambitieuse. Dans sa nouvelle mission, Thibaut Esn\u00e9e pilotera la strat\u00e9gie r\u00e9gionale pour la France, l\u2019Espagne et le Portugal. Il travaillera en \u00e9troite collaboration avec Sergio Sanz, Directeur de la Business Unit Iberia, dont le p\u00e9rim\u00e8tre \u00e0 fort potentiel b\u00e9n\u00e9fice d\u2019une croissance significative sur ces march\u00e9s ces derni\u00e8res ann\u00e9es.<\/p>\n\n\n\n<p>Cette nomination s\u2019inscrit plus largement dans le cadre d\u2019une r\u00e9organisation d\u2019IPP en quatre grandes r\u00e9gions g\u00e9ographiques : le Royaume-Uni, l\u2019Irlande et la Scandinavie&nbsp;; la France et la P\u00e9ninsule Ib\u00e9rique&nbsp;; le Benelux&nbsp;; l\u2019Allemagne et l\u2019Europe de l\u2019Est. Ce nouveau mod\u00e8le vise \u00e0 renforcer les synergies r\u00e9gionales, \u00e0 harmoniser les processus et \u00e0 r\u00e9pondre efficacement aux sp\u00e9cificit\u00e9s locales dans un contexte de forte croissance. Entre 2020 et 2024, IPP a vu son activit\u00e9 augmenter de 37 %, atteignant 70 millions de mouvements de palettes. L\u2019objectif est fix\u00e9 \u00e0 120 millions de mouvements d\u2019ici \u00e0 2030, soutenu par des investissements dans des march\u00e9s strat\u00e9giques tels que l\u2019Europe de l\u2019Est, la Scandinavie, tout en explorant de nouvelles opportunit\u00e9s au Maghreb.<\/p>\n\n\n\n<p>\u00ab IPP continue de se d\u00e9velopper en misant sur des synergies entre pays et en lan\u00e7ant des projets structurants pour am\u00e9liorer l\u2019efficacit\u00e9 commerciale et op\u00e9rationnelle de notre r\u00e9seau europ\u00e9en. Je suis fier de contribuer \u00e0 cette aventure passionnante et optimiste pour les ann\u00e9es \u00e0 venir. La palette est un \u00e9l\u00e9ment essentiel de la supply chain. Son mod\u00e8le locatif r\u00e9pond pleinement aux enjeux environnementaux actuels. Notre ambition est une r\u00e9duction ambitieuse de nos \u00e9missions de CO<sub>2<\/sub> d\u2019ici 2030, tout en r\u00e9alisant une croissance \u00e9conomique responsable \u00bb, commente Thibaut Esn\u00e9e, Regional Managing Director France &amp; Iberia d\u2019IPP.<\/p>","protected":false},"excerpt":{"rendered":"<p>Le sp\u00e9cialiste europ\u00e9en de la location et gestion durable de palettes bois IPP annonce l\u2019\u00e9largissement des responsabilit\u00e9s de Thibaut Esn\u00e9e, nomm\u00e9 Regional Managing Director pour la France, l\u2019Espagne et le Portugal. Il prend d\u00e9sormais la t\u00eate de la r\u00e9gion France et Iberia, dans le cadre d\u2019une nouvelle organisation strat\u00e9gique visant \u00e0 accompagner la forte croissance [&hellip;]<\/p>","protected":false},"author":2,"featured_media":44612,"comment_status":"closed","ping_status":"closed","sticky":false,"template":"","format":"standard","meta":{"_acf_changed":false,"inline_featured_image":false,"iawp_total_views":2,"footnotes":""},"categories":[28,11,8,76],"tags":[],"class_list":["post-44611","post","type-post","status-publish","format-standard","has-post-thumbnail","hentry","category-article-entier","category-emballages","category-industrie","category-nomination"],"acf":[],"yoast_head":"<!-- This site is optimized with the Yoast SEO plugin v24.4 - https:\/\/yoast.com\/wordpress\/plugins\/seo\/ -->\n<title>IPP \u00e9tend le champ d\u2019action de Thibaut Esn\u00e9e - Emballage Digest<\/title>\n<meta name=\"robots\" content=\"index, follow, max-snippet:-1, max-image-preview:large, max-video-preview:-1\" \/>\n<link rel=\"canonical\" href=\"https:\/\/www.emballagedigest.fr\/en\/ipp-etend-le-champ-daction-de-thibaut-esnee\/\" \/>\n<meta property=\"og:locale\" content=\"en_GB\" \/>\n<meta property=\"og:type\" content=\"article\" \/>\n<meta property=\"og:title\" content=\"IPP \u00e9tend le champ d\u2019action de Thibaut Esn\u00e9e - Emballage Digest\" \/>\n<meta property=\"og:description\" content=\"Le sp\u00e9cialiste europ\u00e9en de la location et gestion durable de palettes bois IPP annonce l\u2019\u00e9largissement des responsabilit\u00e9s de Thibaut Esn\u00e9e, nomm\u00e9 Regional Managing Director pour la France, l\u2019Espagne et le Portugal. Il prend d\u00e9sormais la t\u00eate de la r\u00e9gion France et Iberia, dans le cadre d\u2019une nouvelle organisation strat\u00e9gique visant \u00e0 accompagner la forte croissance [&hellip;]\" \/>\n<meta property=\"og:url\" content=\"https:\/\/www.emballagedigest.fr\/en\/ipp-etend-le-champ-daction-de-thibaut-esnee\/\" \/>\n<meta property=\"og:site_name\" content=\"Emballage Digest\" \/>\n<meta property=\"article:published_time\" content=\"2025-05-27T06:21:29+00:00\" \/>\n<meta property=\"article:modified_time\" content=\"2025-05-27T06:21:30+00:00\" \/>\n<meta property=\"og:image\" content=\"https:\/\/www.emballagedigest.fr\/wp-content\/uploads\/2025\/05\/IPP.jpeg\" \/>\n\t<meta property=\"og:image:width\" content=\"800\" \/>\n\t<meta property=\"og:image:height\" content=\"547\" \/>\n\t<meta property=\"og:image:type\" content=\"image\/jpeg\" \/>\n<meta name=\"author\" content=\"Karine Duval\" \/>\n<meta name=\"twitter:card\" content=\"summary_large_image\" \/>\n<meta name=\"twitter:label1\" content=\"Written by\" \/>\n\t<meta name=\"twitter:data1\" content=\"Karine Duval\" \/>\n\t<meta name=\"twitter:label2\" content=\"Estimated reading time\" \/>\n\t<meta name=\"twitter:data2\" content=\"3 minutes\" \/>\n<script type=\"application\/ld+json\" class=\"yoast-schema-graph\">{\"@context\":\"https:\/\/schema.org\",\"@graph\":[{\"@type\":\"Article\",\"@id\":\"https:\/\/www.emballagedigest.fr\/ipp-etend-le-champ-daction-de-thibaut-esnee\/#article\",\"isPartOf\":{\"@id\":\"https:\/\/www.emballagedigest.fr\/ipp-etend-le-champ-daction-de-thibaut-esnee\/\"},\"author\":{\"name\":\"Karine Duval\",\"@id\":\"https:\/\/www.emballagedigest.fr\/#\/schema\/person\/76abe9f2b2ee4d3d520594c7a35da59f\"},\"headline\":\"IPP \u00e9tend le champ d\u2019action de Thibaut Esn\u00e9e\",\"datePublished\":\"2025-05-27T06:21:29+00:00\",\"dateModified\":\"2025-05-27T06:21:30+00:00\",\"mainEntityOfPage\":{\"@id\":\"https:\/\/www.emballagedigest.fr\/ipp-etend-le-champ-daction-de-thibaut-esnee\/\"},\"wordCount\":501,\"publisher\":{\"@id\":\"https:\/\/www.emballagedigest.fr\/#organization\"},\"image\":{\"@id\":\"https:\/\/www.emballagedigest.fr\/ipp-etend-le-champ-daction-de-thibaut-esnee\/#primaryimage\"},\"thumbnailUrl\":\"https:\/\/www.emballagedigest.fr\/wp-content\/uploads\/2025\/05\/IPP.jpeg\",\"articleSection\":[\"Article entier\",\"Emballages\",\"Industrie\",\"Nomination\"],\"inLanguage\":\"en-GB\"},{\"@type\":\"WebPage\",\"@id\":\"https:\/\/www.emballagedigest.fr\/ipp-etend-le-champ-daction-de-thibaut-esnee\/\",\"url\":\"https:\/\/www.emballagedigest.fr\/ipp-etend-le-champ-daction-de-thibaut-esnee\/\",\"name\":\"IPP \u00e9tend le champ d\u2019action de Thibaut Esn\u00e9e - Emballage Digest\",\"isPartOf\":{\"@id\":\"https:\/\/www.emballagedigest.fr\/#website\"},\"primaryImageOfPage\":{\"@id\":\"https:\/\/www.emballagedigest.fr\/ipp-etend-le-champ-daction-de-thibaut-esnee\/#primaryimage\"},\"image\":{\"@id\":\"https:\/\/www.emballagedigest.fr\/ipp-etend-le-champ-daction-de-thibaut-esnee\/#primaryimage\"},\"thumbnailUrl\":\"https:\/\/www.emballagedigest.fr\/wp-content\/uploads\/2025\/05\/IPP.jpeg\",\"datePublished\":\"2025-05-27T06:21:29+00:00\",\"dateModified\":\"2025-05-27T06:21:30+00:00\",\"breadcrumb\":{\"@id\":\"https:\/\/www.emballagedigest.fr\/ipp-etend-le-champ-daction-de-thibaut-esnee\/#breadcrumb\"},\"inLanguage\":\"en-GB\",\"potentialAction\":[{\"@type\":\"ReadAction\",\"target\":[\"https:\/\/www.emballagedigest.fr\/ipp-etend-le-champ-daction-de-thibaut-esnee\/\"]}]},{\"@type\":\"ImageObject\",\"inLanguage\":\"en-GB\",\"@id\":\"https:\/\/www.emballagedigest.fr\/ipp-etend-le-champ-daction-de-thibaut-esnee\/#primaryimage\",\"url\":\"https:\/\/www.emballagedigest.fr\/wp-content\/uploads\/2025\/05\/IPP.jpeg\",\"contentUrl\":\"https:\/\/www.emballagedigest.fr\/wp-content\/uploads\/2025\/05\/IPP.jpeg\",\"width\":800,\"height\":547},{\"@type\":\"BreadcrumbList\",\"@id\":\"https:\/\/www.emballagedigest.fr\/ipp-etend-le-champ-daction-de-thibaut-esnee\/#breadcrumb\",\"itemListElement\":[{\"@type\":\"ListItem\",\"position\":1,\"name\":\"Accueil\",\"item\":\"https:\/\/www.emballagedigest.fr\/\"},{\"@type\":\"ListItem\",\"position\":2,\"name\":\"IPP \u00e9tend le champ d\u2019action de Thibaut Esn\u00e9e\"}]},{\"@type\":\"WebSite\",\"@id\":\"https:\/\/www.emballagedigest.fr\/#website\",\"url\":\"https:\/\/www.emballagedigest.fr\/\",\"name\":\"Emballage Digest\",\"description\":\"Revue professionnelle sur les emballages\",\"publisher\":{\"@id\":\"https:\/\/www.emballagedigest.fr\/#organization\"},\"potentialAction\":[{\"@type\":\"SearchAction\",\"target\":{\"@type\":\"EntryPoint\",\"urlTemplate\":\"https:\/\/www.emballagedigest.fr\/?s={search_term_string}\"},\"query-input\":{\"@type\":\"PropertyValueSpecification\",\"valueRequired\":true,\"valueName\":\"search_term_string\"}}],\"inLanguage\":\"en-GB\"},{\"@type\":\"Organization\",\"@id\":\"https:\/\/www.emballagedigest.fr\/#organization\",\"name\":\"Emballage Digest\",\"url\":\"https:\/\/www.emballagedigest.fr\/\",\"logo\":{\"@type\":\"ImageObject\",\"inLanguage\":\"en-GB\",\"@id\":\"https:\/\/www.emballagedigest.fr\/#\/schema\/logo\/image\/\",\"url\":\"https:\/\/www.emballagedigest.fr\/wp-content\/uploads\/2022\/07\/logo-ed.png\",\"contentUrl\":\"https:\/\/www.emballagedigest.fr\/wp-content\/uploads\/2022\/07\/logo-ed.png\",\"width\":379,\"height\":75,\"caption\":\"Emballage Digest\"},\"image\":{\"@id\":\"https:\/\/www.emballagedigest.fr\/#\/schema\/logo\/image\/\"}},{\"@type\":\"Person\",\"@id\":\"https:\/\/www.emballagedigest.fr\/#\/schema\/person\/76abe9f2b2ee4d3d520594c7a35da59f\",\"name\":\"Karine Duval\",\"image\":{\"@type\":\"ImageObject\",\"inLanguage\":\"en-GB\",\"@id\":\"https:\/\/www.emballagedigest.fr\/#\/schema\/person\/image\/\",\"url\":\"https:\/\/secure.gravatar.com\/avatar\/f552799261cdd2e076e6677d780ef07bdb13aa4c196ab75b39abcbcdcae2d4e5?s=96&d=mm&r=g\",\"contentUrl\":\"https:\/\/secure.gravatar.com\/avatar\/f552799261cdd2e076e6677d780ef07bdb13aa4c196ab75b39abcbcdcae2d4e5?s=96&d=mm&r=g\",\"caption\":\"Karine Duval\"},\"url\":\"https:\/\/www.emballagedigest.fr\/en\/author\/admin_karduv\/\"}]}<\/script>\n<!-- \/ Yoast SEO plugin. -->","yoast_head_json":{"title":"IPP \u00e9tend le champ d\u2019action de Thibaut Esn\u00e9e - Emballage Digest","robots":{"index":"index","follow":"follow","max-snippet":"max-snippet:-1","max-image-preview":"max-image-preview:large","max-video-preview":"max-video-preview:-1"},"canonical":"https:\/\/www.emballagedigest.fr\/en\/ipp-etend-le-champ-daction-de-thibaut-esnee\/","og_locale":"en_GB","og_type":"article","og_title":"IPP \u00e9tend le champ d\u2019action de Thibaut Esn\u00e9e - Emballage Digest","og_description":"Le sp\u00e9cialiste europ\u00e9en de la location et gestion durable de palettes bois IPP annonce l\u2019\u00e9largissement des responsabilit\u00e9s de Thibaut Esn\u00e9e, nomm\u00e9 Regional Managing Director pour la France, l\u2019Espagne et le Portugal. Il prend d\u00e9sormais la t\u00eate de la r\u00e9gion France et Iberia, dans le cadre d\u2019une nouvelle organisation strat\u00e9gique visant \u00e0 accompagner la forte croissance [&hellip;]","og_url":"https:\/\/www.emballagedigest.fr\/en\/ipp-etend-le-champ-daction-de-thibaut-esnee\/","og_site_name":"Emballage Digest","article_published_time":"2025-05-27T06:21:29+00:00","article_modified_time":"2025-05-27T06:21:30+00:00","og_image":[{"width":800,"height":547,"url":"https:\/\/www.emballagedigest.fr\/wp-content\/uploads\/2025\/05\/IPP.jpeg","type":"image\/jpeg"}],"author":"Karine Duval","twitter_card":"summary_large_image","twitter_misc":{"Written by":"Karine Duval","Estimated reading time":"3 minutes"},"schema":{"@context":"https:\/\/schema.org","@graph":[{"@type":"Article","@id":"https:\/\/www.emballagedigest.fr\/ipp-etend-le-champ-daction-de-thibaut-esnee\/#article","isPartOf":{"@id":"https:\/\/www.emballagedigest.fr\/ipp-etend-le-champ-daction-de-thibaut-esnee\/"},"author":{"name":"Karine Duval","@id":"https:\/\/www.emballagedigest.fr\/#\/schema\/person\/76abe9f2b2ee4d3d520594c7a35da59f"},"headline":"IPP \u00e9tend le champ d\u2019action de Thibaut Esn\u00e9e","datePublished":"2025-05-27T06:21:29+00:00","dateModified":"2025-05-27T06:21:30+00:00","mainEntityOfPage":{"@id":"https:\/\/www.emballagedigest.fr\/ipp-etend-le-champ-daction-de-thibaut-esnee\/"},"wordCount":501,"publisher":{"@id":"https:\/\/www.emballagedigest.fr\/#organization"},"image":{"@id":"https:\/\/www.emballagedigest.fr\/ipp-etend-le-champ-daction-de-thibaut-esnee\/#primaryimage"},"thumbnailUrl":"https:\/\/www.emballagedigest.fr\/wp-content\/uploads\/2025\/05\/IPP.jpeg","articleSection":["Article entier","Emballages","Industrie","Nomination"],"inLanguage":"en-GB"},{"@type":"WebPage","@id":"https:\/\/www.emballagedigest.fr\/ipp-etend-le-champ-daction-de-thibaut-esnee\/","url":"https:\/\/www.emballagedigest.fr\/ipp-etend-le-champ-daction-de-thibaut-esnee\/","name":"IPP \u00e9tend le champ d\u2019action de Thibaut Esn\u00e9e - Emballage Digest","isPartOf":{"@id":"https:\/\/www.emballagedigest.fr\/#website"},"primaryImageOfPage":{"@id":"https:\/\/www.emballagedigest.fr\/ipp-etend-le-champ-daction-de-thibaut-esnee\/#primaryimage"},"image":{"@id":"https:\/\/www.emballagedigest.fr\/ipp-etend-le-champ-daction-de-thibaut-esnee\/#primaryimage"},"thumbnailUrl":"https:\/\/www.emballagedigest.fr\/wp-content\/uploads\/2025\/05\/IPP.jpeg","datePublished":"2025-05-27T06:21:29+00:00","dateModified":"2025-05-27T06:21:30+00:00","breadcrumb":{"@id":"https:\/\/www.emballagedigest.fr\/ipp-etend-le-champ-daction-de-thibaut-esnee\/#breadcrumb"},"inLanguage":"en-GB","potentialAction":[{"@type":"ReadAction","target":["https:\/\/www.emballagedigest.fr\/ipp-etend-le-champ-daction-de-thibaut-esnee\/"]}]},{"@type":"ImageObject","inLanguage":"en-GB","@id":"https:\/\/www.emballagedigest.fr\/ipp-etend-le-champ-daction-de-thibaut-esnee\/#primaryimage","url":"https:\/\/www.emballagedigest.fr\/wp-content\/uploads\/2025\/05\/IPP.jpeg","contentUrl":"https:\/\/www.emballagedigest.fr\/wp-content\/uploads\/2025\/05\/IPP.jpeg","width":800,"height":547},{"@type":"BreadcrumbList","@id":"https:\/\/www.emballagedigest.fr\/ipp-etend-le-champ-daction-de-thibaut-esnee\/#breadcrumb","itemListElement":[{"@type":"ListItem","position":1,"name":"Accueil","item":"https:\/\/www.emballagedigest.fr\/"},{"@type":"ListItem","position":2,"name":"IPP \u00e9tend le champ d\u2019action de Thibaut Esn\u00e9e"}]},{"@type":"WebSite","@id":"https:\/\/www.emballagedigest.fr\/#website","url":"https:\/\/www.emballagedigest.fr\/","name":"Emballage Digest","description":"Revue professionnelle sur les emballages","publisher":{"@id":"https:\/\/www.emballagedigest.fr\/#organization"},"potentialAction":[{"@type":"SearchAction","target":{"@type":"EntryPoint","urlTemplate":"https:\/\/www.emballagedigest.fr\/?s={search_term_string}"},"query-input":{"@type":"PropertyValueSpecification","valueRequired":true,"valueName":"search_term_string"}}],"inLanguage":"en-GB"},{"@type":"Organization","@id":"https:\/\/www.emballagedigest.fr\/#organization","name":"Emballage Digest","url":"https:\/\/www.emballagedigest.fr\/","logo":{"@type":"ImageObject","inLanguage":"en-GB","@id":"https:\/\/www.emballagedigest.fr\/#\/schema\/logo\/image\/","url":"https:\/\/www.emballagedigest.fr\/wp-content\/uploads\/2022\/07\/logo-ed.png","contentUrl":"https:\/\/www.emballagedigest.fr\/wp-content\/uploads\/2022\/07\/logo-ed.png","width":379,"height":75,"caption":"Emballage Digest"},"image":{"@id":"https:\/\/www.emballagedigest.fr\/#\/schema\/logo\/image\/"}},{"@type":"Person","@id":"https:\/\/www.emballagedigest.fr\/#\/schema\/person\/76abe9f2b2ee4d3d520594c7a35da59f","name":"Karine Duval","image":{"@type":"ImageObject","inLanguage":"en-GB","@id":"https:\/\/www.emballagedigest.fr\/#\/schema\/person\/image\/","url":"https:\/\/secure.gravatar.com\/avatar\/f552799261cdd2e076e6677d780ef07bdb13aa4c196ab75b39abcbcdcae2d4e5?s=96&d=mm&r=g","contentUrl":"https:\/\/secure.gravatar.com\/avatar\/f552799261cdd2e076e6677d780ef07bdb13aa4c196ab75b39abcbcdcae2d4e5?s=96&d=mm&r=g","caption":"Karine Duval"},"url":"https:\/\/www.emballagedigest.fr\/en\/author\/admin_karduv\/"}]}},"_links":{"self":[{"href":"https:\/\/www.emballagedigest.fr\/en\/wp-json\/wp\/v2\/posts\/44611","targetHints":{"allow":["GET"]}}],"collection":[{"href":"https:\/\/www.emballagedigest.fr\/en\/wp-json\/wp\/v2\/posts"}],"about":[{"href":"https:\/\/www.emballagedigest.fr\/en\/wp-json\/wp\/v2\/types\/post"}],"author":[{"embeddable":true,"href":"https:\/\/www.emballagedigest.fr\/en\/wp-json\/wp\/v2\/users\/2"}],"replies":[{"embeddable":true,"href":"https:\/\/www.emballagedigest.fr\/en\/wp-json\/wp\/v2\/comments?post=44611"}],"version-history":[{"count":1,"href":"https:\/\/www.emballagedigest.fr\/en\/wp-json\/wp\/v2\/posts\/44611\/revisions"}],"predecessor-version":[{"id":44613,"href":"https:\/\/www.emballagedigest.fr\/en\/wp-json\/wp\/v2\/posts\/44611\/revisions\/44613"}],"wp:featuredmedia":[{"embeddable":true,"href":"https:\/\/www.emballagedigest.fr\/en\/wp-json\/wp\/v2\/media\/44612"}],"wp:attachment":[{"href":"https:\/\/www.emballagedigest.fr\/en\/wp-json\/wp\/v2\/media?parent=44611"}],"wp:term":[{"taxonomy":"category","embeddable":true,"href":"https:\/\/www.emballagedigest.fr\/en\/wp-json\/wp\/v2\/categories?post=44611"},{"taxonomy":"post_tag","embeddable":true,"href":"https:\/\/www.emballagedigest.fr\/en\/wp-json\/wp\/v2\/tags?post=44611"}],"curies":[{"name":"wp","href":"https:\/\/api.w.org\/{rel}","templated":true}]}}